{"id":428943,"date":"2026-04-01T07:32:03","date_gmt":"2026-04-01T10:32:03","guid":{"rendered":"https:\/\/portaltela.pt\/noticias\/2026\/04\/01\/autopsia-confirma-asfixia-das-duas-mulheres-mortas-por-cedric-prizzon\/"},"modified":"2026-04-01T07:32:03","modified_gmt":"2026-04-01T10:32:03","slug":"autopsia-confirma-asfixia-das-duas-mulheres-mortas-por-cedric-prizzon","status":"publish","type":"post","link":"https:\/\/portaltela.pt\/policia\/2026\/04\/01\/autopsia-confirma-asfixia-das-duas-mulheres-mortas-por-cedric-prizzon\/","title":{"rendered":"Aut\u00f3psia confirma asfixia das duas mulheres mortas por C\u00e9dric Prizzon"},"content":{"rendered":"<p>Uma aut\u00f3psia confirmou que as mortes de duas mulheres, atribu\u00eddas a C\u00e9dric Prizzon, ocorreram por asfixia. A confirma\u00e7\u00e3o foi anunciada pela autoridade competente envolvida no caso.<\/p>\n<p>Prizzon \u00e9 o principal suspeito e encontra-se detido na cadeia da Guarda, onde aguarda julgamento. O processo corre \u00e0 medida que as autoridades recolhem provas adicionais.<\/p>\n<p>Ainda n\u00e3o h\u00e1 divulga\u00e7\u00e3o de motiva\u00e7\u00f5es por parte das autoridades. O caso permanece sob investiga\u00e7\u00e3o, com informa\u00e7\u00f5es a serem anunciadas conforme avan\u00e7a o processo judicial.<\/p>\n","protected":false},"excerpt":{"rendered":"<ul>\n<li>A aut\u00f3psia confirmou que as mortes das duas mulheres ocorreram por asfixia.<\/li>\n<li>As v\u00edtimas foram mortas pelo suspeito C\u00e9dric Prizzon.<\/li>\n<li>C\u00e9dric Prizzon aguarda julgamento na cadeia da Guarda.<\/li>\n<li>N\u00e3o foram avan\u00e7ados mais detalhes sobre as circunst\u00e2ncias no momento.<\/li>\n<\/ul>\n","protected":false},"author":2,"featured_media":428944,"comment_status":"closed","ping_status":"closed","sticky":false,"template":"","format":"standard","meta":{"footnotes":""},"categories":[6907,6781],"tags":[5909,147,1113,1345,215,4343],"class_list":["post-428943","post","type-post","status-publish","format-standard","has-post-thumbnail","hentry","category-crime","category-policia","tag-autopsias","tag-crime","tag-guarda","tag-homicidio","tag-investigacao","tag-prisoes"],"yoast_head":"<!-- This site is optimized with the Yoast SEO plugin v27.2 - https:\/\/yoast.com\/product\/yoast-seo-wordpress\/ -->\n<title>Aut\u00f3psia confirma asfixia das duas mulheres mortas por C\u00e9dric Prizzon - Portal Tela Portugal<\/title>\n<meta name=\"robots\" content=\"index, follow, max-snippet:-1, max-image-preview:large, max-video-preview:-1\" \/>\n<meta property=\"og:locale\" content=\"pt_PT\" \/>\n<meta property=\"og:type\" content=\"article\" \/>\n<meta property=\"og:title\" content=\"Aut\u00f3psia confirma asfixia das duas mulheres mortas por C\u00e9dric Prizzon - Portal Tela Portugal\" \/>\n<meta property=\"og:description\" content=\"A aut\u00f3psia confirmou que as mortes das duas mulheres ocorreram por asfixia. As v\u00edtimas foram mortas pelo suspeito C\u00e9dric Prizzon. C\u00e9dric Prizzon aguarda julgamento na cadeia da Guarda. N\u00e3o foram avan\u00e7ados mais detalhes sobre as circunst\u00e2ncias no momento.\" \/>\n<meta property=\"og:url\" content=\"https:\/\/portaltela.pt\/noticias\/2026\/04\/01\/autopsia-confirma-asfixia-das-duas-mulheres-mortas-por-cedric-prizzon\/\" \/>\n<meta property=\"og:site_name\" content=\"Portal Tela Portugal\" \/>\n<meta property=\"article:published_time\" content=\"2026-04-01T10:32:03+00:00\" \/>\n<meta name=\"author\" content=\"Telinha\" \/>\n<meta name=\"twitter:card\" content=\"summary_large_image\" \/>\n<meta name=\"twitter:label1\" content=\"Escrito por\" \/>\n\t<meta name=\"twitter:data1\" content=\"Telinha\" \/>\n<script type=\"application\/ld+json\" class=\"yoast-schema-graph\">{\"@context\":\"https:\/\/schema.org\",\"@graph\":[{\"@type\":\"Article\",\"@id\":\"https:\/\/portaltela.pt\/noticias\/2026\/04\/01\/autopsia-confirma-asfixia-das-duas-mulheres-mortas-por-cedric-prizzon\/#article\",\"isPartOf\":{\"@id\":\"https:\/\/portaltela.pt\/noticias\/2026\/04\/01\/autopsia-confirma-asfixia-das-duas-mulheres-mortas-por-cedric-prizzon\/\"},\"author\":{\"name\":\"Telinha\",\"@id\":\"https:\/\/portaltela.pt\/#\/schema\/person\/c4278d4a6028830caff9ee44b42d32ed\"},\"headline\":\"Aut\u00f3psia confirma asfixia das duas mulheres mortas por C\u00e9dric Prizzon\",\"datePublished\":\"2026-04-01T10:32:03+00:00\",\"mainEntityOfPage\":{\"@id\":\"https:\/\/portaltela.pt\/noticias\/2026\/04\/01\/autopsia-confirma-asfixia-das-duas-mulheres-mortas-por-cedric-prizzon\/\"},\"wordCount\":97,\"image\":{\"@id\":\"https:\/\/portaltela.pt\/noticias\/2026\/04\/01\/autopsia-confirma-asfixia-das-duas-mulheres-mortas-por-cedric-prizzon\/#primaryimage\"},\"thumbnailUrl\":\"https:\/\/portaltela.pt\/s.01k8rhncp4jt1\/2026\/04\/img_1280x722uu2026-03-27-23-16-44-2275224-im-639102502216475048.jpg\",\"keywords\":[\"aut\u00f3psias\",\"crime\",\"Guarda\",\"homic\u00eddio\",\"investiga\u00e7\u00e3o\",\"pris\u00f5es\"],\"articleSection\":[\"Crime\",\"Pol\u00edcia\"],\"inLanguage\":\"pt-PT\"},{\"@type\":\"WebPage\",\"@id\":\"https:\/\/portaltela.pt\/noticias\/2026\/04\/01\/autopsia-confirma-asfixia-das-duas-mulheres-mortas-por-cedric-prizzon\/\",\"url\":\"https:\/\/portaltela.pt\/noticias\/2026\/04\/01\/autopsia-confirma-asfixia-das-duas-mulheres-mortas-por-cedric-prizzon\/\",\"name\":\"Aut\u00f3psia confirma asfixia das duas mulheres mortas por C\u00e9dric Prizzon - Portal Tela Portugal\",\"isPartOf\":{\"@id\":\"https:\/\/portaltela.pt\/#website\"},\"primaryImageOfPage\":{\"@id\":\"https:\/\/portaltela.pt\/noticias\/2026\/04\/01\/autopsia-confirma-asfixia-das-duas-mulheres-mortas-por-cedric-prizzon\/#primaryimage\"},\"image\":{\"@id\":\"https:\/\/portaltela.pt\/noticias\/2026\/04\/01\/autopsia-confirma-asfixia-das-duas-mulheres-mortas-por-cedric-prizzon\/#primaryimage\"},\"thumbnailUrl\":\"https:\/\/portaltela.pt\/s.01k8rhncp4jt1\/2026\/04\/img_1280x722uu2026-03-27-23-16-44-2275224-im-639102502216475048.jpg\",\"datePublished\":\"2026-04-01T10:32:03+00:00\",\"author\":{\"@id\":\"https:\/\/portaltela.pt\/#\/schema\/person\/c4278d4a6028830caff9ee44b42d32ed\"},\"breadcrumb\":{\"@id\":\"https:\/\/portaltela.pt\/noticias\/2026\/04\/01\/autopsia-confirma-asfixia-das-duas-mulheres-mortas-por-cedric-prizzon\/#breadcrumb\"},\"inLanguage\":\"pt-PT\",\"potentialAction\":[{\"@type\":\"ReadAction\",\"target\":[\"https:\/\/portaltela.pt\/noticias\/2026\/04\/01\/autopsia-confirma-asfixia-das-duas-mulheres-mortas-por-cedric-prizzon\/\"]}]},{\"@type\":\"ImageObject\",\"inLanguage\":\"pt-PT\",\"@id\":\"https:\/\/portaltela.pt\/noticias\/2026\/04\/01\/autopsia-confirma-asfixia-das-duas-mulheres-mortas-por-cedric-prizzon\/#primaryimage\",\"url\":\"https:\/\/portaltela.pt\/s.01k8rhncp4jt1\/2026\/04\/img_1280x722uu2026-03-27-23-16-44-2275224-im-639102502216475048.jpg\",\"contentUrl\":\"https:\/\/portaltela.pt\/s.01k8rhncp4jt1\/2026\/04\/img_1280x722uu2026-03-27-23-16-44-2275224-im-639102502216475048.jpg\",\"width\":796,\"height\":448,\"caption\":\"Photo\"},{\"@type\":\"BreadcrumbList\",\"@id\":\"https:\/\/portaltela.pt\/noticias\/2026\/04\/01\/autopsia-confirma-asfixia-das-duas-mulheres-mortas-por-cedric-prizzon\/#breadcrumb\",\"itemListElement\":[{\"@type\":\"ListItem\",\"position\":1,\"name\":\"In\u00edcio\",\"item\":\"https:\/\/portaltela.pt\/\"},{\"@type\":\"ListItem\",\"position\":2,\"name\":\"Aut\u00f3psia confirma asfixia das duas mulheres mortas por C\u00e9dric Prizzon\"}]},{\"@type\":\"WebSite\",\"@id\":\"https:\/\/portaltela.pt\/#website\",\"url\":\"https:\/\/portaltela.pt\/\",\"name\":\"Portal Tela Portugal\",\"description\":\"\",\"potentialAction\":[{\"@type\":\"SearchAction\",\"target\":{\"@type\":\"EntryPoint\",\"urlTemplate\":\"https:\/\/portaltela.pt\/?s={search_term_string}\"},\"query-input\":{\"@type\":\"PropertyValueSpecification\",\"valueRequired\":true,\"valueName\":\"search_term_string\"}}],\"inLanguage\":\"pt-PT\"},{\"@type\":\"Person\",\"@id\":\"https:\/\/portaltela.pt\/#\/schema\/person\/c4278d4a6028830caff9ee44b42d32ed\",\"name\":\"Telinha\",\"image\":{\"@type\":\"ImageObject\",\"inLanguage\":\"pt-PT\",\"@id\":\"https:\/\/portaltela.pt\/s.01k8rhncp4jt1\/2025\/11\/talking-bot-125x125.png\",\"url\":\"https:\/\/portaltela.pt\/s.01k8rhncp4jt1\/2025\/11\/talking-bot-125x125.png\",\"contentUrl\":\"https:\/\/portaltela.pt\/s.01k8rhncp4jt1\/2025\/11\/talking-bot-125x125.png\",\"caption\":\"Telinha\"},\"sameAs\":[\"https:\/\/portaltela.pt\/\"],\"url\":\"https:\/\/portaltela.pt\/por\/367410592786\/\"}]}<\/script>\n<!-- \/ Yoast SEO plugin. -->","yoast_head_json":{"title":"Aut\u00f3psia confirma asfixia das duas mulheres mortas por C\u00e9dric Prizzon - Portal Tela Portugal","robots":{"index":"index","follow":"follow","max-snippet":"max-snippet:-1","max-image-preview":"max-image-preview:large","max-video-preview":"max-video-preview:-1"},"og_locale":"pt_PT","og_type":"article","og_title":"Aut\u00f3psia confirma asfixia das duas mulheres mortas por C\u00e9dric Prizzon - Portal Tela Portugal","og_description":"A aut\u00f3psia confirmou que as mortes das duas mulheres ocorreram por asfixia. As v\u00edtimas foram mortas pelo suspeito C\u00e9dric Prizzon. C\u00e9dric Prizzon aguarda julgamento na cadeia da Guarda. N\u00e3o foram avan\u00e7ados mais detalhes sobre as circunst\u00e2ncias no momento.","og_url":"https:\/\/portaltela.pt\/noticias\/2026\/04\/01\/autopsia-confirma-asfixia-das-duas-mulheres-mortas-por-cedric-prizzon\/","og_site_name":"Portal Tela Portugal","article_published_time":"2026-04-01T10:32:03+00:00","author":"Telinha","twitter_card":"summary_large_image","twitter_misc":{"Escrito por":"Telinha"},"schema":{"@context":"https:\/\/schema.org","@graph":[{"@type":"Article","@id":"https:\/\/portaltela.pt\/noticias\/2026\/04\/01\/autopsia-confirma-asfixia-das-duas-mulheres-mortas-por-cedric-prizzon\/#article","isPartOf":{"@id":"https:\/\/portaltela.pt\/noticias\/2026\/04\/01\/autopsia-confirma-asfixia-das-duas-mulheres-mortas-por-cedric-prizzon\/"},"author":{"name":"Telinha","@id":"https:\/\/portaltela.pt\/#\/schema\/person\/c4278d4a6028830caff9ee44b42d32ed"},"headline":"Aut\u00f3psia confirma asfixia das duas mulheres mortas por C\u00e9dric Prizzon","datePublished":"2026-04-01T10:32:03+00:00","mainEntityOfPage":{"@id":"https:\/\/portaltela.pt\/noticias\/2026\/04\/01\/autopsia-confirma-asfixia-das-duas-mulheres-mortas-por-cedric-prizzon\/"},"wordCount":97,"image":{"@id":"https:\/\/portaltela.pt\/noticias\/2026\/04\/01\/autopsia-confirma-asfixia-das-duas-mulheres-mortas-por-cedric-prizzon\/#primaryimage"},"thumbnailUrl":"https:\/\/portaltela.pt\/s.01k8rhncp4jt1\/2026\/04\/img_1280x722uu2026-03-27-23-16-44-2275224-im-639102502216475048.jpg","keywords":["aut\u00f3psias","crime","Guarda","homic\u00eddio","investiga\u00e7\u00e3o","pris\u00f5es"],"articleSection":["Crime","Pol\u00edcia"],"inLanguage":"pt-PT"},{"@type":"WebPage","@id":"https:\/\/portaltela.pt\/noticias\/2026\/04\/01\/autopsia-confirma-asfixia-das-duas-mulheres-mortas-por-cedric-prizzon\/","url":"https:\/\/portaltela.pt\/noticias\/2026\/04\/01\/autopsia-confirma-asfixia-das-duas-mulheres-mortas-por-cedric-prizzon\/","name":"Aut\u00f3psia confirma asfixia das duas mulheres mortas por C\u00e9dric Prizzon - Portal Tela Portugal","isPartOf":{"@id":"https:\/\/portaltela.pt\/#website"},"primaryImageOfPage":{"@id":"https:\/\/portaltela.pt\/noticias\/2026\/04\/01\/autopsia-confirma-asfixia-das-duas-mulheres-mortas-por-cedric-prizzon\/#primaryimage"},"image":{"@id":"https:\/\/portaltela.pt\/noticias\/2026\/04\/01\/autopsia-confirma-asfixia-das-duas-mulheres-mortas-por-cedric-prizzon\/#primaryimage"},"thumbnailUrl":"https:\/\/portaltela.pt\/s.01k8rhncp4jt1\/2026\/04\/img_1280x722uu2026-03-27-23-16-44-2275224-im-639102502216475048.jpg","datePublished":"2026-04-01T10:32:03+00:00","author":{"@id":"https:\/\/portaltela.pt\/#\/schema\/person\/c4278d4a6028830caff9ee44b42d32ed"},"breadcrumb":{"@id":"https:\/\/portaltela.pt\/noticias\/2026\/04\/01\/autopsia-confirma-asfixia-das-duas-mulheres-mortas-por-cedric-prizzon\/#breadcrumb"},"inLanguage":"pt-PT","potentialAction":[{"@type":"ReadAction","target":["https:\/\/portaltela.pt\/noticias\/2026\/04\/01\/autopsia-confirma-asfixia-das-duas-mulheres-mortas-por-cedric-prizzon\/"]}]},{"@type":"ImageObject","inLanguage":"pt-PT","@id":"https:\/\/portaltela.pt\/noticias\/2026\/04\/01\/autopsia-confirma-asfixia-das-duas-mulheres-mortas-por-cedric-prizzon\/#primaryimage","url":"https:\/\/portaltela.pt\/s.01k8rhncp4jt1\/2026\/04\/img_1280x722uu2026-03-27-23-16-44-2275224-im-639102502216475048.jpg","contentUrl":"https:\/\/portaltela.pt\/s.01k8rhncp4jt1\/2026\/04\/img_1280x722uu2026-03-27-23-16-44-2275224-im-639102502216475048.jpg","width":796,"height":448,"caption":"Photo"},{"@type":"BreadcrumbList","@id":"https:\/\/portaltela.pt\/noticias\/2026\/04\/01\/autopsia-confirma-asfixia-das-duas-mulheres-mortas-por-cedric-prizzon\/#breadcrumb","itemListElement":[{"@type":"ListItem","position":1,"name":"In\u00edcio","item":"https:\/\/portaltela.pt\/"},{"@type":"ListItem","position":2,"name":"Aut\u00f3psia confirma asfixia das duas mulheres mortas por C\u00e9dric Prizzon"}]},{"@type":"WebSite","@id":"https:\/\/portaltela.pt\/#website","url":"https:\/\/portaltela.pt\/","name":"Portal Tela Portugal","description":"","potentialAction":[{"@type":"SearchAction","target":{"@type":"EntryPoint","urlTemplate":"https:\/\/portaltela.pt\/?s={search_term_string}"},"query-input":{"@type":"PropertyValueSpecification","valueRequired":true,"valueName":"search_term_string"}}],"inLanguage":"pt-PT"},{"@type":"Person","@id":"https:\/\/portaltela.pt\/#\/schema\/person\/c4278d4a6028830caff9ee44b42d32ed","name":"Telinha","image":{"@type":"ImageObject","inLanguage":"pt-PT","@id":"https:\/\/portaltela.pt\/s.01k8rhncp4jt1\/2025\/11\/talking-bot-125x125.png","url":"https:\/\/portaltela.pt\/s.01k8rhncp4jt1\/2025\/11\/talking-bot-125x125.png","contentUrl":"https:\/\/portaltela.pt\/s.01k8rhncp4jt1\/2025\/11\/talking-bot-125x125.png","caption":"Telinha"},"sameAs":["https:\/\/portaltela.pt\/"],"url":"https:\/\/portaltela.pt\/por\/367410592786\/"}]}},"_links":{"self":[{"href":"https:\/\/portaltela.pt\/api\/wp\/v2\/posts\/428943","targetHints":{"allow":["GET"]}}],"collection":[{"href":"https:\/\/portaltela.pt\/api\/wp\/v2\/posts"}],"about":[{"href":"https:\/\/portaltela.pt\/api\/wp\/v2\/types\/post"}],"author":[{"embeddable":true,"href":"https:\/\/portaltela.pt\/api\/wp\/v2\/users\/2"}],"replies":[{"embeddable":true,"href":"https:\/\/portaltela.pt\/api\/wp\/v2\/comments?post=428943"}],"version-history":[{"count":0,"href":"https:\/\/portaltela.pt\/api\/wp\/v2\/posts\/428943\/revisions"}],"wp:featuredmedia":[{"embeddable":true,"href":"https:\/\/portaltela.pt\/api\/wp\/v2\/media\/428944"}],"wp:attachment":[{"href":"https:\/\/portaltela.pt\/api\/wp\/v2\/media?parent=428943"}],"wp:term":[{"taxonomy":"category","embeddable":true,"href":"https:\/\/portaltela.pt\/api\/wp\/v2\/categories?post=428943"},{"taxonomy":"post_tag","embeddable":true,"href":"https:\/\/portaltela.pt\/api\/wp\/v2\/tags?post=428943"}],"curies":[{"name":"wp","href":"https:\/\/api.w.org\/{rel}","templated":true}]}}