{"id":428933,"date":"2026-04-01T07:17:35","date_gmt":"2026-04-01T10:17:35","guid":{"rendered":"https:\/\/portaltela.pt\/noticias\/2026\/04\/01\/china-afirma-que-novos-misseis-do-japao-vao-alem-da-autodefesa\/"},"modified":"2026-04-01T07:17:35","modified_gmt":"2026-04-01T10:17:35","slug":"china-afirma-que-novos-misseis-do-japao-vao-alem-da-autodefesa","status":"publish","type":"post","link":"https:\/\/portaltela.pt\/noticias\/2026\/04\/01\/china-afirma-que-novos-misseis-do-japao-vao-alem-da-autodefesa\/","title":{"rendered":"China afirma que novos m\u00edsseis do Jap\u00e3o v\u00e3o al\u00e9m da autodefesa"},"content":{"rendered":"<p>O Governo da China acusou as autoridades do Jap\u00e3o de ultrapassarem o \u00e2mbito da autodefesa com o destacamento de novos m\u00edsseis, sinalizando preocupa\u00e7\u00e3o com uma poss\u00edvel mudan\u00e7a na pol\u00edtica de seguran\u00e7a de T\u00f3quio. A declara\u00e7\u00e3o foi feita numa confer\u00eancia de imprensa do Minist\u00e9rio dos Neg\u00f3cios Estrangeiros.<\/p>\n<p>A porta-voz Mao Ning afirmou que o Jap\u00e3o instala armas ofensivas al\u00e9m do alcance da autodefesa e do discurso de defesa exclusiva. Observa ainda que for\u00e7as pol\u00edticas de direita pressionam uma dire\u00e7\u00e3o ofensiva e expansionista na seguran\u00e7a nacional, alertando para a amea\u00e7a \u00e0 paz regional.<\/p>\n<p>O Jap\u00e3o informou ter colocado pela primeira vez m\u00edsseis de longo alcance fabricados nacionalmente em Kumamoto, no sul, e em Shizuoka, no centro, com alcance de cerca de 1000 quil\u00f3metros. O objetivo declarado \u00e9 refor\u00e7ar a dissuas\u00e3o diante de um ambiente de seguran\u00e7a mais complexo, segundo o ministro da Defesa, Shinjiro Koizumi.<\/p>\n<h3>Nova capacidade e contexto regional<\/h3>\n<p>Koizumi descreveu a iniciativa como crucial para fortalecer capacidades de dissuas\u00e3o e resposta num cen\u00e1rio considerado o mais desafiante desde o fim da Segunda Guerra Mundial. Paralelamente, a NHK revelou planos de instalar m\u00edsseis antinavio na ilha Minamitorishima, a mais de 1800 quil\u00f3metros de T\u00f3quio.<\/p>\n<p>Al\u00e9m disso, o contratorpedeiro Chokai passou a ter capacidade de lan\u00e7ar m\u00edsseis norte-americanos Tomahawk, ap\u00f3s modifica\u00e7\u00f5es efetuadas nos EUA. Estas a\u00e7\u00f5es ocorrem num contexto de tens\u00f5es entre T\u00f3quio e Pequim, intensificadas no final do ano anterior.<\/p>\n<h3>Perspetivas e hist\u00f3rico<\/h3>\n<p>A China lembrou a hist\u00f3ria de agress\u00f5es militares pr\u00e9vias e apelou \u00e0 reflex\u00e3o de T\u00f3quio sobre compromissos de seguran\u00e7a. O pa\u00eds pediu prud\u00eancia e vigil\u00e2ncia a n\u00edvel internacional, para evitar uma escalada na regi\u00e3o.<\/p>\n<p>As autoridades japonesas mant\u00eam o foco na melhoria da dissuas\u00e3o, em meio a avalia\u00e7\u00f5es sobre como responder a um ambiente de seguran\u00e7a regional cada vez mais complexo. A situa\u00e7\u00e3o segue em monitoriza\u00e7\u00e3o por parte de aliados e parceiros na regi\u00e3o.<\/p>\n","protected":false},"excerpt":{"rendered":"<ul>\n<li>O Governo chin\u00eas acusa o Jap\u00e3o de ultrapassar a autodefesa com o destacamento de novos m\u00edsseis bal\u00edsticos em bases nas prefeituras de Kumamoto e Shizuoka, com alcance de cerca de 1000 quil\u00f3metros.<\/li>\n<li>A porta-voz do Minist\u00e9rio dos Neg\u00f3cios Estrangeiros da China disse que as for\u00e7as de direita no Jap\u00e3o empurram a seguran\u00e7a numa dire\u00e7\u00e3o ofensiva e expansionista, alertando para a amea\u00e7a \u00e0 paz regional.<\/li>\n<li>O Jap\u00e3o afirmou que os m\u00edsseis visam refor\u00e7ar a dissuas\u00e3o do pa\u00eds, descrevendo a medida como crucial para a capacidade de resposta num contexto de seguran\u00e7a complexo desde o fim da Segunda Guerra Mundial.<\/li>\n<li>A NHK revelou planos para instalar m\u00edsseis antinavio na ilha de Minamitorishima, a mais de 1800 quil\u00f3metros de T\u00f3quio.<\/li>\n<li>O contratorpedeiro Chokai passou a ter capacidade para lan\u00e7ar m\u00edsseis norte\u2011americanos Tomahawk ap\u00f3s modifica\u00e7\u00f5es, num cen\u00e1rio de tens\u00f5es entre T\u00f3quio e Pequim, especialmente em rela\u00e7\u00e3o ao estreito de Taiwan.<\/li>\n<\/ul>\n","protected":false},"author":2,"featured_media":428935,"comment_status":"closed","ping_status":"closed","sticky":false,"template":"","format":"standard","meta":{"footnotes":""},"categories":[6814,1],"tags":[5913,182,1533,6574,1779,62],"class_list":["post-428933","post","type-post","status-publish","format-standard","has-post-thumbnail","hentry","category-geopolitica","category-noticias","tag-a-china","tag-armas","tag-armas-de-fogo","tag-defesa","tag-forcas-armadas","tag-guerra"],"yoast_head":"<!-- This site is optimized with the Yoast SEO plugin v27.2 - https:\/\/yoast.com\/product\/yoast-seo-wordpress\/ -->\n<title>China afirma que novos m\u00edsseis do Jap\u00e3o v\u00e3o al\u00e9m da autodefesa - Portal Tela Portugal<\/title>\n<meta name=\"robots\" content=\"index, follow, max-snippet:-1, max-image-preview:large, max-video-preview:-1\" \/>\n<meta property=\"og:locale\" content=\"pt_PT\" \/>\n<meta property=\"og:type\" content=\"article\" \/>\n<meta property=\"og:title\" content=\"China afirma que novos m\u00edsseis do Jap\u00e3o v\u00e3o al\u00e9m da autodefesa - Portal Tela Portugal\" \/>\n<meta property=\"og:description\" content=\"O Governo chin\u00eas acusa o Jap\u00e3o de ultrapassar a autodefesa com o destacamento de novos m\u00edsseis bal\u00edsticos em bases nas prefeituras de Kumamoto e Shizuoka, com alcance de cerca de 1000 quil\u00f3metros. A porta-voz do Minist\u00e9rio dos Neg\u00f3cios Estrangeiros da China disse que as for\u00e7as de direita no Jap\u00e3o empurram a seguran\u00e7a numa dire\u00e7\u00e3o ofensiva e expansionista, alertando para a amea\u00e7a \u00e0 paz regional. O Jap\u00e3o afirmou que os m\u00edsseis visam refor\u00e7ar a dissuas\u00e3o do pa\u00eds, descrevendo a medida como crucial para a capacidade de resposta num contexto de seguran\u00e7a complexo desde o fim da Segunda Guerra Mundial. A NHK revelou planos para instalar m\u00edsseis antinavio na ilha de Minamitorishima, a mais de 1800 quil\u00f3metros de T\u00f3quio. O contratorpedeiro Chokai passou a ter capacidade para lan\u00e7ar m\u00edsseis norte\u2011americanos Tomahawk ap\u00f3s modifica\u00e7\u00f5es, num cen\u00e1rio de tens\u00f5es entre T\u00f3quio e Pequim, especialmente em rela\u00e7\u00e3o ao estreito de Taiwan.\" \/>\n<meta property=\"og:url\" content=\"https:\/\/portaltela.pt\/noticias\/2026\/04\/01\/china-afirma-que-novos-misseis-do-japao-vao-alem-da-autodefesa\/\" \/>\n<meta property=\"og:site_name\" content=\"Portal Tela Portugal\" \/>\n<meta property=\"article:published_time\" content=\"2026-04-01T10:17:35+00:00\" \/>\n<meta name=\"author\" content=\"Telinha\" \/>\n<meta name=\"twitter:card\" content=\"summary_large_image\" \/>\n<meta name=\"twitter:label1\" content=\"Escrito por\" \/>\n\t<meta name=\"twitter:data1\" content=\"Telinha\" \/>\n\t<meta name=\"twitter:label2\" content=\"Tempo estimado de leitura\" \/>\n\t<meta name=\"twitter:data2\" content=\"2 minutos\" \/>\n<script type=\"application\/ld+json\" class=\"yoast-schema-graph\">{\"@context\":\"https:\/\/schema.org\",\"@graph\":[{\"@type\":\"Article\",\"@id\":\"https:\/\/portaltela.pt\/noticias\/2026\/04\/01\/china-afirma-que-novos-misseis-do-japao-vao-alem-da-autodefesa\/#article\",\"isPartOf\":{\"@id\":\"https:\/\/portaltela.pt\/noticias\/2026\/04\/01\/china-afirma-que-novos-misseis-do-japao-vao-alem-da-autodefesa\/\"},\"author\":{\"name\":\"Telinha\",\"@id\":\"https:\/\/portaltela.pt\/#\/schema\/person\/c4278d4a6028830caff9ee44b42d32ed\"},\"headline\":\"China afirma que novos m\u00edsseis do Jap\u00e3o v\u00e3o al\u00e9m da autodefesa\",\"datePublished\":\"2026-04-01T10:17:35+00:00\",\"mainEntityOfPage\":{\"@id\":\"https:\/\/portaltela.pt\/noticias\/2026\/04\/01\/china-afirma-que-novos-misseis-do-japao-vao-alem-da-autodefesa\/\"},\"wordCount\":373,\"image\":{\"@id\":\"https:\/\/portaltela.pt\/noticias\/2026\/04\/01\/china-afirma-que-novos-misseis-do-japao-vao-alem-da-autodefesa\/#primaryimage\"},\"thumbnailUrl\":\"https:\/\/portaltela.pt\/s.01k8rhncp4jt1\/2026\/04\/2078468.jpg\",\"keywords\":[\"a china\",\"armas\",\"armas de fogo\",\"defesa\",\"For\u00e7as Armadas\",\"guerra\"],\"articleSection\":[\"Geopol\u00edtica\",\"Not\u00edcias\"],\"inLanguage\":\"pt-PT\"},{\"@type\":\"WebPage\",\"@id\":\"https:\/\/portaltela.pt\/noticias\/2026\/04\/01\/china-afirma-que-novos-misseis-do-japao-vao-alem-da-autodefesa\/\",\"url\":\"https:\/\/portaltela.pt\/noticias\/2026\/04\/01\/china-afirma-que-novos-misseis-do-japao-vao-alem-da-autodefesa\/\",\"name\":\"China afirma que novos m\u00edsseis do Jap\u00e3o v\u00e3o al\u00e9m da autodefesa - Portal Tela Portugal\",\"isPartOf\":{\"@id\":\"https:\/\/portaltela.pt\/#website\"},\"primaryImageOfPage\":{\"@id\":\"https:\/\/portaltela.pt\/noticias\/2026\/04\/01\/china-afirma-que-novos-misseis-do-japao-vao-alem-da-autodefesa\/#primaryimage\"},\"image\":{\"@id\":\"https:\/\/portaltela.pt\/noticias\/2026\/04\/01\/china-afirma-que-novos-misseis-do-japao-vao-alem-da-autodefesa\/#primaryimage\"},\"thumbnailUrl\":\"https:\/\/portaltela.pt\/s.01k8rhncp4jt1\/2026\/04\/2078468.jpg\",\"datePublished\":\"2026-04-01T10:17:35+00:00\",\"author\":{\"@id\":\"https:\/\/portaltela.pt\/#\/schema\/person\/c4278d4a6028830caff9ee44b42d32ed\"},\"breadcrumb\":{\"@id\":\"https:\/\/portaltela.pt\/noticias\/2026\/04\/01\/china-afirma-que-novos-misseis-do-japao-vao-alem-da-autodefesa\/#breadcrumb\"},\"inLanguage\":\"pt-PT\",\"potentialAction\":[{\"@type\":\"ReadAction\",\"target\":[\"https:\/\/portaltela.pt\/noticias\/2026\/04\/01\/china-afirma-que-novos-misseis-do-japao-vao-alem-da-autodefesa\/\"]}]},{\"@type\":\"ImageObject\",\"inLanguage\":\"pt-PT\",\"@id\":\"https:\/\/portaltela.pt\/noticias\/2026\/04\/01\/china-afirma-que-novos-misseis-do-japao-vao-alem-da-autodefesa\/#primaryimage\",\"url\":\"https:\/\/portaltela.pt\/s.01k8rhncp4jt1\/2026\/04\/2078468.jpg\",\"contentUrl\":\"https:\/\/portaltela.pt\/s.01k8rhncp4jt1\/2026\/04\/2078468.jpg\",\"width\":796,\"height\":448,\"caption\":\"Mao Ning, porta-voz do MNE chin\u00eas, aconselhou o Jap\u00e3o a \u201creflectir sobre a sua hist\u00f3ria de agress\u00e3o militarista\u201d\"},{\"@type\":\"BreadcrumbList\",\"@id\":\"https:\/\/portaltela.pt\/noticias\/2026\/04\/01\/china-afirma-que-novos-misseis-do-japao-vao-alem-da-autodefesa\/#breadcrumb\",\"itemListElement\":[{\"@type\":\"ListItem\",\"position\":1,\"name\":\"In\u00edcio\",\"item\":\"https:\/\/portaltela.pt\/\"},{\"@type\":\"ListItem\",\"position\":2,\"name\":\"China afirma que novos m\u00edsseis do Jap\u00e3o v\u00e3o al\u00e9m da autodefesa\"}]},{\"@type\":\"WebSite\",\"@id\":\"https:\/\/portaltela.pt\/#website\",\"url\":\"https:\/\/portaltela.pt\/\",\"name\":\"Portal Tela Portugal\",\"description\":\"\",\"potentialAction\":[{\"@type\":\"SearchAction\",\"target\":{\"@type\":\"EntryPoint\",\"urlTemplate\":\"https:\/\/portaltela.pt\/?s={search_term_string}\"},\"query-input\":{\"@type\":\"PropertyValueSpecification\",\"valueRequired\":true,\"valueName\":\"search_term_string\"}}],\"inLanguage\":\"pt-PT\"},{\"@type\":\"Person\",\"@id\":\"https:\/\/portaltela.pt\/#\/schema\/person\/c4278d4a6028830caff9ee44b42d32ed\",\"name\":\"Telinha\",\"image\":{\"@type\":\"ImageObject\",\"inLanguage\":\"pt-PT\",\"@id\":\"https:\/\/portaltela.pt\/s.01k8rhncp4jt1\/2025\/11\/talking-bot-125x125.png\",\"url\":\"https:\/\/portaltela.pt\/s.01k8rhncp4jt1\/2025\/11\/talking-bot-125x125.png\",\"contentUrl\":\"https:\/\/portaltela.pt\/s.01k8rhncp4jt1\/2025\/11\/talking-bot-125x125.png\",\"caption\":\"Telinha\"},\"sameAs\":[\"https:\/\/portaltela.pt\/\"],\"url\":\"https:\/\/portaltela.pt\/por\/367410592786\/\"}]}<\/script>\n<!-- \/ Yoast SEO plugin. -->","yoast_head_json":{"title":"China afirma que novos m\u00edsseis do Jap\u00e3o v\u00e3o al\u00e9m da autodefesa - Portal Tela Portugal","robots":{"index":"index","follow":"follow","max-snippet":"max-snippet:-1","max-image-preview":"max-image-preview:large","max-video-preview":"max-video-preview:-1"},"og_locale":"pt_PT","og_type":"article","og_title":"China afirma que novos m\u00edsseis do Jap\u00e3o v\u00e3o al\u00e9m da autodefesa - Portal Tela Portugal","og_description":"O Governo chin\u00eas acusa o Jap\u00e3o de ultrapassar a autodefesa com o destacamento de novos m\u00edsseis bal\u00edsticos em bases nas prefeituras de Kumamoto e Shizuoka, com alcance de cerca de 1000 quil\u00f3metros. A porta-voz do Minist\u00e9rio dos Neg\u00f3cios Estrangeiros da China disse que as for\u00e7as de direita no Jap\u00e3o empurram a seguran\u00e7a numa dire\u00e7\u00e3o ofensiva e expansionista, alertando para a amea\u00e7a \u00e0 paz regional. O Jap\u00e3o afirmou que os m\u00edsseis visam refor\u00e7ar a dissuas\u00e3o do pa\u00eds, descrevendo a medida como crucial para a capacidade de resposta num contexto de seguran\u00e7a complexo desde o fim da Segunda Guerra Mundial. A NHK revelou planos para instalar m\u00edsseis antinavio na ilha de Minamitorishima, a mais de 1800 quil\u00f3metros de T\u00f3quio. O contratorpedeiro Chokai passou a ter capacidade para lan\u00e7ar m\u00edsseis norte\u2011americanos Tomahawk ap\u00f3s modifica\u00e7\u00f5es, num cen\u00e1rio de tens\u00f5es entre T\u00f3quio e Pequim, especialmente em rela\u00e7\u00e3o ao estreito de Taiwan.","og_url":"https:\/\/portaltela.pt\/noticias\/2026\/04\/01\/china-afirma-que-novos-misseis-do-japao-vao-alem-da-autodefesa\/","og_site_name":"Portal Tela Portugal","article_published_time":"2026-04-01T10:17:35+00:00","author":"Telinha","twitter_card":"summary_large_image","twitter_misc":{"Escrito por":"Telinha","Tempo estimado de leitura":"2 minutos"},"schema":{"@context":"https:\/\/schema.org","@graph":[{"@type":"Article","@id":"https:\/\/portaltela.pt\/noticias\/2026\/04\/01\/china-afirma-que-novos-misseis-do-japao-vao-alem-da-autodefesa\/#article","isPartOf":{"@id":"https:\/\/portaltela.pt\/noticias\/2026\/04\/01\/china-afirma-que-novos-misseis-do-japao-vao-alem-da-autodefesa\/"},"author":{"name":"Telinha","@id":"https:\/\/portaltela.pt\/#\/schema\/person\/c4278d4a6028830caff9ee44b42d32ed"},"headline":"China afirma que novos m\u00edsseis do Jap\u00e3o v\u00e3o al\u00e9m da autodefesa","datePublished":"2026-04-01T10:17:35+00:00","mainEntityOfPage":{"@id":"https:\/\/portaltela.pt\/noticias\/2026\/04\/01\/china-afirma-que-novos-misseis-do-japao-vao-alem-da-autodefesa\/"},"wordCount":373,"image":{"@id":"https:\/\/portaltela.pt\/noticias\/2026\/04\/01\/china-afirma-que-novos-misseis-do-japao-vao-alem-da-autodefesa\/#primaryimage"},"thumbnailUrl":"https:\/\/portaltela.pt\/s.01k8rhncp4jt1\/2026\/04\/2078468.jpg","keywords":["a china","armas","armas de fogo","defesa","For\u00e7as Armadas","guerra"],"articleSection":["Geopol\u00edtica","Not\u00edcias"],"inLanguage":"pt-PT"},{"@type":"WebPage","@id":"https:\/\/portaltela.pt\/noticias\/2026\/04\/01\/china-afirma-que-novos-misseis-do-japao-vao-alem-da-autodefesa\/","url":"https:\/\/portaltela.pt\/noticias\/2026\/04\/01\/china-afirma-que-novos-misseis-do-japao-vao-alem-da-autodefesa\/","name":"China afirma que novos m\u00edsseis do Jap\u00e3o v\u00e3o al\u00e9m da autodefesa - Portal Tela Portugal","isPartOf":{"@id":"https:\/\/portaltela.pt\/#website"},"primaryImageOfPage":{"@id":"https:\/\/portaltela.pt\/noticias\/2026\/04\/01\/china-afirma-que-novos-misseis-do-japao-vao-alem-da-autodefesa\/#primaryimage"},"image":{"@id":"https:\/\/portaltela.pt\/noticias\/2026\/04\/01\/china-afirma-que-novos-misseis-do-japao-vao-alem-da-autodefesa\/#primaryimage"},"thumbnailUrl":"https:\/\/portaltela.pt\/s.01k8rhncp4jt1\/2026\/04\/2078468.jpg","datePublished":"2026-04-01T10:17:35+00:00","author":{"@id":"https:\/\/portaltela.pt\/#\/schema\/person\/c4278d4a6028830caff9ee44b42d32ed"},"breadcrumb":{"@id":"https:\/\/portaltela.pt\/noticias\/2026\/04\/01\/china-afirma-que-novos-misseis-do-japao-vao-alem-da-autodefesa\/#breadcrumb"},"inLanguage":"pt-PT","potentialAction":[{"@type":"ReadAction","target":["https:\/\/portaltela.pt\/noticias\/2026\/04\/01\/china-afirma-que-novos-misseis-do-japao-vao-alem-da-autodefesa\/"]}]},{"@type":"ImageObject","inLanguage":"pt-PT","@id":"https:\/\/portaltela.pt\/noticias\/2026\/04\/01\/china-afirma-que-novos-misseis-do-japao-vao-alem-da-autodefesa\/#primaryimage","url":"https:\/\/portaltela.pt\/s.01k8rhncp4jt1\/2026\/04\/2078468.jpg","contentUrl":"https:\/\/portaltela.pt\/s.01k8rhncp4jt1\/2026\/04\/2078468.jpg","width":796,"height":448,"caption":"Mao Ning, porta-voz do MNE chin\u00eas, aconselhou o Jap\u00e3o a \u201creflectir sobre a sua hist\u00f3ria de agress\u00e3o militarista\u201d"},{"@type":"BreadcrumbList","@id":"https:\/\/portaltela.pt\/noticias\/2026\/04\/01\/china-afirma-que-novos-misseis-do-japao-vao-alem-da-autodefesa\/#breadcrumb","itemListElement":[{"@type":"ListItem","position":1,"name":"In\u00edcio","item":"https:\/\/portaltela.pt\/"},{"@type":"ListItem","position":2,"name":"China afirma que novos m\u00edsseis do Jap\u00e3o v\u00e3o al\u00e9m da autodefesa"}]},{"@type":"WebSite","@id":"https:\/\/portaltela.pt\/#website","url":"https:\/\/portaltela.pt\/","name":"Portal Tela Portugal","description":"","potentialAction":[{"@type":"SearchAction","target":{"@type":"EntryPoint","urlTemplate":"https:\/\/portaltela.pt\/?s={search_term_string}"},"query-input":{"@type":"PropertyValueSpecification","valueRequired":true,"valueName":"search_term_string"}}],"inLanguage":"pt-PT"},{"@type":"Person","@id":"https:\/\/portaltela.pt\/#\/schema\/person\/c4278d4a6028830caff9ee44b42d32ed","name":"Telinha","image":{"@type":"ImageObject","inLanguage":"pt-PT","@id":"https:\/\/portaltela.pt\/s.01k8rhncp4jt1\/2025\/11\/talking-bot-125x125.png","url":"https:\/\/portaltela.pt\/s.01k8rhncp4jt1\/2025\/11\/talking-bot-125x125.png","contentUrl":"https:\/\/portaltela.pt\/s.01k8rhncp4jt1\/2025\/11\/talking-bot-125x125.png","caption":"Telinha"},"sameAs":["https:\/\/portaltela.pt\/"],"url":"https:\/\/portaltela.pt\/por\/367410592786\/"}]}},"_links":{"self":[{"href":"https:\/\/portaltela.pt\/api\/wp\/v2\/posts\/428933","targetHints":{"allow":["GET"]}}],"collection":[{"href":"https:\/\/portaltela.pt\/api\/wp\/v2\/posts"}],"about":[{"href":"https:\/\/portaltela.pt\/api\/wp\/v2\/types\/post"}],"author":[{"embeddable":true,"href":"https:\/\/portaltela.pt\/api\/wp\/v2\/users\/2"}],"replies":[{"embeddable":true,"href":"https:\/\/portaltela.pt\/api\/wp\/v2\/comments?post=428933"}],"version-history":[{"count":0,"href":"https:\/\/portaltela.pt\/api\/wp\/v2\/posts\/428933\/revisions"}],"wp:featuredmedia":[{"embeddable":true,"href":"https:\/\/portaltela.pt\/api\/wp\/v2\/media\/428935"}],"wp:attachment":[{"href":"https:\/\/portaltela.pt\/api\/wp\/v2\/media?parent=428933"}],"wp:term":[{"taxonomy":"category","embeddable":true,"href":"https:\/\/portaltela.pt\/api\/wp\/v2\/categories?post=428933"},{"taxonomy":"post_tag","embeddable":true,"href":"https:\/\/portaltela.pt\/api\/wp\/v2\/tags?post=428933"}],"curies":[{"name":"wp","href":"https:\/\/api.w.org\/{rel}","templated":true}]}}