{"id":428929,"date":"2026-04-01T07:17:31","date_gmt":"2026-04-01T10:17:31","guid":{"rendered":"https:\/\/portaltela.pt\/noticias\/2026\/04\/01\/sondagens-apontam-edouard-philippe-vencedor-contra-jordan-bardella\/"},"modified":"2026-04-01T07:17:31","modified_gmt":"2026-04-01T10:17:31","slug":"sondagens-apontam-edouard-philippe-vencedor-contra-jordan-bardella","status":"publish","type":"post","link":"https:\/\/portaltela.pt\/noticias\/politica\/2026\/04\/01\/sondagens-apontam-edouard-philippe-vencedor-contra-jordan-bardella\/","title":{"rendered":"Sondagens apontam \u00c9douard Philippe vencedor contra Jordan Bardella"},"content":{"rendered":"<p>O ex-primeiro-ministro \u00c9douard Philippe surge como favorito em duas sondagens para as presidenciais de 2027 em Fran\u00e7a, superando Jordan Bardella, prov\u00e1vel candidato do Rassemblement National. As mudan\u00e7as ocorrem num contexto pol\u00edtico em evolu\u00e7\u00e3o, a cerca de um ano das elei\u00e7\u00f5es.<\/p>\n<p>Philippe, l\u00edder do partido Horizons, viu o seu voo pol\u00edtico depender de vit\u00f3rias locais anteriores, nomeadamente nas aut\u00e1rquicas. As sondagens indicam que, mesmo com uma poss\u00edvel vit\u00f3ria de Bardella na primeira volta, Philippe poderia vencer na segunda ronda com cerca de 52% contra 48%.<\/p>\n<p>Segundo as proje\u00e7\u00f5es, a extrema-direita poderia vencer a primeira volta, mas Philippe tenderia a fechar o duelo com Bardella. A sondagem da Elabe tamb\u00e9m considera a possibilidade de o candidato do RN, ou Marine Le Pen, chegar \u00e0 decis\u00e3o final, caso o Tribunal de Recurso de Paris estabilize a situa\u00e7\u00e3o a 7 de julho.<\/p>\n<p>Entre as propostas de Philippe, constam medidas de migra\u00e7\u00e3o com enfoque seletivo, aliado \u00e0 manuten\u00e7\u00e3o de entradas relativamente controladas para compensar a quebra populacional activa. A \u00fanica linha de orienta\u00e7\u00e3o p\u00fablica de Philippe mant\u00e9m o foco no equil\u00edbrio demogr\u00e1fico e econ\u00f3mico.<\/p>\n<p>O cen\u00e1rio pol\u00edtico franc\u00eas permanece sujeita a mudan\u00e7as, com realinhamentos na direita e poss\u00edveis candidatos emergentes \u00e0 esquerda. Ainda faltam evolu\u00e7\u00f5es significativas que definam o quadro para o Eliseu, com decis\u00f5es judiciais e debates previstos ao longo de 2026.<\/p>\n","protected":false},"excerpt":{"rendered":"<ul>\n<li>Duas sondagens apontam \u00c9douard Philippe, ex-primeiro-ministro, como vencedor frente a Jordan Bardella nas presidenciais francesas de 2027.<\/li>\n<li>Bardella continua \u00e0 frente nas sondagens da primeira volta, especialmente entre os leitores de extremos.<\/li>\n<li>Nas simula\u00e7\u00f5es da segunda volta, \u00c9douard Philippe obt\u00e9m 52% dos votos contra 48% de Bardella.<\/li>\n<li>A mesma sondagem da Elabe sugere que Philippe poderia vencer qualquer candidato do Rassemblement National, incluindo Marine Le Pen.<\/li>\n<li>Philippe defende uma pol\u00edtica de migra\u00e7\u00e3o \u201cseletiva\u201d e a manuten\u00e7\u00e3o da imigra\u00e7\u00e3o para compensar a diminui\u00e7\u00e3o da popula\u00e7\u00e3o ativa.<\/li>\n<\/ul>\n","protected":false},"author":2,"featured_media":428931,"comment_status":"closed","ping_status":"closed","sticky":false,"template":"","format":"standard","meta":{"footnotes":""},"categories":[6912,5],"tags":[5808,68,1856,2571,2832,3963],"class_list":["post-428929","post","type-post","status-publish","format-standard","has-post-thumbnail","hentry","category-internacionais","category-politica","tag-direita","tag-eleicoes","tag-franca","tag-marine-le-pen","tag-politica","tag-rn"],"yoast_head":"<!-- This site is optimized with the Yoast SEO plugin v27.2 - https:\/\/yoast.com\/product\/yoast-seo-wordpress\/ -->\n<title>Sondagens apontam \u00c9douard Philippe vencedor contra Jordan Bardella - Portal Tela Portugal<\/title>\n<meta name=\"robots\" content=\"index, follow, max-snippet:-1, max-image-preview:large, max-video-preview:-1\" \/>\n<meta property=\"og:locale\" content=\"pt_PT\" \/>\n<meta property=\"og:type\" content=\"article\" \/>\n<meta property=\"og:title\" content=\"Sondagens apontam \u00c9douard Philippe vencedor contra Jordan Bardella - Portal Tela Portugal\" \/>\n<meta property=\"og:description\" content=\"Duas sondagens apontam \u00c9douard Philippe, ex-primeiro-ministro, como vencedor frente a Jordan Bardella nas presidenciais francesas de 2027. Bardella continua \u00e0 frente nas sondagens da primeira volta, especialmente entre os leitores de extremos. Nas simula\u00e7\u00f5es da segunda volta, \u00c9douard Philippe obt\u00e9m 52% dos votos contra 48% de Bardella. A mesma sondagem da Elabe sugere que Philippe poderia vencer qualquer candidato do Rassemblement National, incluindo Marine Le Pen. Philippe defende uma pol\u00edtica de migra\u00e7\u00e3o \u201cseletiva\u201d e a manuten\u00e7\u00e3o da imigra\u00e7\u00e3o para compensar a diminui\u00e7\u00e3o da popula\u00e7\u00e3o ativa.\" \/>\n<meta property=\"og:url\" content=\"https:\/\/portaltela.pt\/noticias\/2026\/04\/01\/sondagens-apontam-edouard-philippe-vencedor-contra-jordan-bardella\/\" \/>\n<meta property=\"og:site_name\" content=\"Portal Tela Portugal\" \/>\n<meta property=\"article:published_time\" content=\"2026-04-01T10:17:31+00:00\" \/>\n<meta name=\"author\" content=\"Telinha\" \/>\n<meta name=\"twitter:card\" content=\"summary_large_image\" \/>\n<meta name=\"twitter:label1\" content=\"Escrito por\" \/>\n\t<meta name=\"twitter:data1\" content=\"Telinha\" \/>\n\t<meta name=\"twitter:label2\" content=\"Tempo estimado de leitura\" \/>\n\t<meta name=\"twitter:data2\" content=\"1 minuto\" \/>\n<script type=\"application\/ld+json\" class=\"yoast-schema-graph\">{\"@context\":\"https:\/\/schema.org\",\"@graph\":[{\"@type\":\"Article\",\"@id\":\"https:\/\/portaltela.pt\/noticias\/2026\/04\/01\/sondagens-apontam-edouard-philippe-vencedor-contra-jordan-bardella\/#article\",\"isPartOf\":{\"@id\":\"https:\/\/portaltela.pt\/noticias\/2026\/04\/01\/sondagens-apontam-edouard-philippe-vencedor-contra-jordan-bardella\/\"},\"author\":{\"name\":\"Telinha\",\"@id\":\"https:\/\/portaltela.pt\/#\/schema\/person\/c4278d4a6028830caff9ee44b42d32ed\"},\"headline\":\"Sondagens apontam \u00c9douard Philippe vencedor contra Jordan Bardella\",\"datePublished\":\"2026-04-01T10:17:31+00:00\",\"mainEntityOfPage\":{\"@id\":\"https:\/\/portaltela.pt\/noticias\/2026\/04\/01\/sondagens-apontam-edouard-philippe-vencedor-contra-jordan-bardella\/\"},\"wordCount\":249,\"image\":{\"@id\":\"https:\/\/portaltela.pt\/noticias\/2026\/04\/01\/sondagens-apontam-edouard-philippe-vencedor-contra-jordan-bardella\/#primaryimage\"},\"thumbnailUrl\":\"https:\/\/portaltela.pt\/s.01k8rhncp4jt1\/2026\/04\/1536x864_cmsv2_4506b347-fe64-5c70-bc6f-7bbf1aaf38c6-9705809.jpg\",\"keywords\":[\"direita\",\"elei\u00e7\u00f5es\",\"Fran\u00e7a\",\"Marine Le Pen\",\"pol\u00edtica\",\"RN\"],\"articleSection\":[\"Internacionais\",\"Pol\u00edtica\"],\"inLanguage\":\"pt-PT\"},{\"@type\":\"WebPage\",\"@id\":\"https:\/\/portaltela.pt\/noticias\/2026\/04\/01\/sondagens-apontam-edouard-philippe-vencedor-contra-jordan-bardella\/\",\"url\":\"https:\/\/portaltela.pt\/noticias\/2026\/04\/01\/sondagens-apontam-edouard-philippe-vencedor-contra-jordan-bardella\/\",\"name\":\"Sondagens apontam \u00c9douard Philippe vencedor contra Jordan Bardella - Portal Tela Portugal\",\"isPartOf\":{\"@id\":\"https:\/\/portaltela.pt\/#website\"},\"primaryImageOfPage\":{\"@id\":\"https:\/\/portaltela.pt\/noticias\/2026\/04\/01\/sondagens-apontam-edouard-philippe-vencedor-contra-jordan-bardella\/#primaryimage\"},\"image\":{\"@id\":\"https:\/\/portaltela.pt\/noticias\/2026\/04\/01\/sondagens-apontam-edouard-philippe-vencedor-contra-jordan-bardella\/#primaryimage\"},\"thumbnailUrl\":\"https:\/\/portaltela.pt\/s.01k8rhncp4jt1\/2026\/04\/1536x864_cmsv2_4506b347-fe64-5c70-bc6f-7bbf1aaf38c6-9705809.jpg\",\"datePublished\":\"2026-04-01T10:17:31+00:00\",\"author\":{\"@id\":\"https:\/\/portaltela.pt\/#\/schema\/person\/c4278d4a6028830caff9ee44b42d32ed\"},\"breadcrumb\":{\"@id\":\"https:\/\/portaltela.pt\/noticias\/2026\/04\/01\/sondagens-apontam-edouard-philippe-vencedor-contra-jordan-bardella\/#breadcrumb\"},\"inLanguage\":\"pt-PT\",\"potentialAction\":[{\"@type\":\"ReadAction\",\"target\":[\"https:\/\/portaltela.pt\/noticias\/2026\/04\/01\/sondagens-apontam-edouard-philippe-vencedor-contra-jordan-bardella\/\"]}]},{\"@type\":\"ImageObject\",\"inLanguage\":\"pt-PT\",\"@id\":\"https:\/\/portaltela.pt\/noticias\/2026\/04\/01\/sondagens-apontam-edouard-philippe-vencedor-contra-jordan-bardella\/#primaryimage\",\"url\":\"https:\/\/portaltela.pt\/s.01k8rhncp4jt1\/2026\/04\/1536x864_cmsv2_4506b347-fe64-5c70-bc6f-7bbf1aaf38c6-9705809.jpg\",\"contentUrl\":\"https:\/\/portaltela.pt\/s.01k8rhncp4jt1\/2026\/04\/1536x864_cmsv2_4506b347-fe64-5c70-bc6f-7bbf1aaf38c6-9705809.jpg\",\"width\":796,\"height\":448,\"caption\":\"\u00c9douard Philippe participa na cerim\u00f3nia de comemora\u00e7\u00e3o do 80.\u00ba anivers\u00e1rio da liberta\u00e7\u00e3o do porto do Havre, em 12 de setembro de 2024.\"},{\"@type\":\"BreadcrumbList\",\"@id\":\"https:\/\/portaltela.pt\/noticias\/2026\/04\/01\/sondagens-apontam-edouard-philippe-vencedor-contra-jordan-bardella\/#breadcrumb\",\"itemListElement\":[{\"@type\":\"ListItem\",\"position\":1,\"name\":\"In\u00edcio\",\"item\":\"https:\/\/portaltela.pt\/\"},{\"@type\":\"ListItem\",\"position\":2,\"name\":\"Sondagens apontam \u00c9douard Philippe vencedor contra Jordan Bardella\"}]},{\"@type\":\"WebSite\",\"@id\":\"https:\/\/portaltela.pt\/#website\",\"url\":\"https:\/\/portaltela.pt\/\",\"name\":\"Portal Tela Portugal\",\"description\":\"\",\"potentialAction\":[{\"@type\":\"SearchAction\",\"target\":{\"@type\":\"EntryPoint\",\"urlTemplate\":\"https:\/\/portaltela.pt\/?s={search_term_string}\"},\"query-input\":{\"@type\":\"PropertyValueSpecification\",\"valueRequired\":true,\"valueName\":\"search_term_string\"}}],\"inLanguage\":\"pt-PT\"},{\"@type\":\"Person\",\"@id\":\"https:\/\/portaltela.pt\/#\/schema\/person\/c4278d4a6028830caff9ee44b42d32ed\",\"name\":\"Telinha\",\"image\":{\"@type\":\"ImageObject\",\"inLanguage\":\"pt-PT\",\"@id\":\"https:\/\/portaltela.pt\/s.01k8rhncp4jt1\/2025\/11\/talking-bot-125x125.png\",\"url\":\"https:\/\/portaltela.pt\/s.01k8rhncp4jt1\/2025\/11\/talking-bot-125x125.png\",\"contentUrl\":\"https:\/\/portaltela.pt\/s.01k8rhncp4jt1\/2025\/11\/talking-bot-125x125.png\",\"caption\":\"Telinha\"},\"sameAs\":[\"https:\/\/portaltela.pt\/\"],\"url\":\"https:\/\/portaltela.pt\/por\/367410592786\/\"}]}<\/script>\n<!-- \/ Yoast SEO plugin. -->","yoast_head_json":{"title":"Sondagens apontam \u00c9douard Philippe vencedor contra Jordan Bardella - Portal Tela Portugal","robots":{"index":"index","follow":"follow","max-snippet":"max-snippet:-1","max-image-preview":"max-image-preview:large","max-video-preview":"max-video-preview:-1"},"og_locale":"pt_PT","og_type":"article","og_title":"Sondagens apontam \u00c9douard Philippe vencedor contra Jordan Bardella - Portal Tela Portugal","og_description":"Duas sondagens apontam \u00c9douard Philippe, ex-primeiro-ministro, como vencedor frente a Jordan Bardella nas presidenciais francesas de 2027. Bardella continua \u00e0 frente nas sondagens da primeira volta, especialmente entre os leitores de extremos. Nas simula\u00e7\u00f5es da segunda volta, \u00c9douard Philippe obt\u00e9m 52% dos votos contra 48% de Bardella. A mesma sondagem da Elabe sugere que Philippe poderia vencer qualquer candidato do Rassemblement National, incluindo Marine Le Pen. Philippe defende uma pol\u00edtica de migra\u00e7\u00e3o \u201cseletiva\u201d e a manuten\u00e7\u00e3o da imigra\u00e7\u00e3o para compensar a diminui\u00e7\u00e3o da popula\u00e7\u00e3o ativa.","og_url":"https:\/\/portaltela.pt\/noticias\/2026\/04\/01\/sondagens-apontam-edouard-philippe-vencedor-contra-jordan-bardella\/","og_site_name":"Portal Tela Portugal","article_published_time":"2026-04-01T10:17:31+00:00","author":"Telinha","twitter_card":"summary_large_image","twitter_misc":{"Escrito por":"Telinha","Tempo estimado de leitura":"1 minuto"},"schema":{"@context":"https:\/\/schema.org","@graph":[{"@type":"Article","@id":"https:\/\/portaltela.pt\/noticias\/2026\/04\/01\/sondagens-apontam-edouard-philippe-vencedor-contra-jordan-bardella\/#article","isPartOf":{"@id":"https:\/\/portaltela.pt\/noticias\/2026\/04\/01\/sondagens-apontam-edouard-philippe-vencedor-contra-jordan-bardella\/"},"author":{"name":"Telinha","@id":"https:\/\/portaltela.pt\/#\/schema\/person\/c4278d4a6028830caff9ee44b42d32ed"},"headline":"Sondagens apontam \u00c9douard Philippe vencedor contra Jordan Bardella","datePublished":"2026-04-01T10:17:31+00:00","mainEntityOfPage":{"@id":"https:\/\/portaltela.pt\/noticias\/2026\/04\/01\/sondagens-apontam-edouard-philippe-vencedor-contra-jordan-bardella\/"},"wordCount":249,"image":{"@id":"https:\/\/portaltela.pt\/noticias\/2026\/04\/01\/sondagens-apontam-edouard-philippe-vencedor-contra-jordan-bardella\/#primaryimage"},"thumbnailUrl":"https:\/\/portaltela.pt\/s.01k8rhncp4jt1\/2026\/04\/1536x864_cmsv2_4506b347-fe64-5c70-bc6f-7bbf1aaf38c6-9705809.jpg","keywords":["direita","elei\u00e7\u00f5es","Fran\u00e7a","Marine Le Pen","pol\u00edtica","RN"],"articleSection":["Internacionais","Pol\u00edtica"],"inLanguage":"pt-PT"},{"@type":"WebPage","@id":"https:\/\/portaltela.pt\/noticias\/2026\/04\/01\/sondagens-apontam-edouard-philippe-vencedor-contra-jordan-bardella\/","url":"https:\/\/portaltela.pt\/noticias\/2026\/04\/01\/sondagens-apontam-edouard-philippe-vencedor-contra-jordan-bardella\/","name":"Sondagens apontam \u00c9douard Philippe vencedor contra Jordan Bardella - Portal Tela Portugal","isPartOf":{"@id":"https:\/\/portaltela.pt\/#website"},"primaryImageOfPage":{"@id":"https:\/\/portaltela.pt\/noticias\/2026\/04\/01\/sondagens-apontam-edouard-philippe-vencedor-contra-jordan-bardella\/#primaryimage"},"image":{"@id":"https:\/\/portaltela.pt\/noticias\/2026\/04\/01\/sondagens-apontam-edouard-philippe-vencedor-contra-jordan-bardella\/#primaryimage"},"thumbnailUrl":"https:\/\/portaltela.pt\/s.01k8rhncp4jt1\/2026\/04\/1536x864_cmsv2_4506b347-fe64-5c70-bc6f-7bbf1aaf38c6-9705809.jpg","datePublished":"2026-04-01T10:17:31+00:00","author":{"@id":"https:\/\/portaltela.pt\/#\/schema\/person\/c4278d4a6028830caff9ee44b42d32ed"},"breadcrumb":{"@id":"https:\/\/portaltela.pt\/noticias\/2026\/04\/01\/sondagens-apontam-edouard-philippe-vencedor-contra-jordan-bardella\/#breadcrumb"},"inLanguage":"pt-PT","potentialAction":[{"@type":"ReadAction","target":["https:\/\/portaltela.pt\/noticias\/2026\/04\/01\/sondagens-apontam-edouard-philippe-vencedor-contra-jordan-bardella\/"]}]},{"@type":"ImageObject","inLanguage":"pt-PT","@id":"https:\/\/portaltela.pt\/noticias\/2026\/04\/01\/sondagens-apontam-edouard-philippe-vencedor-contra-jordan-bardella\/#primaryimage","url":"https:\/\/portaltela.pt\/s.01k8rhncp4jt1\/2026\/04\/1536x864_cmsv2_4506b347-fe64-5c70-bc6f-7bbf1aaf38c6-9705809.jpg","contentUrl":"https:\/\/portaltela.pt\/s.01k8rhncp4jt1\/2026\/04\/1536x864_cmsv2_4506b347-fe64-5c70-bc6f-7bbf1aaf38c6-9705809.jpg","width":796,"height":448,"caption":"\u00c9douard Philippe participa na cerim\u00f3nia de comemora\u00e7\u00e3o do 80.\u00ba anivers\u00e1rio da liberta\u00e7\u00e3o do porto do Havre, em 12 de setembro de 2024."},{"@type":"BreadcrumbList","@id":"https:\/\/portaltela.pt\/noticias\/2026\/04\/01\/sondagens-apontam-edouard-philippe-vencedor-contra-jordan-bardella\/#breadcrumb","itemListElement":[{"@type":"ListItem","position":1,"name":"In\u00edcio","item":"https:\/\/portaltela.pt\/"},{"@type":"ListItem","position":2,"name":"Sondagens apontam \u00c9douard Philippe vencedor contra Jordan Bardella"}]},{"@type":"WebSite","@id":"https:\/\/portaltela.pt\/#website","url":"https:\/\/portaltela.pt\/","name":"Portal Tela Portugal","description":"","potentialAction":[{"@type":"SearchAction","target":{"@type":"EntryPoint","urlTemplate":"https:\/\/portaltela.pt\/?s={search_term_string}"},"query-input":{"@type":"PropertyValueSpecification","valueRequired":true,"valueName":"search_term_string"}}],"inLanguage":"pt-PT"},{"@type":"Person","@id":"https:\/\/portaltela.pt\/#\/schema\/person\/c4278d4a6028830caff9ee44b42d32ed","name":"Telinha","image":{"@type":"ImageObject","inLanguage":"pt-PT","@id":"https:\/\/portaltela.pt\/s.01k8rhncp4jt1\/2025\/11\/talking-bot-125x125.png","url":"https:\/\/portaltela.pt\/s.01k8rhncp4jt1\/2025\/11\/talking-bot-125x125.png","contentUrl":"https:\/\/portaltela.pt\/s.01k8rhncp4jt1\/2025\/11\/talking-bot-125x125.png","caption":"Telinha"},"sameAs":["https:\/\/portaltela.pt\/"],"url":"https:\/\/portaltela.pt\/por\/367410592786\/"}]}},"_links":{"self":[{"href":"https:\/\/portaltela.pt\/api\/wp\/v2\/posts\/428929","targetHints":{"allow":["GET"]}}],"collection":[{"href":"https:\/\/portaltela.pt\/api\/wp\/v2\/posts"}],"about":[{"href":"https:\/\/portaltela.pt\/api\/wp\/v2\/types\/post"}],"author":[{"embeddable":true,"href":"https:\/\/portaltela.pt\/api\/wp\/v2\/users\/2"}],"replies":[{"embeddable":true,"href":"https:\/\/portaltela.pt\/api\/wp\/v2\/comments?post=428929"}],"version-history":[{"count":0,"href":"https:\/\/portaltela.pt\/api\/wp\/v2\/posts\/428929\/revisions"}],"wp:featuredmedia":[{"embeddable":true,"href":"https:\/\/portaltela.pt\/api\/wp\/v2\/media\/428931"}],"wp:attachment":[{"href":"https:\/\/portaltela.pt\/api\/wp\/v2\/media?parent=428929"}],"wp:term":[{"taxonomy":"category","embeddable":true,"href":"https:\/\/portaltela.pt\/api\/wp\/v2\/categories?post=428929"},{"taxonomy":"post_tag","embeddable":true,"href":"https:\/\/portaltela.pt\/api\/wp\/v2\/tags?post=428929"}],"curies":[{"name":"wp","href":"https:\/\/api.w.org\/{rel}","templated":true}]}}