{"id":428917,"date":"2026-04-01T07:17:23","date_gmt":"2026-04-01T10:17:23","guid":{"rendered":"https:\/\/portaltela.pt\/noticias\/2026\/04\/01\/cabrito-do-solar-dos-presuntos-premiado-ha-cinco-decadas\/"},"modified":"2026-04-01T07:17:23","modified_gmt":"2026-04-01T10:17:23","slug":"cabrito-do-solar-dos-presuntos-premiado-ha-cinco-decadas","status":"publish","type":"post","link":"https:\/\/portaltela.pt\/noticias\/2026\/04\/01\/cabrito-do-solar-dos-presuntos-premiado-ha-cinco-decadas\/","title":{"rendered":"Cabrito do Solar dos Presuntos premiado h\u00e1 cinco d\u00e9cadas"},"content":{"rendered":"<p>O cabrito assado \u00e0 moda de Mon\u00e7\u00e3o, acompanhado por arroz de forno e batatinhas, \u00e9 o prato mais pedido no Solar dos Presuntos desde o primeiro dia. Na P\u00e1scoa, a casa tamb\u00e9m disp\u00f5e de takeaway.<\/p>\n<p>O restaurante celebra 52 anos desde a sua abertura, uma trajet\u00f3ria ligada \u00e0 Revolu\u00e7\u00e3o dos Cravos de 1974. Este contexto hist\u00f3rico acompanha a reputa\u00e7\u00e3o da casa como refer\u00eancia da cozinha minhota em Lisboa.<\/p>\n<p>Desde a inaugura\u00e7\u00e3o, o Solar dos Presuntos foi criado por Evaristo e Gra\u00e7a Cardoso, que ergueram uma sala com menos de 20 lugares. Ao longo das d\u00e9cadas, o cabrito manteve-se como carro-chefe da carta, refletindo a identidade da casa.<\/p>\n<h3>Legado e identidade da casa<\/h3>\n<p>O prato vencedor continua a reunir clientes que chegam pela tradi\u00e7\u00e3o e pelo sabor intenso do Mon\u00e7\u00e3o preparado no forno. A casa preserva a liga\u00e7\u00e3o aos sabores da regi\u00e3o minhota.<\/p>\n<p>A op\u00e7\u00e3o de takeaway durante a P\u00e1scoa demonstra a adapta\u00e7\u00e3o do restaurante \u00e0s necessidades dos clientes, sem perder a ess\u00eancia da receita original.<\/p>\n","protected":false},"excerpt":{"rendered":"<ul>\n<li>O cabrito assado \u00e0 moda de Mon\u00e7\u00e3o, emparelhado com arroz de forno e batatinhas, \u00e9 o prato mais pedido no Solar dos Presuntos, servido desde o primeiro dia.<\/li>\n<li>O restaurante, em Lisboa, mant\u00e9m-se entre os mais afamados e procurados da cidade, celebrando cinquenta e duas d\u00e9cadas de atividade.<\/li>\n<li>A casa nasceu na mesma altura em que ocorreu a Revolu\u00e7\u00e3o dos Cravos, partilhando o ano de nascimento com esse evento hist\u00f3rico.<\/li>\n<li>Re\u00fane sabores minhotos e a cozinha de Mon\u00e7\u00e3o no card\u00e1pio, mantendo a identidade ao longo dos anos.<\/li>\n<li>Fundado por Evaristo e Gra\u00e7a Cardoso, o espa\u00e7o come\u00e7ou numa sala com menos de vinte lugares, junto ao balc\u00e3o e \u00e0 mesa.<\/li>\n<\/ul>\n","protected":false},"author":2,"featured_media":428919,"comment_status":"closed","ping_status":"closed","sticky":false,"template":"","format":"standard","meta":{"footnotes":""},"categories":[7369,1],"tags":[6117,145,219,299,981,2000],"class_list":["post-428917","post","type-post","status-publish","format-standard","has-post-thumbnail","hentry","category-gastronomia","category-noticias","tag-cozinha","tag-cultura","tag-gastronomia","tag-historia","tag-lisboa","tag-moncao"],"yoast_head":"<!-- This site is optimized with the Yoast SEO plugin v27.2 - https:\/\/yoast.com\/product\/yoast-seo-wordpress\/ -->\n<title>Cabrito do Solar dos Presuntos premiado h\u00e1 cinco d\u00e9cadas - Portal Tela Portugal<\/title>\n<meta name=\"robots\" content=\"index, follow, max-snippet:-1, max-image-preview:large, max-video-preview:-1\" \/>\n<meta property=\"og:locale\" content=\"pt_PT\" \/>\n<meta property=\"og:type\" content=\"article\" \/>\n<meta property=\"og:title\" content=\"Cabrito do Solar dos Presuntos premiado h\u00e1 cinco d\u00e9cadas - Portal Tela Portugal\" \/>\n<meta property=\"og:description\" content=\"O cabrito assado \u00e0 moda de Mon\u00e7\u00e3o, emparelhado com arroz de forno e batatinhas, \u00e9 o prato mais pedido no Solar dos Presuntos, servido desde o primeiro dia. O restaurante, em Lisboa, mant\u00e9m-se entre os mais afamados e procurados da cidade, celebrando cinquenta e duas d\u00e9cadas de atividade. A casa nasceu na mesma altura em que ocorreu a Revolu\u00e7\u00e3o dos Cravos, partilhando o ano de nascimento com esse evento hist\u00f3rico. Re\u00fane sabores minhotos e a cozinha de Mon\u00e7\u00e3o no card\u00e1pio, mantendo a identidade ao longo dos anos. Fundado por Evaristo e Gra\u00e7a Cardoso, o espa\u00e7o come\u00e7ou numa sala com menos de vinte lugares, junto ao balc\u00e3o e \u00e0 mesa.\" \/>\n<meta property=\"og:url\" content=\"https:\/\/portaltela.pt\/noticias\/2026\/04\/01\/cabrito-do-solar-dos-presuntos-premiado-ha-cinco-decadas\/\" \/>\n<meta property=\"og:site_name\" content=\"Portal Tela Portugal\" \/>\n<meta property=\"article:published_time\" content=\"2026-04-01T10:17:23+00:00\" \/>\n<meta name=\"author\" content=\"Telinha\" \/>\n<meta name=\"twitter:card\" content=\"summary_large_image\" \/>\n<meta name=\"twitter:label1\" content=\"Escrito por\" \/>\n\t<meta name=\"twitter:data1\" content=\"Telinha\" \/>\n\t<meta name=\"twitter:label2\" content=\"Tempo estimado de leitura\" \/>\n\t<meta name=\"twitter:data2\" content=\"1 minuto\" \/>\n<script type=\"application\/ld+json\" class=\"yoast-schema-graph\">{\"@context\":\"https:\/\/schema.org\",\"@graph\":[{\"@type\":\"Article\",\"@id\":\"https:\/\/portaltela.pt\/noticias\/2026\/04\/01\/cabrito-do-solar-dos-presuntos-premiado-ha-cinco-decadas\/#article\",\"isPartOf\":{\"@id\":\"https:\/\/portaltela.pt\/noticias\/2026\/04\/01\/cabrito-do-solar-dos-presuntos-premiado-ha-cinco-decadas\/\"},\"author\":{\"name\":\"Telinha\",\"@id\":\"https:\/\/portaltela.pt\/#\/schema\/person\/c4278d4a6028830caff9ee44b42d32ed\"},\"headline\":\"Cabrito do Solar dos Presuntos premiado h\u00e1 cinco d\u00e9cadas\",\"datePublished\":\"2026-04-01T10:17:23+00:00\",\"mainEntityOfPage\":{\"@id\":\"https:\/\/portaltela.pt\/noticias\/2026\/04\/01\/cabrito-do-solar-dos-presuntos-premiado-ha-cinco-decadas\/\"},\"wordCount\":189,\"image\":{\"@id\":\"https:\/\/portaltela.pt\/noticias\/2026\/04\/01\/cabrito-do-solar-dos-presuntos-premiado-ha-cinco-decadas\/#primaryimage\"},\"thumbnailUrl\":\"https:\/\/portaltela.pt\/s.01k8rhncp4jt1\/2026\/04\/61afc256-9ec3-4144-9d7d-e93591782f8e_1200x675.jpg\",\"keywords\":[\"cozinha\",\"cultura\",\"gastronomia\",\"hist\u00f3ria\",\"Lisboa\",\"Mon\u00e7\u00e3o\"],\"articleSection\":[\"Gastronomia\",\"Not\u00edcias\"],\"inLanguage\":\"pt-PT\"},{\"@type\":\"WebPage\",\"@id\":\"https:\/\/portaltela.pt\/noticias\/2026\/04\/01\/cabrito-do-solar-dos-presuntos-premiado-ha-cinco-decadas\/\",\"url\":\"https:\/\/portaltela.pt\/noticias\/2026\/04\/01\/cabrito-do-solar-dos-presuntos-premiado-ha-cinco-decadas\/\",\"name\":\"Cabrito do Solar dos Presuntos premiado h\u00e1 cinco d\u00e9cadas - Portal Tela Portugal\",\"isPartOf\":{\"@id\":\"https:\/\/portaltela.pt\/#website\"},\"primaryImageOfPage\":{\"@id\":\"https:\/\/portaltela.pt\/noticias\/2026\/04\/01\/cabrito-do-solar-dos-presuntos-premiado-ha-cinco-decadas\/#primaryimage\"},\"image\":{\"@id\":\"https:\/\/portaltela.pt\/noticias\/2026\/04\/01\/cabrito-do-solar-dos-presuntos-premiado-ha-cinco-decadas\/#primaryimage\"},\"thumbnailUrl\":\"https:\/\/portaltela.pt\/s.01k8rhncp4jt1\/2026\/04\/61afc256-9ec3-4144-9d7d-e93591782f8e_1200x675.jpg\",\"datePublished\":\"2026-04-01T10:17:23+00:00\",\"author\":{\"@id\":\"https:\/\/portaltela.pt\/#\/schema\/person\/c4278d4a6028830caff9ee44b42d32ed\"},\"breadcrumb\":{\"@id\":\"https:\/\/portaltela.pt\/noticias\/2026\/04\/01\/cabrito-do-solar-dos-presuntos-premiado-ha-cinco-decadas\/#breadcrumb\"},\"inLanguage\":\"pt-PT\",\"potentialAction\":[{\"@type\":\"ReadAction\",\"target\":[\"https:\/\/portaltela.pt\/noticias\/2026\/04\/01\/cabrito-do-solar-dos-presuntos-premiado-ha-cinco-decadas\/\"]}]},{\"@type\":\"ImageObject\",\"inLanguage\":\"pt-PT\",\"@id\":\"https:\/\/portaltela.pt\/noticias\/2026\/04\/01\/cabrito-do-solar-dos-presuntos-premiado-ha-cinco-decadas\/#primaryimage\",\"url\":\"https:\/\/portaltela.pt\/s.01k8rhncp4jt1\/2026\/04\/61afc256-9ec3-4144-9d7d-e93591782f8e_1200x675.jpg\",\"contentUrl\":\"https:\/\/portaltela.pt\/s.01k8rhncp4jt1\/2026\/04\/61afc256-9ec3-4144-9d7d-e93591782f8e_1200x675.jpg\",\"width\":796,\"height\":448,\"caption\":\"Photo\"},{\"@type\":\"BreadcrumbList\",\"@id\":\"https:\/\/portaltela.pt\/noticias\/2026\/04\/01\/cabrito-do-solar-dos-presuntos-premiado-ha-cinco-decadas\/#breadcrumb\",\"itemListElement\":[{\"@type\":\"ListItem\",\"position\":1,\"name\":\"In\u00edcio\",\"item\":\"https:\/\/portaltela.pt\/\"},{\"@type\":\"ListItem\",\"position\":2,\"name\":\"Cabrito do Solar dos Presuntos premiado h\u00e1 cinco d\u00e9cadas\"}]},{\"@type\":\"WebSite\",\"@id\":\"https:\/\/portaltela.pt\/#website\",\"url\":\"https:\/\/portaltela.pt\/\",\"name\":\"Portal Tela Portugal\",\"description\":\"\",\"potentialAction\":[{\"@type\":\"SearchAction\",\"target\":{\"@type\":\"EntryPoint\",\"urlTemplate\":\"https:\/\/portaltela.pt\/?s={search_term_string}\"},\"query-input\":{\"@type\":\"PropertyValueSpecification\",\"valueRequired\":true,\"valueName\":\"search_term_string\"}}],\"inLanguage\":\"pt-PT\"},{\"@type\":\"Person\",\"@id\":\"https:\/\/portaltela.pt\/#\/schema\/person\/c4278d4a6028830caff9ee44b42d32ed\",\"name\":\"Telinha\",\"image\":{\"@type\":\"ImageObject\",\"inLanguage\":\"pt-PT\",\"@id\":\"https:\/\/portaltela.pt\/s.01k8rhncp4jt1\/2025\/11\/talking-bot-125x125.png\",\"url\":\"https:\/\/portaltela.pt\/s.01k8rhncp4jt1\/2025\/11\/talking-bot-125x125.png\",\"contentUrl\":\"https:\/\/portaltela.pt\/s.01k8rhncp4jt1\/2025\/11\/talking-bot-125x125.png\",\"caption\":\"Telinha\"},\"sameAs\":[\"https:\/\/portaltela.pt\/\"],\"url\":\"https:\/\/portaltela.pt\/por\/367410592786\/\"}]}<\/script>\n<!-- \/ Yoast SEO plugin. -->","yoast_head_json":{"title":"Cabrito do Solar dos Presuntos premiado h\u00e1 cinco d\u00e9cadas - Portal Tela Portugal","robots":{"index":"index","follow":"follow","max-snippet":"max-snippet:-1","max-image-preview":"max-image-preview:large","max-video-preview":"max-video-preview:-1"},"og_locale":"pt_PT","og_type":"article","og_title":"Cabrito do Solar dos Presuntos premiado h\u00e1 cinco d\u00e9cadas - Portal Tela Portugal","og_description":"O cabrito assado \u00e0 moda de Mon\u00e7\u00e3o, emparelhado com arroz de forno e batatinhas, \u00e9 o prato mais pedido no Solar dos Presuntos, servido desde o primeiro dia. O restaurante, em Lisboa, mant\u00e9m-se entre os mais afamados e procurados da cidade, celebrando cinquenta e duas d\u00e9cadas de atividade. A casa nasceu na mesma altura em que ocorreu a Revolu\u00e7\u00e3o dos Cravos, partilhando o ano de nascimento com esse evento hist\u00f3rico. Re\u00fane sabores minhotos e a cozinha de Mon\u00e7\u00e3o no card\u00e1pio, mantendo a identidade ao longo dos anos. Fundado por Evaristo e Gra\u00e7a Cardoso, o espa\u00e7o come\u00e7ou numa sala com menos de vinte lugares, junto ao balc\u00e3o e \u00e0 mesa.","og_url":"https:\/\/portaltela.pt\/noticias\/2026\/04\/01\/cabrito-do-solar-dos-presuntos-premiado-ha-cinco-decadas\/","og_site_name":"Portal Tela Portugal","article_published_time":"2026-04-01T10:17:23+00:00","author":"Telinha","twitter_card":"summary_large_image","twitter_misc":{"Escrito por":"Telinha","Tempo estimado de leitura":"1 minuto"},"schema":{"@context":"https:\/\/schema.org","@graph":[{"@type":"Article","@id":"https:\/\/portaltela.pt\/noticias\/2026\/04\/01\/cabrito-do-solar-dos-presuntos-premiado-ha-cinco-decadas\/#article","isPartOf":{"@id":"https:\/\/portaltela.pt\/noticias\/2026\/04\/01\/cabrito-do-solar-dos-presuntos-premiado-ha-cinco-decadas\/"},"author":{"name":"Telinha","@id":"https:\/\/portaltela.pt\/#\/schema\/person\/c4278d4a6028830caff9ee44b42d32ed"},"headline":"Cabrito do Solar dos Presuntos premiado h\u00e1 cinco d\u00e9cadas","datePublished":"2026-04-01T10:17:23+00:00","mainEntityOfPage":{"@id":"https:\/\/portaltela.pt\/noticias\/2026\/04\/01\/cabrito-do-solar-dos-presuntos-premiado-ha-cinco-decadas\/"},"wordCount":189,"image":{"@id":"https:\/\/portaltela.pt\/noticias\/2026\/04\/01\/cabrito-do-solar-dos-presuntos-premiado-ha-cinco-decadas\/#primaryimage"},"thumbnailUrl":"https:\/\/portaltela.pt\/s.01k8rhncp4jt1\/2026\/04\/61afc256-9ec3-4144-9d7d-e93591782f8e_1200x675.jpg","keywords":["cozinha","cultura","gastronomia","hist\u00f3ria","Lisboa","Mon\u00e7\u00e3o"],"articleSection":["Gastronomia","Not\u00edcias"],"inLanguage":"pt-PT"},{"@type":"WebPage","@id":"https:\/\/portaltela.pt\/noticias\/2026\/04\/01\/cabrito-do-solar-dos-presuntos-premiado-ha-cinco-decadas\/","url":"https:\/\/portaltela.pt\/noticias\/2026\/04\/01\/cabrito-do-solar-dos-presuntos-premiado-ha-cinco-decadas\/","name":"Cabrito do Solar dos Presuntos premiado h\u00e1 cinco d\u00e9cadas - Portal Tela Portugal","isPartOf":{"@id":"https:\/\/portaltela.pt\/#website"},"primaryImageOfPage":{"@id":"https:\/\/portaltela.pt\/noticias\/2026\/04\/01\/cabrito-do-solar-dos-presuntos-premiado-ha-cinco-decadas\/#primaryimage"},"image":{"@id":"https:\/\/portaltela.pt\/noticias\/2026\/04\/01\/cabrito-do-solar-dos-presuntos-premiado-ha-cinco-decadas\/#primaryimage"},"thumbnailUrl":"https:\/\/portaltela.pt\/s.01k8rhncp4jt1\/2026\/04\/61afc256-9ec3-4144-9d7d-e93591782f8e_1200x675.jpg","datePublished":"2026-04-01T10:17:23+00:00","author":{"@id":"https:\/\/portaltela.pt\/#\/schema\/person\/c4278d4a6028830caff9ee44b42d32ed"},"breadcrumb":{"@id":"https:\/\/portaltela.pt\/noticias\/2026\/04\/01\/cabrito-do-solar-dos-presuntos-premiado-ha-cinco-decadas\/#breadcrumb"},"inLanguage":"pt-PT","potentialAction":[{"@type":"ReadAction","target":["https:\/\/portaltela.pt\/noticias\/2026\/04\/01\/cabrito-do-solar-dos-presuntos-premiado-ha-cinco-decadas\/"]}]},{"@type":"ImageObject","inLanguage":"pt-PT","@id":"https:\/\/portaltela.pt\/noticias\/2026\/04\/01\/cabrito-do-solar-dos-presuntos-premiado-ha-cinco-decadas\/#primaryimage","url":"https:\/\/portaltela.pt\/s.01k8rhncp4jt1\/2026\/04\/61afc256-9ec3-4144-9d7d-e93591782f8e_1200x675.jpg","contentUrl":"https:\/\/portaltela.pt\/s.01k8rhncp4jt1\/2026\/04\/61afc256-9ec3-4144-9d7d-e93591782f8e_1200x675.jpg","width":796,"height":448,"caption":"Photo"},{"@type":"BreadcrumbList","@id":"https:\/\/portaltela.pt\/noticias\/2026\/04\/01\/cabrito-do-solar-dos-presuntos-premiado-ha-cinco-decadas\/#breadcrumb","itemListElement":[{"@type":"ListItem","position":1,"name":"In\u00edcio","item":"https:\/\/portaltela.pt\/"},{"@type":"ListItem","position":2,"name":"Cabrito do Solar dos Presuntos premiado h\u00e1 cinco d\u00e9cadas"}]},{"@type":"WebSite","@id":"https:\/\/portaltela.pt\/#website","url":"https:\/\/portaltela.pt\/","name":"Portal Tela Portugal","description":"","potentialAction":[{"@type":"SearchAction","target":{"@type":"EntryPoint","urlTemplate":"https:\/\/portaltela.pt\/?s={search_term_string}"},"query-input":{"@type":"PropertyValueSpecification","valueRequired":true,"valueName":"search_term_string"}}],"inLanguage":"pt-PT"},{"@type":"Person","@id":"https:\/\/portaltela.pt\/#\/schema\/person\/c4278d4a6028830caff9ee44b42d32ed","name":"Telinha","image":{"@type":"ImageObject","inLanguage":"pt-PT","@id":"https:\/\/portaltela.pt\/s.01k8rhncp4jt1\/2025\/11\/talking-bot-125x125.png","url":"https:\/\/portaltela.pt\/s.01k8rhncp4jt1\/2025\/11\/talking-bot-125x125.png","contentUrl":"https:\/\/portaltela.pt\/s.01k8rhncp4jt1\/2025\/11\/talking-bot-125x125.png","caption":"Telinha"},"sameAs":["https:\/\/portaltela.pt\/"],"url":"https:\/\/portaltela.pt\/por\/367410592786\/"}]}},"_links":{"self":[{"href":"https:\/\/portaltela.pt\/api\/wp\/v2\/posts\/428917","targetHints":{"allow":["GET"]}}],"collection":[{"href":"https:\/\/portaltela.pt\/api\/wp\/v2\/posts"}],"about":[{"href":"https:\/\/portaltela.pt\/api\/wp\/v2\/types\/post"}],"author":[{"embeddable":true,"href":"https:\/\/portaltela.pt\/api\/wp\/v2\/users\/2"}],"replies":[{"embeddable":true,"href":"https:\/\/portaltela.pt\/api\/wp\/v2\/comments?post=428917"}],"version-history":[{"count":0,"href":"https:\/\/portaltela.pt\/api\/wp\/v2\/posts\/428917\/revisions"}],"wp:featuredmedia":[{"embeddable":true,"href":"https:\/\/portaltela.pt\/api\/wp\/v2\/media\/428919"}],"wp:attachment":[{"href":"https:\/\/portaltela.pt\/api\/wp\/v2\/media?parent=428917"}],"wp:term":[{"taxonomy":"category","embeddable":true,"href":"https:\/\/portaltela.pt\/api\/wp\/v2\/categories?post=428917"},{"taxonomy":"post_tag","embeddable":true,"href":"https:\/\/portaltela.pt\/api\/wp\/v2\/tags?post=428917"}],"curies":[{"name":"wp","href":"https:\/\/api.w.org\/{rel}","templated":true}]}}