{"id":428899,"date":"2026-04-01T07:02:28","date_gmt":"2026-04-01T10:02:28","guid":{"rendered":"https:\/\/portaltela.pt\/noticias\/2026\/04\/01\/pacto-para-saida-limpa-de-hjulmand-e-episodio-com-agentes-do-capitao\/"},"modified":"2026-04-01T07:02:28","modified_gmt":"2026-04-01T10:02:28","slug":"pacto-para-saida-limpa-de-hjulmand-e-episodio-com-agentes-do-capitao","status":"publish","type":"post","link":"https:\/\/portaltela.pt\/desporto\/futebol\/2026\/04\/01\/pacto-para-saida-limpa-de-hjulmand-e-episodio-com-agentes-do-capitao\/","title":{"rendered":"Pacto para sa\u00edda limpa de Hjulmand e epis\u00f3dio com agentes do capit\u00e3o"},"content":{"rendered":"<p>O Sporting e o treinador R\u00faben Amorim chegaram a entendimento para a sa\u00edda de Hjulmand no final da temporada, com um acordo de sa\u00edda limpa. O objetivo \u00e9 evitar problemas futuros e assegurar uma transi\u00e7\u00e3o tranquila do jogador.<\/p>\n<p>O acordo foi descrito como orientado para permitir a sa\u00edda sem conflitos, mantendo a estabilidade no plantel at\u00e9 ao encerramento das competi\u00e7\u00f5es. A comunica\u00e7\u00e3o foi efetuada entre as partes envolvidas e n\u00e3o houve an\u00fancio de venda imediata.<\/p>\n<p>O epis\u00f3dio envolvendo os agentes do capit\u00e3o ocorreu durante a prepara\u00e7\u00e3o para o jogo com o Bodo\/Glimt, quando Rui Borges, treinador de guarda-redes, foi citado a referir Guardiola e Luis Enrique, revelando o desafio ap\u00f3s a reviravolta do Sporting frente ao Bodo\/Glimt.<\/p>\n<h3>Desdobramentos e reac\u00e7\u00f5es<\/h3>\n<p>O treinador V\u00edtor Pinto, do FC Porto, afirmou que o clube vai disponibilizar imagens de videovigil\u00e2ncia que mostram o treinador do Sporting ativo a dar instru\u00e7\u00f5es e a festejar no fim do jogo. A mesma fonte antecipou o cl\u00e1ssico no Drag\u00e3o, assegurando que todas as \u00e1reas cr\u00edticas estar\u00e3o cobertas por delegados.<\/p>\n<p>O regresso de Quenda \u00e9 visto como uma not\u00edcia positiva para o Sporting, num momento de calend\u00e1rio exigente. Al\u00e9m disso, h\u00e1 refer\u00eancia a uma pol\u00e9mica no andebol, com desconfian\u00e7a expressa pelo FC Porto relativamente aos sintomas apresentados pelo Sporting.<\/p>\n<p>Rui Borges citou Guardiola e Luis Enrique e descreveu o desafio decorrente da reviravolta do Sporting frente ao Bodo\/Glimt, numa narrativa que acompanha a prepara\u00e7\u00e3o para jogos subsequentes. V\u00edtor Pinto, por sua vez, reiterou a necessidade de cobertura completa de \u00e1reas cr\u00edticas em jogos importantes.<\/p>\n","protected":false},"excerpt":{"rendered":"<ul>\n<li>O Sporting e o treinador R\u00faben Amorim chegaram a um entendimento para a sa\u00edda de Hjulmand no final da temporada, com um acordo de sa\u00edda limpa.<\/li>\n<li>O objetivo do acordo \u00e9 evitar problemas futuros e assegurar uma sa\u00edda tranquila do jogador.<\/li>\n<li>Um epis\u00f3dio com os agentes do capit\u00e3o ocorreu na prepara\u00e7\u00e3o para o jogo com o Bodo\/Glimt, quando Rui Borges citou Guardiola e Luis Enrique.<\/li>\n<li>O treinador V\u00edtor Pinto revelou que o FC Porto vai disponibilizar imagens de videovigil\u00e2ncia que mostram o treinador do Sporting a dar instru\u00e7\u00f5es e a festejar no fim do jogo.<\/li>\n<li>V\u00edtor Pinto antecipou o cl\u00e1ssico no Drag\u00e3o, dizendo que todas as \u00e1reas cr\u00edticas estar\u00e3o cobertas por delegados.<\/li>\n<\/ul>\n","protected":false},"author":2,"featured_media":428904,"comment_status":"closed","ping_status":"closed","sticky":false,"template":"","format":"standard","meta":{"footnotes":""},"categories":[21,24],"tags":[32,4159,44,1652,2234],"class_list":["post-428899","post","type-post","status-publish","format-standard","has-post-thumbnail","hentry","category-desporto","category-futebol","tag-futebol","tag-jogo","tag-polemicas","tag-sporting","tag-videovigilancia"],"yoast_head":"<!-- This site is optimized with the Yoast SEO plugin v27.2 - https:\/\/yoast.com\/product\/yoast-seo-wordpress\/ -->\n<title>Pacto para sa\u00edda limpa de Hjulmand e epis\u00f3dio com agentes do capit\u00e3o - Portal Tela Portugal<\/title>\n<meta name=\"robots\" content=\"index, follow, max-snippet:-1, max-image-preview:large, max-video-preview:-1\" \/>\n<meta property=\"og:locale\" content=\"pt_PT\" \/>\n<meta property=\"og:type\" content=\"article\" \/>\n<meta property=\"og:title\" content=\"Pacto para sa\u00edda limpa de Hjulmand e epis\u00f3dio com agentes do capit\u00e3o - Portal Tela Portugal\" \/>\n<meta property=\"og:description\" content=\"O Sporting e o treinador R\u00faben Amorim chegaram a um entendimento para a sa\u00edda de Hjulmand no final da temporada, com um acordo de sa\u00edda limpa. O objetivo do acordo \u00e9 evitar problemas futuros e assegurar uma sa\u00edda tranquila do jogador. Um epis\u00f3dio com os agentes do capit\u00e3o ocorreu na prepara\u00e7\u00e3o para o jogo com o Bodo\/Glimt, quando Rui Borges citou Guardiola e Luis Enrique. O treinador V\u00edtor Pinto revelou que o FC Porto vai disponibilizar imagens de videovigil\u00e2ncia que mostram o treinador do Sporting a dar instru\u00e7\u00f5es e a festejar no fim do jogo. V\u00edtor Pinto antecipou o cl\u00e1ssico no Drag\u00e3o, dizendo que todas as \u00e1reas cr\u00edticas estar\u00e3o cobertas por delegados.\" \/>\n<meta property=\"og:url\" content=\"https:\/\/portaltela.pt\/noticias\/2026\/04\/01\/pacto-para-saida-limpa-de-hjulmand-e-episodio-com-agentes-do-capitao\/\" \/>\n<meta property=\"og:site_name\" content=\"Portal Tela Portugal\" \/>\n<meta property=\"article:published_time\" content=\"2026-04-01T10:02:28+00:00\" \/>\n<meta name=\"author\" content=\"Telinha\" \/>\n<meta name=\"twitter:card\" content=\"summary_large_image\" \/>\n<meta name=\"twitter:label1\" content=\"Escrito por\" \/>\n\t<meta name=\"twitter:data1\" content=\"Telinha\" \/>\n\t<meta name=\"twitter:label2\" content=\"Tempo estimado de leitura\" \/>\n\t<meta name=\"twitter:data2\" content=\"1 minuto\" \/>\n<script type=\"application\/ld+json\" class=\"yoast-schema-graph\">{\"@context\":\"https:\/\/schema.org\",\"@graph\":[{\"@type\":\"Article\",\"@id\":\"https:\/\/portaltela.pt\/noticias\/2026\/04\/01\/pacto-para-saida-limpa-de-hjulmand-e-episodio-com-agentes-do-capitao\/#article\",\"isPartOf\":{\"@id\":\"https:\/\/portaltela.pt\/noticias\/2026\/04\/01\/pacto-para-saida-limpa-de-hjulmand-e-episodio-com-agentes-do-capitao\/\"},\"author\":{\"name\":\"Telinha\",\"@id\":\"https:\/\/portaltela.pt\/#\/schema\/person\/c4278d4a6028830caff9ee44b42d32ed\"},\"headline\":\"Pacto para sa\u00edda limpa de Hjulmand e epis\u00f3dio com agentes do capit\u00e3o\",\"datePublished\":\"2026-04-01T10:02:28+00:00\",\"mainEntityOfPage\":{\"@id\":\"https:\/\/portaltela.pt\/noticias\/2026\/04\/01\/pacto-para-saida-limpa-de-hjulmand-e-episodio-com-agentes-do-capitao\/\"},\"wordCount\":301,\"image\":{\"@id\":\"https:\/\/portaltela.pt\/noticias\/2026\/04\/01\/pacto-para-saida-limpa-de-hjulmand-e-episodio-com-agentes-do-capitao\/#primaryimage\"},\"thumbnailUrl\":\"https:\/\/portaltela.pt\/s.01k8rhncp4jt1\/2026\/04\/img_1200x721uu2026-03-29-17-06-44-2429999.jpg\",\"keywords\":[\"futebol\",\"jogo\",\"pol\u00eamicas\",\"Sporting\",\"videovigil\u00e2ncia\"],\"articleSection\":[\"Desporto\",\"Futebol\"],\"inLanguage\":\"pt-PT\"},{\"@type\":\"WebPage\",\"@id\":\"https:\/\/portaltela.pt\/noticias\/2026\/04\/01\/pacto-para-saida-limpa-de-hjulmand-e-episodio-com-agentes-do-capitao\/\",\"url\":\"https:\/\/portaltela.pt\/noticias\/2026\/04\/01\/pacto-para-saida-limpa-de-hjulmand-e-episodio-com-agentes-do-capitao\/\",\"name\":\"Pacto para sa\u00edda limpa de Hjulmand e epis\u00f3dio com agentes do capit\u00e3o - Portal Tela Portugal\",\"isPartOf\":{\"@id\":\"https:\/\/portaltela.pt\/#website\"},\"primaryImageOfPage\":{\"@id\":\"https:\/\/portaltela.pt\/noticias\/2026\/04\/01\/pacto-para-saida-limpa-de-hjulmand-e-episodio-com-agentes-do-capitao\/#primaryimage\"},\"image\":{\"@id\":\"https:\/\/portaltela.pt\/noticias\/2026\/04\/01\/pacto-para-saida-limpa-de-hjulmand-e-episodio-com-agentes-do-capitao\/#primaryimage\"},\"thumbnailUrl\":\"https:\/\/portaltela.pt\/s.01k8rhncp4jt1\/2026\/04\/img_1200x721uu2026-03-29-17-06-44-2429999.jpg\",\"datePublished\":\"2026-04-01T10:02:28+00:00\",\"author\":{\"@id\":\"https:\/\/portaltela.pt\/#\/schema\/person\/c4278d4a6028830caff9ee44b42d32ed\"},\"breadcrumb\":{\"@id\":\"https:\/\/portaltela.pt\/noticias\/2026\/04\/01\/pacto-para-saida-limpa-de-hjulmand-e-episodio-com-agentes-do-capitao\/#breadcrumb\"},\"inLanguage\":\"pt-PT\",\"potentialAction\":[{\"@type\":\"ReadAction\",\"target\":[\"https:\/\/portaltela.pt\/noticias\/2026\/04\/01\/pacto-para-saida-limpa-de-hjulmand-e-episodio-com-agentes-do-capitao\/\"]}]},{\"@type\":\"ImageObject\",\"inLanguage\":\"pt-PT\",\"@id\":\"https:\/\/portaltela.pt\/noticias\/2026\/04\/01\/pacto-para-saida-limpa-de-hjulmand-e-episodio-com-agentes-do-capitao\/#primaryimage\",\"url\":\"https:\/\/portaltela.pt\/s.01k8rhncp4jt1\/2026\/04\/img_1200x721uu2026-03-29-17-06-44-2429999.jpg\",\"contentUrl\":\"https:\/\/portaltela.pt\/s.01k8rhncp4jt1\/2026\/04\/img_1200x721uu2026-03-29-17-06-44-2429999.jpg\",\"width\":796,\"height\":448,\"caption\":\"Pacto para sa\u00edda limpa de Hjulmand e o epis\u00f3dio que \u201ccorreu mal\u201d com os agentes do capit\u00e3o\"},{\"@type\":\"BreadcrumbList\",\"@id\":\"https:\/\/portaltela.pt\/noticias\/2026\/04\/01\/pacto-para-saida-limpa-de-hjulmand-e-episodio-com-agentes-do-capitao\/#breadcrumb\",\"itemListElement\":[{\"@type\":\"ListItem\",\"position\":1,\"name\":\"In\u00edcio\",\"item\":\"https:\/\/portaltela.pt\/\"},{\"@type\":\"ListItem\",\"position\":2,\"name\":\"Pacto para sa\u00edda limpa de Hjulmand e epis\u00f3dio com agentes do capit\u00e3o\"}]},{\"@type\":\"WebSite\",\"@id\":\"https:\/\/portaltela.pt\/#website\",\"url\":\"https:\/\/portaltela.pt\/\",\"name\":\"Portal Tela Portugal\",\"description\":\"\",\"potentialAction\":[{\"@type\":\"SearchAction\",\"target\":{\"@type\":\"EntryPoint\",\"urlTemplate\":\"https:\/\/portaltela.pt\/?s={search_term_string}\"},\"query-input\":{\"@type\":\"PropertyValueSpecification\",\"valueRequired\":true,\"valueName\":\"search_term_string\"}}],\"inLanguage\":\"pt-PT\"},{\"@type\":\"Person\",\"@id\":\"https:\/\/portaltela.pt\/#\/schema\/person\/c4278d4a6028830caff9ee44b42d32ed\",\"name\":\"Telinha\",\"image\":{\"@type\":\"ImageObject\",\"inLanguage\":\"pt-PT\",\"@id\":\"https:\/\/portaltela.pt\/s.01k8rhncp4jt1\/2025\/11\/talking-bot-125x125.png\",\"url\":\"https:\/\/portaltela.pt\/s.01k8rhncp4jt1\/2025\/11\/talking-bot-125x125.png\",\"contentUrl\":\"https:\/\/portaltela.pt\/s.01k8rhncp4jt1\/2025\/11\/talking-bot-125x125.png\",\"caption\":\"Telinha\"},\"sameAs\":[\"https:\/\/portaltela.pt\/\"],\"url\":\"https:\/\/portaltela.pt\/por\/367410592786\/\"}]}<\/script>\n<!-- \/ Yoast SEO plugin. -->","yoast_head_json":{"title":"Pacto para sa\u00edda limpa de Hjulmand e epis\u00f3dio com agentes do capit\u00e3o - Portal Tela Portugal","robots":{"index":"index","follow":"follow","max-snippet":"max-snippet:-1","max-image-preview":"max-image-preview:large","max-video-preview":"max-video-preview:-1"},"og_locale":"pt_PT","og_type":"article","og_title":"Pacto para sa\u00edda limpa de Hjulmand e epis\u00f3dio com agentes do capit\u00e3o - Portal Tela Portugal","og_description":"O Sporting e o treinador R\u00faben Amorim chegaram a um entendimento para a sa\u00edda de Hjulmand no final da temporada, com um acordo de sa\u00edda limpa. O objetivo do acordo \u00e9 evitar problemas futuros e assegurar uma sa\u00edda tranquila do jogador. Um epis\u00f3dio com os agentes do capit\u00e3o ocorreu na prepara\u00e7\u00e3o para o jogo com o Bodo\/Glimt, quando Rui Borges citou Guardiola e Luis Enrique. O treinador V\u00edtor Pinto revelou que o FC Porto vai disponibilizar imagens de videovigil\u00e2ncia que mostram o treinador do Sporting a dar instru\u00e7\u00f5es e a festejar no fim do jogo. V\u00edtor Pinto antecipou o cl\u00e1ssico no Drag\u00e3o, dizendo que todas as \u00e1reas cr\u00edticas estar\u00e3o cobertas por delegados.","og_url":"https:\/\/portaltela.pt\/noticias\/2026\/04\/01\/pacto-para-saida-limpa-de-hjulmand-e-episodio-com-agentes-do-capitao\/","og_site_name":"Portal Tela Portugal","article_published_time":"2026-04-01T10:02:28+00:00","author":"Telinha","twitter_card":"summary_large_image","twitter_misc":{"Escrito por":"Telinha","Tempo estimado de leitura":"1 minuto"},"schema":{"@context":"https:\/\/schema.org","@graph":[{"@type":"Article","@id":"https:\/\/portaltela.pt\/noticias\/2026\/04\/01\/pacto-para-saida-limpa-de-hjulmand-e-episodio-com-agentes-do-capitao\/#article","isPartOf":{"@id":"https:\/\/portaltela.pt\/noticias\/2026\/04\/01\/pacto-para-saida-limpa-de-hjulmand-e-episodio-com-agentes-do-capitao\/"},"author":{"name":"Telinha","@id":"https:\/\/portaltela.pt\/#\/schema\/person\/c4278d4a6028830caff9ee44b42d32ed"},"headline":"Pacto para sa\u00edda limpa de Hjulmand e epis\u00f3dio com agentes do capit\u00e3o","datePublished":"2026-04-01T10:02:28+00:00","mainEntityOfPage":{"@id":"https:\/\/portaltela.pt\/noticias\/2026\/04\/01\/pacto-para-saida-limpa-de-hjulmand-e-episodio-com-agentes-do-capitao\/"},"wordCount":301,"image":{"@id":"https:\/\/portaltela.pt\/noticias\/2026\/04\/01\/pacto-para-saida-limpa-de-hjulmand-e-episodio-com-agentes-do-capitao\/#primaryimage"},"thumbnailUrl":"https:\/\/portaltela.pt\/s.01k8rhncp4jt1\/2026\/04\/img_1200x721uu2026-03-29-17-06-44-2429999.jpg","keywords":["futebol","jogo","pol\u00eamicas","Sporting","videovigil\u00e2ncia"],"articleSection":["Desporto","Futebol"],"inLanguage":"pt-PT"},{"@type":"WebPage","@id":"https:\/\/portaltela.pt\/noticias\/2026\/04\/01\/pacto-para-saida-limpa-de-hjulmand-e-episodio-com-agentes-do-capitao\/","url":"https:\/\/portaltela.pt\/noticias\/2026\/04\/01\/pacto-para-saida-limpa-de-hjulmand-e-episodio-com-agentes-do-capitao\/","name":"Pacto para sa\u00edda limpa de Hjulmand e epis\u00f3dio com agentes do capit\u00e3o - Portal Tela Portugal","isPartOf":{"@id":"https:\/\/portaltela.pt\/#website"},"primaryImageOfPage":{"@id":"https:\/\/portaltela.pt\/noticias\/2026\/04\/01\/pacto-para-saida-limpa-de-hjulmand-e-episodio-com-agentes-do-capitao\/#primaryimage"},"image":{"@id":"https:\/\/portaltela.pt\/noticias\/2026\/04\/01\/pacto-para-saida-limpa-de-hjulmand-e-episodio-com-agentes-do-capitao\/#primaryimage"},"thumbnailUrl":"https:\/\/portaltela.pt\/s.01k8rhncp4jt1\/2026\/04\/img_1200x721uu2026-03-29-17-06-44-2429999.jpg","datePublished":"2026-04-01T10:02:28+00:00","author":{"@id":"https:\/\/portaltela.pt\/#\/schema\/person\/c4278d4a6028830caff9ee44b42d32ed"},"breadcrumb":{"@id":"https:\/\/portaltela.pt\/noticias\/2026\/04\/01\/pacto-para-saida-limpa-de-hjulmand-e-episodio-com-agentes-do-capitao\/#breadcrumb"},"inLanguage":"pt-PT","potentialAction":[{"@type":"ReadAction","target":["https:\/\/portaltela.pt\/noticias\/2026\/04\/01\/pacto-para-saida-limpa-de-hjulmand-e-episodio-com-agentes-do-capitao\/"]}]},{"@type":"ImageObject","inLanguage":"pt-PT","@id":"https:\/\/portaltela.pt\/noticias\/2026\/04\/01\/pacto-para-saida-limpa-de-hjulmand-e-episodio-com-agentes-do-capitao\/#primaryimage","url":"https:\/\/portaltela.pt\/s.01k8rhncp4jt1\/2026\/04\/img_1200x721uu2026-03-29-17-06-44-2429999.jpg","contentUrl":"https:\/\/portaltela.pt\/s.01k8rhncp4jt1\/2026\/04\/img_1200x721uu2026-03-29-17-06-44-2429999.jpg","width":796,"height":448,"caption":"Pacto para sa\u00edda limpa de Hjulmand e o epis\u00f3dio que \u201ccorreu mal\u201d com os agentes do capit\u00e3o"},{"@type":"BreadcrumbList","@id":"https:\/\/portaltela.pt\/noticias\/2026\/04\/01\/pacto-para-saida-limpa-de-hjulmand-e-episodio-com-agentes-do-capitao\/#breadcrumb","itemListElement":[{"@type":"ListItem","position":1,"name":"In\u00edcio","item":"https:\/\/portaltela.pt\/"},{"@type":"ListItem","position":2,"name":"Pacto para sa\u00edda limpa de Hjulmand e epis\u00f3dio com agentes do capit\u00e3o"}]},{"@type":"WebSite","@id":"https:\/\/portaltela.pt\/#website","url":"https:\/\/portaltela.pt\/","name":"Portal Tela Portugal","description":"","potentialAction":[{"@type":"SearchAction","target":{"@type":"EntryPoint","urlTemplate":"https:\/\/portaltela.pt\/?s={search_term_string}"},"query-input":{"@type":"PropertyValueSpecification","valueRequired":true,"valueName":"search_term_string"}}],"inLanguage":"pt-PT"},{"@type":"Person","@id":"https:\/\/portaltela.pt\/#\/schema\/person\/c4278d4a6028830caff9ee44b42d32ed","name":"Telinha","image":{"@type":"ImageObject","inLanguage":"pt-PT","@id":"https:\/\/portaltela.pt\/s.01k8rhncp4jt1\/2025\/11\/talking-bot-125x125.png","url":"https:\/\/portaltela.pt\/s.01k8rhncp4jt1\/2025\/11\/talking-bot-125x125.png","contentUrl":"https:\/\/portaltela.pt\/s.01k8rhncp4jt1\/2025\/11\/talking-bot-125x125.png","caption":"Telinha"},"sameAs":["https:\/\/portaltela.pt\/"],"url":"https:\/\/portaltela.pt\/por\/367410592786\/"}]}},"_links":{"self":[{"href":"https:\/\/portaltela.pt\/api\/wp\/v2\/posts\/428899","targetHints":{"allow":["GET"]}}],"collection":[{"href":"https:\/\/portaltela.pt\/api\/wp\/v2\/posts"}],"about":[{"href":"https:\/\/portaltela.pt\/api\/wp\/v2\/types\/post"}],"author":[{"embeddable":true,"href":"https:\/\/portaltela.pt\/api\/wp\/v2\/users\/2"}],"replies":[{"embeddable":true,"href":"https:\/\/portaltela.pt\/api\/wp\/v2\/comments?post=428899"}],"version-history":[{"count":0,"href":"https:\/\/portaltela.pt\/api\/wp\/v2\/posts\/428899\/revisions"}],"wp:featuredmedia":[{"embeddable":true,"href":"https:\/\/portaltela.pt\/api\/wp\/v2\/media\/428904"}],"wp:attachment":[{"href":"https:\/\/portaltela.pt\/api\/wp\/v2\/media?parent=428899"}],"wp:term":[{"taxonomy":"category","embeddable":true,"href":"https:\/\/portaltela.pt\/api\/wp\/v2\/categories?post=428899"},{"taxonomy":"post_tag","embeddable":true,"href":"https:\/\/portaltela.pt\/api\/wp\/v2\/tags?post=428899"}],"curies":[{"name":"wp","href":"https:\/\/api.w.org\/{rel}","templated":true}]}}