{"id":428895,"date":"2026-04-01T07:02:25","date_gmt":"2026-04-01T10:02:25","guid":{"rendered":"https:\/\/portaltela.pt\/noticias\/2026\/04\/01\/idosa-cai-em-casa-e-tem-de-ser-retirada-pela-janela\/"},"modified":"2026-04-01T07:02:25","modified_gmt":"2026-04-01T10:02:25","slug":"idosa-cai-em-casa-e-tem-de-ser-retirada-pela-janela","status":"publish","type":"post","link":"https:\/\/portaltela.pt\/acidentes\/2026\/04\/01\/idosa-cai-em-casa-e-tem-de-ser-retirada-pela-janela\/","title":{"rendered":"Idosa cai em casa e tem de ser retirada pela janela"},"content":{"rendered":"<p>Uma idosa de cerca de 75 anos ficou ferida numa queda em casa, em Rio Caldo, Terras de Bouro. N\u00e3o foi poss\u00edvel remov\u00ea-la pelas entradas normais devido ao espa\u00e7o estreito da habita\u00e7\u00e3o, o que levou \u00e0 necessidade de um resgate pela janela.<\/p>\n<p>A equipa de socorro da delega\u00e7\u00e3o de Rio Caldo da Cruz Vermelha Portuguesa (CVP) imobilizou a v\u00edtima numa maca e solicitou apoio externo. A opera\u00e7\u00e3o contou com militares da Unidade de Emerg\u00eancia de Prote\u00e7\u00e3o e Socorro (UEPS) da GNR, treinados em resgate de montanha, para a descida pela janela.<\/p>\n<h3>Coopera\u00e7\u00e3o entre CVP e GNR<\/h3>\n<p>Com recurso a uma t\u00e9cnica de cordas, a v\u00edtima foi retirada com seguran\u00e7a atrav\u00e9s de uma das janelas da habita\u00e7\u00e3o e transferida para uma ambul\u00e2ncia. O transporte decorreu com rapidez at\u00e9 ao Hospital de Braga, onde foi encerrada a interven\u00e7\u00e3o.<\/p>\n<p>Jacob Alves, coordenador da Delega\u00e7\u00e3o de Rio Caldo da CVP, destacou a coopera\u00e7\u00e3o entre equipas. A v\u00edtima foi imobilizada logo de in\u00edcio e encaminhada para avalia\u00e7\u00e3o m\u00e9dica, mantendo-se a interven\u00e7\u00e3o sob supervis\u00e3o das autoridades competentes.<\/p>\n<p>A idosa foi transportada pela CVP para o Hospital de Braga, para avalia\u00e7\u00e3o e tratamento adicionais. A opera\u00e7\u00e3o ficou marcada pela colabora\u00e7\u00e3o entre entidades locais na gest\u00e3o de uma situa\u00e7\u00e3o complexa.<\/p>\n","protected":false},"excerpt":{"rendered":"<ul>\n<li>Uma mulher com cerca de 75 anos foi resgatada pela janela da sua casa em Rio Caldo, Terras de Bouro, ap\u00f3s uma queda.<\/li>\n<li>A opera\u00e7\u00e3o envolveu a equipa de socorro da delega\u00e7\u00e3o de Rio Caldo da Cruz Vermelha Portuguesa (CVP) e militares treinados em resgate.<\/li>\n<li>Devido ao espa\u00e7o ex\u00edguo, n\u00e3o foi poss\u00edvel extrair a v\u00edtima pelas vias normais; a GNR, atrav\u00e9s da Unidade de Emerg\u00eancia de Prote\u00e7\u00e3o e Socorro (UEPS), utilizou uma t\u00e9cnica de cordas para descer a idosa j\u00e1 imobilizada numa maca.<\/li>\n<li>A v\u00edtima foi transportada pela CVP ao Hospital de Braga.<\/li>\n<li>O coordenador da delega\u00e7\u00e3o da CVP em Rio Caldo destacou a coopera\u00e7\u00e3o entre as equipas como crucial para o sucesso da opera\u00e7\u00e3o.<\/li>\n<\/ul>\n","protected":false},"author":2,"featured_media":428896,"comment_status":"closed","ping_status":"closed","sticky":false,"template":"","format":"standard","meta":{"footnotes":""},"categories":[6849],"tags":[3656,1207,2599,1380,2736,4785],"class_list":["post-428895","post","type-post","status-publish","format-standard","has-post-thumbnail","hentry","category-acidentes","tag-ambulancias","tag-braga","tag-cruz-vermelha-portuguesa","tag-gnr","tag-idosos","tag-ueps"],"yoast_head":"<!-- This site is optimized with the Yoast SEO plugin v27.2 - https:\/\/yoast.com\/product\/yoast-seo-wordpress\/ -->\n<title>Idosa cai em casa e tem de ser retirada pela janela - Portal Tela Portugal<\/title>\n<meta name=\"robots\" content=\"index, follow, max-snippet:-1, max-image-preview:large, max-video-preview:-1\" \/>\n<meta property=\"og:locale\" content=\"pt_PT\" \/>\n<meta property=\"og:type\" content=\"article\" \/>\n<meta property=\"og:title\" content=\"Idosa cai em casa e tem de ser retirada pela janela - Portal Tela Portugal\" \/>\n<meta property=\"og:description\" content=\"Uma mulher com cerca de 75 anos foi resgatada pela janela da sua casa em Rio Caldo, Terras de Bouro, ap\u00f3s uma queda. A opera\u00e7\u00e3o envolveu a equipa de socorro da delega\u00e7\u00e3o de Rio Caldo da Cruz Vermelha Portuguesa (CVP) e militares treinados em resgate. Devido ao espa\u00e7o ex\u00edguo, n\u00e3o foi poss\u00edvel extrair a v\u00edtima pelas vias normais; a GNR, atrav\u00e9s da Unidade de Emerg\u00eancia de Prote\u00e7\u00e3o e Socorro (UEPS), utilizou uma t\u00e9cnica de cordas para descer a idosa j\u00e1 imobilizada numa maca. A v\u00edtima foi transportada pela CVP ao Hospital de Braga. O coordenador da delega\u00e7\u00e3o da CVP em Rio Caldo destacou a coopera\u00e7\u00e3o entre as equipas como crucial para o sucesso da opera\u00e7\u00e3o.\" \/>\n<meta property=\"og:url\" content=\"https:\/\/portaltela.pt\/noticias\/2026\/04\/01\/idosa-cai-em-casa-e-tem-de-ser-retirada-pela-janela\/\" \/>\n<meta property=\"og:site_name\" content=\"Portal Tela Portugal\" \/>\n<meta property=\"article:published_time\" content=\"2026-04-01T10:02:25+00:00\" \/>\n<meta name=\"author\" content=\"Telinha\" \/>\n<meta name=\"twitter:card\" content=\"summary_large_image\" \/>\n<meta name=\"twitter:label1\" content=\"Escrito por\" \/>\n\t<meta name=\"twitter:data1\" content=\"Telinha\" \/>\n\t<meta name=\"twitter:label2\" content=\"Tempo estimado de leitura\" \/>\n\t<meta name=\"twitter:data2\" content=\"1 minuto\" \/>\n<script type=\"application\/ld+json\" class=\"yoast-schema-graph\">{\"@context\":\"https:\/\/schema.org\",\"@graph\":[{\"@type\":\"Article\",\"@id\":\"https:\/\/portaltela.pt\/noticias\/2026\/04\/01\/idosa-cai-em-casa-e-tem-de-ser-retirada-pela-janela\/#article\",\"isPartOf\":{\"@id\":\"https:\/\/portaltela.pt\/noticias\/2026\/04\/01\/idosa-cai-em-casa-e-tem-de-ser-retirada-pela-janela\/\"},\"author\":{\"name\":\"Telinha\",\"@id\":\"https:\/\/portaltela.pt\/#\/schema\/person\/c4278d4a6028830caff9ee44b42d32ed\"},\"headline\":\"Idosa cai em casa e tem de ser retirada pela janela\",\"datePublished\":\"2026-04-01T10:02:25+00:00\",\"mainEntityOfPage\":{\"@id\":\"https:\/\/portaltela.pt\/noticias\/2026\/04\/01\/idosa-cai-em-casa-e-tem-de-ser-retirada-pela-janela\/\"},\"wordCount\":242,\"image\":{\"@id\":\"https:\/\/portaltela.pt\/noticias\/2026\/04\/01\/idosa-cai-em-casa-e-tem-de-ser-retirada-pela-janela\/#primaryimage\"},\"thumbnailUrl\":\"https:\/\/portaltela.pt\/s.01k8rhncp4jt1\/2026\/04\/img_1280x721uu2026-04-01-10-27-10-2275985.jpg\",\"keywords\":[\"ambul\u00e2ncias\",\"Braga\",\"Cruz Vermelha Portuguesa\",\"GNR\",\"idosos\",\"UEPS\"],\"articleSection\":[\"Acidentes\"],\"inLanguage\":\"pt-PT\"},{\"@type\":\"WebPage\",\"@id\":\"https:\/\/portaltela.pt\/noticias\/2026\/04\/01\/idosa-cai-em-casa-e-tem-de-ser-retirada-pela-janela\/\",\"url\":\"https:\/\/portaltela.pt\/noticias\/2026\/04\/01\/idosa-cai-em-casa-e-tem-de-ser-retirada-pela-janela\/\",\"name\":\"Idosa cai em casa e tem de ser retirada pela janela - Portal Tela Portugal\",\"isPartOf\":{\"@id\":\"https:\/\/portaltela.pt\/#website\"},\"primaryImageOfPage\":{\"@id\":\"https:\/\/portaltela.pt\/noticias\/2026\/04\/01\/idosa-cai-em-casa-e-tem-de-ser-retirada-pela-janela\/#primaryimage\"},\"image\":{\"@id\":\"https:\/\/portaltela.pt\/noticias\/2026\/04\/01\/idosa-cai-em-casa-e-tem-de-ser-retirada-pela-janela\/#primaryimage\"},\"thumbnailUrl\":\"https:\/\/portaltela.pt\/s.01k8rhncp4jt1\/2026\/04\/img_1280x721uu2026-04-01-10-27-10-2275985.jpg\",\"datePublished\":\"2026-04-01T10:02:25+00:00\",\"author\":{\"@id\":\"https:\/\/portaltela.pt\/#\/schema\/person\/c4278d4a6028830caff9ee44b42d32ed\"},\"breadcrumb\":{\"@id\":\"https:\/\/portaltela.pt\/noticias\/2026\/04\/01\/idosa-cai-em-casa-e-tem-de-ser-retirada-pela-janela\/#breadcrumb\"},\"inLanguage\":\"pt-PT\",\"potentialAction\":[{\"@type\":\"ReadAction\",\"target\":[\"https:\/\/portaltela.pt\/noticias\/2026\/04\/01\/idosa-cai-em-casa-e-tem-de-ser-retirada-pela-janela\/\"]}]},{\"@type\":\"ImageObject\",\"inLanguage\":\"pt-PT\",\"@id\":\"https:\/\/portaltela.pt\/noticias\/2026\/04\/01\/idosa-cai-em-casa-e-tem-de-ser-retirada-pela-janela\/#primaryimage\",\"url\":\"https:\/\/portaltela.pt\/s.01k8rhncp4jt1\/2026\/04\/img_1280x721uu2026-04-01-10-27-10-2275985.jpg\",\"contentUrl\":\"https:\/\/portaltela.pt\/s.01k8rhncp4jt1\/2026\/04\/img_1280x721uu2026-04-01-10-27-10-2275985.jpg\",\"width\":796,\"height\":448,\"caption\":\"Cruz Vermelha e GNR resgataram v\u00edtima por uma janela\"},{\"@type\":\"BreadcrumbList\",\"@id\":\"https:\/\/portaltela.pt\/noticias\/2026\/04\/01\/idosa-cai-em-casa-e-tem-de-ser-retirada-pela-janela\/#breadcrumb\",\"itemListElement\":[{\"@type\":\"ListItem\",\"position\":1,\"name\":\"In\u00edcio\",\"item\":\"https:\/\/portaltela.pt\/\"},{\"@type\":\"ListItem\",\"position\":2,\"name\":\"Idosa cai em casa e tem de ser retirada pela janela\"}]},{\"@type\":\"WebSite\",\"@id\":\"https:\/\/portaltela.pt\/#website\",\"url\":\"https:\/\/portaltela.pt\/\",\"name\":\"Portal Tela Portugal\",\"description\":\"\",\"potentialAction\":[{\"@type\":\"SearchAction\",\"target\":{\"@type\":\"EntryPoint\",\"urlTemplate\":\"https:\/\/portaltela.pt\/?s={search_term_string}\"},\"query-input\":{\"@type\":\"PropertyValueSpecification\",\"valueRequired\":true,\"valueName\":\"search_term_string\"}}],\"inLanguage\":\"pt-PT\"},{\"@type\":\"Person\",\"@id\":\"https:\/\/portaltela.pt\/#\/schema\/person\/c4278d4a6028830caff9ee44b42d32ed\",\"name\":\"Telinha\",\"image\":{\"@type\":\"ImageObject\",\"inLanguage\":\"pt-PT\",\"@id\":\"https:\/\/portaltela.pt\/s.01k8rhncp4jt1\/2025\/11\/talking-bot-125x125.png\",\"url\":\"https:\/\/portaltela.pt\/s.01k8rhncp4jt1\/2025\/11\/talking-bot-125x125.png\",\"contentUrl\":\"https:\/\/portaltela.pt\/s.01k8rhncp4jt1\/2025\/11\/talking-bot-125x125.png\",\"caption\":\"Telinha\"},\"sameAs\":[\"https:\/\/portaltela.pt\/\"],\"url\":\"https:\/\/portaltela.pt\/por\/367410592786\/\"}]}<\/script>\n<!-- \/ Yoast SEO plugin. -->","yoast_head_json":{"title":"Idosa cai em casa e tem de ser retirada pela janela - Portal Tela Portugal","robots":{"index":"index","follow":"follow","max-snippet":"max-snippet:-1","max-image-preview":"max-image-preview:large","max-video-preview":"max-video-preview:-1"},"og_locale":"pt_PT","og_type":"article","og_title":"Idosa cai em casa e tem de ser retirada pela janela - Portal Tela Portugal","og_description":"Uma mulher com cerca de 75 anos foi resgatada pela janela da sua casa em Rio Caldo, Terras de Bouro, ap\u00f3s uma queda. A opera\u00e7\u00e3o envolveu a equipa de socorro da delega\u00e7\u00e3o de Rio Caldo da Cruz Vermelha Portuguesa (CVP) e militares treinados em resgate. Devido ao espa\u00e7o ex\u00edguo, n\u00e3o foi poss\u00edvel extrair a v\u00edtima pelas vias normais; a GNR, atrav\u00e9s da Unidade de Emerg\u00eancia de Prote\u00e7\u00e3o e Socorro (UEPS), utilizou uma t\u00e9cnica de cordas para descer a idosa j\u00e1 imobilizada numa maca. A v\u00edtima foi transportada pela CVP ao Hospital de Braga. O coordenador da delega\u00e7\u00e3o da CVP em Rio Caldo destacou a coopera\u00e7\u00e3o entre as equipas como crucial para o sucesso da opera\u00e7\u00e3o.","og_url":"https:\/\/portaltela.pt\/noticias\/2026\/04\/01\/idosa-cai-em-casa-e-tem-de-ser-retirada-pela-janela\/","og_site_name":"Portal Tela Portugal","article_published_time":"2026-04-01T10:02:25+00:00","author":"Telinha","twitter_card":"summary_large_image","twitter_misc":{"Escrito por":"Telinha","Tempo estimado de leitura":"1 minuto"},"schema":{"@context":"https:\/\/schema.org","@graph":[{"@type":"Article","@id":"https:\/\/portaltela.pt\/noticias\/2026\/04\/01\/idosa-cai-em-casa-e-tem-de-ser-retirada-pela-janela\/#article","isPartOf":{"@id":"https:\/\/portaltela.pt\/noticias\/2026\/04\/01\/idosa-cai-em-casa-e-tem-de-ser-retirada-pela-janela\/"},"author":{"name":"Telinha","@id":"https:\/\/portaltela.pt\/#\/schema\/person\/c4278d4a6028830caff9ee44b42d32ed"},"headline":"Idosa cai em casa e tem de ser retirada pela janela","datePublished":"2026-04-01T10:02:25+00:00","mainEntityOfPage":{"@id":"https:\/\/portaltela.pt\/noticias\/2026\/04\/01\/idosa-cai-em-casa-e-tem-de-ser-retirada-pela-janela\/"},"wordCount":242,"image":{"@id":"https:\/\/portaltela.pt\/noticias\/2026\/04\/01\/idosa-cai-em-casa-e-tem-de-ser-retirada-pela-janela\/#primaryimage"},"thumbnailUrl":"https:\/\/portaltela.pt\/s.01k8rhncp4jt1\/2026\/04\/img_1280x721uu2026-04-01-10-27-10-2275985.jpg","keywords":["ambul\u00e2ncias","Braga","Cruz Vermelha Portuguesa","GNR","idosos","UEPS"],"articleSection":["Acidentes"],"inLanguage":"pt-PT"},{"@type":"WebPage","@id":"https:\/\/portaltela.pt\/noticias\/2026\/04\/01\/idosa-cai-em-casa-e-tem-de-ser-retirada-pela-janela\/","url":"https:\/\/portaltela.pt\/noticias\/2026\/04\/01\/idosa-cai-em-casa-e-tem-de-ser-retirada-pela-janela\/","name":"Idosa cai em casa e tem de ser retirada pela janela - Portal Tela Portugal","isPartOf":{"@id":"https:\/\/portaltela.pt\/#website"},"primaryImageOfPage":{"@id":"https:\/\/portaltela.pt\/noticias\/2026\/04\/01\/idosa-cai-em-casa-e-tem-de-ser-retirada-pela-janela\/#primaryimage"},"image":{"@id":"https:\/\/portaltela.pt\/noticias\/2026\/04\/01\/idosa-cai-em-casa-e-tem-de-ser-retirada-pela-janela\/#primaryimage"},"thumbnailUrl":"https:\/\/portaltela.pt\/s.01k8rhncp4jt1\/2026\/04\/img_1280x721uu2026-04-01-10-27-10-2275985.jpg","datePublished":"2026-04-01T10:02:25+00:00","author":{"@id":"https:\/\/portaltela.pt\/#\/schema\/person\/c4278d4a6028830caff9ee44b42d32ed"},"breadcrumb":{"@id":"https:\/\/portaltela.pt\/noticias\/2026\/04\/01\/idosa-cai-em-casa-e-tem-de-ser-retirada-pela-janela\/#breadcrumb"},"inLanguage":"pt-PT","potentialAction":[{"@type":"ReadAction","target":["https:\/\/portaltela.pt\/noticias\/2026\/04\/01\/idosa-cai-em-casa-e-tem-de-ser-retirada-pela-janela\/"]}]},{"@type":"ImageObject","inLanguage":"pt-PT","@id":"https:\/\/portaltela.pt\/noticias\/2026\/04\/01\/idosa-cai-em-casa-e-tem-de-ser-retirada-pela-janela\/#primaryimage","url":"https:\/\/portaltela.pt\/s.01k8rhncp4jt1\/2026\/04\/img_1280x721uu2026-04-01-10-27-10-2275985.jpg","contentUrl":"https:\/\/portaltela.pt\/s.01k8rhncp4jt1\/2026\/04\/img_1280x721uu2026-04-01-10-27-10-2275985.jpg","width":796,"height":448,"caption":"Cruz Vermelha e GNR resgataram v\u00edtima por uma janela"},{"@type":"BreadcrumbList","@id":"https:\/\/portaltela.pt\/noticias\/2026\/04\/01\/idosa-cai-em-casa-e-tem-de-ser-retirada-pela-janela\/#breadcrumb","itemListElement":[{"@type":"ListItem","position":1,"name":"In\u00edcio","item":"https:\/\/portaltela.pt\/"},{"@type":"ListItem","position":2,"name":"Idosa cai em casa e tem de ser retirada pela janela"}]},{"@type":"WebSite","@id":"https:\/\/portaltela.pt\/#website","url":"https:\/\/portaltela.pt\/","name":"Portal Tela Portugal","description":"","potentialAction":[{"@type":"SearchAction","target":{"@type":"EntryPoint","urlTemplate":"https:\/\/portaltela.pt\/?s={search_term_string}"},"query-input":{"@type":"PropertyValueSpecification","valueRequired":true,"valueName":"search_term_string"}}],"inLanguage":"pt-PT"},{"@type":"Person","@id":"https:\/\/portaltela.pt\/#\/schema\/person\/c4278d4a6028830caff9ee44b42d32ed","name":"Telinha","image":{"@type":"ImageObject","inLanguage":"pt-PT","@id":"https:\/\/portaltela.pt\/s.01k8rhncp4jt1\/2025\/11\/talking-bot-125x125.png","url":"https:\/\/portaltela.pt\/s.01k8rhncp4jt1\/2025\/11\/talking-bot-125x125.png","contentUrl":"https:\/\/portaltela.pt\/s.01k8rhncp4jt1\/2025\/11\/talking-bot-125x125.png","caption":"Telinha"},"sameAs":["https:\/\/portaltela.pt\/"],"url":"https:\/\/portaltela.pt\/por\/367410592786\/"}]}},"_links":{"self":[{"href":"https:\/\/portaltela.pt\/api\/wp\/v2\/posts\/428895","targetHints":{"allow":["GET"]}}],"collection":[{"href":"https:\/\/portaltela.pt\/api\/wp\/v2\/posts"}],"about":[{"href":"https:\/\/portaltela.pt\/api\/wp\/v2\/types\/post"}],"author":[{"embeddable":true,"href":"https:\/\/portaltela.pt\/api\/wp\/v2\/users\/2"}],"replies":[{"embeddable":true,"href":"https:\/\/portaltela.pt\/api\/wp\/v2\/comments?post=428895"}],"version-history":[{"count":0,"href":"https:\/\/portaltela.pt\/api\/wp\/v2\/posts\/428895\/revisions"}],"wp:featuredmedia":[{"embeddable":true,"href":"https:\/\/portaltela.pt\/api\/wp\/v2\/media\/428896"}],"wp:attachment":[{"href":"https:\/\/portaltela.pt\/api\/wp\/v2\/media?parent=428895"}],"wp:term":[{"taxonomy":"category","embeddable":true,"href":"https:\/\/portaltela.pt\/api\/wp\/v2\/categories?post=428895"},{"taxonomy":"post_tag","embeddable":true,"href":"https:\/\/portaltela.pt\/api\/wp\/v2\/tags?post=428895"}],"curies":[{"name":"wp","href":"https:\/\/api.w.org\/{rel}","templated":true}]}}