{"id":428881,"date":"2026-04-01T07:01:48","date_gmt":"2026-04-01T10:01:48","guid":{"rendered":"https:\/\/portaltela.pt\/noticias\/2026\/04\/01\/china-afirma-que-misseis-japoneses-vao-alem-da-autodefesa\/"},"modified":"2026-04-01T07:01:48","modified_gmt":"2026-04-01T10:01:48","slug":"china-afirma-que-misseis-japoneses-vao-alem-da-autodefesa","status":"publish","type":"post","link":"https:\/\/portaltela.pt\/noticias\/internacional\/2026\/04\/01\/china-afirma-que-misseis-japoneses-vao-alem-da-autodefesa\/","title":{"rendered":"China afirma que m\u00edsseis japoneses v\u00e3o al\u00e9m da autodefesa"},"content":{"rendered":"<p>O governo chin\u00eas afirmou que os novos m\u00edsseis do Jap\u00e3o ultrapassam o \u00e2mbito da autodefesa. A declara\u00e7\u00e3o surge num contexto de tens\u00f5es entre Pequim e T\u00f3quio sobre pol\u00edticas de defesa e seguran\u00e7a na regi\u00e3o do Indo-Pac\u00edfico.<\/p>\n<p>Segundo fontes oficiais em Pequim, as afirma\u00e7\u00f5es visam questionar o enquadramento jur\u00eddico das decis\u00f5es de defesa japonesas, incluindo o desenvolvimento de capacidades de m\u00edsseis. A China descreve essas a\u00e7\u00f5es como uma escalada potencial na militariza\u00e7\u00e3o regional.<\/p>\n<p>As posi\u00e7\u00f5es contr\u00e1rias ou de apoio de outros atores n\u00e3o foram confirmadas neste momento. O Jap\u00e3o tem mantido, em geral, pol\u00edticas de defesa orientadas \u00e0 deterr\u00eancia e \u00e0 prote\u00e7\u00e3o de alian\u00e7as estrat\u00e9gicas, sem comentar de forma detalhada sobre esta alega\u00e7\u00e3o espec\u00edfica.<\/p>\n","protected":false},"excerpt":{"rendered":"<ul>\n<li>A China afirma que os novos m\u00edsseis do Jap\u00e3o v\u00e3o al\u00e9m da autodefesa.<\/li>\n<li>O conte\u00fado completo da not\u00edcia est\u00e1 dispon\u00edvel apenas para subscritores.<\/li>\n<\/ul>\n","protected":false},"author":2,"featured_media":428882,"comment_status":"closed","ping_status":"closed","sticky":false,"template":"","format":"standard","meta":{"footnotes":""},"categories":[6814,4],"tags":[5913,182,6574,62,5698,4536],"class_list":["post-428881","post","type-post","status-publish","format-standard","has-post-thumbnail","hentry","category-geopolitica","category-internacional","tag-a-china","tag-armas","tag-defesa","tag-guerra","tag-politica-internacional","tag-seguranca"],"yoast_head":"<!-- This site is optimized with the Yoast SEO plugin v27.2 - https:\/\/yoast.com\/product\/yoast-seo-wordpress\/ -->\n<title>China afirma que m\u00edsseis japoneses v\u00e3o al\u00e9m da autodefesa - Portal Tela Portugal<\/title>\n<meta name=\"robots\" content=\"index, follow, max-snippet:-1, max-image-preview:large, max-video-preview:-1\" \/>\n<meta property=\"og:locale\" content=\"pt_PT\" \/>\n<meta property=\"og:type\" content=\"article\" \/>\n<meta property=\"og:title\" content=\"China afirma que m\u00edsseis japoneses v\u00e3o al\u00e9m da autodefesa - Portal Tela Portugal\" \/>\n<meta property=\"og:description\" content=\"A China afirma que os novos m\u00edsseis do Jap\u00e3o v\u00e3o al\u00e9m da autodefesa. O conte\u00fado completo da not\u00edcia est\u00e1 dispon\u00edvel apenas para subscritores.\" \/>\n<meta property=\"og:url\" content=\"https:\/\/portaltela.pt\/noticias\/2026\/04\/01\/china-afirma-que-misseis-japoneses-vao-alem-da-autodefesa\/\" \/>\n<meta property=\"og:site_name\" content=\"Portal Tela Portugal\" \/>\n<meta property=\"article:published_time\" content=\"2026-04-01T10:01:48+00:00\" \/>\n<meta name=\"author\" content=\"Telinha\" \/>\n<meta name=\"twitter:card\" content=\"summary_large_image\" \/>\n<meta name=\"twitter:label1\" content=\"Escrito por\" \/>\n\t<meta name=\"twitter:data1\" content=\"Telinha\" \/>\n\t<meta name=\"twitter:label2\" content=\"Tempo estimado de leitura\" \/>\n\t<meta name=\"twitter:data2\" content=\"1 minuto\" \/>\n<script type=\"application\/ld+json\" class=\"yoast-schema-graph\">{\"@context\":\"https:\/\/schema.org\",\"@graph\":[{\"@type\":\"Article\",\"@id\":\"https:\/\/portaltela.pt\/noticias\/2026\/04\/01\/china-afirma-que-misseis-japoneses-vao-alem-da-autodefesa\/#article\",\"isPartOf\":{\"@id\":\"https:\/\/portaltela.pt\/noticias\/2026\/04\/01\/china-afirma-que-misseis-japoneses-vao-alem-da-autodefesa\/\"},\"author\":{\"name\":\"Telinha\",\"@id\":\"https:\/\/portaltela.pt\/#\/schema\/person\/c4278d4a6028830caff9ee44b42d32ed\"},\"headline\":\"China afirma que m\u00edsseis japoneses v\u00e3o al\u00e9m da autodefesa\",\"datePublished\":\"2026-04-01T10:01:48+00:00\",\"mainEntityOfPage\":{\"@id\":\"https:\/\/portaltela.pt\/noticias\/2026\/04\/01\/china-afirma-que-misseis-japoneses-vao-alem-da-autodefesa\/\"},\"wordCount\":150,\"image\":{\"@id\":\"https:\/\/portaltela.pt\/noticias\/2026\/04\/01\/china-afirma-que-misseis-japoneses-vao-alem-da-autodefesa\/#primaryimage\"},\"thumbnailUrl\":\"https:\/\/portaltela.pt\/s.01k8rhncp4jt1\/2026\/04\/CACHE_780X1200_ANALOG_WATERMARKED_46050215_865844716592315.jpg\",\"keywords\":[\"a china\",\"armas\",\"defesa\",\"guerra\",\"pol\u00edtica internacional\",\"seguran\u00e7a\"],\"articleSection\":[\"Geopol\u00edtica\",\"Internacional\"],\"inLanguage\":\"pt-PT\"},{\"@type\":\"WebPage\",\"@id\":\"https:\/\/portaltela.pt\/noticias\/2026\/04\/01\/china-afirma-que-misseis-japoneses-vao-alem-da-autodefesa\/\",\"url\":\"https:\/\/portaltela.pt\/noticias\/2026\/04\/01\/china-afirma-que-misseis-japoneses-vao-alem-da-autodefesa\/\",\"name\":\"China afirma que m\u00edsseis japoneses v\u00e3o al\u00e9m da autodefesa - Portal Tela Portugal\",\"isPartOf\":{\"@id\":\"https:\/\/portaltela.pt\/#website\"},\"primaryImageOfPage\":{\"@id\":\"https:\/\/portaltela.pt\/noticias\/2026\/04\/01\/china-afirma-que-misseis-japoneses-vao-alem-da-autodefesa\/#primaryimage\"},\"image\":{\"@id\":\"https:\/\/portaltela.pt\/noticias\/2026\/04\/01\/china-afirma-que-misseis-japoneses-vao-alem-da-autodefesa\/#primaryimage\"},\"thumbnailUrl\":\"https:\/\/portaltela.pt\/s.01k8rhncp4jt1\/2026\/04\/CACHE_780X1200_ANALOG_WATERMARKED_46050215_865844716592315.jpg\",\"datePublished\":\"2026-04-01T10:01:48+00:00\",\"author\":{\"@id\":\"https:\/\/portaltela.pt\/#\/schema\/person\/c4278d4a6028830caff9ee44b42d32ed\"},\"breadcrumb\":{\"@id\":\"https:\/\/portaltela.pt\/noticias\/2026\/04\/01\/china-afirma-que-misseis-japoneses-vao-alem-da-autodefesa\/#breadcrumb\"},\"inLanguage\":\"pt-PT\",\"potentialAction\":[{\"@type\":\"ReadAction\",\"target\":[\"https:\/\/portaltela.pt\/noticias\/2026\/04\/01\/china-afirma-que-misseis-japoneses-vao-alem-da-autodefesa\/\"]}]},{\"@type\":\"ImageObject\",\"inLanguage\":\"pt-PT\",\"@id\":\"https:\/\/portaltela.pt\/noticias\/2026\/04\/01\/china-afirma-que-misseis-japoneses-vao-alem-da-autodefesa\/#primaryimage\",\"url\":\"https:\/\/portaltela.pt\/s.01k8rhncp4jt1\/2026\/04\/CACHE_780X1200_ANALOG_WATERMARKED_46050215_865844716592315.jpg\",\"contentUrl\":\"https:\/\/portaltela.pt\/s.01k8rhncp4jt1\/2026\/04\/CACHE_780X1200_ANALOG_WATERMARKED_46050215_865844716592315.jpg\",\"width\":768,\"height\":503,\"caption\":\"China afirma que novos m\u00edsseis do Jap\u00e3o v\u00e3o \u201cal\u00e9m da autodefesa\u201d\"},{\"@type\":\"BreadcrumbList\",\"@id\":\"https:\/\/portaltela.pt\/noticias\/2026\/04\/01\/china-afirma-que-misseis-japoneses-vao-alem-da-autodefesa\/#breadcrumb\",\"itemListElement\":[{\"@type\":\"ListItem\",\"position\":1,\"name\":\"In\u00edcio\",\"item\":\"https:\/\/portaltela.pt\/\"},{\"@type\":\"ListItem\",\"position\":2,\"name\":\"China afirma que m\u00edsseis japoneses v\u00e3o al\u00e9m da autodefesa\"}]},{\"@type\":\"WebSite\",\"@id\":\"https:\/\/portaltela.pt\/#website\",\"url\":\"https:\/\/portaltela.pt\/\",\"name\":\"Portal Tela Portugal\",\"description\":\"\",\"potentialAction\":[{\"@type\":\"SearchAction\",\"target\":{\"@type\":\"EntryPoint\",\"urlTemplate\":\"https:\/\/portaltela.pt\/?s={search_term_string}\"},\"query-input\":{\"@type\":\"PropertyValueSpecification\",\"valueRequired\":true,\"valueName\":\"search_term_string\"}}],\"inLanguage\":\"pt-PT\"},{\"@type\":\"Person\",\"@id\":\"https:\/\/portaltela.pt\/#\/schema\/person\/c4278d4a6028830caff9ee44b42d32ed\",\"name\":\"Telinha\",\"image\":{\"@type\":\"ImageObject\",\"inLanguage\":\"pt-PT\",\"@id\":\"https:\/\/portaltela.pt\/s.01k8rhncp4jt1\/2025\/11\/talking-bot-125x125.png\",\"url\":\"https:\/\/portaltela.pt\/s.01k8rhncp4jt1\/2025\/11\/talking-bot-125x125.png\",\"contentUrl\":\"https:\/\/portaltela.pt\/s.01k8rhncp4jt1\/2025\/11\/talking-bot-125x125.png\",\"caption\":\"Telinha\"},\"sameAs\":[\"https:\/\/portaltela.pt\/\"],\"url\":\"https:\/\/portaltela.pt\/por\/367410592786\/\"}]}<\/script>\n<!-- \/ Yoast SEO plugin. -->","yoast_head_json":{"title":"China afirma que m\u00edsseis japoneses v\u00e3o al\u00e9m da autodefesa - Portal Tela Portugal","robots":{"index":"index","follow":"follow","max-snippet":"max-snippet:-1","max-image-preview":"max-image-preview:large","max-video-preview":"max-video-preview:-1"},"og_locale":"pt_PT","og_type":"article","og_title":"China afirma que m\u00edsseis japoneses v\u00e3o al\u00e9m da autodefesa - Portal Tela Portugal","og_description":"A China afirma que os novos m\u00edsseis do Jap\u00e3o v\u00e3o al\u00e9m da autodefesa. O conte\u00fado completo da not\u00edcia est\u00e1 dispon\u00edvel apenas para subscritores.","og_url":"https:\/\/portaltela.pt\/noticias\/2026\/04\/01\/china-afirma-que-misseis-japoneses-vao-alem-da-autodefesa\/","og_site_name":"Portal Tela Portugal","article_published_time":"2026-04-01T10:01:48+00:00","author":"Telinha","twitter_card":"summary_large_image","twitter_misc":{"Escrito por":"Telinha","Tempo estimado de leitura":"1 minuto"},"schema":{"@context":"https:\/\/schema.org","@graph":[{"@type":"Article","@id":"https:\/\/portaltela.pt\/noticias\/2026\/04\/01\/china-afirma-que-misseis-japoneses-vao-alem-da-autodefesa\/#article","isPartOf":{"@id":"https:\/\/portaltela.pt\/noticias\/2026\/04\/01\/china-afirma-que-misseis-japoneses-vao-alem-da-autodefesa\/"},"author":{"name":"Telinha","@id":"https:\/\/portaltela.pt\/#\/schema\/person\/c4278d4a6028830caff9ee44b42d32ed"},"headline":"China afirma que m\u00edsseis japoneses v\u00e3o al\u00e9m da autodefesa","datePublished":"2026-04-01T10:01:48+00:00","mainEntityOfPage":{"@id":"https:\/\/portaltela.pt\/noticias\/2026\/04\/01\/china-afirma-que-misseis-japoneses-vao-alem-da-autodefesa\/"},"wordCount":150,"image":{"@id":"https:\/\/portaltela.pt\/noticias\/2026\/04\/01\/china-afirma-que-misseis-japoneses-vao-alem-da-autodefesa\/#primaryimage"},"thumbnailUrl":"https:\/\/portaltela.pt\/s.01k8rhncp4jt1\/2026\/04\/CACHE_780X1200_ANALOG_WATERMARKED_46050215_865844716592315.jpg","keywords":["a china","armas","defesa","guerra","pol\u00edtica internacional","seguran\u00e7a"],"articleSection":["Geopol\u00edtica","Internacional"],"inLanguage":"pt-PT"},{"@type":"WebPage","@id":"https:\/\/portaltela.pt\/noticias\/2026\/04\/01\/china-afirma-que-misseis-japoneses-vao-alem-da-autodefesa\/","url":"https:\/\/portaltela.pt\/noticias\/2026\/04\/01\/china-afirma-que-misseis-japoneses-vao-alem-da-autodefesa\/","name":"China afirma que m\u00edsseis japoneses v\u00e3o al\u00e9m da autodefesa - Portal Tela Portugal","isPartOf":{"@id":"https:\/\/portaltela.pt\/#website"},"primaryImageOfPage":{"@id":"https:\/\/portaltela.pt\/noticias\/2026\/04\/01\/china-afirma-que-misseis-japoneses-vao-alem-da-autodefesa\/#primaryimage"},"image":{"@id":"https:\/\/portaltela.pt\/noticias\/2026\/04\/01\/china-afirma-que-misseis-japoneses-vao-alem-da-autodefesa\/#primaryimage"},"thumbnailUrl":"https:\/\/portaltela.pt\/s.01k8rhncp4jt1\/2026\/04\/CACHE_780X1200_ANALOG_WATERMARKED_46050215_865844716592315.jpg","datePublished":"2026-04-01T10:01:48+00:00","author":{"@id":"https:\/\/portaltela.pt\/#\/schema\/person\/c4278d4a6028830caff9ee44b42d32ed"},"breadcrumb":{"@id":"https:\/\/portaltela.pt\/noticias\/2026\/04\/01\/china-afirma-que-misseis-japoneses-vao-alem-da-autodefesa\/#breadcrumb"},"inLanguage":"pt-PT","potentialAction":[{"@type":"ReadAction","target":["https:\/\/portaltela.pt\/noticias\/2026\/04\/01\/china-afirma-que-misseis-japoneses-vao-alem-da-autodefesa\/"]}]},{"@type":"ImageObject","inLanguage":"pt-PT","@id":"https:\/\/portaltela.pt\/noticias\/2026\/04\/01\/china-afirma-que-misseis-japoneses-vao-alem-da-autodefesa\/#primaryimage","url":"https:\/\/portaltela.pt\/s.01k8rhncp4jt1\/2026\/04\/CACHE_780X1200_ANALOG_WATERMARKED_46050215_865844716592315.jpg","contentUrl":"https:\/\/portaltela.pt\/s.01k8rhncp4jt1\/2026\/04\/CACHE_780X1200_ANALOG_WATERMARKED_46050215_865844716592315.jpg","width":768,"height":503,"caption":"China afirma que novos m\u00edsseis do Jap\u00e3o v\u00e3o \u201cal\u00e9m da autodefesa\u201d"},{"@type":"BreadcrumbList","@id":"https:\/\/portaltela.pt\/noticias\/2026\/04\/01\/china-afirma-que-misseis-japoneses-vao-alem-da-autodefesa\/#breadcrumb","itemListElement":[{"@type":"ListItem","position":1,"name":"In\u00edcio","item":"https:\/\/portaltela.pt\/"},{"@type":"ListItem","position":2,"name":"China afirma que m\u00edsseis japoneses v\u00e3o al\u00e9m da autodefesa"}]},{"@type":"WebSite","@id":"https:\/\/portaltela.pt\/#website","url":"https:\/\/portaltela.pt\/","name":"Portal Tela Portugal","description":"","potentialAction":[{"@type":"SearchAction","target":{"@type":"EntryPoint","urlTemplate":"https:\/\/portaltela.pt\/?s={search_term_string}"},"query-input":{"@type":"PropertyValueSpecification","valueRequired":true,"valueName":"search_term_string"}}],"inLanguage":"pt-PT"},{"@type":"Person","@id":"https:\/\/portaltela.pt\/#\/schema\/person\/c4278d4a6028830caff9ee44b42d32ed","name":"Telinha","image":{"@type":"ImageObject","inLanguage":"pt-PT","@id":"https:\/\/portaltela.pt\/s.01k8rhncp4jt1\/2025\/11\/talking-bot-125x125.png","url":"https:\/\/portaltela.pt\/s.01k8rhncp4jt1\/2025\/11\/talking-bot-125x125.png","contentUrl":"https:\/\/portaltela.pt\/s.01k8rhncp4jt1\/2025\/11\/talking-bot-125x125.png","caption":"Telinha"},"sameAs":["https:\/\/portaltela.pt\/"],"url":"https:\/\/portaltela.pt\/por\/367410592786\/"}]}},"_links":{"self":[{"href":"https:\/\/portaltela.pt\/api\/wp\/v2\/posts\/428881","targetHints":{"allow":["GET"]}}],"collection":[{"href":"https:\/\/portaltela.pt\/api\/wp\/v2\/posts"}],"about":[{"href":"https:\/\/portaltela.pt\/api\/wp\/v2\/types\/post"}],"author":[{"embeddable":true,"href":"https:\/\/portaltela.pt\/api\/wp\/v2\/users\/2"}],"replies":[{"embeddable":true,"href":"https:\/\/portaltela.pt\/api\/wp\/v2\/comments?post=428881"}],"version-history":[{"count":0,"href":"https:\/\/portaltela.pt\/api\/wp\/v2\/posts\/428881\/revisions"}],"wp:featuredmedia":[{"embeddable":true,"href":"https:\/\/portaltela.pt\/api\/wp\/v2\/media\/428882"}],"wp:attachment":[{"href":"https:\/\/portaltela.pt\/api\/wp\/v2\/media?parent=428881"}],"wp:term":[{"taxonomy":"category","embeddable":true,"href":"https:\/\/portaltela.pt\/api\/wp\/v2\/categories?post=428881"},{"taxonomy":"post_tag","embeddable":true,"href":"https:\/\/portaltela.pt\/api\/wp\/v2\/tags?post=428881"}],"curies":[{"name":"wp","href":"https:\/\/api.w.org\/{rel}","templated":true}]}}