{"id":428869,"date":"2026-04-01T06:36:42","date_gmt":"2026-04-01T09:36:42","guid":{"rendered":"https:\/\/portaltela.pt\/noticias\/2026\/04\/01\/mourinho-pretendia-que-hjulmand-jogasse-ao-lado-de-aursnes-diz-pedro-sousa\/"},"modified":"2026-04-01T06:36:42","modified_gmt":"2026-04-01T09:36:42","slug":"mourinho-pretendia-que-hjulmand-jogasse-ao-lado-de-aursnes-diz-pedro-sousa","status":"publish","type":"post","link":"https:\/\/portaltela.pt\/desporto\/futebol\/2026\/04\/01\/mourinho-pretendia-que-hjulmand-jogasse-ao-lado-de-aursnes-diz-pedro-sousa\/","title":{"rendered":"Mourinho pretendia que Hjulmand jogasse ao lado de Aursnes, diz Pedro Sousa"},"content":{"rendered":"<p>Pedro Sousa, diretor executivo da CM R\u00e1dio, respondeu \u00e0 provoca\u00e7\u00e3o do treinador do Benfica ao capit\u00e3o do Sporting, no programa Record na Hora, transmitido no Now. A mat\u00e9ria centra-se na leitura de Sousa sobre o que Mourinho pretendia com Hjulmand ao lado de Aursnes.<\/p>\n<p>O dirigente da CM R\u00e1dio afirmou que a situa\u00e7\u00e3o envolve o futebol praticado pela equipa leonina e comentou momentos de ac\u00e7\u00e3o de jogo, incluindo instru\u00e7\u00f5es que teriam sido dadas pelo treinador do Sporting e celebra\u00e7\u00f5es ao final de alguns lances. As declara\u00e7\u00f5es surgem no contexto de uma an\u00e1lise sobre as escolhas de um jogador com muitos amarelos.<\/p>\n<p>Entre os temas abordados est\u00e3o ainda o poss\u00edvel interesse de Rapha\u00ebl Guerreiro em alinhar pelo Benfica, com Sousa a referir que o factor financeiro n\u00e3o ser\u00e1 o obst\u00e1culo. Em paralelo, o FC Porto anunciou que vai disponibilizar imagens de videovigil\u00e2ncia que supostamente mostram o treinador do Sporting ativo numa madeixa de instru\u00e7\u00f5es e celebra\u00e7\u00e3o no fim do encontro.<\/p>\n<p>Por \u00faltimo, V\u00edtor Pinto deixou antevis\u00e3o para o cl\u00e1ssico no Drag\u00e3o, frisando a necessidade de cobrir todas as \u00e1reas cr\u00edticas com delegados. O conjunto de falas comp\u00f5e uma vis\u00e3o cr\u00edtica sobre as din\u00e2micas entre clubes, sem concluir ou opinar sobre os factos.<\/p>\n","protected":false},"excerpt":{"rendered":"<ul>\n<li>Pedro Sousa, diretor executivo da CM R\u00e1dio, comentou no programa Record na Hora que Mourinho queria que Hjulmand jogasse ao lado de Aursnes, em resposta \u00e0 provoca\u00e7\u00e3o do Benfica ao Sporting.<\/li>\n<li>O tema inclui ainda o interesse de Rapha\u00ebl Guerreiro em jogar no Benfica, com Sousa a dizer que o dinheiro nunca ser\u00e1 o problema.<\/li>\n<li>Sousa mencionou um exerc\u00edcio em que Hjulmand era o jogador com mais amarelos, alegando que isso desmontava a narrativa de Mourinho.<\/li>\n<li>O FC Porto vai disponibilizar imagens de videovigil\u00e2ncia que, segundo a not\u00edcia, mostram o treinador do Sporting ativo a dar instru\u00e7\u00f5es e a festejar no fim.<\/li>\n<li>V\u00edtor Pinto antecipa o cl\u00e1ssico no Drag\u00e3o, afirmando que todas as \u00e1reas cr\u00edticas devem estar cobertas por delegados.<\/li>\n<\/ul>\n","protected":false},"author":2,"featured_media":428870,"comment_status":"closed","ping_status":"closed","sticky":false,"template":"","format":"standard","meta":{"footnotes":""},"categories":[21,24],"tags":[1946,2028,32,3310,7684,1652],"class_list":["post-428869","post","type-post","status-publish","format-standard","has-post-thumbnail","hentry","category-desporto","category-futebol","tag-benfica","tag-fc-porto","tag-futebol","tag-mourinho","tag-raphael-guerreiro","tag-sporting"],"yoast_head":"<!-- This site is optimized with the Yoast SEO plugin v27.2 - https:\/\/yoast.com\/product\/yoast-seo-wordpress\/ -->\n<title>Mourinho pretendia que Hjulmand jogasse ao lado de Aursnes, diz Pedro Sousa - Portal Tela Portugal<\/title>\n<meta name=\"robots\" content=\"index, follow, max-snippet:-1, max-image-preview:large, max-video-preview:-1\" \/>\n<meta property=\"og:locale\" content=\"pt_PT\" \/>\n<meta property=\"og:type\" content=\"article\" \/>\n<meta property=\"og:title\" content=\"Mourinho pretendia que Hjulmand jogasse ao lado de Aursnes, diz Pedro Sousa - Portal Tela Portugal\" \/>\n<meta property=\"og:description\" content=\"Pedro Sousa, diretor executivo da CM R\u00e1dio, comentou no programa Record na Hora que Mourinho queria que Hjulmand jogasse ao lado de Aursnes, em resposta \u00e0 provoca\u00e7\u00e3o do Benfica ao Sporting. O tema inclui ainda o interesse de Rapha\u00ebl Guerreiro em jogar no Benfica, com Sousa a dizer que o dinheiro nunca ser\u00e1 o problema. Sousa mencionou um exerc\u00edcio em que Hjulmand era o jogador com mais amarelos, alegando que isso desmontava a narrativa de Mourinho. O FC Porto vai disponibilizar imagens de videovigil\u00e2ncia que, segundo a not\u00edcia, mostram o treinador do Sporting ativo a dar instru\u00e7\u00f5es e a festejar no fim. V\u00edtor Pinto antecipa o cl\u00e1ssico no Drag\u00e3o, afirmando que todas as \u00e1reas cr\u00edticas devem estar cobertas por delegados.\" \/>\n<meta property=\"og:url\" content=\"https:\/\/portaltela.pt\/noticias\/2026\/04\/01\/mourinho-pretendia-que-hjulmand-jogasse-ao-lado-de-aursnes-diz-pedro-sousa\/\" \/>\n<meta property=\"og:site_name\" content=\"Portal Tela Portugal\" \/>\n<meta property=\"article:published_time\" content=\"2026-04-01T09:36:42+00:00\" \/>\n<meta name=\"author\" content=\"Telinha\" \/>\n<meta name=\"twitter:card\" content=\"summary_large_image\" \/>\n<meta name=\"twitter:label1\" content=\"Escrito por\" \/>\n\t<meta name=\"twitter:data1\" content=\"Telinha\" \/>\n\t<meta name=\"twitter:label2\" content=\"Tempo estimado de leitura\" \/>\n\t<meta name=\"twitter:data2\" content=\"1 minuto\" \/>\n<script type=\"application\/ld+json\" class=\"yoast-schema-graph\">{\"@context\":\"https:\/\/schema.org\",\"@graph\":[{\"@type\":\"Article\",\"@id\":\"https:\/\/portaltela.pt\/noticias\/2026\/04\/01\/mourinho-pretendia-que-hjulmand-jogasse-ao-lado-de-aursnes-diz-pedro-sousa\/#article\",\"isPartOf\":{\"@id\":\"https:\/\/portaltela.pt\/noticias\/2026\/04\/01\/mourinho-pretendia-que-hjulmand-jogasse-ao-lado-de-aursnes-diz-pedro-sousa\/\"},\"author\":{\"name\":\"Telinha\",\"@id\":\"https:\/\/portaltela.pt\/#\/schema\/person\/c4278d4a6028830caff9ee44b42d32ed\"},\"headline\":\"Mourinho pretendia que Hjulmand jogasse ao lado de Aursnes, diz Pedro Sousa\",\"datePublished\":\"2026-04-01T09:36:42+00:00\",\"mainEntityOfPage\":{\"@id\":\"https:\/\/portaltela.pt\/noticias\/2026\/04\/01\/mourinho-pretendia-que-hjulmand-jogasse-ao-lado-de-aursnes-diz-pedro-sousa\/\"},\"wordCount\":240,\"image\":{\"@id\":\"https:\/\/portaltela.pt\/noticias\/2026\/04\/01\/mourinho-pretendia-que-hjulmand-jogasse-ao-lado-de-aursnes-diz-pedro-sousa\/#primaryimage\"},\"thumbnailUrl\":\"https:\/\/portaltela.pt\/s.01k8rhncp4jt1\/2026\/04\/img_1200x721uu2026-04-01-00-21-08-2430395.jpg\",\"keywords\":[\"Benfica\",\"FC Porto\",\"futebol\",\"Mourinho\",\"Rapha\u00ebl Guerreiro\",\"Sporting\"],\"articleSection\":[\"Desporto\",\"Futebol\"],\"inLanguage\":\"pt-PT\"},{\"@type\":\"WebPage\",\"@id\":\"https:\/\/portaltela.pt\/noticias\/2026\/04\/01\/mourinho-pretendia-que-hjulmand-jogasse-ao-lado-de-aursnes-diz-pedro-sousa\/\",\"url\":\"https:\/\/portaltela.pt\/noticias\/2026\/04\/01\/mourinho-pretendia-que-hjulmand-jogasse-ao-lado-de-aursnes-diz-pedro-sousa\/\",\"name\":\"Mourinho pretendia que Hjulmand jogasse ao lado de Aursnes, diz Pedro Sousa - Portal Tela Portugal\",\"isPartOf\":{\"@id\":\"https:\/\/portaltela.pt\/#website\"},\"primaryImageOfPage\":{\"@id\":\"https:\/\/portaltela.pt\/noticias\/2026\/04\/01\/mourinho-pretendia-que-hjulmand-jogasse-ao-lado-de-aursnes-diz-pedro-sousa\/#primaryimage\"},\"image\":{\"@id\":\"https:\/\/portaltela.pt\/noticias\/2026\/04\/01\/mourinho-pretendia-que-hjulmand-jogasse-ao-lado-de-aursnes-diz-pedro-sousa\/#primaryimage\"},\"thumbnailUrl\":\"https:\/\/portaltela.pt\/s.01k8rhncp4jt1\/2026\/04\/img_1200x721uu2026-04-01-00-21-08-2430395.jpg\",\"datePublished\":\"2026-04-01T09:36:42+00:00\",\"author\":{\"@id\":\"https:\/\/portaltela.pt\/#\/schema\/person\/c4278d4a6028830caff9ee44b42d32ed\"},\"breadcrumb\":{\"@id\":\"https:\/\/portaltela.pt\/noticias\/2026\/04\/01\/mourinho-pretendia-que-hjulmand-jogasse-ao-lado-de-aursnes-diz-pedro-sousa\/#breadcrumb\"},\"inLanguage\":\"pt-PT\",\"potentialAction\":[{\"@type\":\"ReadAction\",\"target\":[\"https:\/\/portaltela.pt\/noticias\/2026\/04\/01\/mourinho-pretendia-que-hjulmand-jogasse-ao-lado-de-aursnes-diz-pedro-sousa\/\"]}]},{\"@type\":\"ImageObject\",\"inLanguage\":\"pt-PT\",\"@id\":\"https:\/\/portaltela.pt\/noticias\/2026\/04\/01\/mourinho-pretendia-que-hjulmand-jogasse-ao-lado-de-aursnes-diz-pedro-sousa\/#primaryimage\",\"url\":\"https:\/\/portaltela.pt\/s.01k8rhncp4jt1\/2026\/04\/img_1200x721uu2026-04-01-00-21-08-2430395.jpg\",\"contentUrl\":\"https:\/\/portaltela.pt\/s.01k8rhncp4jt1\/2026\/04\/img_1200x721uu2026-04-01-00-21-08-2430395.jpg\",\"width\":796,\"height\":448,\"caption\":\"Pedro Sousa: \u00abO que Mourinho queria era que Hjulmand jogasse ao lado de Aursnes\u00bb\"},{\"@type\":\"BreadcrumbList\",\"@id\":\"https:\/\/portaltela.pt\/noticias\/2026\/04\/01\/mourinho-pretendia-que-hjulmand-jogasse-ao-lado-de-aursnes-diz-pedro-sousa\/#breadcrumb\",\"itemListElement\":[{\"@type\":\"ListItem\",\"position\":1,\"name\":\"In\u00edcio\",\"item\":\"https:\/\/portaltela.pt\/\"},{\"@type\":\"ListItem\",\"position\":2,\"name\":\"Mourinho pretendia que Hjulmand jogasse ao lado de Aursnes, diz Pedro Sousa\"}]},{\"@type\":\"WebSite\",\"@id\":\"https:\/\/portaltela.pt\/#website\",\"url\":\"https:\/\/portaltela.pt\/\",\"name\":\"Portal Tela Portugal\",\"description\":\"\",\"potentialAction\":[{\"@type\":\"SearchAction\",\"target\":{\"@type\":\"EntryPoint\",\"urlTemplate\":\"https:\/\/portaltela.pt\/?s={search_term_string}\"},\"query-input\":{\"@type\":\"PropertyValueSpecification\",\"valueRequired\":true,\"valueName\":\"search_term_string\"}}],\"inLanguage\":\"pt-PT\"},{\"@type\":\"Person\",\"@id\":\"https:\/\/portaltela.pt\/#\/schema\/person\/c4278d4a6028830caff9ee44b42d32ed\",\"name\":\"Telinha\",\"image\":{\"@type\":\"ImageObject\",\"inLanguage\":\"pt-PT\",\"@id\":\"https:\/\/portaltela.pt\/s.01k8rhncp4jt1\/2025\/11\/talking-bot-125x125.png\",\"url\":\"https:\/\/portaltela.pt\/s.01k8rhncp4jt1\/2025\/11\/talking-bot-125x125.png\",\"contentUrl\":\"https:\/\/portaltela.pt\/s.01k8rhncp4jt1\/2025\/11\/talking-bot-125x125.png\",\"caption\":\"Telinha\"},\"sameAs\":[\"https:\/\/portaltela.pt\/\"],\"url\":\"https:\/\/portaltela.pt\/por\/367410592786\/\"}]}<\/script>\n<!-- \/ Yoast SEO plugin. -->","yoast_head_json":{"title":"Mourinho pretendia que Hjulmand jogasse ao lado de Aursnes, diz Pedro Sousa - Portal Tela Portugal","robots":{"index":"index","follow":"follow","max-snippet":"max-snippet:-1","max-image-preview":"max-image-preview:large","max-video-preview":"max-video-preview:-1"},"og_locale":"pt_PT","og_type":"article","og_title":"Mourinho pretendia que Hjulmand jogasse ao lado de Aursnes, diz Pedro Sousa - Portal Tela Portugal","og_description":"Pedro Sousa, diretor executivo da CM R\u00e1dio, comentou no programa Record na Hora que Mourinho queria que Hjulmand jogasse ao lado de Aursnes, em resposta \u00e0 provoca\u00e7\u00e3o do Benfica ao Sporting. O tema inclui ainda o interesse de Rapha\u00ebl Guerreiro em jogar no Benfica, com Sousa a dizer que o dinheiro nunca ser\u00e1 o problema. Sousa mencionou um exerc\u00edcio em que Hjulmand era o jogador com mais amarelos, alegando que isso desmontava a narrativa de Mourinho. O FC Porto vai disponibilizar imagens de videovigil\u00e2ncia que, segundo a not\u00edcia, mostram o treinador do Sporting ativo a dar instru\u00e7\u00f5es e a festejar no fim. V\u00edtor Pinto antecipa o cl\u00e1ssico no Drag\u00e3o, afirmando que todas as \u00e1reas cr\u00edticas devem estar cobertas por delegados.","og_url":"https:\/\/portaltela.pt\/noticias\/2026\/04\/01\/mourinho-pretendia-que-hjulmand-jogasse-ao-lado-de-aursnes-diz-pedro-sousa\/","og_site_name":"Portal Tela Portugal","article_published_time":"2026-04-01T09:36:42+00:00","author":"Telinha","twitter_card":"summary_large_image","twitter_misc":{"Escrito por":"Telinha","Tempo estimado de leitura":"1 minuto"},"schema":{"@context":"https:\/\/schema.org","@graph":[{"@type":"Article","@id":"https:\/\/portaltela.pt\/noticias\/2026\/04\/01\/mourinho-pretendia-que-hjulmand-jogasse-ao-lado-de-aursnes-diz-pedro-sousa\/#article","isPartOf":{"@id":"https:\/\/portaltela.pt\/noticias\/2026\/04\/01\/mourinho-pretendia-que-hjulmand-jogasse-ao-lado-de-aursnes-diz-pedro-sousa\/"},"author":{"name":"Telinha","@id":"https:\/\/portaltela.pt\/#\/schema\/person\/c4278d4a6028830caff9ee44b42d32ed"},"headline":"Mourinho pretendia que Hjulmand jogasse ao lado de Aursnes, diz Pedro Sousa","datePublished":"2026-04-01T09:36:42+00:00","mainEntityOfPage":{"@id":"https:\/\/portaltela.pt\/noticias\/2026\/04\/01\/mourinho-pretendia-que-hjulmand-jogasse-ao-lado-de-aursnes-diz-pedro-sousa\/"},"wordCount":240,"image":{"@id":"https:\/\/portaltela.pt\/noticias\/2026\/04\/01\/mourinho-pretendia-que-hjulmand-jogasse-ao-lado-de-aursnes-diz-pedro-sousa\/#primaryimage"},"thumbnailUrl":"https:\/\/portaltela.pt\/s.01k8rhncp4jt1\/2026\/04\/img_1200x721uu2026-04-01-00-21-08-2430395.jpg","keywords":["Benfica","FC Porto","futebol","Mourinho","Rapha\u00ebl Guerreiro","Sporting"],"articleSection":["Desporto","Futebol"],"inLanguage":"pt-PT"},{"@type":"WebPage","@id":"https:\/\/portaltela.pt\/noticias\/2026\/04\/01\/mourinho-pretendia-que-hjulmand-jogasse-ao-lado-de-aursnes-diz-pedro-sousa\/","url":"https:\/\/portaltela.pt\/noticias\/2026\/04\/01\/mourinho-pretendia-que-hjulmand-jogasse-ao-lado-de-aursnes-diz-pedro-sousa\/","name":"Mourinho pretendia que Hjulmand jogasse ao lado de Aursnes, diz Pedro Sousa - Portal Tela Portugal","isPartOf":{"@id":"https:\/\/portaltela.pt\/#website"},"primaryImageOfPage":{"@id":"https:\/\/portaltela.pt\/noticias\/2026\/04\/01\/mourinho-pretendia-que-hjulmand-jogasse-ao-lado-de-aursnes-diz-pedro-sousa\/#primaryimage"},"image":{"@id":"https:\/\/portaltela.pt\/noticias\/2026\/04\/01\/mourinho-pretendia-que-hjulmand-jogasse-ao-lado-de-aursnes-diz-pedro-sousa\/#primaryimage"},"thumbnailUrl":"https:\/\/portaltela.pt\/s.01k8rhncp4jt1\/2026\/04\/img_1200x721uu2026-04-01-00-21-08-2430395.jpg","datePublished":"2026-04-01T09:36:42+00:00","author":{"@id":"https:\/\/portaltela.pt\/#\/schema\/person\/c4278d4a6028830caff9ee44b42d32ed"},"breadcrumb":{"@id":"https:\/\/portaltela.pt\/noticias\/2026\/04\/01\/mourinho-pretendia-que-hjulmand-jogasse-ao-lado-de-aursnes-diz-pedro-sousa\/#breadcrumb"},"inLanguage":"pt-PT","potentialAction":[{"@type":"ReadAction","target":["https:\/\/portaltela.pt\/noticias\/2026\/04\/01\/mourinho-pretendia-que-hjulmand-jogasse-ao-lado-de-aursnes-diz-pedro-sousa\/"]}]},{"@type":"ImageObject","inLanguage":"pt-PT","@id":"https:\/\/portaltela.pt\/noticias\/2026\/04\/01\/mourinho-pretendia-que-hjulmand-jogasse-ao-lado-de-aursnes-diz-pedro-sousa\/#primaryimage","url":"https:\/\/portaltela.pt\/s.01k8rhncp4jt1\/2026\/04\/img_1200x721uu2026-04-01-00-21-08-2430395.jpg","contentUrl":"https:\/\/portaltela.pt\/s.01k8rhncp4jt1\/2026\/04\/img_1200x721uu2026-04-01-00-21-08-2430395.jpg","width":796,"height":448,"caption":"Pedro Sousa: \u00abO que Mourinho queria era que Hjulmand jogasse ao lado de Aursnes\u00bb"},{"@type":"BreadcrumbList","@id":"https:\/\/portaltela.pt\/noticias\/2026\/04\/01\/mourinho-pretendia-que-hjulmand-jogasse-ao-lado-de-aursnes-diz-pedro-sousa\/#breadcrumb","itemListElement":[{"@type":"ListItem","position":1,"name":"In\u00edcio","item":"https:\/\/portaltela.pt\/"},{"@type":"ListItem","position":2,"name":"Mourinho pretendia que Hjulmand jogasse ao lado de Aursnes, diz Pedro Sousa"}]},{"@type":"WebSite","@id":"https:\/\/portaltela.pt\/#website","url":"https:\/\/portaltela.pt\/","name":"Portal Tela Portugal","description":"","potentialAction":[{"@type":"SearchAction","target":{"@type":"EntryPoint","urlTemplate":"https:\/\/portaltela.pt\/?s={search_term_string}"},"query-input":{"@type":"PropertyValueSpecification","valueRequired":true,"valueName":"search_term_string"}}],"inLanguage":"pt-PT"},{"@type":"Person","@id":"https:\/\/portaltela.pt\/#\/schema\/person\/c4278d4a6028830caff9ee44b42d32ed","name":"Telinha","image":{"@type":"ImageObject","inLanguage":"pt-PT","@id":"https:\/\/portaltela.pt\/s.01k8rhncp4jt1\/2025\/11\/talking-bot-125x125.png","url":"https:\/\/portaltela.pt\/s.01k8rhncp4jt1\/2025\/11\/talking-bot-125x125.png","contentUrl":"https:\/\/portaltela.pt\/s.01k8rhncp4jt1\/2025\/11\/talking-bot-125x125.png","caption":"Telinha"},"sameAs":["https:\/\/portaltela.pt\/"],"url":"https:\/\/portaltela.pt\/por\/367410592786\/"}]}},"_links":{"self":[{"href":"https:\/\/portaltela.pt\/api\/wp\/v2\/posts\/428869","targetHints":{"allow":["GET"]}}],"collection":[{"href":"https:\/\/portaltela.pt\/api\/wp\/v2\/posts"}],"about":[{"href":"https:\/\/portaltela.pt\/api\/wp\/v2\/types\/post"}],"author":[{"embeddable":true,"href":"https:\/\/portaltela.pt\/api\/wp\/v2\/users\/2"}],"replies":[{"embeddable":true,"href":"https:\/\/portaltela.pt\/api\/wp\/v2\/comments?post=428869"}],"version-history":[{"count":0,"href":"https:\/\/portaltela.pt\/api\/wp\/v2\/posts\/428869\/revisions"}],"wp:featuredmedia":[{"embeddable":true,"href":"https:\/\/portaltela.pt\/api\/wp\/v2\/media\/428870"}],"wp:attachment":[{"href":"https:\/\/portaltela.pt\/api\/wp\/v2\/media?parent=428869"}],"wp:term":[{"taxonomy":"category","embeddable":true,"href":"https:\/\/portaltela.pt\/api\/wp\/v2\/categories?post=428869"},{"taxonomy":"post_tag","embeddable":true,"href":"https:\/\/portaltela.pt\/api\/wp\/v2\/tags?post=428869"}],"curies":[{"name":"wp","href":"https:\/\/api.w.org\/{rel}","templated":true}]}}