{"id":428865,"date":"2026-04-01T06:32:08","date_gmt":"2026-04-01T09:32:08","guid":{"rendered":"https:\/\/portaltela.pt\/noticias\/2026\/04\/01\/selecao-vence-nos-eua-cancelo-promete-regressar-e-trincao-de-coracao\/"},"modified":"2026-04-01T06:32:08","modified_gmt":"2026-04-01T09:32:08","slug":"selecao-vence-nos-eua-cancelo-promete-regressar-e-trincao-de-coracao","status":"publish","type":"post","link":"https:\/\/portaltela.pt\/desporto\/futebol\/2026\/04\/01\/selecao-vence-nos-eua-cancelo-promete-regressar-e-trincao-de-coracao\/","title":{"rendered":"Sele\u00e7\u00e3o vence nos EUA; Cancelo promete regressar e Trinc\u00e3o de cora\u00e7\u00e3o"},"content":{"rendered":"<p>A sele\u00e7\u00e3o nacional de futebol realizou uma visita aos Estados Unidos, com o objetivo de renovar a imagem junto dos adeptos e fortalecer a rela\u00e7\u00e3o com o p\u00fablico norte-americano. A iniciativa enquadra-se numa estrat\u00e9gia de promo\u00e7\u00e3o do futebol portugu\u00eas, sem indicar controv\u00e9rsias recentes e com foco na liga\u00e7\u00e3o com a di\u00e1spora.<\/p>\n<p>O projeto visa mostrar uma imagem mais limpa e uma postura renovada, ao mesmo tempo que se pretende ampliar a visibilidade do futebol nacional fora de Portugal. A presen\u00e7a dos jogadores em eventos com f\u00e3s busca criar engagement e refor\u00e7ar a marca da equipa.<\/p>\n<p>A equipa demonstra, assim, uma mudan\u00e7a de comunica\u00e7\u00e3o que pode impactar a perce\u00e7\u00e3o externa, bem como o posicionamento junto de parceiros e clubes estrangeiros. As a\u00e7\u00f5es pretendem apoiar futuras oportunidades de jogo e de patroc\u00ednio no mercado americano.<\/p>\n<h3>Cancelo promete voltar<\/h3>\n<p>Jo\u00e3o Cancelo afirmou estar em fase de recupera\u00e7\u00e3o e apontou para regressar ao seu melhor n\u00edvel em breve. O defesa tem trabalhado com foco na reabilita\u00e7\u00e3o, deixando claro o objetivo de contribuir para o sucesso da equipa.<\/p>\n<p>O jogador real\u00e7ou a import\u00e2ncia de manter a motiva\u00e7\u00e3o e a disciplina durante o processo de readapta\u00e7\u00e3o. Com historial de altos desempenhos, Cancelo aponta para uma evolu\u00e7\u00e3o gradual at\u00e9 alcan\u00e7ar a forma plena.<\/p>\n<p>A melhoria f\u00edsica e t\u00e9cnica surge como prioridade, com o objetivo de readquirir regularidade. A an\u00e1lise de especialistas aponta para um retorno impactante, caso o ritmo de treino seja mantido de forma consistente.<\/p>\n<h3>Trinc\u00e3o de cora\u00e7\u00e3o<\/h3>\n<p>Trinc\u00e3o revelou manter forte liga\u00e7\u00e3o emocional com o clube e a sele\u00e7\u00e3o. Mesmo diante de dificuldades, o jovem atacante afirma continuar a lutar pelo sonho de t\u00edtulos e pela constru\u00e7\u00e3o de hist\u00f3ria.<\/p>\n<p>O atleta enfatizou o compromisso com o trabalho di\u00e1rio e com o desenvolvimento t\u00e9cnico. A prioridade passa por assumir responsabilidade dentro de campo e contribuir para o sucesso coletivo.<\/p>\n<p>Diversos analistas destacam o papel de Trinc\u00e3o na nova fase do plantel, com foco no rendimento e na adapta\u00e7\u00e3o a diferentes sistemas. O jogador mant\u00e9m-se confiante na evolu\u00e7\u00e3o de carreira.<\/p>\n<h3>Outros temas do dia<\/h3>\n<ul>\n<li>Cristiano Ronaldo voltou aos treinos e j\u00e1 mostrou qualidade com um golo destacado.<\/li>\n<li>Pedro Sousa comentou a leitura t\u00e1tica de Mourinho sobre a parceria entre Hjulmand e Aursnes.<\/li>\n<li>Defesa de que Hjulmand era titular com mais amarelos desmonta narrativa anterior.<\/li>\n<li>Vicario e Dimarco tiveram encontro com a B\u00f3snia e houve rea\u00e7\u00e3o de f\u00e3s.<\/li>\n<li>Japoneses encerram jogo com comportamento exemplar no Wembley.<\/li>\n<li>Um clube ingl\u00eas analisou de forma aprofundada Samuel Dahl.<\/li>\n<li>No Iraque, manifestantes celebraram a qualifica\u00e7\u00e3o para o Mundial de 2026.<\/li>\n<li>Messi pediu a Otamendi para bater pen\u00e1lti frente \u00e0 Z\u00e2mbia, gerando celebra\u00e7\u00e3o na Argentina.<\/li>\n<\/ul>\n","protected":false},"excerpt":{"rendered":"<ul>\n<li>A sele\u00e7\u00e3o nacional de futebol visitou os Estados Unidos, apresentando uma imagem renovada e buscando aproximar-se dos adeptos locais.<\/li>\n<li>Jo\u00e3o Cancelo prometeu regressar ao seu melhor rendimento e contribuir para o sucesso da equipa.<\/li>\n<li>Trinc\u00e3o revelou manter um forte v\u00ednculo emocional com o clube e com a sele\u00e7\u00e3o, assegurando que vai lutar por t\u00edtulos.<\/li>\n<li>Cristiano Ronaldo voltou aos treinos e destacou um gola\u00e7o recente.<\/li>\n<\/ul>\n","protected":false},"author":2,"featured_media":428867,"comment_status":"closed","ping_status":"closed","sticky":false,"template":"","format":"standard","meta":{"footnotes":""},"categories":[21,24],"tags":[3554,1600,32,2350,2057,3374],"class_list":["post-428865","post","type-post","status-publish","format-standard","has-post-thumbnail","hentry","category-desporto","category-futebol","tag-diaspora-portuguesa","tag-estados-unidos","tag-futebol","tag-joao-cancelo","tag-selecao-nacional","tag-trincao"],"yoast_head":"<!-- This site is optimized with the Yoast SEO plugin v27.2 - https:\/\/yoast.com\/product\/yoast-seo-wordpress\/ -->\n<title>Sele\u00e7\u00e3o vence nos EUA; Cancelo promete regressar e Trinc\u00e3o de cora\u00e7\u00e3o - Portal Tela Portugal<\/title>\n<meta name=\"robots\" content=\"index, follow, max-snippet:-1, max-image-preview:large, max-video-preview:-1\" \/>\n<meta property=\"og:locale\" content=\"pt_PT\" \/>\n<meta property=\"og:type\" content=\"article\" \/>\n<meta property=\"og:title\" content=\"Sele\u00e7\u00e3o vence nos EUA; Cancelo promete regressar e Trinc\u00e3o de cora\u00e7\u00e3o - Portal Tela Portugal\" \/>\n<meta property=\"og:description\" content=\"A sele\u00e7\u00e3o nacional de futebol visitou os Estados Unidos, apresentando uma imagem renovada e buscando aproximar-se dos adeptos locais. Jo\u00e3o Cancelo prometeu regressar ao seu melhor rendimento e contribuir para o sucesso da equipa. Trinc\u00e3o revelou manter um forte v\u00ednculo emocional com o clube e com a sele\u00e7\u00e3o, assegurando que vai lutar por t\u00edtulos. Cristiano Ronaldo voltou aos treinos e destacou um gola\u00e7o recente.\" \/>\n<meta property=\"og:url\" content=\"https:\/\/portaltela.pt\/noticias\/2026\/04\/01\/selecao-vence-nos-eua-cancelo-promete-regressar-e-trincao-de-coracao\/\" \/>\n<meta property=\"og:site_name\" content=\"Portal Tela Portugal\" \/>\n<meta property=\"article:published_time\" content=\"2026-04-01T09:32:08+00:00\" \/>\n<meta name=\"author\" content=\"Telinha\" \/>\n<meta name=\"twitter:card\" content=\"summary_large_image\" \/>\n<meta name=\"twitter:label1\" content=\"Escrito por\" \/>\n\t<meta name=\"twitter:data1\" content=\"Telinha\" \/>\n\t<meta name=\"twitter:label2\" content=\"Tempo estimado de leitura\" \/>\n\t<meta name=\"twitter:data2\" content=\"2 minutos\" \/>\n<script type=\"application\/ld+json\" class=\"yoast-schema-graph\">{\"@context\":\"https:\/\/schema.org\",\"@graph\":[{\"@type\":\"Article\",\"@id\":\"https:\/\/portaltela.pt\/noticias\/2026\/04\/01\/selecao-vence-nos-eua-cancelo-promete-regressar-e-trincao-de-coracao\/#article\",\"isPartOf\":{\"@id\":\"https:\/\/portaltela.pt\/noticias\/2026\/04\/01\/selecao-vence-nos-eua-cancelo-promete-regressar-e-trincao-de-coracao\/\"},\"author\":{\"name\":\"Telinha\",\"@id\":\"https:\/\/portaltela.pt\/#\/schema\/person\/c4278d4a6028830caff9ee44b42d32ed\"},\"headline\":\"Sele\u00e7\u00e3o vence nos EUA; Cancelo promete regressar e Trinc\u00e3o de cora\u00e7\u00e3o\",\"datePublished\":\"2026-04-01T09:32:08+00:00\",\"mainEntityOfPage\":{\"@id\":\"https:\/\/portaltela.pt\/noticias\/2026\/04\/01\/selecao-vence-nos-eua-cancelo-promete-regressar-e-trincao-de-coracao\/\"},\"wordCount\":497,\"image\":{\"@id\":\"https:\/\/portaltela.pt\/noticias\/2026\/04\/01\/selecao-vence-nos-eua-cancelo-promete-regressar-e-trincao-de-coracao\/#primaryimage\"},\"thumbnailUrl\":\"https:\/\/portaltela.pt\/s.01k8rhncp4jt1\/2026\/04\/img_1200x721uu2026-04-01-10-29-28-2430446.png\",\"keywords\":[\"Di\u00e1spora Portuguesa\",\"Estados Unidos\",\"futebol\",\"Jo\u00e3o Cancelo\",\"Sele\u00e7\u00e3o Nacional\",\"Trinc\u00e3o\"],\"articleSection\":[\"Desporto\",\"Futebol\"],\"inLanguage\":\"pt-PT\"},{\"@type\":\"WebPage\",\"@id\":\"https:\/\/portaltela.pt\/noticias\/2026\/04\/01\/selecao-vence-nos-eua-cancelo-promete-regressar-e-trincao-de-coracao\/\",\"url\":\"https:\/\/portaltela.pt\/noticias\/2026\/04\/01\/selecao-vence-nos-eua-cancelo-promete-regressar-e-trincao-de-coracao\/\",\"name\":\"Sele\u00e7\u00e3o vence nos EUA; Cancelo promete regressar e Trinc\u00e3o de cora\u00e7\u00e3o - Portal Tela Portugal\",\"isPartOf\":{\"@id\":\"https:\/\/portaltela.pt\/#website\"},\"primaryImageOfPage\":{\"@id\":\"https:\/\/portaltela.pt\/noticias\/2026\/04\/01\/selecao-vence-nos-eua-cancelo-promete-regressar-e-trincao-de-coracao\/#primaryimage\"},\"image\":{\"@id\":\"https:\/\/portaltela.pt\/noticias\/2026\/04\/01\/selecao-vence-nos-eua-cancelo-promete-regressar-e-trincao-de-coracao\/#primaryimage\"},\"thumbnailUrl\":\"https:\/\/portaltela.pt\/s.01k8rhncp4jt1\/2026\/04\/img_1200x721uu2026-04-01-10-29-28-2430446.png\",\"datePublished\":\"2026-04-01T09:32:08+00:00\",\"author\":{\"@id\":\"https:\/\/portaltela.pt\/#\/schema\/person\/c4278d4a6028830caff9ee44b42d32ed\"},\"breadcrumb\":{\"@id\":\"https:\/\/portaltela.pt\/noticias\/2026\/04\/01\/selecao-vence-nos-eua-cancelo-promete-regressar-e-trincao-de-coracao\/#breadcrumb\"},\"inLanguage\":\"pt-PT\",\"potentialAction\":[{\"@type\":\"ReadAction\",\"target\":[\"https:\/\/portaltela.pt\/noticias\/2026\/04\/01\/selecao-vence-nos-eua-cancelo-promete-regressar-e-trincao-de-coracao\/\"]}]},{\"@type\":\"ImageObject\",\"inLanguage\":\"pt-PT\",\"@id\":\"https:\/\/portaltela.pt\/noticias\/2026\/04\/01\/selecao-vence-nos-eua-cancelo-promete-regressar-e-trincao-de-coracao\/#primaryimage\",\"url\":\"https:\/\/portaltela.pt\/s.01k8rhncp4jt1\/2026\/04\/img_1200x721uu2026-04-01-10-29-28-2430446.png\",\"contentUrl\":\"https:\/\/portaltela.pt\/s.01k8rhncp4jt1\/2026\/04\/img_1200x721uu2026-04-01-10-29-28-2430446.png\",\"width\":1200,\"height\":721,\"caption\":\"10 Minutos Record: Sele\u00e7\u00e3o lava cara nos Estados Unidos, Cancelo promete voltar e Trinc\u00e3o de cora\u00e7\u00e3o\"},{\"@type\":\"BreadcrumbList\",\"@id\":\"https:\/\/portaltela.pt\/noticias\/2026\/04\/01\/selecao-vence-nos-eua-cancelo-promete-regressar-e-trincao-de-coracao\/#breadcrumb\",\"itemListElement\":[{\"@type\":\"ListItem\",\"position\":1,\"name\":\"In\u00edcio\",\"item\":\"https:\/\/portaltela.pt\/\"},{\"@type\":\"ListItem\",\"position\":2,\"name\":\"Sele\u00e7\u00e3o vence nos EUA; Cancelo promete regressar e Trinc\u00e3o de cora\u00e7\u00e3o\"}]},{\"@type\":\"WebSite\",\"@id\":\"https:\/\/portaltela.pt\/#website\",\"url\":\"https:\/\/portaltela.pt\/\",\"name\":\"Portal Tela Portugal\",\"description\":\"\",\"potentialAction\":[{\"@type\":\"SearchAction\",\"target\":{\"@type\":\"EntryPoint\",\"urlTemplate\":\"https:\/\/portaltela.pt\/?s={search_term_string}\"},\"query-input\":{\"@type\":\"PropertyValueSpecification\",\"valueRequired\":true,\"valueName\":\"search_term_string\"}}],\"inLanguage\":\"pt-PT\"},{\"@type\":\"Person\",\"@id\":\"https:\/\/portaltela.pt\/#\/schema\/person\/c4278d4a6028830caff9ee44b42d32ed\",\"name\":\"Telinha\",\"image\":{\"@type\":\"ImageObject\",\"inLanguage\":\"pt-PT\",\"@id\":\"https:\/\/portaltela.pt\/s.01k8rhncp4jt1\/2025\/11\/talking-bot-125x125.png\",\"url\":\"https:\/\/portaltela.pt\/s.01k8rhncp4jt1\/2025\/11\/talking-bot-125x125.png\",\"contentUrl\":\"https:\/\/portaltela.pt\/s.01k8rhncp4jt1\/2025\/11\/talking-bot-125x125.png\",\"caption\":\"Telinha\"},\"sameAs\":[\"https:\/\/portaltela.pt\/\"],\"url\":\"https:\/\/portaltela.pt\/por\/367410592786\/\"}]}<\/script>\n<!-- \/ Yoast SEO plugin. -->","yoast_head_json":{"title":"Sele\u00e7\u00e3o vence nos EUA; Cancelo promete regressar e Trinc\u00e3o de cora\u00e7\u00e3o - Portal Tela Portugal","robots":{"index":"index","follow":"follow","max-snippet":"max-snippet:-1","max-image-preview":"max-image-preview:large","max-video-preview":"max-video-preview:-1"},"og_locale":"pt_PT","og_type":"article","og_title":"Sele\u00e7\u00e3o vence nos EUA; Cancelo promete regressar e Trinc\u00e3o de cora\u00e7\u00e3o - Portal Tela Portugal","og_description":"A sele\u00e7\u00e3o nacional de futebol visitou os Estados Unidos, apresentando uma imagem renovada e buscando aproximar-se dos adeptos locais. Jo\u00e3o Cancelo prometeu regressar ao seu melhor rendimento e contribuir para o sucesso da equipa. Trinc\u00e3o revelou manter um forte v\u00ednculo emocional com o clube e com a sele\u00e7\u00e3o, assegurando que vai lutar por t\u00edtulos. Cristiano Ronaldo voltou aos treinos e destacou um gola\u00e7o recente.","og_url":"https:\/\/portaltela.pt\/noticias\/2026\/04\/01\/selecao-vence-nos-eua-cancelo-promete-regressar-e-trincao-de-coracao\/","og_site_name":"Portal Tela Portugal","article_published_time":"2026-04-01T09:32:08+00:00","author":"Telinha","twitter_card":"summary_large_image","twitter_misc":{"Escrito por":"Telinha","Tempo estimado de leitura":"2 minutos"},"schema":{"@context":"https:\/\/schema.org","@graph":[{"@type":"Article","@id":"https:\/\/portaltela.pt\/noticias\/2026\/04\/01\/selecao-vence-nos-eua-cancelo-promete-regressar-e-trincao-de-coracao\/#article","isPartOf":{"@id":"https:\/\/portaltela.pt\/noticias\/2026\/04\/01\/selecao-vence-nos-eua-cancelo-promete-regressar-e-trincao-de-coracao\/"},"author":{"name":"Telinha","@id":"https:\/\/portaltela.pt\/#\/schema\/person\/c4278d4a6028830caff9ee44b42d32ed"},"headline":"Sele\u00e7\u00e3o vence nos EUA; Cancelo promete regressar e Trinc\u00e3o de cora\u00e7\u00e3o","datePublished":"2026-04-01T09:32:08+00:00","mainEntityOfPage":{"@id":"https:\/\/portaltela.pt\/noticias\/2026\/04\/01\/selecao-vence-nos-eua-cancelo-promete-regressar-e-trincao-de-coracao\/"},"wordCount":497,"image":{"@id":"https:\/\/portaltela.pt\/noticias\/2026\/04\/01\/selecao-vence-nos-eua-cancelo-promete-regressar-e-trincao-de-coracao\/#primaryimage"},"thumbnailUrl":"https:\/\/portaltela.pt\/s.01k8rhncp4jt1\/2026\/04\/img_1200x721uu2026-04-01-10-29-28-2430446.png","keywords":["Di\u00e1spora Portuguesa","Estados Unidos","futebol","Jo\u00e3o Cancelo","Sele\u00e7\u00e3o Nacional","Trinc\u00e3o"],"articleSection":["Desporto","Futebol"],"inLanguage":"pt-PT"},{"@type":"WebPage","@id":"https:\/\/portaltela.pt\/noticias\/2026\/04\/01\/selecao-vence-nos-eua-cancelo-promete-regressar-e-trincao-de-coracao\/","url":"https:\/\/portaltela.pt\/noticias\/2026\/04\/01\/selecao-vence-nos-eua-cancelo-promete-regressar-e-trincao-de-coracao\/","name":"Sele\u00e7\u00e3o vence nos EUA; Cancelo promete regressar e Trinc\u00e3o de cora\u00e7\u00e3o - Portal Tela Portugal","isPartOf":{"@id":"https:\/\/portaltela.pt\/#website"},"primaryImageOfPage":{"@id":"https:\/\/portaltela.pt\/noticias\/2026\/04\/01\/selecao-vence-nos-eua-cancelo-promete-regressar-e-trincao-de-coracao\/#primaryimage"},"image":{"@id":"https:\/\/portaltela.pt\/noticias\/2026\/04\/01\/selecao-vence-nos-eua-cancelo-promete-regressar-e-trincao-de-coracao\/#primaryimage"},"thumbnailUrl":"https:\/\/portaltela.pt\/s.01k8rhncp4jt1\/2026\/04\/img_1200x721uu2026-04-01-10-29-28-2430446.png","datePublished":"2026-04-01T09:32:08+00:00","author":{"@id":"https:\/\/portaltela.pt\/#\/schema\/person\/c4278d4a6028830caff9ee44b42d32ed"},"breadcrumb":{"@id":"https:\/\/portaltela.pt\/noticias\/2026\/04\/01\/selecao-vence-nos-eua-cancelo-promete-regressar-e-trincao-de-coracao\/#breadcrumb"},"inLanguage":"pt-PT","potentialAction":[{"@type":"ReadAction","target":["https:\/\/portaltela.pt\/noticias\/2026\/04\/01\/selecao-vence-nos-eua-cancelo-promete-regressar-e-trincao-de-coracao\/"]}]},{"@type":"ImageObject","inLanguage":"pt-PT","@id":"https:\/\/portaltela.pt\/noticias\/2026\/04\/01\/selecao-vence-nos-eua-cancelo-promete-regressar-e-trincao-de-coracao\/#primaryimage","url":"https:\/\/portaltela.pt\/s.01k8rhncp4jt1\/2026\/04\/img_1200x721uu2026-04-01-10-29-28-2430446.png","contentUrl":"https:\/\/portaltela.pt\/s.01k8rhncp4jt1\/2026\/04\/img_1200x721uu2026-04-01-10-29-28-2430446.png","width":1200,"height":721,"caption":"10 Minutos Record: Sele\u00e7\u00e3o lava cara nos Estados Unidos, Cancelo promete voltar e Trinc\u00e3o de cora\u00e7\u00e3o"},{"@type":"BreadcrumbList","@id":"https:\/\/portaltela.pt\/noticias\/2026\/04\/01\/selecao-vence-nos-eua-cancelo-promete-regressar-e-trincao-de-coracao\/#breadcrumb","itemListElement":[{"@type":"ListItem","position":1,"name":"In\u00edcio","item":"https:\/\/portaltela.pt\/"},{"@type":"ListItem","position":2,"name":"Sele\u00e7\u00e3o vence nos EUA; Cancelo promete regressar e Trinc\u00e3o de cora\u00e7\u00e3o"}]},{"@type":"WebSite","@id":"https:\/\/portaltela.pt\/#website","url":"https:\/\/portaltela.pt\/","name":"Portal Tela Portugal","description":"","potentialAction":[{"@type":"SearchAction","target":{"@type":"EntryPoint","urlTemplate":"https:\/\/portaltela.pt\/?s={search_term_string}"},"query-input":{"@type":"PropertyValueSpecification","valueRequired":true,"valueName":"search_term_string"}}],"inLanguage":"pt-PT"},{"@type":"Person","@id":"https:\/\/portaltela.pt\/#\/schema\/person\/c4278d4a6028830caff9ee44b42d32ed","name":"Telinha","image":{"@type":"ImageObject","inLanguage":"pt-PT","@id":"https:\/\/portaltela.pt\/s.01k8rhncp4jt1\/2025\/11\/talking-bot-125x125.png","url":"https:\/\/portaltela.pt\/s.01k8rhncp4jt1\/2025\/11\/talking-bot-125x125.png","contentUrl":"https:\/\/portaltela.pt\/s.01k8rhncp4jt1\/2025\/11\/talking-bot-125x125.png","caption":"Telinha"},"sameAs":["https:\/\/portaltela.pt\/"],"url":"https:\/\/portaltela.pt\/por\/367410592786\/"}]}},"_links":{"self":[{"href":"https:\/\/portaltela.pt\/api\/wp\/v2\/posts\/428865","targetHints":{"allow":["GET"]}}],"collection":[{"href":"https:\/\/portaltela.pt\/api\/wp\/v2\/posts"}],"about":[{"href":"https:\/\/portaltela.pt\/api\/wp\/v2\/types\/post"}],"author":[{"embeddable":true,"href":"https:\/\/portaltela.pt\/api\/wp\/v2\/users\/2"}],"replies":[{"embeddable":true,"href":"https:\/\/portaltela.pt\/api\/wp\/v2\/comments?post=428865"}],"version-history":[{"count":0,"href":"https:\/\/portaltela.pt\/api\/wp\/v2\/posts\/428865\/revisions"}],"wp:featuredmedia":[{"embeddable":true,"href":"https:\/\/portaltela.pt\/api\/wp\/v2\/media\/428867"}],"wp:attachment":[{"href":"https:\/\/portaltela.pt\/api\/wp\/v2\/media?parent=428865"}],"wp:term":[{"taxonomy":"category","embeddable":true,"href":"https:\/\/portaltela.pt\/api\/wp\/v2\/categories?post=428865"},{"taxonomy":"post_tag","embeddable":true,"href":"https:\/\/portaltela.pt\/api\/wp\/v2\/tags?post=428865"}],"curies":[{"name":"wp","href":"https:\/\/api.w.org\/{rel}","templated":true}]}}