{"id":428859,"date":"2026-04-01T06:31:55","date_gmt":"2026-04-01T09:31:55","guid":{"rendered":"https:\/\/portaltela.pt\/noticias\/2026\/04\/01\/espanha-alivia-confinamento-de-aves-criadas-ao-ar-livre-devido-a-gripe-aviaria\/"},"modified":"2026-04-01T06:31:55","modified_gmt":"2026-04-01T09:31:55","slug":"espanha-alivia-confinamento-de-aves-criadas-ao-ar-livre-devido-a-gripe-aviaria","status":"publish","type":"post","link":"https:\/\/portaltela.pt\/saude\/2026\/04\/01\/espanha-alivia-confinamento-de-aves-criadas-ao-ar-livre-devido-a-gripe-aviaria\/","title":{"rendered":"Espanha alivia confinamento de aves criadas ao ar livre devido \u00e0 gripe avi\u00e1ria"},"content":{"rendered":"<p>Espanha levantou parcialmente o confinamento de aves criadas ao ar livre imposto a 13 de novembro do ano passado, devido \u00e0 gripe avi\u00e1ria. A decis\u00e3o foi publicada no jornal oficial espanhol, tendo em conta a evolu\u00e7\u00e3o positiva da doen\u00e7a nos \u00faltimos 15 dias e a prevista subida de temperaturas.<\/p>\n<p>Segundo o decreto, existem instrumentos de monitoriza\u00e7\u00e3o e gest\u00e3o do v\u00edrus j\u00e1 dispon\u00edveis e a operar em todo o pa\u00eds. Apesar do al\u00edvio, permanece o confinamento em zonas consideradas de especial risco, que abrangem 1.201 dos 8.132 munic\u00edpios.<\/p>\n<h3>Medidas em vigor e zonas de confinamento<\/h3>\n<p>O Minist\u00e9rio da Agricultura mant\u00e9m confinamentos em munic\u00edpios de todas as regi\u00f5es, conforme a decis\u00e3o publicada nesta quarta-feira. Foram detectados 16 focos de gripe avi\u00e1ria em explora\u00e7\u00f5es av\u00edcolas desde 1 de julho de 2025, o \u00faltimo a 13 de janeiro em Lleida, Catalunha.<\/p>\n<p>Ainda segundo o balan\u00e7o, foram identificados 165 focos em aves selvagens desde julho do ano passado e mais seis casos em aves em cativeiro n\u00e3o destinadas \u00e0 cria\u00e7\u00e3o ou consumo humano. A interdi\u00e7\u00e3o de aves de capoeira ao ar livre vigora como medida de preven\u00e7\u00e3o.<\/p>\n<p>A Organiza\u00e7\u00e3o Mundial de Sa\u00fade Animal j\u00e1 declarou Espanha pa\u00eds livre de gripe das aves de alta patogenicidade em 10 de fevereiro passado. A situa\u00e7\u00e3o atual mant\u00e9m o objetivo de evitar contactos com aves migrat\u00f3rias e prevenir novas ocorr\u00eancias.<\/p>\n","protected":false},"excerpt":{"rendered":"<ul>\n<li>Espanha levantou parcialmente o confinamento de aves criadas ao ar livre implementado em 13 de novembro do ano passado, por causa da gripe das aves, devido \u00e0 evolu\u00e7\u00e3o favor\u00e1vel nos \u00faltimos 15 dias.<\/li>\n<li>O decreto publicado no jornal oficial aponta disponibilidade de instrumentos de monitoriza\u00e7\u00e3o e gest\u00e3o da presen\u00e7a do v\u00edrus em todo o pa\u00eds.<\/li>\n<li>Mant\u00eam-se confinamentos em 1.201 dos 8.132 munic\u00edpios espanh\u00f3is, considerados zonas de especial risco, abrangendo todas as regi\u00f5es do pa\u00eds.<\/li>\n<li>Foram contabilizados 16 focos de gripe das aves em explora\u00e7\u00f5es av\u00edcolas desde 1 de julho de 2025, \u00faltimo em 13 de janeiro, em Lleida, Catalunha, al\u00e9m de 165 focos em aves selvagens e outros 6 em aves em cativeiro n\u00e3o destinadas \u00e0 cria\u00e7\u00e3o ou consumo humano.<\/li>\n<li>A Organiza\u00e7\u00e3o Mundial de Sa\u00fade Animal declarou Espanha pa\u00eds livre de gripe das aves de alta patogenicidade em 10 de fevereiro.<\/li>\n<\/ul>\n","protected":false},"author":2,"featured_media":428860,"comment_status":"closed","ping_status":"closed","sticky":false,"template":"","format":"standard","meta":{"footnotes":""},"categories":[6745],"tags":[4914,3091,7206,61,2189,1905],"class_list":["post-428859","post","type-post","status-publish","format-standard","has-post-thumbnail","hentry","category-saude","tag-a-agricultura","tag-animais","tag-aves","tag-doencas","tag-espana","tag-gripe"],"yoast_head":"<!-- This site is optimized with the Yoast SEO plugin v27.2 - https:\/\/yoast.com\/product\/yoast-seo-wordpress\/ -->\n<title>Espanha alivia confinamento de aves criadas ao ar livre devido \u00e0 gripe avi\u00e1ria - Portal Tela Portugal<\/title>\n<meta name=\"robots\" content=\"index, follow, max-snippet:-1, max-image-preview:large, max-video-preview:-1\" \/>\n<meta property=\"og:locale\" content=\"pt_PT\" \/>\n<meta property=\"og:type\" content=\"article\" \/>\n<meta property=\"og:title\" content=\"Espanha alivia confinamento de aves criadas ao ar livre devido \u00e0 gripe avi\u00e1ria - Portal Tela Portugal\" \/>\n<meta property=\"og:description\" content=\"Espanha levantou parcialmente o confinamento de aves criadas ao ar livre implementado em 13 de novembro do ano passado, por causa da gripe das aves, devido \u00e0 evolu\u00e7\u00e3o favor\u00e1vel nos \u00faltimos 15 dias. O decreto publicado no jornal oficial aponta disponibilidade de instrumentos de monitoriza\u00e7\u00e3o e gest\u00e3o da presen\u00e7a do v\u00edrus em todo o pa\u00eds. Mant\u00eam-se confinamentos em 1.201 dos 8.132 munic\u00edpios espanh\u00f3is, considerados zonas de especial risco, abrangendo todas as regi\u00f5es do pa\u00eds. Foram contabilizados 16 focos de gripe das aves em explora\u00e7\u00f5es av\u00edcolas desde 1 de julho de 2025, \u00faltimo em 13 de janeiro, em Lleida, Catalunha, al\u00e9m de 165 focos em aves selvagens e outros 6 em aves em cativeiro n\u00e3o destinadas \u00e0 cria\u00e7\u00e3o ou consumo humano. A Organiza\u00e7\u00e3o Mundial de Sa\u00fade Animal declarou Espanha pa\u00eds livre de gripe das aves de alta patogenicidade em 10 de fevereiro.\" \/>\n<meta property=\"og:url\" content=\"https:\/\/portaltela.pt\/noticias\/2026\/04\/01\/espanha-alivia-confinamento-de-aves-criadas-ao-ar-livre-devido-a-gripe-aviaria\/\" \/>\n<meta property=\"og:site_name\" content=\"Portal Tela Portugal\" \/>\n<meta property=\"article:published_time\" content=\"2026-04-01T09:31:55+00:00\" \/>\n<meta name=\"author\" content=\"Telinha\" \/>\n<meta name=\"twitter:card\" content=\"summary_large_image\" \/>\n<meta name=\"twitter:label1\" content=\"Escrito por\" \/>\n\t<meta name=\"twitter:data1\" content=\"Telinha\" \/>\n\t<meta name=\"twitter:label2\" content=\"Tempo estimado de leitura\" \/>\n\t<meta name=\"twitter:data2\" content=\"1 minuto\" \/>\n<script type=\"application\/ld+json\" class=\"yoast-schema-graph\">{\"@context\":\"https:\/\/schema.org\",\"@graph\":[{\"@type\":\"Article\",\"@id\":\"https:\/\/portaltela.pt\/noticias\/2026\/04\/01\/espanha-alivia-confinamento-de-aves-criadas-ao-ar-livre-devido-a-gripe-aviaria\/#article\",\"isPartOf\":{\"@id\":\"https:\/\/portaltela.pt\/noticias\/2026\/04\/01\/espanha-alivia-confinamento-de-aves-criadas-ao-ar-livre-devido-a-gripe-aviaria\/\"},\"author\":{\"name\":\"Telinha\",\"@id\":\"https:\/\/portaltela.pt\/#\/schema\/person\/c4278d4a6028830caff9ee44b42d32ed\"},\"headline\":\"Espanha alivia confinamento de aves criadas ao ar livre devido \u00e0 gripe avi\u00e1ria\",\"datePublished\":\"2026-04-01T09:31:55+00:00\",\"mainEntityOfPage\":{\"@id\":\"https:\/\/portaltela.pt\/noticias\/2026\/04\/01\/espanha-alivia-confinamento-de-aves-criadas-ao-ar-livre-devido-a-gripe-aviaria\/\"},\"wordCount\":253,\"image\":{\"@id\":\"https:\/\/portaltela.pt\/noticias\/2026\/04\/01\/espanha-alivia-confinamento-de-aves-criadas-ao-ar-livre-devido-a-gripe-aviaria\/#primaryimage\"},\"thumbnailUrl\":\"https:\/\/portaltela.pt\/s.01k8rhncp4jt1\/2026\/04\/img_1500x1000uu2022-05-02-14-59-02-1145418.jpg\",\"keywords\":[\"A agricultura\",\"animais\",\"Aves\",\"doen\u00e7as\",\"Espa\u00f1a\",\"gripe\"],\"articleSection\":[\"Sa\u00fade\"],\"inLanguage\":\"pt-PT\"},{\"@type\":\"WebPage\",\"@id\":\"https:\/\/portaltela.pt\/noticias\/2026\/04\/01\/espanha-alivia-confinamento-de-aves-criadas-ao-ar-livre-devido-a-gripe-aviaria\/\",\"url\":\"https:\/\/portaltela.pt\/noticias\/2026\/04\/01\/espanha-alivia-confinamento-de-aves-criadas-ao-ar-livre-devido-a-gripe-aviaria\/\",\"name\":\"Espanha alivia confinamento de aves criadas ao ar livre devido \u00e0 gripe avi\u00e1ria - Portal Tela Portugal\",\"isPartOf\":{\"@id\":\"https:\/\/portaltela.pt\/#website\"},\"primaryImageOfPage\":{\"@id\":\"https:\/\/portaltela.pt\/noticias\/2026\/04\/01\/espanha-alivia-confinamento-de-aves-criadas-ao-ar-livre-devido-a-gripe-aviaria\/#primaryimage\"},\"image\":{\"@id\":\"https:\/\/portaltela.pt\/noticias\/2026\/04\/01\/espanha-alivia-confinamento-de-aves-criadas-ao-ar-livre-devido-a-gripe-aviaria\/#primaryimage\"},\"thumbnailUrl\":\"https:\/\/portaltela.pt\/s.01k8rhncp4jt1\/2026\/04\/img_1500x1000uu2022-05-02-14-59-02-1145418.jpg\",\"datePublished\":\"2026-04-01T09:31:55+00:00\",\"author\":{\"@id\":\"https:\/\/portaltela.pt\/#\/schema\/person\/c4278d4a6028830caff9ee44b42d32ed\"},\"breadcrumb\":{\"@id\":\"https:\/\/portaltela.pt\/noticias\/2026\/04\/01\/espanha-alivia-confinamento-de-aves-criadas-ao-ar-livre-devido-a-gripe-aviaria\/#breadcrumb\"},\"inLanguage\":\"pt-PT\",\"potentialAction\":[{\"@type\":\"ReadAction\",\"target\":[\"https:\/\/portaltela.pt\/noticias\/2026\/04\/01\/espanha-alivia-confinamento-de-aves-criadas-ao-ar-livre-devido-a-gripe-aviaria\/\"]}]},{\"@type\":\"ImageObject\",\"inLanguage\":\"pt-PT\",\"@id\":\"https:\/\/portaltela.pt\/noticias\/2026\/04\/01\/espanha-alivia-confinamento-de-aves-criadas-ao-ar-livre-devido-a-gripe-aviaria\/#primaryimage\",\"url\":\"https:\/\/portaltela.pt\/s.01k8rhncp4jt1\/2026\/04\/img_1500x1000uu2022-05-02-14-59-02-1145418.jpg\",\"contentUrl\":\"https:\/\/portaltela.pt\/s.01k8rhncp4jt1\/2026\/04\/img_1500x1000uu2022-05-02-14-59-02-1145418.jpg\",\"width\":1500,\"height\":1000,\"caption\":\"Gripe das Aves\"},{\"@type\":\"BreadcrumbList\",\"@id\":\"https:\/\/portaltela.pt\/noticias\/2026\/04\/01\/espanha-alivia-confinamento-de-aves-criadas-ao-ar-livre-devido-a-gripe-aviaria\/#breadcrumb\",\"itemListElement\":[{\"@type\":\"ListItem\",\"position\":1,\"name\":\"In\u00edcio\",\"item\":\"https:\/\/portaltela.pt\/\"},{\"@type\":\"ListItem\",\"position\":2,\"name\":\"Espanha alivia confinamento de aves criadas ao ar livre devido \u00e0 gripe avi\u00e1ria\"}]},{\"@type\":\"WebSite\",\"@id\":\"https:\/\/portaltela.pt\/#website\",\"url\":\"https:\/\/portaltela.pt\/\",\"name\":\"Portal Tela Portugal\",\"description\":\"\",\"potentialAction\":[{\"@type\":\"SearchAction\",\"target\":{\"@type\":\"EntryPoint\",\"urlTemplate\":\"https:\/\/portaltela.pt\/?s={search_term_string}\"},\"query-input\":{\"@type\":\"PropertyValueSpecification\",\"valueRequired\":true,\"valueName\":\"search_term_string\"}}],\"inLanguage\":\"pt-PT\"},{\"@type\":\"Person\",\"@id\":\"https:\/\/portaltela.pt\/#\/schema\/person\/c4278d4a6028830caff9ee44b42d32ed\",\"name\":\"Telinha\",\"image\":{\"@type\":\"ImageObject\",\"inLanguage\":\"pt-PT\",\"@id\":\"https:\/\/portaltela.pt\/s.01k8rhncp4jt1\/2025\/11\/talking-bot-125x125.png\",\"url\":\"https:\/\/portaltela.pt\/s.01k8rhncp4jt1\/2025\/11\/talking-bot-125x125.png\",\"contentUrl\":\"https:\/\/portaltela.pt\/s.01k8rhncp4jt1\/2025\/11\/talking-bot-125x125.png\",\"caption\":\"Telinha\"},\"sameAs\":[\"https:\/\/portaltela.pt\/\"],\"url\":\"https:\/\/portaltela.pt\/por\/367410592786\/\"}]}<\/script>\n<!-- \/ Yoast SEO plugin. -->","yoast_head_json":{"title":"Espanha alivia confinamento de aves criadas ao ar livre devido \u00e0 gripe avi\u00e1ria - Portal Tela Portugal","robots":{"index":"index","follow":"follow","max-snippet":"max-snippet:-1","max-image-preview":"max-image-preview:large","max-video-preview":"max-video-preview:-1"},"og_locale":"pt_PT","og_type":"article","og_title":"Espanha alivia confinamento de aves criadas ao ar livre devido \u00e0 gripe avi\u00e1ria - Portal Tela Portugal","og_description":"Espanha levantou parcialmente o confinamento de aves criadas ao ar livre implementado em 13 de novembro do ano passado, por causa da gripe das aves, devido \u00e0 evolu\u00e7\u00e3o favor\u00e1vel nos \u00faltimos 15 dias. O decreto publicado no jornal oficial aponta disponibilidade de instrumentos de monitoriza\u00e7\u00e3o e gest\u00e3o da presen\u00e7a do v\u00edrus em todo o pa\u00eds. Mant\u00eam-se confinamentos em 1.201 dos 8.132 munic\u00edpios espanh\u00f3is, considerados zonas de especial risco, abrangendo todas as regi\u00f5es do pa\u00eds. Foram contabilizados 16 focos de gripe das aves em explora\u00e7\u00f5es av\u00edcolas desde 1 de julho de 2025, \u00faltimo em 13 de janeiro, em Lleida, Catalunha, al\u00e9m de 165 focos em aves selvagens e outros 6 em aves em cativeiro n\u00e3o destinadas \u00e0 cria\u00e7\u00e3o ou consumo humano. A Organiza\u00e7\u00e3o Mundial de Sa\u00fade Animal declarou Espanha pa\u00eds livre de gripe das aves de alta patogenicidade em 10 de fevereiro.","og_url":"https:\/\/portaltela.pt\/noticias\/2026\/04\/01\/espanha-alivia-confinamento-de-aves-criadas-ao-ar-livre-devido-a-gripe-aviaria\/","og_site_name":"Portal Tela Portugal","article_published_time":"2026-04-01T09:31:55+00:00","author":"Telinha","twitter_card":"summary_large_image","twitter_misc":{"Escrito por":"Telinha","Tempo estimado de leitura":"1 minuto"},"schema":{"@context":"https:\/\/schema.org","@graph":[{"@type":"Article","@id":"https:\/\/portaltela.pt\/noticias\/2026\/04\/01\/espanha-alivia-confinamento-de-aves-criadas-ao-ar-livre-devido-a-gripe-aviaria\/#article","isPartOf":{"@id":"https:\/\/portaltela.pt\/noticias\/2026\/04\/01\/espanha-alivia-confinamento-de-aves-criadas-ao-ar-livre-devido-a-gripe-aviaria\/"},"author":{"name":"Telinha","@id":"https:\/\/portaltela.pt\/#\/schema\/person\/c4278d4a6028830caff9ee44b42d32ed"},"headline":"Espanha alivia confinamento de aves criadas ao ar livre devido \u00e0 gripe avi\u00e1ria","datePublished":"2026-04-01T09:31:55+00:00","mainEntityOfPage":{"@id":"https:\/\/portaltela.pt\/noticias\/2026\/04\/01\/espanha-alivia-confinamento-de-aves-criadas-ao-ar-livre-devido-a-gripe-aviaria\/"},"wordCount":253,"image":{"@id":"https:\/\/portaltela.pt\/noticias\/2026\/04\/01\/espanha-alivia-confinamento-de-aves-criadas-ao-ar-livre-devido-a-gripe-aviaria\/#primaryimage"},"thumbnailUrl":"https:\/\/portaltela.pt\/s.01k8rhncp4jt1\/2026\/04\/img_1500x1000uu2022-05-02-14-59-02-1145418.jpg","keywords":["A agricultura","animais","Aves","doen\u00e7as","Espa\u00f1a","gripe"],"articleSection":["Sa\u00fade"],"inLanguage":"pt-PT"},{"@type":"WebPage","@id":"https:\/\/portaltela.pt\/noticias\/2026\/04\/01\/espanha-alivia-confinamento-de-aves-criadas-ao-ar-livre-devido-a-gripe-aviaria\/","url":"https:\/\/portaltela.pt\/noticias\/2026\/04\/01\/espanha-alivia-confinamento-de-aves-criadas-ao-ar-livre-devido-a-gripe-aviaria\/","name":"Espanha alivia confinamento de aves criadas ao ar livre devido \u00e0 gripe avi\u00e1ria - Portal Tela Portugal","isPartOf":{"@id":"https:\/\/portaltela.pt\/#website"},"primaryImageOfPage":{"@id":"https:\/\/portaltela.pt\/noticias\/2026\/04\/01\/espanha-alivia-confinamento-de-aves-criadas-ao-ar-livre-devido-a-gripe-aviaria\/#primaryimage"},"image":{"@id":"https:\/\/portaltela.pt\/noticias\/2026\/04\/01\/espanha-alivia-confinamento-de-aves-criadas-ao-ar-livre-devido-a-gripe-aviaria\/#primaryimage"},"thumbnailUrl":"https:\/\/portaltela.pt\/s.01k8rhncp4jt1\/2026\/04\/img_1500x1000uu2022-05-02-14-59-02-1145418.jpg","datePublished":"2026-04-01T09:31:55+00:00","author":{"@id":"https:\/\/portaltela.pt\/#\/schema\/person\/c4278d4a6028830caff9ee44b42d32ed"},"breadcrumb":{"@id":"https:\/\/portaltela.pt\/noticias\/2026\/04\/01\/espanha-alivia-confinamento-de-aves-criadas-ao-ar-livre-devido-a-gripe-aviaria\/#breadcrumb"},"inLanguage":"pt-PT","potentialAction":[{"@type":"ReadAction","target":["https:\/\/portaltela.pt\/noticias\/2026\/04\/01\/espanha-alivia-confinamento-de-aves-criadas-ao-ar-livre-devido-a-gripe-aviaria\/"]}]},{"@type":"ImageObject","inLanguage":"pt-PT","@id":"https:\/\/portaltela.pt\/noticias\/2026\/04\/01\/espanha-alivia-confinamento-de-aves-criadas-ao-ar-livre-devido-a-gripe-aviaria\/#primaryimage","url":"https:\/\/portaltela.pt\/s.01k8rhncp4jt1\/2026\/04\/img_1500x1000uu2022-05-02-14-59-02-1145418.jpg","contentUrl":"https:\/\/portaltela.pt\/s.01k8rhncp4jt1\/2026\/04\/img_1500x1000uu2022-05-02-14-59-02-1145418.jpg","width":1500,"height":1000,"caption":"Gripe das Aves"},{"@type":"BreadcrumbList","@id":"https:\/\/portaltela.pt\/noticias\/2026\/04\/01\/espanha-alivia-confinamento-de-aves-criadas-ao-ar-livre-devido-a-gripe-aviaria\/#breadcrumb","itemListElement":[{"@type":"ListItem","position":1,"name":"In\u00edcio","item":"https:\/\/portaltela.pt\/"},{"@type":"ListItem","position":2,"name":"Espanha alivia confinamento de aves criadas ao ar livre devido \u00e0 gripe avi\u00e1ria"}]},{"@type":"WebSite","@id":"https:\/\/portaltela.pt\/#website","url":"https:\/\/portaltela.pt\/","name":"Portal Tela Portugal","description":"","potentialAction":[{"@type":"SearchAction","target":{"@type":"EntryPoint","urlTemplate":"https:\/\/portaltela.pt\/?s={search_term_string}"},"query-input":{"@type":"PropertyValueSpecification","valueRequired":true,"valueName":"search_term_string"}}],"inLanguage":"pt-PT"},{"@type":"Person","@id":"https:\/\/portaltela.pt\/#\/schema\/person\/c4278d4a6028830caff9ee44b42d32ed","name":"Telinha","image":{"@type":"ImageObject","inLanguage":"pt-PT","@id":"https:\/\/portaltela.pt\/s.01k8rhncp4jt1\/2025\/11\/talking-bot-125x125.png","url":"https:\/\/portaltela.pt\/s.01k8rhncp4jt1\/2025\/11\/talking-bot-125x125.png","contentUrl":"https:\/\/portaltela.pt\/s.01k8rhncp4jt1\/2025\/11\/talking-bot-125x125.png","caption":"Telinha"},"sameAs":["https:\/\/portaltela.pt\/"],"url":"https:\/\/portaltela.pt\/por\/367410592786\/"}]}},"_links":{"self":[{"href":"https:\/\/portaltela.pt\/api\/wp\/v2\/posts\/428859","targetHints":{"allow":["GET"]}}],"collection":[{"href":"https:\/\/portaltela.pt\/api\/wp\/v2\/posts"}],"about":[{"href":"https:\/\/portaltela.pt\/api\/wp\/v2\/types\/post"}],"author":[{"embeddable":true,"href":"https:\/\/portaltela.pt\/api\/wp\/v2\/users\/2"}],"replies":[{"embeddable":true,"href":"https:\/\/portaltela.pt\/api\/wp\/v2\/comments?post=428859"}],"version-history":[{"count":0,"href":"https:\/\/portaltela.pt\/api\/wp\/v2\/posts\/428859\/revisions"}],"wp:featuredmedia":[{"embeddable":true,"href":"https:\/\/portaltela.pt\/api\/wp\/v2\/media\/428860"}],"wp:attachment":[{"href":"https:\/\/portaltela.pt\/api\/wp\/v2\/media?parent=428859"}],"wp:term":[{"taxonomy":"category","embeddable":true,"href":"https:\/\/portaltela.pt\/api\/wp\/v2\/categories?post=428859"},{"taxonomy":"post_tag","embeddable":true,"href":"https:\/\/portaltela.pt\/api\/wp\/v2\/tags?post=428859"}],"curies":[{"name":"wp","href":"https:\/\/api.w.org\/{rel}","templated":true}]}}