{"id":428851,"date":"2026-04-01T06:31:48","date_gmt":"2026-04-01T09:31:48","guid":{"rendered":"https:\/\/portaltela.pt\/noticias\/2026\/04\/01\/cristiano-ronaldo-volta-aos-treinos-e-marca-golaco\/"},"modified":"2026-04-01T06:31:48","modified_gmt":"2026-04-01T09:31:48","slug":"cristiano-ronaldo-volta-aos-treinos-e-marca-golaco","status":"publish","type":"post","link":"https:\/\/portaltela.pt\/desporto\/futebol\/2026\/04\/01\/cristiano-ronaldo-volta-aos-treinos-e-marca-golaco\/","title":{"rendered":"Cristiano Ronaldo volta aos treinos e marca gola\u00e7o"},"content":{"rendered":"<p>Cristiano Ronaldo voltou aos treinos do Al Nassr na semana passada, ap\u00f3s um per\u00edodo de aus\u00eancia por les\u00e3o. O avan\u00e7ado portugu\u00eas reapresentou-se aos trabalhos com a equipa saudita, mostrando boa forma f\u00edsica e intensidade. O clube divulgou um v\u00eddeo com o momento do regresso.<\/p>\n<p>No regresso, o v\u00eddeo publicado pelo Al Nassr mostra Ronaldo a completar um golo de calcanhar, em demonstra\u00e7\u00e3o de t\u00e9cnica e classe. A produ\u00e7\u00e3o refor\u00e7a que o jogador est\u00e1 dispon\u00edvel para o plantel nas pr\u00f3ximas sess\u00f5es de treino.<\/p>\n<h3>Regresso acompanhado de expetativas<\/h3>\n<p>A not\u00edcia confirma que o capit\u00e3o est\u00e1 de volta aos treinos a poucos dias de competi\u00e7\u00e3o. N\u00e3o h\u00e1 confirma\u00e7\u00e3o sobre a condi\u00e7\u00e3o f\u00edsica a longo prazo, mas o registo do golo sugere recupera\u00e7\u00e3o satisfat\u00f3ria e prepara\u00e7\u00e3o para a pr\u00f3xima fase.<\/p>\n<h3>Pr\u00f3ximos passos para o clube<\/h3>\n<p>A equipa continua a preparar-se para os pr\u00f3ximos desafio da liga e de aspira\u00e7\u00f5es continentais. Ronaldo dever\u00e1 integrar convocat\u00f3rias assim que a comiss\u00e3o m\u00e9dica der o visto, mantendo-se foco na recupera\u00e7\u00e3o plena.<\/p>\n","protected":false},"excerpt":{"rendered":"<ul>\n<li>Cristiano Ronaldo voltou aos treinos no Al Nassr ap\u00f3s um per\u00edodo de aus\u00eancia devido a les\u00e3o, reagruppando-se na semana passada.<\/li>\n<li>O avan\u00e7ado portugu\u00eas reapresentou-se ao clube saudita.<\/li>\n<li>Nas redes sociais, o clube partilhou um v\u00eddeo que mostra um golo de calcanhar.<\/li>\n<li>O regresso aos treinos marca o retorno do jogador \u00e0 atividade ap\u00f3s a les\u00e3o.<\/li>\n<li>O v\u00eddeo divulgado gera destaque pela qualidade do golo mostrado.<\/li>\n<\/ul>\n","protected":false},"author":2,"featured_media":428853,"comment_status":"closed","ping_status":"closed","sticky":false,"template":"","format":"standard","meta":{"footnotes":""},"categories":[21,24],"tags":[3364,4554,1947,32,48,242],"class_list":["post-428851","post","type-post","status-publish","format-standard","has-post-thumbnail","hentry","category-desporto","category-futebol","tag-convocacoes","tag-convocatorias","tag-cristiano-ronaldo","tag-futebol","tag-gols","tag-jogadores"],"yoast_head":"<!-- This site is optimized with the Yoast SEO plugin v27.2 - https:\/\/yoast.com\/product\/yoast-seo-wordpress\/ -->\n<title>Cristiano Ronaldo volta aos treinos e marca gola\u00e7o - Portal Tela Portugal<\/title>\n<meta name=\"robots\" content=\"index, follow, max-snippet:-1, max-image-preview:large, max-video-preview:-1\" \/>\n<meta property=\"og:locale\" content=\"pt_PT\" \/>\n<meta property=\"og:type\" content=\"article\" \/>\n<meta property=\"og:title\" content=\"Cristiano Ronaldo volta aos treinos e marca gola\u00e7o - Portal Tela Portugal\" \/>\n<meta property=\"og:description\" content=\"Cristiano Ronaldo voltou aos treinos no Al Nassr ap\u00f3s um per\u00edodo de aus\u00eancia devido a les\u00e3o, reagruppando-se na semana passada. O avan\u00e7ado portugu\u00eas reapresentou-se ao clube saudita. Nas redes sociais, o clube partilhou um v\u00eddeo que mostra um golo de calcanhar. O regresso aos treinos marca o retorno do jogador \u00e0 atividade ap\u00f3s a les\u00e3o. O v\u00eddeo divulgado gera destaque pela qualidade do golo mostrado.\" \/>\n<meta property=\"og:url\" content=\"https:\/\/portaltela.pt\/noticias\/2026\/04\/01\/cristiano-ronaldo-volta-aos-treinos-e-marca-golaco\/\" \/>\n<meta property=\"og:site_name\" content=\"Portal Tela Portugal\" \/>\n<meta property=\"article:published_time\" content=\"2026-04-01T09:31:48+00:00\" \/>\n<meta name=\"author\" content=\"Telinha\" \/>\n<meta name=\"twitter:card\" content=\"summary_large_image\" \/>\n<meta name=\"twitter:label1\" content=\"Escrito por\" \/>\n\t<meta name=\"twitter:data1\" content=\"Telinha\" \/>\n\t<meta name=\"twitter:label2\" content=\"Tempo estimado de leitura\" \/>\n\t<meta name=\"twitter:data2\" content=\"1 minuto\" \/>\n<script type=\"application\/ld+json\" class=\"yoast-schema-graph\">{\"@context\":\"https:\/\/schema.org\",\"@graph\":[{\"@type\":\"Article\",\"@id\":\"https:\/\/portaltela.pt\/noticias\/2026\/04\/01\/cristiano-ronaldo-volta-aos-treinos-e-marca-golaco\/#article\",\"isPartOf\":{\"@id\":\"https:\/\/portaltela.pt\/noticias\/2026\/04\/01\/cristiano-ronaldo-volta-aos-treinos-e-marca-golaco\/\"},\"author\":{\"name\":\"Telinha\",\"@id\":\"https:\/\/portaltela.pt\/#\/schema\/person\/c4278d4a6028830caff9ee44b42d32ed\"},\"headline\":\"Cristiano Ronaldo volta aos treinos e marca gola\u00e7o\",\"datePublished\":\"2026-04-01T09:31:48+00:00\",\"mainEntityOfPage\":{\"@id\":\"https:\/\/portaltela.pt\/noticias\/2026\/04\/01\/cristiano-ronaldo-volta-aos-treinos-e-marca-golaco\/\"},\"wordCount\":206,\"image\":{\"@id\":\"https:\/\/portaltela.pt\/noticias\/2026\/04\/01\/cristiano-ronaldo-volta-aos-treinos-e-marca-golaco\/#primaryimage\"},\"thumbnailUrl\":\"https:\/\/portaltela.pt\/s.01k8rhncp4jt1\/2026\/04\/img_1200x721uu2026-04-01-10-15-44-2430445.jpg\",\"keywords\":[\"convoca\u00e7\u00f5es\",\"convocat\u00f3rias\",\"Cristiano Ronaldo\",\"futebol\",\"gols\",\"jogadores\"],\"articleSection\":[\"Desporto\",\"Futebol\"],\"inLanguage\":\"pt-PT\"},{\"@type\":\"WebPage\",\"@id\":\"https:\/\/portaltela.pt\/noticias\/2026\/04\/01\/cristiano-ronaldo-volta-aos-treinos-e-marca-golaco\/\",\"url\":\"https:\/\/portaltela.pt\/noticias\/2026\/04\/01\/cristiano-ronaldo-volta-aos-treinos-e-marca-golaco\/\",\"name\":\"Cristiano Ronaldo volta aos treinos e marca gola\u00e7o - Portal Tela Portugal\",\"isPartOf\":{\"@id\":\"https:\/\/portaltela.pt\/#website\"},\"primaryImageOfPage\":{\"@id\":\"https:\/\/portaltela.pt\/noticias\/2026\/04\/01\/cristiano-ronaldo-volta-aos-treinos-e-marca-golaco\/#primaryimage\"},\"image\":{\"@id\":\"https:\/\/portaltela.pt\/noticias\/2026\/04\/01\/cristiano-ronaldo-volta-aos-treinos-e-marca-golaco\/#primaryimage\"},\"thumbnailUrl\":\"https:\/\/portaltela.pt\/s.01k8rhncp4jt1\/2026\/04\/img_1200x721uu2026-04-01-10-15-44-2430445.jpg\",\"datePublished\":\"2026-04-01T09:31:48+00:00\",\"author\":{\"@id\":\"https:\/\/portaltela.pt\/#\/schema\/person\/c4278d4a6028830caff9ee44b42d32ed\"},\"breadcrumb\":{\"@id\":\"https:\/\/portaltela.pt\/noticias\/2026\/04\/01\/cristiano-ronaldo-volta-aos-treinos-e-marca-golaco\/#breadcrumb\"},\"inLanguage\":\"pt-PT\",\"potentialAction\":[{\"@type\":\"ReadAction\",\"target\":[\"https:\/\/portaltela.pt\/noticias\/2026\/04\/01\/cristiano-ronaldo-volta-aos-treinos-e-marca-golaco\/\"]}]},{\"@type\":\"ImageObject\",\"inLanguage\":\"pt-PT\",\"@id\":\"https:\/\/portaltela.pt\/noticias\/2026\/04\/01\/cristiano-ronaldo-volta-aos-treinos-e-marca-golaco\/#primaryimage\",\"url\":\"https:\/\/portaltela.pt\/s.01k8rhncp4jt1\/2026\/04\/img_1200x721uu2026-04-01-10-15-44-2430445.jpg\",\"contentUrl\":\"https:\/\/portaltela.pt\/s.01k8rhncp4jt1\/2026\/04\/img_1200x721uu2026-04-01-10-15-44-2430445.jpg\",\"width\":796,\"height\":448,\"caption\":\"Cristiano Ronaldo voltou aos treinos e j\u00e1 deslumbrou com este gola\u00e7o\"},{\"@type\":\"BreadcrumbList\",\"@id\":\"https:\/\/portaltela.pt\/noticias\/2026\/04\/01\/cristiano-ronaldo-volta-aos-treinos-e-marca-golaco\/#breadcrumb\",\"itemListElement\":[{\"@type\":\"ListItem\",\"position\":1,\"name\":\"In\u00edcio\",\"item\":\"https:\/\/portaltela.pt\/\"},{\"@type\":\"ListItem\",\"position\":2,\"name\":\"Cristiano Ronaldo volta aos treinos e marca gola\u00e7o\"}]},{\"@type\":\"WebSite\",\"@id\":\"https:\/\/portaltela.pt\/#website\",\"url\":\"https:\/\/portaltela.pt\/\",\"name\":\"Portal Tela Portugal\",\"description\":\"\",\"potentialAction\":[{\"@type\":\"SearchAction\",\"target\":{\"@type\":\"EntryPoint\",\"urlTemplate\":\"https:\/\/portaltela.pt\/?s={search_term_string}\"},\"query-input\":{\"@type\":\"PropertyValueSpecification\",\"valueRequired\":true,\"valueName\":\"search_term_string\"}}],\"inLanguage\":\"pt-PT\"},{\"@type\":\"Person\",\"@id\":\"https:\/\/portaltela.pt\/#\/schema\/person\/c4278d4a6028830caff9ee44b42d32ed\",\"name\":\"Telinha\",\"image\":{\"@type\":\"ImageObject\",\"inLanguage\":\"pt-PT\",\"@id\":\"https:\/\/portaltela.pt\/s.01k8rhncp4jt1\/2025\/11\/talking-bot-125x125.png\",\"url\":\"https:\/\/portaltela.pt\/s.01k8rhncp4jt1\/2025\/11\/talking-bot-125x125.png\",\"contentUrl\":\"https:\/\/portaltela.pt\/s.01k8rhncp4jt1\/2025\/11\/talking-bot-125x125.png\",\"caption\":\"Telinha\"},\"sameAs\":[\"https:\/\/portaltela.pt\/\"],\"url\":\"https:\/\/portaltela.pt\/por\/367410592786\/\"}]}<\/script>\n<!-- \/ Yoast SEO plugin. -->","yoast_head_json":{"title":"Cristiano Ronaldo volta aos treinos e marca gola\u00e7o - Portal Tela Portugal","robots":{"index":"index","follow":"follow","max-snippet":"max-snippet:-1","max-image-preview":"max-image-preview:large","max-video-preview":"max-video-preview:-1"},"og_locale":"pt_PT","og_type":"article","og_title":"Cristiano Ronaldo volta aos treinos e marca gola\u00e7o - Portal Tela Portugal","og_description":"Cristiano Ronaldo voltou aos treinos no Al Nassr ap\u00f3s um per\u00edodo de aus\u00eancia devido a les\u00e3o, reagruppando-se na semana passada. O avan\u00e7ado portugu\u00eas reapresentou-se ao clube saudita. Nas redes sociais, o clube partilhou um v\u00eddeo que mostra um golo de calcanhar. O regresso aos treinos marca o retorno do jogador \u00e0 atividade ap\u00f3s a les\u00e3o. O v\u00eddeo divulgado gera destaque pela qualidade do golo mostrado.","og_url":"https:\/\/portaltela.pt\/noticias\/2026\/04\/01\/cristiano-ronaldo-volta-aos-treinos-e-marca-golaco\/","og_site_name":"Portal Tela Portugal","article_published_time":"2026-04-01T09:31:48+00:00","author":"Telinha","twitter_card":"summary_large_image","twitter_misc":{"Escrito por":"Telinha","Tempo estimado de leitura":"1 minuto"},"schema":{"@context":"https:\/\/schema.org","@graph":[{"@type":"Article","@id":"https:\/\/portaltela.pt\/noticias\/2026\/04\/01\/cristiano-ronaldo-volta-aos-treinos-e-marca-golaco\/#article","isPartOf":{"@id":"https:\/\/portaltela.pt\/noticias\/2026\/04\/01\/cristiano-ronaldo-volta-aos-treinos-e-marca-golaco\/"},"author":{"name":"Telinha","@id":"https:\/\/portaltela.pt\/#\/schema\/person\/c4278d4a6028830caff9ee44b42d32ed"},"headline":"Cristiano Ronaldo volta aos treinos e marca gola\u00e7o","datePublished":"2026-04-01T09:31:48+00:00","mainEntityOfPage":{"@id":"https:\/\/portaltela.pt\/noticias\/2026\/04\/01\/cristiano-ronaldo-volta-aos-treinos-e-marca-golaco\/"},"wordCount":206,"image":{"@id":"https:\/\/portaltela.pt\/noticias\/2026\/04\/01\/cristiano-ronaldo-volta-aos-treinos-e-marca-golaco\/#primaryimage"},"thumbnailUrl":"https:\/\/portaltela.pt\/s.01k8rhncp4jt1\/2026\/04\/img_1200x721uu2026-04-01-10-15-44-2430445.jpg","keywords":["convoca\u00e7\u00f5es","convocat\u00f3rias","Cristiano Ronaldo","futebol","gols","jogadores"],"articleSection":["Desporto","Futebol"],"inLanguage":"pt-PT"},{"@type":"WebPage","@id":"https:\/\/portaltela.pt\/noticias\/2026\/04\/01\/cristiano-ronaldo-volta-aos-treinos-e-marca-golaco\/","url":"https:\/\/portaltela.pt\/noticias\/2026\/04\/01\/cristiano-ronaldo-volta-aos-treinos-e-marca-golaco\/","name":"Cristiano Ronaldo volta aos treinos e marca gola\u00e7o - Portal Tela Portugal","isPartOf":{"@id":"https:\/\/portaltela.pt\/#website"},"primaryImageOfPage":{"@id":"https:\/\/portaltela.pt\/noticias\/2026\/04\/01\/cristiano-ronaldo-volta-aos-treinos-e-marca-golaco\/#primaryimage"},"image":{"@id":"https:\/\/portaltela.pt\/noticias\/2026\/04\/01\/cristiano-ronaldo-volta-aos-treinos-e-marca-golaco\/#primaryimage"},"thumbnailUrl":"https:\/\/portaltela.pt\/s.01k8rhncp4jt1\/2026\/04\/img_1200x721uu2026-04-01-10-15-44-2430445.jpg","datePublished":"2026-04-01T09:31:48+00:00","author":{"@id":"https:\/\/portaltela.pt\/#\/schema\/person\/c4278d4a6028830caff9ee44b42d32ed"},"breadcrumb":{"@id":"https:\/\/portaltela.pt\/noticias\/2026\/04\/01\/cristiano-ronaldo-volta-aos-treinos-e-marca-golaco\/#breadcrumb"},"inLanguage":"pt-PT","potentialAction":[{"@type":"ReadAction","target":["https:\/\/portaltela.pt\/noticias\/2026\/04\/01\/cristiano-ronaldo-volta-aos-treinos-e-marca-golaco\/"]}]},{"@type":"ImageObject","inLanguage":"pt-PT","@id":"https:\/\/portaltela.pt\/noticias\/2026\/04\/01\/cristiano-ronaldo-volta-aos-treinos-e-marca-golaco\/#primaryimage","url":"https:\/\/portaltela.pt\/s.01k8rhncp4jt1\/2026\/04\/img_1200x721uu2026-04-01-10-15-44-2430445.jpg","contentUrl":"https:\/\/portaltela.pt\/s.01k8rhncp4jt1\/2026\/04\/img_1200x721uu2026-04-01-10-15-44-2430445.jpg","width":796,"height":448,"caption":"Cristiano Ronaldo voltou aos treinos e j\u00e1 deslumbrou com este gola\u00e7o"},{"@type":"BreadcrumbList","@id":"https:\/\/portaltela.pt\/noticias\/2026\/04\/01\/cristiano-ronaldo-volta-aos-treinos-e-marca-golaco\/#breadcrumb","itemListElement":[{"@type":"ListItem","position":1,"name":"In\u00edcio","item":"https:\/\/portaltela.pt\/"},{"@type":"ListItem","position":2,"name":"Cristiano Ronaldo volta aos treinos e marca gola\u00e7o"}]},{"@type":"WebSite","@id":"https:\/\/portaltela.pt\/#website","url":"https:\/\/portaltela.pt\/","name":"Portal Tela Portugal","description":"","potentialAction":[{"@type":"SearchAction","target":{"@type":"EntryPoint","urlTemplate":"https:\/\/portaltela.pt\/?s={search_term_string}"},"query-input":{"@type":"PropertyValueSpecification","valueRequired":true,"valueName":"search_term_string"}}],"inLanguage":"pt-PT"},{"@type":"Person","@id":"https:\/\/portaltela.pt\/#\/schema\/person\/c4278d4a6028830caff9ee44b42d32ed","name":"Telinha","image":{"@type":"ImageObject","inLanguage":"pt-PT","@id":"https:\/\/portaltela.pt\/s.01k8rhncp4jt1\/2025\/11\/talking-bot-125x125.png","url":"https:\/\/portaltela.pt\/s.01k8rhncp4jt1\/2025\/11\/talking-bot-125x125.png","contentUrl":"https:\/\/portaltela.pt\/s.01k8rhncp4jt1\/2025\/11\/talking-bot-125x125.png","caption":"Telinha"},"sameAs":["https:\/\/portaltela.pt\/"],"url":"https:\/\/portaltela.pt\/por\/367410592786\/"}]}},"_links":{"self":[{"href":"https:\/\/portaltela.pt\/api\/wp\/v2\/posts\/428851","targetHints":{"allow":["GET"]}}],"collection":[{"href":"https:\/\/portaltela.pt\/api\/wp\/v2\/posts"}],"about":[{"href":"https:\/\/portaltela.pt\/api\/wp\/v2\/types\/post"}],"author":[{"embeddable":true,"href":"https:\/\/portaltela.pt\/api\/wp\/v2\/users\/2"}],"replies":[{"embeddable":true,"href":"https:\/\/portaltela.pt\/api\/wp\/v2\/comments?post=428851"}],"version-history":[{"count":0,"href":"https:\/\/portaltela.pt\/api\/wp\/v2\/posts\/428851\/revisions"}],"wp:featuredmedia":[{"embeddable":true,"href":"https:\/\/portaltela.pt\/api\/wp\/v2\/media\/428853"}],"wp:attachment":[{"href":"https:\/\/portaltela.pt\/api\/wp\/v2\/media?parent=428851"}],"wp:term":[{"taxonomy":"category","embeddable":true,"href":"https:\/\/portaltela.pt\/api\/wp\/v2\/categories?post=428851"},{"taxonomy":"post_tag","embeddable":true,"href":"https:\/\/portaltela.pt\/api\/wp\/v2\/tags?post=428851"}],"curies":[{"name":"wp","href":"https:\/\/api.w.org\/{rel}","templated":true}]}}