{"id":428847,"date":"2026-04-01T06:17:51","date_gmt":"2026-04-01T09:17:51","guid":{"rendered":"https:\/\/portaltela.pt\/noticias\/2026\/04\/01\/cmtv-mantem-lideranca-por-48-meses\/"},"modified":"2026-04-01T06:17:51","modified_gmt":"2026-04-01T09:17:51","slug":"cmtv-mantem-lideranca-por-48-meses","status":"publish","type":"post","link":"https:\/\/portaltela.pt\/noticias\/internacional\/2026\/04\/01\/cmtv-mantem-lideranca-por-48-meses\/","title":{"rendered":"CMTV mant\u00e9m lideran\u00e7a por 48 meses"},"content":{"rendered":"<p>A CMTV liderou o consumo de televis\u00e3o por cabo em mar\u00e7o, mantendo-se 48 meses consecutivos na lideran\u00e7a. A esta\u00e7\u00e3o registou um share m\u00e9dio di\u00e1rio de 5,7%, com mais de 125 mil e 500 espectadores por minuto ao longo do dia.<\/p>\n<p>Na compara\u00e7\u00e3o com os principais concorrentes, a CNN Portugal e a SIC Not\u00edcias totalizaram 5,4% juntos, com uma ligeira desvantagem para a SIC. O desempenho da CMTV manteve-se acima dos rivais no m\u00eas.<\/p>\n<p>Durante mar\u00e7o, a CMTV manteve cobertura constante da atualidade internacional, com foco na guerra no Ir\u00e3o. No plano de entretenimento, estreou o programa matutino Ol\u00e1 Bom Dia!, com Luciana Abreu e Rui Oliveira, e avan\u00e7aram s\u00e9ries de entretenimento como Tarde das Estrelas e Noite das Estrelas. Tamb\u00e9m estreou o Jornal \u00e0s 7, com \u00c2ngela Gon\u00e7alves Marques.<\/p>\n<h3>Programa\u00e7\u00e3o e alcance<\/h3>\n<p>A alimenta\u00e7\u00e3o informativa destacou-se pela presen\u00e7a cont\u00ednua de conte\u00fados de atualidade, sem interrup\u00e7\u00f5es na linha de cobertura. O canal refor\u00e7ou o posicionamento com o novo telejornal matinal e com formatos de entretenimento de produ\u00e7\u00e3o pr\u00f3pria.<\/p>\n<p>A CMTV continua dispon\u00edvel no canal 8 de todas as plataformas de cabo e ainda n\u00e3o est\u00e1 na TDT. As audi\u00eancias citadas s\u00e3o da responsabilidade da GFK. As informa\u00e7\u00f5es permitem comparar o desempenho entre o cabo e outros operadores de media em Portugal.<\/p>\n","protected":false},"excerpt":{"rendered":"<ul>\n<li>O share m\u00e9dio di\u00e1rio da CMTV em mar\u00e7o foi de 5,7%, com mais de 125 mil e 500 espectadores a cada minuto do dia.<\/li>\n<li>A CMTV lidera o consumo de cabo em mar\u00e7o e soma 48 meses seguidos no topo, sendo o canal de cabo preferido em Portugal; tamb\u00e9m completou mil dias a liderar sem interrup\u00e7\u00e3o.<\/li>\n<li>CNN Portugal e SIC Not\u00edcias juntos registaram 5,4% no m\u00eas, com o canal de informa\u00e7\u00e3o da SIC a ficar ligeiramente atr\u00e1s.<\/li>\n<li>Em mar\u00e7o, a CMTV manteve a cobertura da guerra no Ir\u00e3o e lan\u00e7ou o \u201cOl\u00e1 Bom Dia!\u201d com Luciana Abreu e Rui Oliveira, al\u00e9m de refor\u00e7os em entretenimento com \u201cTarde das Estrelas\u201d e \u201cNoite das Estrelas\u201d.<\/li>\n<li>Tamb\u00e9m estreou o \u201cJornal \u00e0s 7\u201d com \u00c2ngela Gon\u00e7alves Marques; a CMTV est\u00e1 no canal 8 de todas as plataformas de cabo, sem estar ainda na TDT; audi\u00eancias s\u00e3o da GFK.<\/li>\n<\/ul>\n","protected":false},"author":2,"featured_media":428848,"comment_status":"closed","ping_status":"closed","sticky":false,"template":"","format":"standard","meta":{"footnotes":""},"categories":[4,1],"tags":[3467,6598,195,7221,4394,7409],"class_list":["post-428847","post","type-post","status-publish","format-standard","has-post-thumbnail","hentry","category-internacional","category-noticias","tag-cnn-portugal","tag-entretenimento","tag-informacao","tag-noticias","tag-sic-noticias","tag-televisoes"],"yoast_head":"<!-- This site is optimized with the Yoast SEO plugin v27.2 - https:\/\/yoast.com\/product\/yoast-seo-wordpress\/ -->\n<title>CMTV mant\u00e9m lideran\u00e7a por 48 meses - Portal Tela Portugal<\/title>\n<meta name=\"robots\" content=\"index, follow, max-snippet:-1, max-image-preview:large, max-video-preview:-1\" \/>\n<meta property=\"og:locale\" content=\"pt_PT\" \/>\n<meta property=\"og:type\" content=\"article\" \/>\n<meta property=\"og:title\" content=\"CMTV mant\u00e9m lideran\u00e7a por 48 meses - Portal Tela Portugal\" \/>\n<meta property=\"og:description\" content=\"O share m\u00e9dio di\u00e1rio da CMTV em mar\u00e7o foi de 5,7%, com mais de 125 mil e 500 espectadores a cada minuto do dia. A CMTV lidera o consumo de cabo em mar\u00e7o e soma 48 meses seguidos no topo, sendo o canal de cabo preferido em Portugal; tamb\u00e9m completou mil dias a liderar sem interrup\u00e7\u00e3o. CNN Portugal e SIC Not\u00edcias juntos registaram 5,4% no m\u00eas, com o canal de informa\u00e7\u00e3o da SIC a ficar ligeiramente atr\u00e1s. Em mar\u00e7o, a CMTV manteve a cobertura da guerra no Ir\u00e3o e lan\u00e7ou o \u201cOl\u00e1 Bom Dia!\u201d com Luciana Abreu e Rui Oliveira, al\u00e9m de refor\u00e7os em entretenimento com \u201cTarde das Estrelas\u201d e \u201cNoite das Estrelas\u201d. Tamb\u00e9m estreou o \u201cJornal \u00e0s 7\u201d com \u00c2ngela Gon\u00e7alves Marques; a CMTV est\u00e1 no canal 8 de todas as plataformas de cabo, sem estar ainda na TDT; audi\u00eancias s\u00e3o da GFK.\" \/>\n<meta property=\"og:url\" content=\"https:\/\/portaltela.pt\/noticias\/2026\/04\/01\/cmtv-mantem-lideranca-por-48-meses\/\" \/>\n<meta property=\"og:site_name\" content=\"Portal Tela Portugal\" \/>\n<meta property=\"article:published_time\" content=\"2026-04-01T09:17:51+00:00\" \/>\n<meta name=\"author\" content=\"Telinha\" \/>\n<meta name=\"twitter:card\" content=\"summary_large_image\" \/>\n<meta name=\"twitter:label1\" content=\"Escrito por\" \/>\n\t<meta name=\"twitter:data1\" content=\"Telinha\" \/>\n\t<meta name=\"twitter:label2\" content=\"Tempo estimado de leitura\" \/>\n\t<meta name=\"twitter:data2\" content=\"1 minuto\" \/>\n<script type=\"application\/ld+json\" class=\"yoast-schema-graph\">{\"@context\":\"https:\/\/schema.org\",\"@graph\":[{\"@type\":\"Article\",\"@id\":\"https:\/\/portaltela.pt\/noticias\/2026\/04\/01\/cmtv-mantem-lideranca-por-48-meses\/#article\",\"isPartOf\":{\"@id\":\"https:\/\/portaltela.pt\/noticias\/2026\/04\/01\/cmtv-mantem-lideranca-por-48-meses\/\"},\"author\":{\"name\":\"Telinha\",\"@id\":\"https:\/\/portaltela.pt\/#\/schema\/person\/c4278d4a6028830caff9ee44b42d32ed\"},\"headline\":\"CMTV mant\u00e9m lideran\u00e7a por 48 meses\",\"datePublished\":\"2026-04-01T09:17:51+00:00\",\"mainEntityOfPage\":{\"@id\":\"https:\/\/portaltela.pt\/noticias\/2026\/04\/01\/cmtv-mantem-lideranca-por-48-meses\/\"},\"wordCount\":239,\"image\":{\"@id\":\"https:\/\/portaltela.pt\/noticias\/2026\/04\/01\/cmtv-mantem-lideranca-por-48-meses\/#primaryimage\"},\"thumbnailUrl\":\"https:\/\/portaltela.pt\/s.01k8rhncp4jt1\/2026\/04\/img_920x518uu2026-04-01-10-04-16-2430444.jpg\",\"keywords\":[\"CNN Portugal\",\"entretenimento\",\"informa\u00e7\u00e3o\",\"not\u00edcias\",\"SIC Not\u00edcias\",\"televis\u00f5es\"],\"articleSection\":[\"Internacional\",\"Not\u00edcias\"],\"inLanguage\":\"pt-PT\"},{\"@type\":\"WebPage\",\"@id\":\"https:\/\/portaltela.pt\/noticias\/2026\/04\/01\/cmtv-mantem-lideranca-por-48-meses\/\",\"url\":\"https:\/\/portaltela.pt\/noticias\/2026\/04\/01\/cmtv-mantem-lideranca-por-48-meses\/\",\"name\":\"CMTV mant\u00e9m lideran\u00e7a por 48 meses - Portal Tela Portugal\",\"isPartOf\":{\"@id\":\"https:\/\/portaltela.pt\/#website\"},\"primaryImageOfPage\":{\"@id\":\"https:\/\/portaltela.pt\/noticias\/2026\/04\/01\/cmtv-mantem-lideranca-por-48-meses\/#primaryimage\"},\"image\":{\"@id\":\"https:\/\/portaltela.pt\/noticias\/2026\/04\/01\/cmtv-mantem-lideranca-por-48-meses\/#primaryimage\"},\"thumbnailUrl\":\"https:\/\/portaltela.pt\/s.01k8rhncp4jt1\/2026\/04\/img_920x518uu2026-04-01-10-04-16-2430444.jpg\",\"datePublished\":\"2026-04-01T09:17:51+00:00\",\"author\":{\"@id\":\"https:\/\/portaltela.pt\/#\/schema\/person\/c4278d4a6028830caff9ee44b42d32ed\"},\"breadcrumb\":{\"@id\":\"https:\/\/portaltela.pt\/noticias\/2026\/04\/01\/cmtv-mantem-lideranca-por-48-meses\/#breadcrumb\"},\"inLanguage\":\"pt-PT\",\"potentialAction\":[{\"@type\":\"ReadAction\",\"target\":[\"https:\/\/portaltela.pt\/noticias\/2026\/04\/01\/cmtv-mantem-lideranca-por-48-meses\/\"]}]},{\"@type\":\"ImageObject\",\"inLanguage\":\"pt-PT\",\"@id\":\"https:\/\/portaltela.pt\/noticias\/2026\/04\/01\/cmtv-mantem-lideranca-por-48-meses\/#primaryimage\",\"url\":\"https:\/\/portaltela.pt\/s.01k8rhncp4jt1\/2026\/04\/img_920x518uu2026-04-01-10-04-16-2430444.jpg\",\"contentUrl\":\"https:\/\/portaltela.pt\/s.01k8rhncp4jt1\/2026\/04\/img_920x518uu2026-04-01-10-04-16-2430444.jpg\",\"width\":796,\"height\":448,\"caption\":\"CMTV completa 48 meses sempre a liderar\"},{\"@type\":\"BreadcrumbList\",\"@id\":\"https:\/\/portaltela.pt\/noticias\/2026\/04\/01\/cmtv-mantem-lideranca-por-48-meses\/#breadcrumb\",\"itemListElement\":[{\"@type\":\"ListItem\",\"position\":1,\"name\":\"In\u00edcio\",\"item\":\"https:\/\/portaltela.pt\/\"},{\"@type\":\"ListItem\",\"position\":2,\"name\":\"CMTV mant\u00e9m lideran\u00e7a por 48 meses\"}]},{\"@type\":\"WebSite\",\"@id\":\"https:\/\/portaltela.pt\/#website\",\"url\":\"https:\/\/portaltela.pt\/\",\"name\":\"Portal Tela Portugal\",\"description\":\"\",\"potentialAction\":[{\"@type\":\"SearchAction\",\"target\":{\"@type\":\"EntryPoint\",\"urlTemplate\":\"https:\/\/portaltela.pt\/?s={search_term_string}\"},\"query-input\":{\"@type\":\"PropertyValueSpecification\",\"valueRequired\":true,\"valueName\":\"search_term_string\"}}],\"inLanguage\":\"pt-PT\"},{\"@type\":\"Person\",\"@id\":\"https:\/\/portaltela.pt\/#\/schema\/person\/c4278d4a6028830caff9ee44b42d32ed\",\"name\":\"Telinha\",\"image\":{\"@type\":\"ImageObject\",\"inLanguage\":\"pt-PT\",\"@id\":\"https:\/\/portaltela.pt\/s.01k8rhncp4jt1\/2025\/11\/talking-bot-125x125.png\",\"url\":\"https:\/\/portaltela.pt\/s.01k8rhncp4jt1\/2025\/11\/talking-bot-125x125.png\",\"contentUrl\":\"https:\/\/portaltela.pt\/s.01k8rhncp4jt1\/2025\/11\/talking-bot-125x125.png\",\"caption\":\"Telinha\"},\"sameAs\":[\"https:\/\/portaltela.pt\/\"],\"url\":\"https:\/\/portaltela.pt\/por\/367410592786\/\"}]}<\/script>\n<!-- \/ Yoast SEO plugin. -->","yoast_head_json":{"title":"CMTV mant\u00e9m lideran\u00e7a por 48 meses - Portal Tela Portugal","robots":{"index":"index","follow":"follow","max-snippet":"max-snippet:-1","max-image-preview":"max-image-preview:large","max-video-preview":"max-video-preview:-1"},"og_locale":"pt_PT","og_type":"article","og_title":"CMTV mant\u00e9m lideran\u00e7a por 48 meses - Portal Tela Portugal","og_description":"O share m\u00e9dio di\u00e1rio da CMTV em mar\u00e7o foi de 5,7%, com mais de 125 mil e 500 espectadores a cada minuto do dia. A CMTV lidera o consumo de cabo em mar\u00e7o e soma 48 meses seguidos no topo, sendo o canal de cabo preferido em Portugal; tamb\u00e9m completou mil dias a liderar sem interrup\u00e7\u00e3o. CNN Portugal e SIC Not\u00edcias juntos registaram 5,4% no m\u00eas, com o canal de informa\u00e7\u00e3o da SIC a ficar ligeiramente atr\u00e1s. Em mar\u00e7o, a CMTV manteve a cobertura da guerra no Ir\u00e3o e lan\u00e7ou o \u201cOl\u00e1 Bom Dia!\u201d com Luciana Abreu e Rui Oliveira, al\u00e9m de refor\u00e7os em entretenimento com \u201cTarde das Estrelas\u201d e \u201cNoite das Estrelas\u201d. Tamb\u00e9m estreou o \u201cJornal \u00e0s 7\u201d com \u00c2ngela Gon\u00e7alves Marques; a CMTV est\u00e1 no canal 8 de todas as plataformas de cabo, sem estar ainda na TDT; audi\u00eancias s\u00e3o da GFK.","og_url":"https:\/\/portaltela.pt\/noticias\/2026\/04\/01\/cmtv-mantem-lideranca-por-48-meses\/","og_site_name":"Portal Tela Portugal","article_published_time":"2026-04-01T09:17:51+00:00","author":"Telinha","twitter_card":"summary_large_image","twitter_misc":{"Escrito por":"Telinha","Tempo estimado de leitura":"1 minuto"},"schema":{"@context":"https:\/\/schema.org","@graph":[{"@type":"Article","@id":"https:\/\/portaltela.pt\/noticias\/2026\/04\/01\/cmtv-mantem-lideranca-por-48-meses\/#article","isPartOf":{"@id":"https:\/\/portaltela.pt\/noticias\/2026\/04\/01\/cmtv-mantem-lideranca-por-48-meses\/"},"author":{"name":"Telinha","@id":"https:\/\/portaltela.pt\/#\/schema\/person\/c4278d4a6028830caff9ee44b42d32ed"},"headline":"CMTV mant\u00e9m lideran\u00e7a por 48 meses","datePublished":"2026-04-01T09:17:51+00:00","mainEntityOfPage":{"@id":"https:\/\/portaltela.pt\/noticias\/2026\/04\/01\/cmtv-mantem-lideranca-por-48-meses\/"},"wordCount":239,"image":{"@id":"https:\/\/portaltela.pt\/noticias\/2026\/04\/01\/cmtv-mantem-lideranca-por-48-meses\/#primaryimage"},"thumbnailUrl":"https:\/\/portaltela.pt\/s.01k8rhncp4jt1\/2026\/04\/img_920x518uu2026-04-01-10-04-16-2430444.jpg","keywords":["CNN Portugal","entretenimento","informa\u00e7\u00e3o","not\u00edcias","SIC Not\u00edcias","televis\u00f5es"],"articleSection":["Internacional","Not\u00edcias"],"inLanguage":"pt-PT"},{"@type":"WebPage","@id":"https:\/\/portaltela.pt\/noticias\/2026\/04\/01\/cmtv-mantem-lideranca-por-48-meses\/","url":"https:\/\/portaltela.pt\/noticias\/2026\/04\/01\/cmtv-mantem-lideranca-por-48-meses\/","name":"CMTV mant\u00e9m lideran\u00e7a por 48 meses - Portal Tela Portugal","isPartOf":{"@id":"https:\/\/portaltela.pt\/#website"},"primaryImageOfPage":{"@id":"https:\/\/portaltela.pt\/noticias\/2026\/04\/01\/cmtv-mantem-lideranca-por-48-meses\/#primaryimage"},"image":{"@id":"https:\/\/portaltela.pt\/noticias\/2026\/04\/01\/cmtv-mantem-lideranca-por-48-meses\/#primaryimage"},"thumbnailUrl":"https:\/\/portaltela.pt\/s.01k8rhncp4jt1\/2026\/04\/img_920x518uu2026-04-01-10-04-16-2430444.jpg","datePublished":"2026-04-01T09:17:51+00:00","author":{"@id":"https:\/\/portaltela.pt\/#\/schema\/person\/c4278d4a6028830caff9ee44b42d32ed"},"breadcrumb":{"@id":"https:\/\/portaltela.pt\/noticias\/2026\/04\/01\/cmtv-mantem-lideranca-por-48-meses\/#breadcrumb"},"inLanguage":"pt-PT","potentialAction":[{"@type":"ReadAction","target":["https:\/\/portaltela.pt\/noticias\/2026\/04\/01\/cmtv-mantem-lideranca-por-48-meses\/"]}]},{"@type":"ImageObject","inLanguage":"pt-PT","@id":"https:\/\/portaltela.pt\/noticias\/2026\/04\/01\/cmtv-mantem-lideranca-por-48-meses\/#primaryimage","url":"https:\/\/portaltela.pt\/s.01k8rhncp4jt1\/2026\/04\/img_920x518uu2026-04-01-10-04-16-2430444.jpg","contentUrl":"https:\/\/portaltela.pt\/s.01k8rhncp4jt1\/2026\/04\/img_920x518uu2026-04-01-10-04-16-2430444.jpg","width":796,"height":448,"caption":"CMTV completa 48 meses sempre a liderar"},{"@type":"BreadcrumbList","@id":"https:\/\/portaltela.pt\/noticias\/2026\/04\/01\/cmtv-mantem-lideranca-por-48-meses\/#breadcrumb","itemListElement":[{"@type":"ListItem","position":1,"name":"In\u00edcio","item":"https:\/\/portaltela.pt\/"},{"@type":"ListItem","position":2,"name":"CMTV mant\u00e9m lideran\u00e7a por 48 meses"}]},{"@type":"WebSite","@id":"https:\/\/portaltela.pt\/#website","url":"https:\/\/portaltela.pt\/","name":"Portal Tela Portugal","description":"","potentialAction":[{"@type":"SearchAction","target":{"@type":"EntryPoint","urlTemplate":"https:\/\/portaltela.pt\/?s={search_term_string}"},"query-input":{"@type":"PropertyValueSpecification","valueRequired":true,"valueName":"search_term_string"}}],"inLanguage":"pt-PT"},{"@type":"Person","@id":"https:\/\/portaltela.pt\/#\/schema\/person\/c4278d4a6028830caff9ee44b42d32ed","name":"Telinha","image":{"@type":"ImageObject","inLanguage":"pt-PT","@id":"https:\/\/portaltela.pt\/s.01k8rhncp4jt1\/2025\/11\/talking-bot-125x125.png","url":"https:\/\/portaltela.pt\/s.01k8rhncp4jt1\/2025\/11\/talking-bot-125x125.png","contentUrl":"https:\/\/portaltela.pt\/s.01k8rhncp4jt1\/2025\/11\/talking-bot-125x125.png","caption":"Telinha"},"sameAs":["https:\/\/portaltela.pt\/"],"url":"https:\/\/portaltela.pt\/por\/367410592786\/"}]}},"_links":{"self":[{"href":"https:\/\/portaltela.pt\/api\/wp\/v2\/posts\/428847","targetHints":{"allow":["GET"]}}],"collection":[{"href":"https:\/\/portaltela.pt\/api\/wp\/v2\/posts"}],"about":[{"href":"https:\/\/portaltela.pt\/api\/wp\/v2\/types\/post"}],"author":[{"embeddable":true,"href":"https:\/\/portaltela.pt\/api\/wp\/v2\/users\/2"}],"replies":[{"embeddable":true,"href":"https:\/\/portaltela.pt\/api\/wp\/v2\/comments?post=428847"}],"version-history":[{"count":0,"href":"https:\/\/portaltela.pt\/api\/wp\/v2\/posts\/428847\/revisions"}],"wp:featuredmedia":[{"embeddable":true,"href":"https:\/\/portaltela.pt\/api\/wp\/v2\/media\/428848"}],"wp:attachment":[{"href":"https:\/\/portaltela.pt\/api\/wp\/v2\/media?parent=428847"}],"wp:term":[{"taxonomy":"category","embeddable":true,"href":"https:\/\/portaltela.pt\/api\/wp\/v2\/categories?post=428847"},{"taxonomy":"post_tag","embeddable":true,"href":"https:\/\/portaltela.pt\/api\/wp\/v2\/tags?post=428847"}],"curies":[{"name":"wp","href":"https:\/\/api.w.org\/{rel}","templated":true}]}}