{"id":428845,"date":"2026-04-01T06:17:48","date_gmt":"2026-04-01T09:17:48","guid":{"rendered":"https:\/\/portaltela.pt\/noticias\/2026\/04\/01\/mundial-2026-onze-craques-que-vao-falhar-a-competicao\/"},"modified":"2026-04-01T06:17:48","modified_gmt":"2026-04-01T09:17:48","slug":"mundial-2026-onze-craques-que-vao-falhar-a-competicao","status":"publish","type":"post","link":"https:\/\/portaltela.pt\/desporto\/futebol\/2026\/04\/01\/mundial-2026-onze-craques-que-vao-falhar-a-competicao\/","title":{"rendered":"Mundial 2026: onze craques que v\u00e3o falhar a competi\u00e7\u00e3o"},"content":{"rendered":"<p>Ap\u00f3s o fecho das 48 sele\u00e7\u00f5es apuradas para o Mundial 2026, a Record elaborou um onze de craques que n\u00e3o v\u00e3o marcar presen\u00e7a na competi\u00e7\u00e3o, por falhar o apuramento. O formato escolhido \u00e9 4-4-2, com a It\u00e1lia a dominar as escolhas.<\/p>\n<p>Guarda-redes e defesa: Gianluigi Donnarumma (It\u00e1lia); Matty Cash (Pol\u00f3nia); Amir Rrahmani (Kosovo); Alessandro Bastoni (It\u00e1lia); Federico Dimarco (It\u00e1lia).<\/p>\n<p>Meio-campo: Dominik Szoboszlai (Hungria); Nicolo Barella (It\u00e1lia).<\/p>\n<p>Extremos: Bryan Mbeumo (Camar\u00f5es); Khvicha Kvaratskhelia (Ge\u00f3rgia).<\/p>\n<p>Ponta-de-lan\u00e7a: Victor Osimhen (Nig\u00e9ria); Robert Lewandowski (Pol\u00f3nia).<\/p>\n","protected":false},"excerpt":{"rendered":"<ul>\n<li>Mundial 2026 j\u00e1 tem 48 sele\u00e7\u00f5es apuradas; o Record monta um onze de craques que n\u00e3o v\u00e3o disputar o torneio devido ao falhan\u00e7o de qualifica\u00e7\u00e3o.<\/li>\n<li>O alinhamento \u00e9 4-4-2 e a It\u00e1lia domina as escolhas, depois de falhar o apuramento pela terceira vez consecutiva.<\/li>\n<li>Guarda-redes: Gianluigi Donnarumma (It\u00e1lia).<\/li>\n<li>Defesas: Matty Cash (Pol\u00f3nia); Amir Rrahmani (Kosovo); Alessandro Bastoni (It\u00e1lia); Federico Dimarco (It\u00e1lia).<\/li>\n<li>M\u00e9dios e atacantes: Dominik Szoboszlai (Hungria); Nicolo Barella (It\u00e1lia); Bryan Mbeumo (Camar\u00f5es); Khvicha Kvaratskhelia (Ge\u00f3rgia); Victor Osimhen (Nig\u00e9ria); Robert Lewandowski (Pol\u00f3nia).<\/li>\n<\/ul>\n","protected":false},"author":2,"featured_media":428846,"comment_status":"closed","ping_status":"closed","sticky":false,"template":"","format":"standard","meta":{"footnotes":""},"categories":[21,24],"tags":[6367,32,1857,1368,1488,2057],"class_list":["post-428845","post","type-post","status-publish","format-standard","has-post-thumbnail","hentry","category-desporto","category-futebol","tag-copa2026","tag-futebol","tag-italia","tag-nigeria","tag-polonia","tag-selecao-nacional"],"yoast_head":"<!-- This site is optimized with the Yoast SEO plugin v27.2 - https:\/\/yoast.com\/product\/yoast-seo-wordpress\/ -->\n<title>Mundial 2026: onze craques que v\u00e3o falhar a competi\u00e7\u00e3o - Portal Tela Portugal<\/title>\n<meta name=\"robots\" content=\"index, follow, max-snippet:-1, max-image-preview:large, max-video-preview:-1\" \/>\n<meta property=\"og:locale\" content=\"pt_PT\" \/>\n<meta property=\"og:type\" content=\"article\" \/>\n<meta property=\"og:title\" content=\"Mundial 2026: onze craques que v\u00e3o falhar a competi\u00e7\u00e3o - Portal Tela Portugal\" \/>\n<meta property=\"og:description\" content=\"Mundial 2026 j\u00e1 tem 48 sele\u00e7\u00f5es apuradas; o Record monta um onze de craques que n\u00e3o v\u00e3o disputar o torneio devido ao falhan\u00e7o de qualifica\u00e7\u00e3o. O alinhamento \u00e9 4-4-2 e a It\u00e1lia domina as escolhas, depois de falhar o apuramento pela terceira vez consecutiva. Guarda-redes: Gianluigi Donnarumma (It\u00e1lia). Defesas: Matty Cash (Pol\u00f3nia); Amir Rrahmani (Kosovo); Alessandro Bastoni (It\u00e1lia); Federico Dimarco (It\u00e1lia). M\u00e9dios e atacantes: Dominik Szoboszlai (Hungria); Nicolo Barella (It\u00e1lia); Bryan Mbeumo (Camar\u00f5es); Khvicha Kvaratskhelia (Ge\u00f3rgia); Victor Osimhen (Nig\u00e9ria); Robert Lewandowski (Pol\u00f3nia).\" \/>\n<meta property=\"og:url\" content=\"https:\/\/portaltela.pt\/noticias\/2026\/04\/01\/mundial-2026-onze-craques-que-vao-falhar-a-competicao\/\" \/>\n<meta property=\"og:site_name\" content=\"Portal Tela Portugal\" \/>\n<meta property=\"article:published_time\" content=\"2026-04-01T09:17:48+00:00\" \/>\n<meta name=\"author\" content=\"Telinha\" \/>\n<meta name=\"twitter:card\" content=\"summary_large_image\" \/>\n<meta name=\"twitter:label1\" content=\"Escrito por\" \/>\n\t<meta name=\"twitter:data1\" content=\"Telinha\" \/>\n<script type=\"application\/ld+json\" class=\"yoast-schema-graph\">{\"@context\":\"https:\/\/schema.org\",\"@graph\":[{\"@type\":\"Article\",\"@id\":\"https:\/\/portaltela.pt\/noticias\/2026\/04\/01\/mundial-2026-onze-craques-que-vao-falhar-a-competicao\/#article\",\"isPartOf\":{\"@id\":\"https:\/\/portaltela.pt\/noticias\/2026\/04\/01\/mundial-2026-onze-craques-que-vao-falhar-a-competicao\/\"},\"author\":{\"name\":\"Telinha\",\"@id\":\"https:\/\/portaltela.pt\/#\/schema\/person\/c4278d4a6028830caff9ee44b42d32ed\"},\"headline\":\"Mundial 2026: onze craques que v\u00e3o falhar a competi\u00e7\u00e3o\",\"datePublished\":\"2026-04-01T09:17:48+00:00\",\"mainEntityOfPage\":{\"@id\":\"https:\/\/portaltela.pt\/noticias\/2026\/04\/01\/mundial-2026-onze-craques-que-vao-falhar-a-competicao\/\"},\"wordCount\":105,\"image\":{\"@id\":\"https:\/\/portaltela.pt\/noticias\/2026\/04\/01\/mundial-2026-onze-craques-que-vao-falhar-a-competicao\/#primaryimage\"},\"thumbnailUrl\":\"https:\/\/portaltela.pt\/s.01k8rhncp4jt1\/2026\/04\/img_1200x721uu2026-04-01-09-52-03-2430443.jpg\",\"keywords\":[\"#copa2026\",\"futebol\",\"It\u00e1lia\",\"Nig\u00e9ria\",\"Pol\u00f3nia\",\"Sele\u00e7\u00e3o Nacional\"],\"articleSection\":[\"Desporto\",\"Futebol\"],\"inLanguage\":\"pt-PT\"},{\"@type\":\"WebPage\",\"@id\":\"https:\/\/portaltela.pt\/noticias\/2026\/04\/01\/mundial-2026-onze-craques-que-vao-falhar-a-competicao\/\",\"url\":\"https:\/\/portaltela.pt\/noticias\/2026\/04\/01\/mundial-2026-onze-craques-que-vao-falhar-a-competicao\/\",\"name\":\"Mundial 2026: onze craques que v\u00e3o falhar a competi\u00e7\u00e3o - Portal Tela Portugal\",\"isPartOf\":{\"@id\":\"https:\/\/portaltela.pt\/#website\"},\"primaryImageOfPage\":{\"@id\":\"https:\/\/portaltela.pt\/noticias\/2026\/04\/01\/mundial-2026-onze-craques-que-vao-falhar-a-competicao\/#primaryimage\"},\"image\":{\"@id\":\"https:\/\/portaltela.pt\/noticias\/2026\/04\/01\/mundial-2026-onze-craques-que-vao-falhar-a-competicao\/#primaryimage\"},\"thumbnailUrl\":\"https:\/\/portaltela.pt\/s.01k8rhncp4jt1\/2026\/04\/img_1200x721uu2026-04-01-09-52-03-2430443.jpg\",\"datePublished\":\"2026-04-01T09:17:48+00:00\",\"author\":{\"@id\":\"https:\/\/portaltela.pt\/#\/schema\/person\/c4278d4a6028830caff9ee44b42d32ed\"},\"breadcrumb\":{\"@id\":\"https:\/\/portaltela.pt\/noticias\/2026\/04\/01\/mundial-2026-onze-craques-que-vao-falhar-a-competicao\/#breadcrumb\"},\"inLanguage\":\"pt-PT\",\"potentialAction\":[{\"@type\":\"ReadAction\",\"target\":[\"https:\/\/portaltela.pt\/noticias\/2026\/04\/01\/mundial-2026-onze-craques-que-vao-falhar-a-competicao\/\"]}]},{\"@type\":\"ImageObject\",\"inLanguage\":\"pt-PT\",\"@id\":\"https:\/\/portaltela.pt\/noticias\/2026\/04\/01\/mundial-2026-onze-craques-que-vao-falhar-a-competicao\/#primaryimage\",\"url\":\"https:\/\/portaltela.pt\/s.01k8rhncp4jt1\/2026\/04\/img_1200x721uu2026-04-01-09-52-03-2430443.jpg\",\"contentUrl\":\"https:\/\/portaltela.pt\/s.01k8rhncp4jt1\/2026\/04\/img_1200x721uu2026-04-01-09-52-03-2430443.jpg\",\"width\":796,\"height\":448,\"caption\":\"Para eles o Mundial'2026 ser\u00e1 sin\u00f3nimo de sof\u00e1: um onze de craques que v\u00e3o falhar a competi\u00e7\u00e3o\"},{\"@type\":\"BreadcrumbList\",\"@id\":\"https:\/\/portaltela.pt\/noticias\/2026\/04\/01\/mundial-2026-onze-craques-que-vao-falhar-a-competicao\/#breadcrumb\",\"itemListElement\":[{\"@type\":\"ListItem\",\"position\":1,\"name\":\"In\u00edcio\",\"item\":\"https:\/\/portaltela.pt\/\"},{\"@type\":\"ListItem\",\"position\":2,\"name\":\"Mundial 2026: onze craques que v\u00e3o falhar a competi\u00e7\u00e3o\"}]},{\"@type\":\"WebSite\",\"@id\":\"https:\/\/portaltela.pt\/#website\",\"url\":\"https:\/\/portaltela.pt\/\",\"name\":\"Portal Tela Portugal\",\"description\":\"\",\"potentialAction\":[{\"@type\":\"SearchAction\",\"target\":{\"@type\":\"EntryPoint\",\"urlTemplate\":\"https:\/\/portaltela.pt\/?s={search_term_string}\"},\"query-input\":{\"@type\":\"PropertyValueSpecification\",\"valueRequired\":true,\"valueName\":\"search_term_string\"}}],\"inLanguage\":\"pt-PT\"},{\"@type\":\"Person\",\"@id\":\"https:\/\/portaltela.pt\/#\/schema\/person\/c4278d4a6028830caff9ee44b42d32ed\",\"name\":\"Telinha\",\"image\":{\"@type\":\"ImageObject\",\"inLanguage\":\"pt-PT\",\"@id\":\"https:\/\/portaltela.pt\/s.01k8rhncp4jt1\/2025\/11\/talking-bot-125x125.png\",\"url\":\"https:\/\/portaltela.pt\/s.01k8rhncp4jt1\/2025\/11\/talking-bot-125x125.png\",\"contentUrl\":\"https:\/\/portaltela.pt\/s.01k8rhncp4jt1\/2025\/11\/talking-bot-125x125.png\",\"caption\":\"Telinha\"},\"sameAs\":[\"https:\/\/portaltela.pt\/\"],\"url\":\"https:\/\/portaltela.pt\/por\/367410592786\/\"}]}<\/script>\n<!-- \/ Yoast SEO plugin. -->","yoast_head_json":{"title":"Mundial 2026: onze craques que v\u00e3o falhar a competi\u00e7\u00e3o - Portal Tela Portugal","robots":{"index":"index","follow":"follow","max-snippet":"max-snippet:-1","max-image-preview":"max-image-preview:large","max-video-preview":"max-video-preview:-1"},"og_locale":"pt_PT","og_type":"article","og_title":"Mundial 2026: onze craques que v\u00e3o falhar a competi\u00e7\u00e3o - Portal Tela Portugal","og_description":"Mundial 2026 j\u00e1 tem 48 sele\u00e7\u00f5es apuradas; o Record monta um onze de craques que n\u00e3o v\u00e3o disputar o torneio devido ao falhan\u00e7o de qualifica\u00e7\u00e3o. O alinhamento \u00e9 4-4-2 e a It\u00e1lia domina as escolhas, depois de falhar o apuramento pela terceira vez consecutiva. Guarda-redes: Gianluigi Donnarumma (It\u00e1lia). Defesas: Matty Cash (Pol\u00f3nia); Amir Rrahmani (Kosovo); Alessandro Bastoni (It\u00e1lia); Federico Dimarco (It\u00e1lia). M\u00e9dios e atacantes: Dominik Szoboszlai (Hungria); Nicolo Barella (It\u00e1lia); Bryan Mbeumo (Camar\u00f5es); Khvicha Kvaratskhelia (Ge\u00f3rgia); Victor Osimhen (Nig\u00e9ria); Robert Lewandowski (Pol\u00f3nia).","og_url":"https:\/\/portaltela.pt\/noticias\/2026\/04\/01\/mundial-2026-onze-craques-que-vao-falhar-a-competicao\/","og_site_name":"Portal Tela Portugal","article_published_time":"2026-04-01T09:17:48+00:00","author":"Telinha","twitter_card":"summary_large_image","twitter_misc":{"Escrito por":"Telinha"},"schema":{"@context":"https:\/\/schema.org","@graph":[{"@type":"Article","@id":"https:\/\/portaltela.pt\/noticias\/2026\/04\/01\/mundial-2026-onze-craques-que-vao-falhar-a-competicao\/#article","isPartOf":{"@id":"https:\/\/portaltela.pt\/noticias\/2026\/04\/01\/mundial-2026-onze-craques-que-vao-falhar-a-competicao\/"},"author":{"name":"Telinha","@id":"https:\/\/portaltela.pt\/#\/schema\/person\/c4278d4a6028830caff9ee44b42d32ed"},"headline":"Mundial 2026: onze craques que v\u00e3o falhar a competi\u00e7\u00e3o","datePublished":"2026-04-01T09:17:48+00:00","mainEntityOfPage":{"@id":"https:\/\/portaltela.pt\/noticias\/2026\/04\/01\/mundial-2026-onze-craques-que-vao-falhar-a-competicao\/"},"wordCount":105,"image":{"@id":"https:\/\/portaltela.pt\/noticias\/2026\/04\/01\/mundial-2026-onze-craques-que-vao-falhar-a-competicao\/#primaryimage"},"thumbnailUrl":"https:\/\/portaltela.pt\/s.01k8rhncp4jt1\/2026\/04\/img_1200x721uu2026-04-01-09-52-03-2430443.jpg","keywords":["#copa2026","futebol","It\u00e1lia","Nig\u00e9ria","Pol\u00f3nia","Sele\u00e7\u00e3o Nacional"],"articleSection":["Desporto","Futebol"],"inLanguage":"pt-PT"},{"@type":"WebPage","@id":"https:\/\/portaltela.pt\/noticias\/2026\/04\/01\/mundial-2026-onze-craques-que-vao-falhar-a-competicao\/","url":"https:\/\/portaltela.pt\/noticias\/2026\/04\/01\/mundial-2026-onze-craques-que-vao-falhar-a-competicao\/","name":"Mundial 2026: onze craques que v\u00e3o falhar a competi\u00e7\u00e3o - Portal Tela Portugal","isPartOf":{"@id":"https:\/\/portaltela.pt\/#website"},"primaryImageOfPage":{"@id":"https:\/\/portaltela.pt\/noticias\/2026\/04\/01\/mundial-2026-onze-craques-que-vao-falhar-a-competicao\/#primaryimage"},"image":{"@id":"https:\/\/portaltela.pt\/noticias\/2026\/04\/01\/mundial-2026-onze-craques-que-vao-falhar-a-competicao\/#primaryimage"},"thumbnailUrl":"https:\/\/portaltela.pt\/s.01k8rhncp4jt1\/2026\/04\/img_1200x721uu2026-04-01-09-52-03-2430443.jpg","datePublished":"2026-04-01T09:17:48+00:00","author":{"@id":"https:\/\/portaltela.pt\/#\/schema\/person\/c4278d4a6028830caff9ee44b42d32ed"},"breadcrumb":{"@id":"https:\/\/portaltela.pt\/noticias\/2026\/04\/01\/mundial-2026-onze-craques-que-vao-falhar-a-competicao\/#breadcrumb"},"inLanguage":"pt-PT","potentialAction":[{"@type":"ReadAction","target":["https:\/\/portaltela.pt\/noticias\/2026\/04\/01\/mundial-2026-onze-craques-que-vao-falhar-a-competicao\/"]}]},{"@type":"ImageObject","inLanguage":"pt-PT","@id":"https:\/\/portaltela.pt\/noticias\/2026\/04\/01\/mundial-2026-onze-craques-que-vao-falhar-a-competicao\/#primaryimage","url":"https:\/\/portaltela.pt\/s.01k8rhncp4jt1\/2026\/04\/img_1200x721uu2026-04-01-09-52-03-2430443.jpg","contentUrl":"https:\/\/portaltela.pt\/s.01k8rhncp4jt1\/2026\/04\/img_1200x721uu2026-04-01-09-52-03-2430443.jpg","width":796,"height":448,"caption":"Para eles o Mundial'2026 ser\u00e1 sin\u00f3nimo de sof\u00e1: um onze de craques que v\u00e3o falhar a competi\u00e7\u00e3o"},{"@type":"BreadcrumbList","@id":"https:\/\/portaltela.pt\/noticias\/2026\/04\/01\/mundial-2026-onze-craques-que-vao-falhar-a-competicao\/#breadcrumb","itemListElement":[{"@type":"ListItem","position":1,"name":"In\u00edcio","item":"https:\/\/portaltela.pt\/"},{"@type":"ListItem","position":2,"name":"Mundial 2026: onze craques que v\u00e3o falhar a competi\u00e7\u00e3o"}]},{"@type":"WebSite","@id":"https:\/\/portaltela.pt\/#website","url":"https:\/\/portaltela.pt\/","name":"Portal Tela Portugal","description":"","potentialAction":[{"@type":"SearchAction","target":{"@type":"EntryPoint","urlTemplate":"https:\/\/portaltela.pt\/?s={search_term_string}"},"query-input":{"@type":"PropertyValueSpecification","valueRequired":true,"valueName":"search_term_string"}}],"inLanguage":"pt-PT"},{"@type":"Person","@id":"https:\/\/portaltela.pt\/#\/schema\/person\/c4278d4a6028830caff9ee44b42d32ed","name":"Telinha","image":{"@type":"ImageObject","inLanguage":"pt-PT","@id":"https:\/\/portaltela.pt\/s.01k8rhncp4jt1\/2025\/11\/talking-bot-125x125.png","url":"https:\/\/portaltela.pt\/s.01k8rhncp4jt1\/2025\/11\/talking-bot-125x125.png","contentUrl":"https:\/\/portaltela.pt\/s.01k8rhncp4jt1\/2025\/11\/talking-bot-125x125.png","caption":"Telinha"},"sameAs":["https:\/\/portaltela.pt\/"],"url":"https:\/\/portaltela.pt\/por\/367410592786\/"}]}},"_links":{"self":[{"href":"https:\/\/portaltela.pt\/api\/wp\/v2\/posts\/428845","targetHints":{"allow":["GET"]}}],"collection":[{"href":"https:\/\/portaltela.pt\/api\/wp\/v2\/posts"}],"about":[{"href":"https:\/\/portaltela.pt\/api\/wp\/v2\/types\/post"}],"author":[{"embeddable":true,"href":"https:\/\/portaltela.pt\/api\/wp\/v2\/users\/2"}],"replies":[{"embeddable":true,"href":"https:\/\/portaltela.pt\/api\/wp\/v2\/comments?post=428845"}],"version-history":[{"count":0,"href":"https:\/\/portaltela.pt\/api\/wp\/v2\/posts\/428845\/revisions"}],"wp:featuredmedia":[{"embeddable":true,"href":"https:\/\/portaltela.pt\/api\/wp\/v2\/media\/428846"}],"wp:attachment":[{"href":"https:\/\/portaltela.pt\/api\/wp\/v2\/media?parent=428845"}],"wp:term":[{"taxonomy":"category","embeddable":true,"href":"https:\/\/portaltela.pt\/api\/wp\/v2\/categories?post=428845"},{"taxonomy":"post_tag","embeddable":true,"href":"https:\/\/portaltela.pt\/api\/wp\/v2\/tags?post=428845"}],"curies":[{"name":"wp","href":"https:\/\/api.w.org\/{rel}","templated":true}]}}