{"id":428831,"date":"2026-04-01T06:02:19","date_gmt":"2026-04-01T09:02:19","guid":{"rendered":"https:\/\/portaltela.pt\/noticias\/2026\/04\/01\/portugal-regista-2750-crimes-ambientais-e-aumento-de-32-nos-incendios\/"},"modified":"2026-04-01T06:02:19","modified_gmt":"2026-04-01T09:02:19","slug":"portugal-regista-2750-crimes-ambientais-e-aumento-de-32-nos-incendios","status":"publish","type":"post","link":"https:\/\/portaltela.pt\/noticias\/2026\/04\/01\/portugal-regista-2750-crimes-ambientais-e-aumento-de-32-nos-incendios\/","title":{"rendered":"Portugal regista 2750 crimes ambientais e aumento de 32% nos inc\u00eandios"},"content":{"rendered":"<p>O Relat\u00f3rio Anual de Seguran\u00e7a Interna (RASI) de 2025 mostra menos a\u00e7\u00f5es de fiscaliza\u00e7\u00e3o ambiental, mas mais crimes registados. Foram 115.174 fiscaliza\u00e7\u00f5es, com 2750 crimes, 342 deten\u00e7\u00f5es e coimas totalizadoras de 46,1 milh\u00f5es de euros. O documento aponta agravamento de algumas tipologias, nomeadamente inc\u00eandios de origem criminosa.<\/p>\n<p>Os inc\u00eandios florestais, fogo posto ou em floresta, somaram 6292 participa\u00e7\u00f5es, alta de 32,2% face a 2024. Em 2025 registaram-se tamb\u00e9m 10.036 ocorr\u00eancias de inc\u00eandio rural, que destru\u00edram 270.839 hectares, mais do que o dobro do ano anterior.<\/p>\n<p>No conjunto do ano, a PJ manteve um saldo de aumentos em inqu\u00e9ritos por estes crimes, com 94 deten\u00e7\u00f5es relacionadas com inc\u00eandio criminoso, e 50 casos sujeitos a pris\u00e3o preventiva. A subida de il\u00edcitos ambientais foi acompanhada por um n\u00famero maior de autos de contra-ordena\u00e7\u00e3o.<\/p>\n<h3>Inc\u00eandios e fiscaliza\u00e7\u00e3o<\/h3>\n<p>A compara\u00e7\u00e3o entre RASI 2024 e 2025 revela que, com menos a\u00e7\u00f5es de fiscaliza\u00e7\u00e3o (-1,5%), o registo de crimes aumentou. Ao todo, foram levantados 23.444 autos de contra-ordena\u00e7\u00e3o, e o valor total das coimas ascendeu a 46,1 milh\u00f5es de euros.<\/p>\n<p>A GNR destacou o peso das a\u00e7\u00f5es de prote\u00e7\u00e3o ambiental, com 6196 a\u00e7\u00f5es de sensibiliza\u00e7\u00e3o e 56.982 patrulhamentos envolvendo 148.664 militares. Registaram-se 6003 crimes, 119 identifica\u00e7\u00f5es, 68 deten\u00e7\u00f5es e 4083 autos de contra-ordena\u00e7\u00e3o.<\/p>\n<h3>Participa\u00e7\u00e3o p\u00fablica e opera\u00e7\u00f5es especiais<\/h3>\n<p>A Linha SOS Ambiente e Territ\u00f3rio da GNR ultrapassou 15 mil den\u00fancias em 2025, apontando para maior consciencializa\u00e7\u00e3o da popula\u00e7\u00e3o. Resultaram 1296 autos e 39 crimes, com resposta a 4359 denunciantes.<\/p>\n<p>No plano da prote\u00e7\u00e3o de esp\u00e9cies, houve 800 a\u00e7\u00f5es de fiscaliza\u00e7\u00e3o com 2552 elementos, resultando em 37 crimes, 9 deten\u00e7\u00f5es e 110 apreens\u00f5es. A Opera\u00e7\u00e3o Thunderball registou 38 fiscaliza\u00e7\u00f5es e 13 autos, com apreens\u00e3o de 79 esp\u00e9cies.<\/p>\n<h3>Tr\u00e1fico, res\u00edduos e polui\u00e7\u00e3o<\/h3>\n<p>No tr\u00e1fico de esp\u00e9cies protegidas, a GNR realizou a\u00e7\u00f5es coordenadas com a Europol e a Interpol. Em res\u00edduos, a opera\u00e7\u00e3o Custos Viridis fiscalizou 477 ve\u00edculos e identificou 62 transportes irregulares, com 40 infra\u00e7\u00f5es.<\/p>\n<p>A Autoridade Mar\u00edtima Nacional usou o sistema CleanSeaNet para detetar 435 potenciais manchas de polui\u00e7\u00e3o e confirmou 15 incidentes. Foram 1059 a\u00e7\u00f5es de fiscaliza\u00e7\u00e3o ambiental e 40 contra-ordena\u00e7\u00f5es neste dom\u00ednio, com 14.275 fiscaliza\u00e7\u00f5es de cargas perigosas.<\/p>\n<p>No cap\u00edtulo de animais de companhia, os casos de morte e maus-tratos subiram 4,8%, para 1067 participa\u00e7\u00f5es, enquanto o abandono caiu 8,3%, com 598 ocorr\u00eancias registadas.<\/p>\n","protected":false},"excerpt":{"rendered":"<ul>\n<li>Em 2025, Portugal registou 2.750 crimes ambientais, com 342 deten\u00e7\u00f5es e coimas que totalizaram 46,1 milh\u00f5es de euros, ap\u00f3s 115.174 a\u00e7\u00f5es de fiscaliza\u00e7\u00e3o (ligeiramente menos que em 2024).<\/li>\n<li>O destaque vai para o aumento dos crimes de inc\u00eandio: 6.292 participa\u00e7\u00f5es, aumento de 32,2% face a 2024; inc\u00eandio rural chegaram a 10.036 ocorr\u00eancias, que destru\u00edram 270.839 hectares.<\/li>\n<li>A Pol\u00edcia Judici\u00e1ria realizou mais inqu\u00e9ritos por crimes ambientais (crescimento de 6% vs. 2024) e deteve 94 arguidos relacionados com inc\u00eandios, 50 dos quais em pris\u00e3o preventiva.<\/li>\n<li>No conjunto, foram levantados 23.444 autos de contra-ordena\u00e7\u00e3o, subindo de 20.308 em 2024 para 23.444 em 2025; os crimes ambientais passaram de 2.575 para 2.750.<\/li>\n<li>A GNR manteve-se como for\u00e7a mais ativa: 6.196 a\u00e7\u00f5es de sensibiliza\u00e7\u00e3o e 56.982 patrulhamentos, com 6.003 crimes registados, 119 identifica\u00e7\u00f5es e 68 deten\u00e7\u00f5es.<\/li>\n<\/ul>\n","protected":false},"author":2,"featured_media":428832,"comment_status":"closed","ping_status":"closed","sticky":false,"template":"","format":"standard","meta":{"footnotes":""},"categories":[6725,1],"tags":[1926,147,2617,45,3750,320],"class_list":["post-428831","post","type-post","status-publish","format-standard","has-post-thumbnail","hentry","category-meio-ambiente","category-noticias","tag-contraordenacoes","tag-crime","tag-incendios","tag-meio-ambiente","tag-poluicao-ambiental","tag-protecao-civil"],"yoast_head":"<!-- This site is optimized with the Yoast SEO plugin v27.2 - https:\/\/yoast.com\/product\/yoast-seo-wordpress\/ -->\n<title>Portugal regista 2750 crimes ambientais e aumento de 32% nos inc\u00eandios - Portal Tela Portugal<\/title>\n<meta name=\"robots\" content=\"index, follow, max-snippet:-1, max-image-preview:large, max-video-preview:-1\" \/>\n<meta property=\"og:locale\" content=\"pt_PT\" \/>\n<meta property=\"og:type\" content=\"article\" \/>\n<meta property=\"og:title\" content=\"Portugal regista 2750 crimes ambientais e aumento de 32% nos inc\u00eandios - Portal Tela Portugal\" \/>\n<meta property=\"og:description\" content=\"Em 2025, Portugal registou 2.750 crimes ambientais, com 342 deten\u00e7\u00f5es e coimas que totalizaram 46,1 milh\u00f5es de euros, ap\u00f3s 115.174 a\u00e7\u00f5es de fiscaliza\u00e7\u00e3o (ligeiramente menos que em 2024). O destaque vai para o aumento dos crimes de inc\u00eandio: 6.292 participa\u00e7\u00f5es, aumento de 32,2% face a 2024; inc\u00eandio rural chegaram a 10.036 ocorr\u00eancias, que destru\u00edram 270.839 hectares. A Pol\u00edcia Judici\u00e1ria realizou mais inqu\u00e9ritos por crimes ambientais (crescimento de 6% vs. 2024) e deteve 94 arguidos relacionados com inc\u00eandios, 50 dos quais em pris\u00e3o preventiva. No conjunto, foram levantados 23.444 autos de contra-ordena\u00e7\u00e3o, subindo de 20.308 em 2024 para 23.444 em 2025; os crimes ambientais passaram de 2.575 para 2.750. A GNR manteve-se como for\u00e7a mais ativa: 6.196 a\u00e7\u00f5es de sensibiliza\u00e7\u00e3o e 56.982 patrulhamentos, com 6.003 crimes registados, 119 identifica\u00e7\u00f5es e 68 deten\u00e7\u00f5es.\" \/>\n<meta property=\"og:url\" content=\"https:\/\/portaltela.pt\/noticias\/2026\/04\/01\/portugal-regista-2750-crimes-ambientais-e-aumento-de-32-nos-incendios\/\" \/>\n<meta property=\"og:site_name\" content=\"Portal Tela Portugal\" \/>\n<meta property=\"article:published_time\" content=\"2026-04-01T09:02:19+00:00\" \/>\n<meta name=\"author\" content=\"Telinha\" \/>\n<meta name=\"twitter:card\" content=\"summary_large_image\" \/>\n<meta name=\"twitter:label1\" content=\"Escrito por\" \/>\n\t<meta name=\"twitter:data1\" content=\"Telinha\" \/>\n\t<meta name=\"twitter:label2\" content=\"Tempo estimado de leitura\" \/>\n\t<meta name=\"twitter:data2\" content=\"2 minutos\" \/>\n<script type=\"application\/ld+json\" class=\"yoast-schema-graph\">{\"@context\":\"https:\/\/schema.org\",\"@graph\":[{\"@type\":\"Article\",\"@id\":\"https:\/\/portaltela.pt\/noticias\/2026\/04\/01\/portugal-regista-2750-crimes-ambientais-e-aumento-de-32-nos-incendios\/#article\",\"isPartOf\":{\"@id\":\"https:\/\/portaltela.pt\/noticias\/2026\/04\/01\/portugal-regista-2750-crimes-ambientais-e-aumento-de-32-nos-incendios\/\"},\"author\":{\"name\":\"Telinha\",\"@id\":\"https:\/\/portaltela.pt\/#\/schema\/person\/c4278d4a6028830caff9ee44b42d32ed\"},\"headline\":\"Portugal regista 2750 crimes ambientais e aumento de 32% nos inc\u00eandios\",\"datePublished\":\"2026-04-01T09:02:19+00:00\",\"mainEntityOfPage\":{\"@id\":\"https:\/\/portaltela.pt\/noticias\/2026\/04\/01\/portugal-regista-2750-crimes-ambientais-e-aumento-de-32-nos-incendios\/\"},\"wordCount\":411,\"image\":{\"@id\":\"https:\/\/portaltela.pt\/noticias\/2026\/04\/01\/portugal-regista-2750-crimes-ambientais-e-aumento-de-32-nos-incendios\/#primaryimage\"},\"thumbnailUrl\":\"https:\/\/portaltela.pt\/s.01k8rhncp4jt1\/2026\/04\/2078452.jpg\",\"keywords\":[\"contraordena\u00e7\u00f5es\",\"crime\",\"inc\u00eandios\",\"meio-ambiente\",\"polui\u00e7\u00e3o ambiental\",\"prote\u00e7\u00e3o civil\"],\"articleSection\":[\"Meio Ambiente\",\"Not\u00edcias\"],\"inLanguage\":\"pt-PT\"},{\"@type\":\"WebPage\",\"@id\":\"https:\/\/portaltela.pt\/noticias\/2026\/04\/01\/portugal-regista-2750-crimes-ambientais-e-aumento-de-32-nos-incendios\/\",\"url\":\"https:\/\/portaltela.pt\/noticias\/2026\/04\/01\/portugal-regista-2750-crimes-ambientais-e-aumento-de-32-nos-incendios\/\",\"name\":\"Portugal regista 2750 crimes ambientais e aumento de 32% nos inc\u00eandios - Portal Tela Portugal\",\"isPartOf\":{\"@id\":\"https:\/\/portaltela.pt\/#website\"},\"primaryImageOfPage\":{\"@id\":\"https:\/\/portaltela.pt\/noticias\/2026\/04\/01\/portugal-regista-2750-crimes-ambientais-e-aumento-de-32-nos-incendios\/#primaryimage\"},\"image\":{\"@id\":\"https:\/\/portaltela.pt\/noticias\/2026\/04\/01\/portugal-regista-2750-crimes-ambientais-e-aumento-de-32-nos-incendios\/#primaryimage\"},\"thumbnailUrl\":\"https:\/\/portaltela.pt\/s.01k8rhncp4jt1\/2026\/04\/2078452.jpg\",\"datePublished\":\"2026-04-01T09:02:19+00:00\",\"author\":{\"@id\":\"https:\/\/portaltela.pt\/#\/schema\/person\/c4278d4a6028830caff9ee44b42d32ed\"},\"breadcrumb\":{\"@id\":\"https:\/\/portaltela.pt\/noticias\/2026\/04\/01\/portugal-regista-2750-crimes-ambientais-e-aumento-de-32-nos-incendios\/#breadcrumb\"},\"inLanguage\":\"pt-PT\",\"potentialAction\":[{\"@type\":\"ReadAction\",\"target\":[\"https:\/\/portaltela.pt\/noticias\/2026\/04\/01\/portugal-regista-2750-crimes-ambientais-e-aumento-de-32-nos-incendios\/\"]}]},{\"@type\":\"ImageObject\",\"inLanguage\":\"pt-PT\",\"@id\":\"https:\/\/portaltela.pt\/noticias\/2026\/04\/01\/portugal-regista-2750-crimes-ambientais-e-aumento-de-32-nos-incendios\/#primaryimage\",\"url\":\"https:\/\/portaltela.pt\/s.01k8rhncp4jt1\/2026\/04\/2078452.jpg\",\"contentUrl\":\"https:\/\/portaltela.pt\/s.01k8rhncp4jt1\/2026\/04\/2078452.jpg\",\"width\":796,\"height\":448,\"caption\":\"Em 2026, a GNR celebra os 25 anos da cria\u00e7\u00e3o do Servi\u00e7o de Protec\u00e7\u00e3o da Natureza e do Ambiente (SEPNA)\"},{\"@type\":\"BreadcrumbList\",\"@id\":\"https:\/\/portaltela.pt\/noticias\/2026\/04\/01\/portugal-regista-2750-crimes-ambientais-e-aumento-de-32-nos-incendios\/#breadcrumb\",\"itemListElement\":[{\"@type\":\"ListItem\",\"position\":1,\"name\":\"In\u00edcio\",\"item\":\"https:\/\/portaltela.pt\/\"},{\"@type\":\"ListItem\",\"position\":2,\"name\":\"Portugal regista 2750 crimes ambientais e aumento de 32% nos inc\u00eandios\"}]},{\"@type\":\"WebSite\",\"@id\":\"https:\/\/portaltela.pt\/#website\",\"url\":\"https:\/\/portaltela.pt\/\",\"name\":\"Portal Tela Portugal\",\"description\":\"\",\"potentialAction\":[{\"@type\":\"SearchAction\",\"target\":{\"@type\":\"EntryPoint\",\"urlTemplate\":\"https:\/\/portaltela.pt\/?s={search_term_string}\"},\"query-input\":{\"@type\":\"PropertyValueSpecification\",\"valueRequired\":true,\"valueName\":\"search_term_string\"}}],\"inLanguage\":\"pt-PT\"},{\"@type\":\"Person\",\"@id\":\"https:\/\/portaltela.pt\/#\/schema\/person\/c4278d4a6028830caff9ee44b42d32ed\",\"name\":\"Telinha\",\"image\":{\"@type\":\"ImageObject\",\"inLanguage\":\"pt-PT\",\"@id\":\"https:\/\/portaltela.pt\/s.01k8rhncp4jt1\/2025\/11\/talking-bot-125x125.png\",\"url\":\"https:\/\/portaltela.pt\/s.01k8rhncp4jt1\/2025\/11\/talking-bot-125x125.png\",\"contentUrl\":\"https:\/\/portaltela.pt\/s.01k8rhncp4jt1\/2025\/11\/talking-bot-125x125.png\",\"caption\":\"Telinha\"},\"sameAs\":[\"https:\/\/portaltela.pt\/\"],\"url\":\"https:\/\/portaltela.pt\/por\/367410592786\/\"}]}<\/script>\n<!-- \/ Yoast SEO plugin. -->","yoast_head_json":{"title":"Portugal regista 2750 crimes ambientais e aumento de 32% nos inc\u00eandios - Portal Tela Portugal","robots":{"index":"index","follow":"follow","max-snippet":"max-snippet:-1","max-image-preview":"max-image-preview:large","max-video-preview":"max-video-preview:-1"},"og_locale":"pt_PT","og_type":"article","og_title":"Portugal regista 2750 crimes ambientais e aumento de 32% nos inc\u00eandios - Portal Tela Portugal","og_description":"Em 2025, Portugal registou 2.750 crimes ambientais, com 342 deten\u00e7\u00f5es e coimas que totalizaram 46,1 milh\u00f5es de euros, ap\u00f3s 115.174 a\u00e7\u00f5es de fiscaliza\u00e7\u00e3o (ligeiramente menos que em 2024). O destaque vai para o aumento dos crimes de inc\u00eandio: 6.292 participa\u00e7\u00f5es, aumento de 32,2% face a 2024; inc\u00eandio rural chegaram a 10.036 ocorr\u00eancias, que destru\u00edram 270.839 hectares. A Pol\u00edcia Judici\u00e1ria realizou mais inqu\u00e9ritos por crimes ambientais (crescimento de 6% vs. 2024) e deteve 94 arguidos relacionados com inc\u00eandios, 50 dos quais em pris\u00e3o preventiva. No conjunto, foram levantados 23.444 autos de contra-ordena\u00e7\u00e3o, subindo de 20.308 em 2024 para 23.444 em 2025; os crimes ambientais passaram de 2.575 para 2.750. A GNR manteve-se como for\u00e7a mais ativa: 6.196 a\u00e7\u00f5es de sensibiliza\u00e7\u00e3o e 56.982 patrulhamentos, com 6.003 crimes registados, 119 identifica\u00e7\u00f5es e 68 deten\u00e7\u00f5es.","og_url":"https:\/\/portaltela.pt\/noticias\/2026\/04\/01\/portugal-regista-2750-crimes-ambientais-e-aumento-de-32-nos-incendios\/","og_site_name":"Portal Tela Portugal","article_published_time":"2026-04-01T09:02:19+00:00","author":"Telinha","twitter_card":"summary_large_image","twitter_misc":{"Escrito por":"Telinha","Tempo estimado de leitura":"2 minutos"},"schema":{"@context":"https:\/\/schema.org","@graph":[{"@type":"Article","@id":"https:\/\/portaltela.pt\/noticias\/2026\/04\/01\/portugal-regista-2750-crimes-ambientais-e-aumento-de-32-nos-incendios\/#article","isPartOf":{"@id":"https:\/\/portaltela.pt\/noticias\/2026\/04\/01\/portugal-regista-2750-crimes-ambientais-e-aumento-de-32-nos-incendios\/"},"author":{"name":"Telinha","@id":"https:\/\/portaltela.pt\/#\/schema\/person\/c4278d4a6028830caff9ee44b42d32ed"},"headline":"Portugal regista 2750 crimes ambientais e aumento de 32% nos inc\u00eandios","datePublished":"2026-04-01T09:02:19+00:00","mainEntityOfPage":{"@id":"https:\/\/portaltela.pt\/noticias\/2026\/04\/01\/portugal-regista-2750-crimes-ambientais-e-aumento-de-32-nos-incendios\/"},"wordCount":411,"image":{"@id":"https:\/\/portaltela.pt\/noticias\/2026\/04\/01\/portugal-regista-2750-crimes-ambientais-e-aumento-de-32-nos-incendios\/#primaryimage"},"thumbnailUrl":"https:\/\/portaltela.pt\/s.01k8rhncp4jt1\/2026\/04\/2078452.jpg","keywords":["contraordena\u00e7\u00f5es","crime","inc\u00eandios","meio-ambiente","polui\u00e7\u00e3o ambiental","prote\u00e7\u00e3o civil"],"articleSection":["Meio Ambiente","Not\u00edcias"],"inLanguage":"pt-PT"},{"@type":"WebPage","@id":"https:\/\/portaltela.pt\/noticias\/2026\/04\/01\/portugal-regista-2750-crimes-ambientais-e-aumento-de-32-nos-incendios\/","url":"https:\/\/portaltela.pt\/noticias\/2026\/04\/01\/portugal-regista-2750-crimes-ambientais-e-aumento-de-32-nos-incendios\/","name":"Portugal regista 2750 crimes ambientais e aumento de 32% nos inc\u00eandios - Portal Tela Portugal","isPartOf":{"@id":"https:\/\/portaltela.pt\/#website"},"primaryImageOfPage":{"@id":"https:\/\/portaltela.pt\/noticias\/2026\/04\/01\/portugal-regista-2750-crimes-ambientais-e-aumento-de-32-nos-incendios\/#primaryimage"},"image":{"@id":"https:\/\/portaltela.pt\/noticias\/2026\/04\/01\/portugal-regista-2750-crimes-ambientais-e-aumento-de-32-nos-incendios\/#primaryimage"},"thumbnailUrl":"https:\/\/portaltela.pt\/s.01k8rhncp4jt1\/2026\/04\/2078452.jpg","datePublished":"2026-04-01T09:02:19+00:00","author":{"@id":"https:\/\/portaltela.pt\/#\/schema\/person\/c4278d4a6028830caff9ee44b42d32ed"},"breadcrumb":{"@id":"https:\/\/portaltela.pt\/noticias\/2026\/04\/01\/portugal-regista-2750-crimes-ambientais-e-aumento-de-32-nos-incendios\/#breadcrumb"},"inLanguage":"pt-PT","potentialAction":[{"@type":"ReadAction","target":["https:\/\/portaltela.pt\/noticias\/2026\/04\/01\/portugal-regista-2750-crimes-ambientais-e-aumento-de-32-nos-incendios\/"]}]},{"@type":"ImageObject","inLanguage":"pt-PT","@id":"https:\/\/portaltela.pt\/noticias\/2026\/04\/01\/portugal-regista-2750-crimes-ambientais-e-aumento-de-32-nos-incendios\/#primaryimage","url":"https:\/\/portaltela.pt\/s.01k8rhncp4jt1\/2026\/04\/2078452.jpg","contentUrl":"https:\/\/portaltela.pt\/s.01k8rhncp4jt1\/2026\/04\/2078452.jpg","width":796,"height":448,"caption":"Em 2026, a GNR celebra os 25 anos da cria\u00e7\u00e3o do Servi\u00e7o de Protec\u00e7\u00e3o da Natureza e do Ambiente (SEPNA)"},{"@type":"BreadcrumbList","@id":"https:\/\/portaltela.pt\/noticias\/2026\/04\/01\/portugal-regista-2750-crimes-ambientais-e-aumento-de-32-nos-incendios\/#breadcrumb","itemListElement":[{"@type":"ListItem","position":1,"name":"In\u00edcio","item":"https:\/\/portaltela.pt\/"},{"@type":"ListItem","position":2,"name":"Portugal regista 2750 crimes ambientais e aumento de 32% nos inc\u00eandios"}]},{"@type":"WebSite","@id":"https:\/\/portaltela.pt\/#website","url":"https:\/\/portaltela.pt\/","name":"Portal Tela Portugal","description":"","potentialAction":[{"@type":"SearchAction","target":{"@type":"EntryPoint","urlTemplate":"https:\/\/portaltela.pt\/?s={search_term_string}"},"query-input":{"@type":"PropertyValueSpecification","valueRequired":true,"valueName":"search_term_string"}}],"inLanguage":"pt-PT"},{"@type":"Person","@id":"https:\/\/portaltela.pt\/#\/schema\/person\/c4278d4a6028830caff9ee44b42d32ed","name":"Telinha","image":{"@type":"ImageObject","inLanguage":"pt-PT","@id":"https:\/\/portaltela.pt\/s.01k8rhncp4jt1\/2025\/11\/talking-bot-125x125.png","url":"https:\/\/portaltela.pt\/s.01k8rhncp4jt1\/2025\/11\/talking-bot-125x125.png","contentUrl":"https:\/\/portaltela.pt\/s.01k8rhncp4jt1\/2025\/11\/talking-bot-125x125.png","caption":"Telinha"},"sameAs":["https:\/\/portaltela.pt\/"],"url":"https:\/\/portaltela.pt\/por\/367410592786\/"}]}},"_links":{"self":[{"href":"https:\/\/portaltela.pt\/api\/wp\/v2\/posts\/428831","targetHints":{"allow":["GET"]}}],"collection":[{"href":"https:\/\/portaltela.pt\/api\/wp\/v2\/posts"}],"about":[{"href":"https:\/\/portaltela.pt\/api\/wp\/v2\/types\/post"}],"author":[{"embeddable":true,"href":"https:\/\/portaltela.pt\/api\/wp\/v2\/users\/2"}],"replies":[{"embeddable":true,"href":"https:\/\/portaltela.pt\/api\/wp\/v2\/comments?post=428831"}],"version-history":[{"count":0,"href":"https:\/\/portaltela.pt\/api\/wp\/v2\/posts\/428831\/revisions"}],"wp:featuredmedia":[{"embeddable":true,"href":"https:\/\/portaltela.pt\/api\/wp\/v2\/media\/428832"}],"wp:attachment":[{"href":"https:\/\/portaltela.pt\/api\/wp\/v2\/media?parent=428831"}],"wp:term":[{"taxonomy":"category","embeddable":true,"href":"https:\/\/portaltela.pt\/api\/wp\/v2\/categories?post=428831"},{"taxonomy":"post_tag","embeddable":true,"href":"https:\/\/portaltela.pt\/api\/wp\/v2\/tags?post=428831"}],"curies":[{"name":"wp","href":"https:\/\/api.w.org\/{rel}","templated":true}]}}