{"id":428826,"date":"2026-04-01T06:02:12","date_gmt":"2026-04-01T09:02:12","guid":{"rendered":"https:\/\/portaltela.pt\/noticias\/2026\/04\/01\/satelites-monitorizam-florestas-da-regiao-de-coimbra-para-evitar-fogos\/"},"modified":"2026-04-01T06:02:12","modified_gmt":"2026-04-01T09:02:12","slug":"satelites-monitorizam-florestas-da-regiao-de-coimbra-para-evitar-fogos","status":"publish","type":"post","link":"https:\/\/portaltela.pt\/noticias\/2026\/04\/01\/satelites-monitorizam-florestas-da-regiao-de-coimbra-para-evitar-fogos\/","title":{"rendered":"Sat\u00e9lites monitorizam florestas da Regi\u00e3o de Coimbra para evitar fogos"},"content":{"rendered":"<p>A EOS Data Analytics (EOSDA) vai monitorizar 19 munic\u00edpios da Regi\u00e3o de Coimbra com dados de sat\u00e9lite para prevenir inc\u00eandios, num projeto de um ano. A iniciativa envolve a EOSDA, a empresa portuguesa EOSSAT e a Ag\u00eancia Espacial Europeia (ESA). O objetivo \u00e9 mapear altera\u00e7\u00f5es na cobertura florestal, \u00e1reas ardidas e o progresso da recupera\u00e7\u00e3o.<\/p>\n<p>Em parceria com a Comunidade Intermunicipal (CIM) da Regi\u00e3o de Coimbra, o projeto cobre uma \u00e1rea de 4 336 km2 e tem in\u00edcio em mar\u00e7o. O financiamento resulta do programa InCubed da ESA, que apoia aplica\u00e7\u00f5es comerciais baseadas em dados de observa\u00e7\u00e3o da Terra.<\/p>\n<p>O contrato prev\u00ea a utiliza\u00e7\u00e3o do sat\u00e9lite EOS SAT-1, com resolu\u00e7\u00e3o de tr\u00eas metros, aliado a processamento automatizado e valida\u00e7\u00e3o por especialistas. Os mapas ser\u00e3o atualizados a cada tr\u00eas meses para apoiar a preven\u00e7\u00e3o e o planeamento da recupera\u00e7\u00e3o.<\/p>\n<p>Os mapas trimestrais v\u00e3o ser disponibilizados atrav\u00e9s da plataforma SADGE da CIM Regi\u00e3o de Coimbra. A ferramenta incluir\u00e1 altera\u00e7\u00f5es na cobertura florestal, \u00e1reas ardidas e o ritmo de recupera\u00e7\u00e3o, ajudando na tomada de decis\u00f5es.<\/p>\n<p>A ESA, por seu lado, destaca que o InCubed transforma dados de Observa\u00e7\u00e3o da Terra em servi\u00e7os \u00fateis para enfrentar desafios reais. O respons\u00e1vel pelo programa na ESA sublinha o potencial de uso local da tecnologia de sat\u00e9lite.<\/p>\n<p>A dire\u00e7\u00e3o da EOSDA afirma que o projeto pode reduzir o impacto de inc\u00eandios e melhorar a resili\u00eancia das comunidades. A experi\u00eancia \u00e9 apresentada como piloto com perspetiva de expans\u00e3o para outras regi\u00f5es.<\/p>\n<p>A estimativa da EOSDA aponta que, ao longo do ano, pode haver at\u00e9 90% de precis\u00e3o na identifica\u00e7\u00e3o de zonas de risco. Com isso, a empresa antecipa a possibilidade de diminuir at\u00e9 30% o n\u00famero de inc\u00eandios na regi\u00e3o.<\/p>\n<p>A iniciativa prev\u00ea ainda a prote\u00e7\u00e3o de at\u00e9 25 000 hectares por ano na Regi\u00e3o de Coimbra, por meio da monitoriza\u00e7\u00e3o cont\u00ednua e da interven\u00e7\u00e3o preventiva mais precisa.<\/p>\n","protected":false},"excerpt":{"rendered":"<ul>\n<li>EOS Data Analytics monitorizar\u00e1 a floresta da Regi\u00e3o de Coimbra em 19 munic\u00edpios durante um ano, usando dados de sat\u00e9lite para prevenir inc\u00eandios.<\/li>\n<li>Em 2025 a regi\u00e3o registou mais de 64.000 hectares ardidos; o projeto, com a parceria da EOSSAT, \u00e9 apoiado pela Ag\u00eancia Espacial Europeia atrav\u00e9s do programa InCubed.<\/li>\n<li>A \u00e1rea de atua\u00e7\u00e3o \u00e9 de 4.336 km\u00b2, com identifica\u00e7\u00e3o de riscos de inc\u00eandio, apoio \u00e0 preven\u00e7\u00e3o, avalia\u00e7\u00e3o de perdas e planeamento da recupera\u00e7\u00e3o, atrav\u00e9s de mapas trimestrais na plataforma Sistema de Apoio \u00e0 Decis\u00e3o e Gest\u00e3o da Emerg\u00eancia (SADGE).<\/li>\n<li>A solu\u00e7\u00e3o usa o sat\u00e9lite EOS SAT-1 (resolu\u00e7\u00e3o de tr\u00eas metros), com processamento automatizado e valida\u00e7\u00e3o por especialistas.<\/li>\n<li>O objetivo \u00e9 reduzir inc\u00eandios e aumentar a precis\u00e3o da monitoriza\u00e7\u00e3o; pode chegar a at\u00e9 noventa por cento na identifica\u00e7\u00e3o de \u00e1reas de risco e reduzir at\u00e9 trinta por cento o n\u00famero de inc\u00eandios, preservando at\u00e9 vinte e cinco mil hectares por ano na regi\u00e3o.<\/li>\n<\/ul>\n","protected":false},"author":2,"featured_media":428829,"comment_status":"closed","ping_status":"closed","sticky":false,"template":"","format":"standard","meta":{"footnotes":""},"categories":[6725,1],"tags":[1438,45,2429,320,4650,1036],"class_list":["post-428826","post","type-post","status-publish","format-standard","has-post-thumbnail","hentry","category-meio-ambiente","category-noticias","tag-incendio","tag-meio-ambiente","tag-observacao-da-terra","tag-protecao-civil","tag-regiao-centro","tag-satelites"],"yoast_head":"<!-- This site is optimized with the Yoast SEO plugin v27.2 - https:\/\/yoast.com\/product\/yoast-seo-wordpress\/ -->\n<title>Sat\u00e9lites monitorizam florestas da Regi\u00e3o de Coimbra para evitar fogos - Portal Tela Portugal<\/title>\n<meta name=\"robots\" content=\"index, follow, max-snippet:-1, max-image-preview:large, max-video-preview:-1\" \/>\n<meta property=\"og:locale\" content=\"pt_PT\" \/>\n<meta property=\"og:type\" content=\"article\" \/>\n<meta property=\"og:title\" content=\"Sat\u00e9lites monitorizam florestas da Regi\u00e3o de Coimbra para evitar fogos - Portal Tela Portugal\" \/>\n<meta property=\"og:description\" content=\"EOS Data Analytics monitorizar\u00e1 a floresta da Regi\u00e3o de Coimbra em 19 munic\u00edpios durante um ano, usando dados de sat\u00e9lite para prevenir inc\u00eandios. Em 2025 a regi\u00e3o registou mais de 64.000 hectares ardidos; o projeto, com a parceria da EOSSAT, \u00e9 apoiado pela Ag\u00eancia Espacial Europeia atrav\u00e9s do programa InCubed. A \u00e1rea de atua\u00e7\u00e3o \u00e9 de 4.336 km\u00b2, com identifica\u00e7\u00e3o de riscos de inc\u00eandio, apoio \u00e0 preven\u00e7\u00e3o, avalia\u00e7\u00e3o de perdas e planeamento da recupera\u00e7\u00e3o, atrav\u00e9s de mapas trimestrais na plataforma Sistema de Apoio \u00e0 Decis\u00e3o e Gest\u00e3o da Emerg\u00eancia (SADGE). A solu\u00e7\u00e3o usa o sat\u00e9lite EOS SAT-1 (resolu\u00e7\u00e3o de tr\u00eas metros), com processamento automatizado e valida\u00e7\u00e3o por especialistas. O objetivo \u00e9 reduzir inc\u00eandios e aumentar a precis\u00e3o da monitoriza\u00e7\u00e3o; pode chegar a at\u00e9 noventa por cento na identifica\u00e7\u00e3o de \u00e1reas de risco e reduzir at\u00e9 trinta por cento o n\u00famero de inc\u00eandios, preservando at\u00e9 vinte e cinco mil hectares por ano na regi\u00e3o.\" \/>\n<meta property=\"og:url\" content=\"https:\/\/portaltela.pt\/noticias\/2026\/04\/01\/satelites-monitorizam-florestas-da-regiao-de-coimbra-para-evitar-fogos\/\" \/>\n<meta property=\"og:site_name\" content=\"Portal Tela Portugal\" \/>\n<meta property=\"article:published_time\" content=\"2026-04-01T09:02:12+00:00\" \/>\n<meta name=\"author\" content=\"Telinha\" \/>\n<meta name=\"twitter:card\" content=\"summary_large_image\" \/>\n<meta name=\"twitter:label1\" content=\"Escrito por\" \/>\n\t<meta name=\"twitter:data1\" content=\"Telinha\" \/>\n\t<meta name=\"twitter:label2\" content=\"Tempo estimado de leitura\" \/>\n\t<meta name=\"twitter:data2\" content=\"2 minutos\" \/>\n<script type=\"application\/ld+json\" class=\"yoast-schema-graph\">{\"@context\":\"https:\/\/schema.org\",\"@graph\":[{\"@type\":\"Article\",\"@id\":\"https:\/\/portaltela.pt\/noticias\/2026\/04\/01\/satelites-monitorizam-florestas-da-regiao-de-coimbra-para-evitar-fogos\/#article\",\"isPartOf\":{\"@id\":\"https:\/\/portaltela.pt\/noticias\/2026\/04\/01\/satelites-monitorizam-florestas-da-regiao-de-coimbra-para-evitar-fogos\/\"},\"author\":{\"name\":\"Telinha\",\"@id\":\"https:\/\/portaltela.pt\/#\/schema\/person\/c4278d4a6028830caff9ee44b42d32ed\"},\"headline\":\"Sat\u00e9lites monitorizam florestas da Regi\u00e3o de Coimbra para evitar fogos\",\"datePublished\":\"2026-04-01T09:02:12+00:00\",\"mainEntityOfPage\":{\"@id\":\"https:\/\/portaltela.pt\/noticias\/2026\/04\/01\/satelites-monitorizam-florestas-da-regiao-de-coimbra-para-evitar-fogos\/\"},\"wordCount\":360,\"image\":{\"@id\":\"https:\/\/portaltela.pt\/noticias\/2026\/04\/01\/satelites-monitorizam-florestas-da-regiao-de-coimbra-para-evitar-fogos\/#primaryimage\"},\"thumbnailUrl\":\"https:\/\/portaltela.pt\/s.01k8rhncp4jt1\/2026\/04\/img_1280x721uu2016-02-17-00-55-00-514709.jpg\",\"keywords\":[\"inc\u00eandio\",\"meio-ambiente\",\"observa\u00e7\u00e3o da Terra\",\"prote\u00e7\u00e3o civil\",\"Regi\u00e3o Centro\",\"sat\u00e9lites\"],\"articleSection\":[\"Meio Ambiente\",\"Not\u00edcias\"],\"inLanguage\":\"pt-PT\"},{\"@type\":\"WebPage\",\"@id\":\"https:\/\/portaltela.pt\/noticias\/2026\/04\/01\/satelites-monitorizam-florestas-da-regiao-de-coimbra-para-evitar-fogos\/\",\"url\":\"https:\/\/portaltela.pt\/noticias\/2026\/04\/01\/satelites-monitorizam-florestas-da-regiao-de-coimbra-para-evitar-fogos\/\",\"name\":\"Sat\u00e9lites monitorizam florestas da Regi\u00e3o de Coimbra para evitar fogos - Portal Tela Portugal\",\"isPartOf\":{\"@id\":\"https:\/\/portaltela.pt\/#website\"},\"primaryImageOfPage\":{\"@id\":\"https:\/\/portaltela.pt\/noticias\/2026\/04\/01\/satelites-monitorizam-florestas-da-regiao-de-coimbra-para-evitar-fogos\/#primaryimage\"},\"image\":{\"@id\":\"https:\/\/portaltela.pt\/noticias\/2026\/04\/01\/satelites-monitorizam-florestas-da-regiao-de-coimbra-para-evitar-fogos\/#primaryimage\"},\"thumbnailUrl\":\"https:\/\/portaltela.pt\/s.01k8rhncp4jt1\/2026\/04\/img_1280x721uu2016-02-17-00-55-00-514709.jpg\",\"datePublished\":\"2026-04-01T09:02:12+00:00\",\"author\":{\"@id\":\"https:\/\/portaltela.pt\/#\/schema\/person\/c4278d4a6028830caff9ee44b42d32ed\"},\"breadcrumb\":{\"@id\":\"https:\/\/portaltela.pt\/noticias\/2026\/04\/01\/satelites-monitorizam-florestas-da-regiao-de-coimbra-para-evitar-fogos\/#breadcrumb\"},\"inLanguage\":\"pt-PT\",\"potentialAction\":[{\"@type\":\"ReadAction\",\"target\":[\"https:\/\/portaltela.pt\/noticias\/2026\/04\/01\/satelites-monitorizam-florestas-da-regiao-de-coimbra-para-evitar-fogos\/\"]}]},{\"@type\":\"ImageObject\",\"inLanguage\":\"pt-PT\",\"@id\":\"https:\/\/portaltela.pt\/noticias\/2026\/04\/01\/satelites-monitorizam-florestas-da-regiao-de-coimbra-para-evitar-fogos\/#primaryimage\",\"url\":\"https:\/\/portaltela.pt\/s.01k8rhncp4jt1\/2026\/04\/img_1280x721uu2016-02-17-00-55-00-514709.jpg\",\"contentUrl\":\"https:\/\/portaltela.pt\/s.01k8rhncp4jt1\/2026\/04\/img_1280x721uu2016-02-17-00-55-00-514709.jpg\",\"width\":796,\"height\":448,\"caption\":\"Fogos\"},{\"@type\":\"BreadcrumbList\",\"@id\":\"https:\/\/portaltela.pt\/noticias\/2026\/04\/01\/satelites-monitorizam-florestas-da-regiao-de-coimbra-para-evitar-fogos\/#breadcrumb\",\"itemListElement\":[{\"@type\":\"ListItem\",\"position\":1,\"name\":\"In\u00edcio\",\"item\":\"https:\/\/portaltela.pt\/\"},{\"@type\":\"ListItem\",\"position\":2,\"name\":\"Sat\u00e9lites monitorizam florestas da Regi\u00e3o de Coimbra para evitar fogos\"}]},{\"@type\":\"WebSite\",\"@id\":\"https:\/\/portaltela.pt\/#website\",\"url\":\"https:\/\/portaltela.pt\/\",\"name\":\"Portal Tela Portugal\",\"description\":\"\",\"potentialAction\":[{\"@type\":\"SearchAction\",\"target\":{\"@type\":\"EntryPoint\",\"urlTemplate\":\"https:\/\/portaltela.pt\/?s={search_term_string}\"},\"query-input\":{\"@type\":\"PropertyValueSpecification\",\"valueRequired\":true,\"valueName\":\"search_term_string\"}}],\"inLanguage\":\"pt-PT\"},{\"@type\":\"Person\",\"@id\":\"https:\/\/portaltela.pt\/#\/schema\/person\/c4278d4a6028830caff9ee44b42d32ed\",\"name\":\"Telinha\",\"image\":{\"@type\":\"ImageObject\",\"inLanguage\":\"pt-PT\",\"@id\":\"https:\/\/portaltela.pt\/s.01k8rhncp4jt1\/2025\/11\/talking-bot-125x125.png\",\"url\":\"https:\/\/portaltela.pt\/s.01k8rhncp4jt1\/2025\/11\/talking-bot-125x125.png\",\"contentUrl\":\"https:\/\/portaltela.pt\/s.01k8rhncp4jt1\/2025\/11\/talking-bot-125x125.png\",\"caption\":\"Telinha\"},\"sameAs\":[\"https:\/\/portaltela.pt\/\"],\"url\":\"https:\/\/portaltela.pt\/por\/367410592786\/\"}]}<\/script>\n<!-- \/ Yoast SEO plugin. -->","yoast_head_json":{"title":"Sat\u00e9lites monitorizam florestas da Regi\u00e3o de Coimbra para evitar fogos - Portal Tela Portugal","robots":{"index":"index","follow":"follow","max-snippet":"max-snippet:-1","max-image-preview":"max-image-preview:large","max-video-preview":"max-video-preview:-1"},"og_locale":"pt_PT","og_type":"article","og_title":"Sat\u00e9lites monitorizam florestas da Regi\u00e3o de Coimbra para evitar fogos - Portal Tela Portugal","og_description":"EOS Data Analytics monitorizar\u00e1 a floresta da Regi\u00e3o de Coimbra em 19 munic\u00edpios durante um ano, usando dados de sat\u00e9lite para prevenir inc\u00eandios. Em 2025 a regi\u00e3o registou mais de 64.000 hectares ardidos; o projeto, com a parceria da EOSSAT, \u00e9 apoiado pela Ag\u00eancia Espacial Europeia atrav\u00e9s do programa InCubed. A \u00e1rea de atua\u00e7\u00e3o \u00e9 de 4.336 km\u00b2, com identifica\u00e7\u00e3o de riscos de inc\u00eandio, apoio \u00e0 preven\u00e7\u00e3o, avalia\u00e7\u00e3o de perdas e planeamento da recupera\u00e7\u00e3o, atrav\u00e9s de mapas trimestrais na plataforma Sistema de Apoio \u00e0 Decis\u00e3o e Gest\u00e3o da Emerg\u00eancia (SADGE). A solu\u00e7\u00e3o usa o sat\u00e9lite EOS SAT-1 (resolu\u00e7\u00e3o de tr\u00eas metros), com processamento automatizado e valida\u00e7\u00e3o por especialistas. O objetivo \u00e9 reduzir inc\u00eandios e aumentar a precis\u00e3o da monitoriza\u00e7\u00e3o; pode chegar a at\u00e9 noventa por cento na identifica\u00e7\u00e3o de \u00e1reas de risco e reduzir at\u00e9 trinta por cento o n\u00famero de inc\u00eandios, preservando at\u00e9 vinte e cinco mil hectares por ano na regi\u00e3o.","og_url":"https:\/\/portaltela.pt\/noticias\/2026\/04\/01\/satelites-monitorizam-florestas-da-regiao-de-coimbra-para-evitar-fogos\/","og_site_name":"Portal Tela Portugal","article_published_time":"2026-04-01T09:02:12+00:00","author":"Telinha","twitter_card":"summary_large_image","twitter_misc":{"Escrito por":"Telinha","Tempo estimado de leitura":"2 minutos"},"schema":{"@context":"https:\/\/schema.org","@graph":[{"@type":"Article","@id":"https:\/\/portaltela.pt\/noticias\/2026\/04\/01\/satelites-monitorizam-florestas-da-regiao-de-coimbra-para-evitar-fogos\/#article","isPartOf":{"@id":"https:\/\/portaltela.pt\/noticias\/2026\/04\/01\/satelites-monitorizam-florestas-da-regiao-de-coimbra-para-evitar-fogos\/"},"author":{"name":"Telinha","@id":"https:\/\/portaltela.pt\/#\/schema\/person\/c4278d4a6028830caff9ee44b42d32ed"},"headline":"Sat\u00e9lites monitorizam florestas da Regi\u00e3o de Coimbra para evitar fogos","datePublished":"2026-04-01T09:02:12+00:00","mainEntityOfPage":{"@id":"https:\/\/portaltela.pt\/noticias\/2026\/04\/01\/satelites-monitorizam-florestas-da-regiao-de-coimbra-para-evitar-fogos\/"},"wordCount":360,"image":{"@id":"https:\/\/portaltela.pt\/noticias\/2026\/04\/01\/satelites-monitorizam-florestas-da-regiao-de-coimbra-para-evitar-fogos\/#primaryimage"},"thumbnailUrl":"https:\/\/portaltela.pt\/s.01k8rhncp4jt1\/2026\/04\/img_1280x721uu2016-02-17-00-55-00-514709.jpg","keywords":["inc\u00eandio","meio-ambiente","observa\u00e7\u00e3o da Terra","prote\u00e7\u00e3o civil","Regi\u00e3o Centro","sat\u00e9lites"],"articleSection":["Meio Ambiente","Not\u00edcias"],"inLanguage":"pt-PT"},{"@type":"WebPage","@id":"https:\/\/portaltela.pt\/noticias\/2026\/04\/01\/satelites-monitorizam-florestas-da-regiao-de-coimbra-para-evitar-fogos\/","url":"https:\/\/portaltela.pt\/noticias\/2026\/04\/01\/satelites-monitorizam-florestas-da-regiao-de-coimbra-para-evitar-fogos\/","name":"Sat\u00e9lites monitorizam florestas da Regi\u00e3o de Coimbra para evitar fogos - Portal Tela Portugal","isPartOf":{"@id":"https:\/\/portaltela.pt\/#website"},"primaryImageOfPage":{"@id":"https:\/\/portaltela.pt\/noticias\/2026\/04\/01\/satelites-monitorizam-florestas-da-regiao-de-coimbra-para-evitar-fogos\/#primaryimage"},"image":{"@id":"https:\/\/portaltela.pt\/noticias\/2026\/04\/01\/satelites-monitorizam-florestas-da-regiao-de-coimbra-para-evitar-fogos\/#primaryimage"},"thumbnailUrl":"https:\/\/portaltela.pt\/s.01k8rhncp4jt1\/2026\/04\/img_1280x721uu2016-02-17-00-55-00-514709.jpg","datePublished":"2026-04-01T09:02:12+00:00","author":{"@id":"https:\/\/portaltela.pt\/#\/schema\/person\/c4278d4a6028830caff9ee44b42d32ed"},"breadcrumb":{"@id":"https:\/\/portaltela.pt\/noticias\/2026\/04\/01\/satelites-monitorizam-florestas-da-regiao-de-coimbra-para-evitar-fogos\/#breadcrumb"},"inLanguage":"pt-PT","potentialAction":[{"@type":"ReadAction","target":["https:\/\/portaltela.pt\/noticias\/2026\/04\/01\/satelites-monitorizam-florestas-da-regiao-de-coimbra-para-evitar-fogos\/"]}]},{"@type":"ImageObject","inLanguage":"pt-PT","@id":"https:\/\/portaltela.pt\/noticias\/2026\/04\/01\/satelites-monitorizam-florestas-da-regiao-de-coimbra-para-evitar-fogos\/#primaryimage","url":"https:\/\/portaltela.pt\/s.01k8rhncp4jt1\/2026\/04\/img_1280x721uu2016-02-17-00-55-00-514709.jpg","contentUrl":"https:\/\/portaltela.pt\/s.01k8rhncp4jt1\/2026\/04\/img_1280x721uu2016-02-17-00-55-00-514709.jpg","width":796,"height":448,"caption":"Fogos"},{"@type":"BreadcrumbList","@id":"https:\/\/portaltela.pt\/noticias\/2026\/04\/01\/satelites-monitorizam-florestas-da-regiao-de-coimbra-para-evitar-fogos\/#breadcrumb","itemListElement":[{"@type":"ListItem","position":1,"name":"In\u00edcio","item":"https:\/\/portaltela.pt\/"},{"@type":"ListItem","position":2,"name":"Sat\u00e9lites monitorizam florestas da Regi\u00e3o de Coimbra para evitar fogos"}]},{"@type":"WebSite","@id":"https:\/\/portaltela.pt\/#website","url":"https:\/\/portaltela.pt\/","name":"Portal Tela Portugal","description":"","potentialAction":[{"@type":"SearchAction","target":{"@type":"EntryPoint","urlTemplate":"https:\/\/portaltela.pt\/?s={search_term_string}"},"query-input":{"@type":"PropertyValueSpecification","valueRequired":true,"valueName":"search_term_string"}}],"inLanguage":"pt-PT"},{"@type":"Person","@id":"https:\/\/portaltela.pt\/#\/schema\/person\/c4278d4a6028830caff9ee44b42d32ed","name":"Telinha","image":{"@type":"ImageObject","inLanguage":"pt-PT","@id":"https:\/\/portaltela.pt\/s.01k8rhncp4jt1\/2025\/11\/talking-bot-125x125.png","url":"https:\/\/portaltela.pt\/s.01k8rhncp4jt1\/2025\/11\/talking-bot-125x125.png","contentUrl":"https:\/\/portaltela.pt\/s.01k8rhncp4jt1\/2025\/11\/talking-bot-125x125.png","caption":"Telinha"},"sameAs":["https:\/\/portaltela.pt\/"],"url":"https:\/\/portaltela.pt\/por\/367410592786\/"}]}},"_links":{"self":[{"href":"https:\/\/portaltela.pt\/api\/wp\/v2\/posts\/428826","targetHints":{"allow":["GET"]}}],"collection":[{"href":"https:\/\/portaltela.pt\/api\/wp\/v2\/posts"}],"about":[{"href":"https:\/\/portaltela.pt\/api\/wp\/v2\/types\/post"}],"author":[{"embeddable":true,"href":"https:\/\/portaltela.pt\/api\/wp\/v2\/users\/2"}],"replies":[{"embeddable":true,"href":"https:\/\/portaltela.pt\/api\/wp\/v2\/comments?post=428826"}],"version-history":[{"count":0,"href":"https:\/\/portaltela.pt\/api\/wp\/v2\/posts\/428826\/revisions"}],"wp:featuredmedia":[{"embeddable":true,"href":"https:\/\/portaltela.pt\/api\/wp\/v2\/media\/428829"}],"wp:attachment":[{"href":"https:\/\/portaltela.pt\/api\/wp\/v2\/media?parent=428826"}],"wp:term":[{"taxonomy":"category","embeddable":true,"href":"https:\/\/portaltela.pt\/api\/wp\/v2\/categories?post=428826"},{"taxonomy":"post_tag","embeddable":true,"href":"https:\/\/portaltela.pt\/api\/wp\/v2\/tags?post=428826"}],"curies":[{"name":"wp","href":"https:\/\/api.w.org\/{rel}","templated":true}]}}