{"id":428825,"date":"2026-04-01T06:02:11","date_gmt":"2026-04-01T09:02:11","guid":{"rendered":"https:\/\/portaltela.pt\/noticias\/2026\/04\/01\/novo-aiatola-esta-vivo-afirma-embaixador-iraniano-em-lisboa\/"},"modified":"2026-04-01T06:02:11","modified_gmt":"2026-04-01T09:02:11","slug":"novo-aiatola-esta-vivo-afirma-embaixador-iraniano-em-lisboa","status":"publish","type":"post","link":"https:\/\/portaltela.pt\/noticias\/2026\/04\/01\/novo-aiatola-esta-vivo-afirma-embaixador-iraniano-em-lisboa\/","title":{"rendered":"Novo aiatol\u00e1 est\u00e1 vivo, afirma embaixador iraniano em Lisboa"},"content":{"rendered":"<p>O novo guia e l\u00edder supremo do Ir\u00e3o, aiatola Mojtaba Khamenei, est\u00e1 vivo, afirmou o embaixador do Ir\u00e3o em Lisboa, Majid Tafreshi, em entrevista \u00e0 Lusa. A declara\u00e7\u00e3o surge numa altura de tens\u00f5es regionais ap\u00f3s ataques recentes contra o Ir\u00e3o.<\/p>\n<p>Tafreshi questionou por que raz\u00e3o se n\u00e3o deveria aceitar a not\u00edcia da continuidade de Mojtaba Khamenei, referindo que a mensagem permanece clara e que n\u00e3o vale a pena alimentar confus\u00f5es. A entrevista incidiu sobre a legitimidade da lideran\u00e7a.<\/p>\n<p>O embaixador reiterou que, independentemente de quem ocupou o cargo, Mojtaba ainda n\u00e3o foi visto desde que a Assembleia de Peritos o indicou, a 8 de mar\u00e7o, para suceder ao pai. Ele destacou a necessidade de paz e seguran\u00e7a regionais.<\/p>\n<p>Quanto \u00e0s respostas internacionais, Tafreshi mencionou que China e R\u00fassia, aliados do Ir\u00e3o, bem como os rebeldes Huthis do I\u00e9men, t\u00eam estados de sil\u00eancio. Defendeu que devem agir atrav\u00e9s do BRICS e de outras institui\u00e7\u00f5es para reduzir o risco de conflito.<\/p>\n<p>O diplomata sustenta que os EUA e Israel precisam interromper as hostilidades e reconhecem que o ataque foi um erro de c\u00e1lculo. Apontou que o Ir\u00e3o, por sua vez, se mant\u00e9m fiel aos seus princ\u00edpios de soberania e defesa.<\/p>\n<p>Sobre os Huthis, Tafreshi indicou que as autoridades de Sanaa foram atacadas pelos EUA, justificando a resposta como defesa da soberania iraniana. Refor\u00e7ou ainda que o Ir\u00e3o \u00e9 firme na prote\u00e7\u00e3o dos seus cidad\u00e3os e valores hist\u00f3ricos.<\/p>\n<p>A entrevista ocorria num momento de crise econ\u00f4mica global associada aos ataques entre EUA e Israel e \u00e0s respostas internacionais. Tafreshi pediu confian\u00e7a e transpar\u00eancia na comunidade internacional para evitar escaladas.<\/p>\n","protected":false},"excerpt":{"rendered":"<ul>\n<li>O embaixador do Ir\u00e3o em Portugal, Majid Tafreshi, disse \u00e0 Lusa que o aiatola Mojtaba Khamenei est\u00e1 vivo, rejeitando relatos de morte e diverg\u00eancias sobre a lideran\u00e7a.<\/li>\n<li>Tafreshi questionou por que raz\u00e3o haveria de existir d\u00favida sobre a continuidade da lideran\u00e7a, mantendo o foco na paz e na seguran\u00e7a.<\/li>\n<li>A elei\u00e7\u00e3o da Assembleia de Peritos, a 8 de mar\u00e7o, ainda n\u00e3o produziu confirma\u00e7\u00e3o p\u00fablica de substitui\u00e7\u00e3o, ainda que se discuta a possibilidade de Moqtaba Khamenei, filho do anterior l\u00edder, assumir o cargo.<\/li>\n<li>Sobre o papel do BRICS, o embaixador afirmou que o grupo permanece em sil\u00eancio, mas pode agir para reduzir o risco de guerra, destacando a atua\u00e7\u00e3o do Ir\u00e3o como membro desde 2023.<\/li>\n<li>Em rela\u00e7\u00e3o aos Huthis e aos ataques no terreno, Tafreshi afirmou que as a\u00e7\u00f5es visam defender a soberania iraniana e pediu confian\u00e7a e respeito pelo direito internacional como base para uma solu\u00e7\u00e3o pac\u00edfica.<\/li>\n<\/ul>\n","protected":false},"author":2,"featured_media":428828,"comment_status":"closed","ping_status":"closed","sticky":false,"template":"","format":"standard","meta":{"footnotes":""},"categories":[6814,1],"tags":[2198,29,6703,1600,6509,3327],"class_list":["post-428825","post","type-post","status-publish","format-standard","has-post-thumbnail","hentry","category-geopolitica","category-noticias","tag-conflitos-internacionais","tag-diplomacia","tag-diplomacia-internacional","tag-estados-unidos","tag-iemen","tag-iran"],"yoast_head":"<!-- This site is optimized with the Yoast SEO plugin v27.2 - https:\/\/yoast.com\/product\/yoast-seo-wordpress\/ -->\n<title>Novo aiatol\u00e1 est\u00e1 vivo, afirma embaixador iraniano em Lisboa - Portal Tela Portugal<\/title>\n<meta name=\"robots\" content=\"index, follow, max-snippet:-1, max-image-preview:large, max-video-preview:-1\" \/>\n<meta property=\"og:locale\" content=\"pt_PT\" \/>\n<meta property=\"og:type\" content=\"article\" \/>\n<meta property=\"og:title\" content=\"Novo aiatol\u00e1 est\u00e1 vivo, afirma embaixador iraniano em Lisboa - Portal Tela Portugal\" \/>\n<meta property=\"og:description\" content=\"O embaixador do Ir\u00e3o em Portugal, Majid Tafreshi, disse \u00e0 Lusa que o aiatola Mojtaba Khamenei est\u00e1 vivo, rejeitando relatos de morte e diverg\u00eancias sobre a lideran\u00e7a. Tafreshi questionou por que raz\u00e3o haveria de existir d\u00favida sobre a continuidade da lideran\u00e7a, mantendo o foco na paz e na seguran\u00e7a. A elei\u00e7\u00e3o da Assembleia de Peritos, a 8 de mar\u00e7o, ainda n\u00e3o produziu confirma\u00e7\u00e3o p\u00fablica de substitui\u00e7\u00e3o, ainda que se discuta a possibilidade de Moqtaba Khamenei, filho do anterior l\u00edder, assumir o cargo. Sobre o papel do BRICS, o embaixador afirmou que o grupo permanece em sil\u00eancio, mas pode agir para reduzir o risco de guerra, destacando a atua\u00e7\u00e3o do Ir\u00e3o como membro desde 2023. Em rela\u00e7\u00e3o aos Huthis e aos ataques no terreno, Tafreshi afirmou que as a\u00e7\u00f5es visam defender a soberania iraniana e pediu confian\u00e7a e respeito pelo direito internacional como base para uma solu\u00e7\u00e3o pac\u00edfica.\" \/>\n<meta property=\"og:url\" content=\"https:\/\/portaltela.pt\/noticias\/2026\/04\/01\/novo-aiatola-esta-vivo-afirma-embaixador-iraniano-em-lisboa\/\" \/>\n<meta property=\"og:site_name\" content=\"Portal Tela Portugal\" \/>\n<meta property=\"article:published_time\" content=\"2026-04-01T09:02:11+00:00\" \/>\n<meta name=\"author\" content=\"Telinha\" \/>\n<meta name=\"twitter:card\" content=\"summary_large_image\" \/>\n<meta name=\"twitter:label1\" content=\"Escrito por\" \/>\n\t<meta name=\"twitter:data1\" content=\"Telinha\" \/>\n\t<meta name=\"twitter:label2\" content=\"Tempo estimado de leitura\" \/>\n\t<meta name=\"twitter:data2\" content=\"1 minuto\" \/>\n<script type=\"application\/ld+json\" class=\"yoast-schema-graph\">{\"@context\":\"https:\/\/schema.org\",\"@graph\":[{\"@type\":\"Article\",\"@id\":\"https:\/\/portaltela.pt\/noticias\/2026\/04\/01\/novo-aiatola-esta-vivo-afirma-embaixador-iraniano-em-lisboa\/#article\",\"isPartOf\":{\"@id\":\"https:\/\/portaltela.pt\/noticias\/2026\/04\/01\/novo-aiatola-esta-vivo-afirma-embaixador-iraniano-em-lisboa\/\"},\"author\":{\"name\":\"Telinha\",\"@id\":\"https:\/\/portaltela.pt\/#\/schema\/person\/c4278d4a6028830caff9ee44b42d32ed\"},\"headline\":\"Novo aiatol\u00e1 est\u00e1 vivo, afirma embaixador iraniano em Lisboa\",\"datePublished\":\"2026-04-01T09:02:11+00:00\",\"mainEntityOfPage\":{\"@id\":\"https:\/\/portaltela.pt\/noticias\/2026\/04\/01\/novo-aiatola-esta-vivo-afirma-embaixador-iraniano-em-lisboa\/\"},\"wordCount\":307,\"image\":{\"@id\":\"https:\/\/portaltela.pt\/noticias\/2026\/04\/01\/novo-aiatola-esta-vivo-afirma-embaixador-iraniano-em-lisboa\/#primaryimage\"},\"thumbnailUrl\":\"https:\/\/portaltela.pt\/s.01k8rhncp4jt1\/2026\/04\/image-8.jpg\",\"keywords\":[\"conflitos internacionais\",\"diplomacia\",\"diplomacia internacional\",\"Estados Unidos\",\"I\u00e9men\",\"\u00cdr\u00e1n\"],\"articleSection\":[\"Geopol\u00edtica\",\"Not\u00edcias\"],\"inLanguage\":\"pt-PT\"},{\"@type\":\"WebPage\",\"@id\":\"https:\/\/portaltela.pt\/noticias\/2026\/04\/01\/novo-aiatola-esta-vivo-afirma-embaixador-iraniano-em-lisboa\/\",\"url\":\"https:\/\/portaltela.pt\/noticias\/2026\/04\/01\/novo-aiatola-esta-vivo-afirma-embaixador-iraniano-em-lisboa\/\",\"name\":\"Novo aiatol\u00e1 est\u00e1 vivo, afirma embaixador iraniano em Lisboa - Portal Tela Portugal\",\"isPartOf\":{\"@id\":\"https:\/\/portaltela.pt\/#website\"},\"primaryImageOfPage\":{\"@id\":\"https:\/\/portaltela.pt\/noticias\/2026\/04\/01\/novo-aiatola-esta-vivo-afirma-embaixador-iraniano-em-lisboa\/#primaryimage\"},\"image\":{\"@id\":\"https:\/\/portaltela.pt\/noticias\/2026\/04\/01\/novo-aiatola-esta-vivo-afirma-embaixador-iraniano-em-lisboa\/#primaryimage\"},\"thumbnailUrl\":\"https:\/\/portaltela.pt\/s.01k8rhncp4jt1\/2026\/04\/image-8.jpg\",\"datePublished\":\"2026-04-01T09:02:11+00:00\",\"author\":{\"@id\":\"https:\/\/portaltela.pt\/#\/schema\/person\/c4278d4a6028830caff9ee44b42d32ed\"},\"breadcrumb\":{\"@id\":\"https:\/\/portaltela.pt\/noticias\/2026\/04\/01\/novo-aiatola-esta-vivo-afirma-embaixador-iraniano-em-lisboa\/#breadcrumb\"},\"inLanguage\":\"pt-PT\",\"potentialAction\":[{\"@type\":\"ReadAction\",\"target\":[\"https:\/\/portaltela.pt\/noticias\/2026\/04\/01\/novo-aiatola-esta-vivo-afirma-embaixador-iraniano-em-lisboa\/\"]}]},{\"@type\":\"ImageObject\",\"inLanguage\":\"pt-PT\",\"@id\":\"https:\/\/portaltela.pt\/noticias\/2026\/04\/01\/novo-aiatola-esta-vivo-afirma-embaixador-iraniano-em-lisboa\/#primaryimage\",\"url\":\"https:\/\/portaltela.pt\/s.01k8rhncp4jt1\/2026\/04\/image-8.jpg\",\"contentUrl\":\"https:\/\/portaltela.pt\/s.01k8rhncp4jt1\/2026\/04\/image-8.jpg\",\"width\":796,\"height\":448,\"caption\":\"O embaixador do Ir\u00e3o em Portugal, Majid Tafreshi\"},{\"@type\":\"BreadcrumbList\",\"@id\":\"https:\/\/portaltela.pt\/noticias\/2026\/04\/01\/novo-aiatola-esta-vivo-afirma-embaixador-iraniano-em-lisboa\/#breadcrumb\",\"itemListElement\":[{\"@type\":\"ListItem\",\"position\":1,\"name\":\"In\u00edcio\",\"item\":\"https:\/\/portaltela.pt\/\"},{\"@type\":\"ListItem\",\"position\":2,\"name\":\"Novo aiatol\u00e1 est\u00e1 vivo, afirma embaixador iraniano em Lisboa\"}]},{\"@type\":\"WebSite\",\"@id\":\"https:\/\/portaltela.pt\/#website\",\"url\":\"https:\/\/portaltela.pt\/\",\"name\":\"Portal Tela Portugal\",\"description\":\"\",\"potentialAction\":[{\"@type\":\"SearchAction\",\"target\":{\"@type\":\"EntryPoint\",\"urlTemplate\":\"https:\/\/portaltela.pt\/?s={search_term_string}\"},\"query-input\":{\"@type\":\"PropertyValueSpecification\",\"valueRequired\":true,\"valueName\":\"search_term_string\"}}],\"inLanguage\":\"pt-PT\"},{\"@type\":\"Person\",\"@id\":\"https:\/\/portaltela.pt\/#\/schema\/person\/c4278d4a6028830caff9ee44b42d32ed\",\"name\":\"Telinha\",\"image\":{\"@type\":\"ImageObject\",\"inLanguage\":\"pt-PT\",\"@id\":\"https:\/\/portaltela.pt\/s.01k8rhncp4jt1\/2025\/11\/talking-bot-125x125.png\",\"url\":\"https:\/\/portaltela.pt\/s.01k8rhncp4jt1\/2025\/11\/talking-bot-125x125.png\",\"contentUrl\":\"https:\/\/portaltela.pt\/s.01k8rhncp4jt1\/2025\/11\/talking-bot-125x125.png\",\"caption\":\"Telinha\"},\"sameAs\":[\"https:\/\/portaltela.pt\/\"],\"url\":\"https:\/\/portaltela.pt\/por\/367410592786\/\"}]}<\/script>\n<!-- \/ Yoast SEO plugin. -->","yoast_head_json":{"title":"Novo aiatol\u00e1 est\u00e1 vivo, afirma embaixador iraniano em Lisboa - Portal Tela Portugal","robots":{"index":"index","follow":"follow","max-snippet":"max-snippet:-1","max-image-preview":"max-image-preview:large","max-video-preview":"max-video-preview:-1"},"og_locale":"pt_PT","og_type":"article","og_title":"Novo aiatol\u00e1 est\u00e1 vivo, afirma embaixador iraniano em Lisboa - Portal Tela Portugal","og_description":"O embaixador do Ir\u00e3o em Portugal, Majid Tafreshi, disse \u00e0 Lusa que o aiatola Mojtaba Khamenei est\u00e1 vivo, rejeitando relatos de morte e diverg\u00eancias sobre a lideran\u00e7a. Tafreshi questionou por que raz\u00e3o haveria de existir d\u00favida sobre a continuidade da lideran\u00e7a, mantendo o foco na paz e na seguran\u00e7a. A elei\u00e7\u00e3o da Assembleia de Peritos, a 8 de mar\u00e7o, ainda n\u00e3o produziu confirma\u00e7\u00e3o p\u00fablica de substitui\u00e7\u00e3o, ainda que se discuta a possibilidade de Moqtaba Khamenei, filho do anterior l\u00edder, assumir o cargo. Sobre o papel do BRICS, o embaixador afirmou que o grupo permanece em sil\u00eancio, mas pode agir para reduzir o risco de guerra, destacando a atua\u00e7\u00e3o do Ir\u00e3o como membro desde 2023. Em rela\u00e7\u00e3o aos Huthis e aos ataques no terreno, Tafreshi afirmou que as a\u00e7\u00f5es visam defender a soberania iraniana e pediu confian\u00e7a e respeito pelo direito internacional como base para uma solu\u00e7\u00e3o pac\u00edfica.","og_url":"https:\/\/portaltela.pt\/noticias\/2026\/04\/01\/novo-aiatola-esta-vivo-afirma-embaixador-iraniano-em-lisboa\/","og_site_name":"Portal Tela Portugal","article_published_time":"2026-04-01T09:02:11+00:00","author":"Telinha","twitter_card":"summary_large_image","twitter_misc":{"Escrito por":"Telinha","Tempo estimado de leitura":"1 minuto"},"schema":{"@context":"https:\/\/schema.org","@graph":[{"@type":"Article","@id":"https:\/\/portaltela.pt\/noticias\/2026\/04\/01\/novo-aiatola-esta-vivo-afirma-embaixador-iraniano-em-lisboa\/#article","isPartOf":{"@id":"https:\/\/portaltela.pt\/noticias\/2026\/04\/01\/novo-aiatola-esta-vivo-afirma-embaixador-iraniano-em-lisboa\/"},"author":{"name":"Telinha","@id":"https:\/\/portaltela.pt\/#\/schema\/person\/c4278d4a6028830caff9ee44b42d32ed"},"headline":"Novo aiatol\u00e1 est\u00e1 vivo, afirma embaixador iraniano em Lisboa","datePublished":"2026-04-01T09:02:11+00:00","mainEntityOfPage":{"@id":"https:\/\/portaltela.pt\/noticias\/2026\/04\/01\/novo-aiatola-esta-vivo-afirma-embaixador-iraniano-em-lisboa\/"},"wordCount":307,"image":{"@id":"https:\/\/portaltela.pt\/noticias\/2026\/04\/01\/novo-aiatola-esta-vivo-afirma-embaixador-iraniano-em-lisboa\/#primaryimage"},"thumbnailUrl":"https:\/\/portaltela.pt\/s.01k8rhncp4jt1\/2026\/04\/image-8.jpg","keywords":["conflitos internacionais","diplomacia","diplomacia internacional","Estados Unidos","I\u00e9men","\u00cdr\u00e1n"],"articleSection":["Geopol\u00edtica","Not\u00edcias"],"inLanguage":"pt-PT"},{"@type":"WebPage","@id":"https:\/\/portaltela.pt\/noticias\/2026\/04\/01\/novo-aiatola-esta-vivo-afirma-embaixador-iraniano-em-lisboa\/","url":"https:\/\/portaltela.pt\/noticias\/2026\/04\/01\/novo-aiatola-esta-vivo-afirma-embaixador-iraniano-em-lisboa\/","name":"Novo aiatol\u00e1 est\u00e1 vivo, afirma embaixador iraniano em Lisboa - Portal Tela Portugal","isPartOf":{"@id":"https:\/\/portaltela.pt\/#website"},"primaryImageOfPage":{"@id":"https:\/\/portaltela.pt\/noticias\/2026\/04\/01\/novo-aiatola-esta-vivo-afirma-embaixador-iraniano-em-lisboa\/#primaryimage"},"image":{"@id":"https:\/\/portaltela.pt\/noticias\/2026\/04\/01\/novo-aiatola-esta-vivo-afirma-embaixador-iraniano-em-lisboa\/#primaryimage"},"thumbnailUrl":"https:\/\/portaltela.pt\/s.01k8rhncp4jt1\/2026\/04\/image-8.jpg","datePublished":"2026-04-01T09:02:11+00:00","author":{"@id":"https:\/\/portaltela.pt\/#\/schema\/person\/c4278d4a6028830caff9ee44b42d32ed"},"breadcrumb":{"@id":"https:\/\/portaltela.pt\/noticias\/2026\/04\/01\/novo-aiatola-esta-vivo-afirma-embaixador-iraniano-em-lisboa\/#breadcrumb"},"inLanguage":"pt-PT","potentialAction":[{"@type":"ReadAction","target":["https:\/\/portaltela.pt\/noticias\/2026\/04\/01\/novo-aiatola-esta-vivo-afirma-embaixador-iraniano-em-lisboa\/"]}]},{"@type":"ImageObject","inLanguage":"pt-PT","@id":"https:\/\/portaltela.pt\/noticias\/2026\/04\/01\/novo-aiatola-esta-vivo-afirma-embaixador-iraniano-em-lisboa\/#primaryimage","url":"https:\/\/portaltela.pt\/s.01k8rhncp4jt1\/2026\/04\/image-8.jpg","contentUrl":"https:\/\/portaltela.pt\/s.01k8rhncp4jt1\/2026\/04\/image-8.jpg","width":796,"height":448,"caption":"O embaixador do Ir\u00e3o em Portugal, Majid Tafreshi"},{"@type":"BreadcrumbList","@id":"https:\/\/portaltela.pt\/noticias\/2026\/04\/01\/novo-aiatola-esta-vivo-afirma-embaixador-iraniano-em-lisboa\/#breadcrumb","itemListElement":[{"@type":"ListItem","position":1,"name":"In\u00edcio","item":"https:\/\/portaltela.pt\/"},{"@type":"ListItem","position":2,"name":"Novo aiatol\u00e1 est\u00e1 vivo, afirma embaixador iraniano em Lisboa"}]},{"@type":"WebSite","@id":"https:\/\/portaltela.pt\/#website","url":"https:\/\/portaltela.pt\/","name":"Portal Tela Portugal","description":"","potentialAction":[{"@type":"SearchAction","target":{"@type":"EntryPoint","urlTemplate":"https:\/\/portaltela.pt\/?s={search_term_string}"},"query-input":{"@type":"PropertyValueSpecification","valueRequired":true,"valueName":"search_term_string"}}],"inLanguage":"pt-PT"},{"@type":"Person","@id":"https:\/\/portaltela.pt\/#\/schema\/person\/c4278d4a6028830caff9ee44b42d32ed","name":"Telinha","image":{"@type":"ImageObject","inLanguage":"pt-PT","@id":"https:\/\/portaltela.pt\/s.01k8rhncp4jt1\/2025\/11\/talking-bot-125x125.png","url":"https:\/\/portaltela.pt\/s.01k8rhncp4jt1\/2025\/11\/talking-bot-125x125.png","contentUrl":"https:\/\/portaltela.pt\/s.01k8rhncp4jt1\/2025\/11\/talking-bot-125x125.png","caption":"Telinha"},"sameAs":["https:\/\/portaltela.pt\/"],"url":"https:\/\/portaltela.pt\/por\/367410592786\/"}]}},"_links":{"self":[{"href":"https:\/\/portaltela.pt\/api\/wp\/v2\/posts\/428825","targetHints":{"allow":["GET"]}}],"collection":[{"href":"https:\/\/portaltela.pt\/api\/wp\/v2\/posts"}],"about":[{"href":"https:\/\/portaltela.pt\/api\/wp\/v2\/types\/post"}],"author":[{"embeddable":true,"href":"https:\/\/portaltela.pt\/api\/wp\/v2\/users\/2"}],"replies":[{"embeddable":true,"href":"https:\/\/portaltela.pt\/api\/wp\/v2\/comments?post=428825"}],"version-history":[{"count":0,"href":"https:\/\/portaltela.pt\/api\/wp\/v2\/posts\/428825\/revisions"}],"wp:featuredmedia":[{"embeddable":true,"href":"https:\/\/portaltela.pt\/api\/wp\/v2\/media\/428828"}],"wp:attachment":[{"href":"https:\/\/portaltela.pt\/api\/wp\/v2\/media?parent=428825"}],"wp:term":[{"taxonomy":"category","embeddable":true,"href":"https:\/\/portaltela.pt\/api\/wp\/v2\/categories?post=428825"},{"taxonomy":"post_tag","embeddable":true,"href":"https:\/\/portaltela.pt\/api\/wp\/v2\/tags?post=428825"}],"curies":[{"name":"wp","href":"https:\/\/api.w.org\/{rel}","templated":true}]}}