{"id":428823,"date":"2026-04-01T06:02:09","date_gmt":"2026-04-01T09:02:09","guid":{"rendered":"https:\/\/portaltela.pt\/noticias\/2026\/04\/01\/queda-de-aviao-militar-russo-na-crimeia-faz-29-mortos\/"},"modified":"2026-04-01T06:02:09","modified_gmt":"2026-04-01T09:02:09","slug":"queda-de-aviao-militar-russo-na-crimeia-faz-29-mortos","status":"publish","type":"post","link":"https:\/\/portaltela.pt\/noticias\/2026\/04\/01\/queda-de-aviao-militar-russo-na-crimeia-faz-29-mortos\/","title":{"rendered":"Queda de avi\u00e3o militar russo na Crimeia faz 29 mortos"},"content":{"rendered":"<p>Um avi\u00e3o militar de transporte russo An-26 despenhou-se contra uma fal\u00e9sia na Crimeia, causando a morte de 29 pessoas a bordo. O acidente ocorreu na ter\u00e7a-feira, depois de a aeronave perder contacto por volta das 18h locais, no voo sobre a pen\u00ednsula. A causa apontada \u00e9 uma avaria t\u00e9cnica.<\/p>\n<p>De acordo com o Minist\u00e9rio da Defesa russo, a equipa de buscas localizou o local do desastre. O relat\u00f3rio inicial indica seis membros da tripula\u00e7\u00e3o e 23 passageiros entre as v\u00edtimas. N\u00e3o h\u00e1 refer\u00eancia a sobreviventes no comunicado divulgado pela ag\u00eancia TASS.<\/p>\n<p>N\u00e3o houve indica\u00e7\u00e3o de impacto externo na aeronave, sugerindo que m\u00edsseis ou drones n\u00e3o estiveram envolvidos. Uma comiss\u00e3o militar j\u00e1 trabalha no local para investigar as causas do acidente.<\/p>\n<h3>Contexto e antecedentes<\/h3>\n<p>O An-26, em servi\u00e7o desde o final dos anos 1960, \u00e9 usado para transporte t\u00e1ctico de carga e de at\u00e9 40 passageiros em rotas curtas e m\u00e9dias. O modelo tem registado acidentes mortais ao longo dos anos, em diferentes zonas, incluindo a Ucr\u00e2nia e \u00c1frica.<\/p>\n<p>Historicamente, outros incidentes envolvendo o An-26 levaram a avalia\u00e7\u00f5es de seguran\u00e7a, com quedas em 2017, 2020 e 2020 em distintos pa\u00edses. O evento na Crimeia acrescenta-se a esse conjunto de ocorr\u00eancias envolvendo o mesmo tipo de aeronave.<\/p>\n","protected":false},"excerpt":{"rendered":"<ul>\n<li>Um avi\u00e3o militar de transporte russo An-26 despenhou\u2011se contra uma fal\u00e9sia na Crimeia, causando 29 mortes a bordo.<\/li>\n<li>A aeronave, que partiu para um voo programado, perdeu o contacto por volta das 18h locais de ter\u00e7a-feira.<\/li>\n<li>O local da cat\u00e1strofe foi encontrado por uma equipa de busca; estavam a bordo seis membros da tripula\u00e7\u00e3o e 23 passageiros, segundo o Minist\u00e9rio da Defesa.<\/li>\n<li>O minist\u00e9rio informou que n\u00e3o houve impacto externo na aeronave, sugerindo que m\u00edsseis ou drones n\u00e3o estiveram envolvidos; a causa preliminar apontada \u00e9 uma avaria t\u00e9cnica.<\/li>\n<li>Uma comiss\u00e3o militar est\u00e1 a investigar o acidente no local; o An-26 tem uso militar desde os anos sessenta e j\u00e1 esteve envolvido em outros acidentes ao longo da \u00faltima d\u00e9cada.<\/li>\n<\/ul>\n","protected":false},"author":2,"featured_media":428824,"comment_status":"closed","ping_status":"closed","sticky":false,"template":"","format":"standard","meta":{"footnotes":""},"categories":[6804,1],"tags":[4558,5487,3256,6789,3785,4299],"class_list":["post-428823","post","type-post","status-publish","format-standard","has-post-thumbnail","hentry","category-guerra","category-noticias","tag-a-aeronautica","tag-acidente","tag-acidentes","tag-avioes","tag-crimeia","tag-forca-aerea"],"yoast_head":"<!-- This site is optimized with the Yoast SEO plugin v27.2 - https:\/\/yoast.com\/product\/yoast-seo-wordpress\/ -->\n<title>Queda de avi\u00e3o militar russo na Crimeia faz 29 mortos - Portal Tela Portugal<\/title>\n<meta name=\"robots\" content=\"index, follow, max-snippet:-1, max-image-preview:large, max-video-preview:-1\" \/>\n<meta property=\"og:locale\" content=\"pt_PT\" \/>\n<meta property=\"og:type\" content=\"article\" \/>\n<meta property=\"og:title\" content=\"Queda de avi\u00e3o militar russo na Crimeia faz 29 mortos - Portal Tela Portugal\" \/>\n<meta property=\"og:description\" content=\"Um avi\u00e3o militar de transporte russo An-26 despenhou\u2011se contra uma fal\u00e9sia na Crimeia, causando 29 mortes a bordo. A aeronave, que partiu para um voo programado, perdeu o contacto por volta das 18h locais de ter\u00e7a-feira. O local da cat\u00e1strofe foi encontrado por uma equipa de busca; estavam a bordo seis membros da tripula\u00e7\u00e3o e 23 passageiros, segundo o Minist\u00e9rio da Defesa. O minist\u00e9rio informou que n\u00e3o houve impacto externo na aeronave, sugerindo que m\u00edsseis ou drones n\u00e3o estiveram envolvidos; a causa preliminar apontada \u00e9 uma avaria t\u00e9cnica. Uma comiss\u00e3o militar est\u00e1 a investigar o acidente no local; o An-26 tem uso militar desde os anos sessenta e j\u00e1 esteve envolvido em outros acidentes ao longo da \u00faltima d\u00e9cada.\" \/>\n<meta property=\"og:url\" content=\"https:\/\/portaltela.pt\/noticias\/2026\/04\/01\/queda-de-aviao-militar-russo-na-crimeia-faz-29-mortos\/\" \/>\n<meta property=\"og:site_name\" content=\"Portal Tela Portugal\" \/>\n<meta property=\"article:published_time\" content=\"2026-04-01T09:02:09+00:00\" \/>\n<meta name=\"author\" content=\"Telinha\" \/>\n<meta name=\"twitter:card\" content=\"summary_large_image\" \/>\n<meta name=\"twitter:label1\" content=\"Escrito por\" \/>\n\t<meta name=\"twitter:data1\" content=\"Telinha\" \/>\n\t<meta name=\"twitter:label2\" content=\"Tempo estimado de leitura\" \/>\n\t<meta name=\"twitter:data2\" content=\"1 minuto\" \/>\n<script type=\"application\/ld+json\" class=\"yoast-schema-graph\">{\"@context\":\"https:\/\/schema.org\",\"@graph\":[{\"@type\":\"Article\",\"@id\":\"https:\/\/portaltela.pt\/noticias\/2026\/04\/01\/queda-de-aviao-militar-russo-na-crimeia-faz-29-mortos\/#article\",\"isPartOf\":{\"@id\":\"https:\/\/portaltela.pt\/noticias\/2026\/04\/01\/queda-de-aviao-militar-russo-na-crimeia-faz-29-mortos\/\"},\"author\":{\"name\":\"Telinha\",\"@id\":\"https:\/\/portaltela.pt\/#\/schema\/person\/c4278d4a6028830caff9ee44b42d32ed\"},\"headline\":\"Queda de avi\u00e3o militar russo na Crimeia faz 29 mortos\",\"datePublished\":\"2026-04-01T09:02:09+00:00\",\"mainEntityOfPage\":{\"@id\":\"https:\/\/portaltela.pt\/noticias\/2026\/04\/01\/queda-de-aviao-militar-russo-na-crimeia-faz-29-mortos\/\"},\"wordCount\":231,\"image\":{\"@id\":\"https:\/\/portaltela.pt\/noticias\/2026\/04\/01\/queda-de-aviao-militar-russo-na-crimeia-faz-29-mortos\/#primaryimage\"},\"thumbnailUrl\":\"https:\/\/portaltela.pt\/s.01k8rhncp4jt1\/2026\/04\/2078455.jpg\",\"keywords\":[\"a aeron\u00e1utica\",\"acidente\",\"acidentes\",\"avi\u00f5es\",\"Crimeia\",\"For\u00e7a A\u00e9rea\"],\"articleSection\":[\"Guerra\",\"Not\u00edcias\"],\"inLanguage\":\"pt-PT\"},{\"@type\":\"WebPage\",\"@id\":\"https:\/\/portaltela.pt\/noticias\/2026\/04\/01\/queda-de-aviao-militar-russo-na-crimeia-faz-29-mortos\/\",\"url\":\"https:\/\/portaltela.pt\/noticias\/2026\/04\/01\/queda-de-aviao-militar-russo-na-crimeia-faz-29-mortos\/\",\"name\":\"Queda de avi\u00e3o militar russo na Crimeia faz 29 mortos - Portal Tela Portugal\",\"isPartOf\":{\"@id\":\"https:\/\/portaltela.pt\/#website\"},\"primaryImageOfPage\":{\"@id\":\"https:\/\/portaltela.pt\/noticias\/2026\/04\/01\/queda-de-aviao-militar-russo-na-crimeia-faz-29-mortos\/#primaryimage\"},\"image\":{\"@id\":\"https:\/\/portaltela.pt\/noticias\/2026\/04\/01\/queda-de-aviao-militar-russo-na-crimeia-faz-29-mortos\/#primaryimage\"},\"thumbnailUrl\":\"https:\/\/portaltela.pt\/s.01k8rhncp4jt1\/2026\/04\/2078455.jpg\",\"datePublished\":\"2026-04-01T09:02:09+00:00\",\"author\":{\"@id\":\"https:\/\/portaltela.pt\/#\/schema\/person\/c4278d4a6028830caff9ee44b42d32ed\"},\"breadcrumb\":{\"@id\":\"https:\/\/portaltela.pt\/noticias\/2026\/04\/01\/queda-de-aviao-militar-russo-na-crimeia-faz-29-mortos\/#breadcrumb\"},\"inLanguage\":\"pt-PT\",\"potentialAction\":[{\"@type\":\"ReadAction\",\"target\":[\"https:\/\/portaltela.pt\/noticias\/2026\/04\/01\/queda-de-aviao-militar-russo-na-crimeia-faz-29-mortos\/\"]}]},{\"@type\":\"ImageObject\",\"inLanguage\":\"pt-PT\",\"@id\":\"https:\/\/portaltela.pt\/noticias\/2026\/04\/01\/queda-de-aviao-militar-russo-na-crimeia-faz-29-mortos\/#primaryimage\",\"url\":\"https:\/\/portaltela.pt\/s.01k8rhncp4jt1\/2026\/04\/2078455.jpg\",\"contentUrl\":\"https:\/\/portaltela.pt\/s.01k8rhncp4jt1\/2026\/04\/2078455.jpg\",\"width\":796,\"height\":448,\"caption\":\"O An-26 est\u00e1 em servi\u00e7o desde o final da d\u00e9cada de 1960\"},{\"@type\":\"BreadcrumbList\",\"@id\":\"https:\/\/portaltela.pt\/noticias\/2026\/04\/01\/queda-de-aviao-militar-russo-na-crimeia-faz-29-mortos\/#breadcrumb\",\"itemListElement\":[{\"@type\":\"ListItem\",\"position\":1,\"name\":\"In\u00edcio\",\"item\":\"https:\/\/portaltela.pt\/\"},{\"@type\":\"ListItem\",\"position\":2,\"name\":\"Queda de avi\u00e3o militar russo na Crimeia faz 29 mortos\"}]},{\"@type\":\"WebSite\",\"@id\":\"https:\/\/portaltela.pt\/#website\",\"url\":\"https:\/\/portaltela.pt\/\",\"name\":\"Portal Tela Portugal\",\"description\":\"\",\"potentialAction\":[{\"@type\":\"SearchAction\",\"target\":{\"@type\":\"EntryPoint\",\"urlTemplate\":\"https:\/\/portaltela.pt\/?s={search_term_string}\"},\"query-input\":{\"@type\":\"PropertyValueSpecification\",\"valueRequired\":true,\"valueName\":\"search_term_string\"}}],\"inLanguage\":\"pt-PT\"},{\"@type\":\"Person\",\"@id\":\"https:\/\/portaltela.pt\/#\/schema\/person\/c4278d4a6028830caff9ee44b42d32ed\",\"name\":\"Telinha\",\"image\":{\"@type\":\"ImageObject\",\"inLanguage\":\"pt-PT\",\"@id\":\"https:\/\/portaltela.pt\/s.01k8rhncp4jt1\/2025\/11\/talking-bot-125x125.png\",\"url\":\"https:\/\/portaltela.pt\/s.01k8rhncp4jt1\/2025\/11\/talking-bot-125x125.png\",\"contentUrl\":\"https:\/\/portaltela.pt\/s.01k8rhncp4jt1\/2025\/11\/talking-bot-125x125.png\",\"caption\":\"Telinha\"},\"sameAs\":[\"https:\/\/portaltela.pt\/\"],\"url\":\"https:\/\/portaltela.pt\/por\/367410592786\/\"}]}<\/script>\n<!-- \/ Yoast SEO plugin. -->","yoast_head_json":{"title":"Queda de avi\u00e3o militar russo na Crimeia faz 29 mortos - Portal Tela Portugal","robots":{"index":"index","follow":"follow","max-snippet":"max-snippet:-1","max-image-preview":"max-image-preview:large","max-video-preview":"max-video-preview:-1"},"og_locale":"pt_PT","og_type":"article","og_title":"Queda de avi\u00e3o militar russo na Crimeia faz 29 mortos - Portal Tela Portugal","og_description":"Um avi\u00e3o militar de transporte russo An-26 despenhou\u2011se contra uma fal\u00e9sia na Crimeia, causando 29 mortes a bordo. A aeronave, que partiu para um voo programado, perdeu o contacto por volta das 18h locais de ter\u00e7a-feira. O local da cat\u00e1strofe foi encontrado por uma equipa de busca; estavam a bordo seis membros da tripula\u00e7\u00e3o e 23 passageiros, segundo o Minist\u00e9rio da Defesa. O minist\u00e9rio informou que n\u00e3o houve impacto externo na aeronave, sugerindo que m\u00edsseis ou drones n\u00e3o estiveram envolvidos; a causa preliminar apontada \u00e9 uma avaria t\u00e9cnica. Uma comiss\u00e3o militar est\u00e1 a investigar o acidente no local; o An-26 tem uso militar desde os anos sessenta e j\u00e1 esteve envolvido em outros acidentes ao longo da \u00faltima d\u00e9cada.","og_url":"https:\/\/portaltela.pt\/noticias\/2026\/04\/01\/queda-de-aviao-militar-russo-na-crimeia-faz-29-mortos\/","og_site_name":"Portal Tela Portugal","article_published_time":"2026-04-01T09:02:09+00:00","author":"Telinha","twitter_card":"summary_large_image","twitter_misc":{"Escrito por":"Telinha","Tempo estimado de leitura":"1 minuto"},"schema":{"@context":"https:\/\/schema.org","@graph":[{"@type":"Article","@id":"https:\/\/portaltela.pt\/noticias\/2026\/04\/01\/queda-de-aviao-militar-russo-na-crimeia-faz-29-mortos\/#article","isPartOf":{"@id":"https:\/\/portaltela.pt\/noticias\/2026\/04\/01\/queda-de-aviao-militar-russo-na-crimeia-faz-29-mortos\/"},"author":{"name":"Telinha","@id":"https:\/\/portaltela.pt\/#\/schema\/person\/c4278d4a6028830caff9ee44b42d32ed"},"headline":"Queda de avi\u00e3o militar russo na Crimeia faz 29 mortos","datePublished":"2026-04-01T09:02:09+00:00","mainEntityOfPage":{"@id":"https:\/\/portaltela.pt\/noticias\/2026\/04\/01\/queda-de-aviao-militar-russo-na-crimeia-faz-29-mortos\/"},"wordCount":231,"image":{"@id":"https:\/\/portaltela.pt\/noticias\/2026\/04\/01\/queda-de-aviao-militar-russo-na-crimeia-faz-29-mortos\/#primaryimage"},"thumbnailUrl":"https:\/\/portaltela.pt\/s.01k8rhncp4jt1\/2026\/04\/2078455.jpg","keywords":["a aeron\u00e1utica","acidente","acidentes","avi\u00f5es","Crimeia","For\u00e7a A\u00e9rea"],"articleSection":["Guerra","Not\u00edcias"],"inLanguage":"pt-PT"},{"@type":"WebPage","@id":"https:\/\/portaltela.pt\/noticias\/2026\/04\/01\/queda-de-aviao-militar-russo-na-crimeia-faz-29-mortos\/","url":"https:\/\/portaltela.pt\/noticias\/2026\/04\/01\/queda-de-aviao-militar-russo-na-crimeia-faz-29-mortos\/","name":"Queda de avi\u00e3o militar russo na Crimeia faz 29 mortos - Portal Tela Portugal","isPartOf":{"@id":"https:\/\/portaltela.pt\/#website"},"primaryImageOfPage":{"@id":"https:\/\/portaltela.pt\/noticias\/2026\/04\/01\/queda-de-aviao-militar-russo-na-crimeia-faz-29-mortos\/#primaryimage"},"image":{"@id":"https:\/\/portaltela.pt\/noticias\/2026\/04\/01\/queda-de-aviao-militar-russo-na-crimeia-faz-29-mortos\/#primaryimage"},"thumbnailUrl":"https:\/\/portaltela.pt\/s.01k8rhncp4jt1\/2026\/04\/2078455.jpg","datePublished":"2026-04-01T09:02:09+00:00","author":{"@id":"https:\/\/portaltela.pt\/#\/schema\/person\/c4278d4a6028830caff9ee44b42d32ed"},"breadcrumb":{"@id":"https:\/\/portaltela.pt\/noticias\/2026\/04\/01\/queda-de-aviao-militar-russo-na-crimeia-faz-29-mortos\/#breadcrumb"},"inLanguage":"pt-PT","potentialAction":[{"@type":"ReadAction","target":["https:\/\/portaltela.pt\/noticias\/2026\/04\/01\/queda-de-aviao-militar-russo-na-crimeia-faz-29-mortos\/"]}]},{"@type":"ImageObject","inLanguage":"pt-PT","@id":"https:\/\/portaltela.pt\/noticias\/2026\/04\/01\/queda-de-aviao-militar-russo-na-crimeia-faz-29-mortos\/#primaryimage","url":"https:\/\/portaltela.pt\/s.01k8rhncp4jt1\/2026\/04\/2078455.jpg","contentUrl":"https:\/\/portaltela.pt\/s.01k8rhncp4jt1\/2026\/04\/2078455.jpg","width":796,"height":448,"caption":"O An-26 est\u00e1 em servi\u00e7o desde o final da d\u00e9cada de 1960"},{"@type":"BreadcrumbList","@id":"https:\/\/portaltela.pt\/noticias\/2026\/04\/01\/queda-de-aviao-militar-russo-na-crimeia-faz-29-mortos\/#breadcrumb","itemListElement":[{"@type":"ListItem","position":1,"name":"In\u00edcio","item":"https:\/\/portaltela.pt\/"},{"@type":"ListItem","position":2,"name":"Queda de avi\u00e3o militar russo na Crimeia faz 29 mortos"}]},{"@type":"WebSite","@id":"https:\/\/portaltela.pt\/#website","url":"https:\/\/portaltela.pt\/","name":"Portal Tela Portugal","description":"","potentialAction":[{"@type":"SearchAction","target":{"@type":"EntryPoint","urlTemplate":"https:\/\/portaltela.pt\/?s={search_term_string}"},"query-input":{"@type":"PropertyValueSpecification","valueRequired":true,"valueName":"search_term_string"}}],"inLanguage":"pt-PT"},{"@type":"Person","@id":"https:\/\/portaltela.pt\/#\/schema\/person\/c4278d4a6028830caff9ee44b42d32ed","name":"Telinha","image":{"@type":"ImageObject","inLanguage":"pt-PT","@id":"https:\/\/portaltela.pt\/s.01k8rhncp4jt1\/2025\/11\/talking-bot-125x125.png","url":"https:\/\/portaltela.pt\/s.01k8rhncp4jt1\/2025\/11\/talking-bot-125x125.png","contentUrl":"https:\/\/portaltela.pt\/s.01k8rhncp4jt1\/2025\/11\/talking-bot-125x125.png","caption":"Telinha"},"sameAs":["https:\/\/portaltela.pt\/"],"url":"https:\/\/portaltela.pt\/por\/367410592786\/"}]}},"_links":{"self":[{"href":"https:\/\/portaltela.pt\/api\/wp\/v2\/posts\/428823","targetHints":{"allow":["GET"]}}],"collection":[{"href":"https:\/\/portaltela.pt\/api\/wp\/v2\/posts"}],"about":[{"href":"https:\/\/portaltela.pt\/api\/wp\/v2\/types\/post"}],"author":[{"embeddable":true,"href":"https:\/\/portaltela.pt\/api\/wp\/v2\/users\/2"}],"replies":[{"embeddable":true,"href":"https:\/\/portaltela.pt\/api\/wp\/v2\/comments?post=428823"}],"version-history":[{"count":0,"href":"https:\/\/portaltela.pt\/api\/wp\/v2\/posts\/428823\/revisions"}],"wp:featuredmedia":[{"embeddable":true,"href":"https:\/\/portaltela.pt\/api\/wp\/v2\/media\/428824"}],"wp:attachment":[{"href":"https:\/\/portaltela.pt\/api\/wp\/v2\/media?parent=428823"}],"wp:term":[{"taxonomy":"category","embeddable":true,"href":"https:\/\/portaltela.pt\/api\/wp\/v2\/categories?post=428823"},{"taxonomy":"post_tag","embeddable":true,"href":"https:\/\/portaltela.pt\/api\/wp\/v2\/tags?post=428823"}],"curies":[{"name":"wp","href":"https:\/\/api.w.org\/{rel}","templated":true}]}}