{"id":428817,"date":"2026-04-01T06:02:01","date_gmt":"2026-04-01T09:02:01","guid":{"rendered":"https:\/\/portaltela.pt\/noticias\/2026\/04\/01\/unesco-alerta-danos-no-patrimonio-iraniano-podem-ser-irreparaveis\/"},"modified":"2026-04-01T06:02:01","modified_gmt":"2026-04-01T09:02:01","slug":"unesco-alerta-danos-no-patrimonio-iraniano-podem-ser-irreparaveis","status":"publish","type":"post","link":"https:\/\/portaltela.pt\/noticias\/2026\/04\/01\/unesco-alerta-danos-no-patrimonio-iraniano-podem-ser-irreparaveis\/","title":{"rendered":"Unesco alerta: danos no patrim\u00f3nio iraniano podem ser irrepar\u00e1veis"},"content":{"rendered":"<p>Ir\u00e3o: danos no patrim\u00f3nio podem ser irrepar\u00e1veis, diz representante da Unesco<\/p>\n<p>Hassan Fartousi, secret\u00e1rio-geral da Comiss\u00e3o Nacional Iraniana para a Unesco, afirmou que alguns danos no patrim\u00f3nio hist\u00f3rico iraniano resultantes de ataques rec\u00e9m efetuados podem ser irrepar\u00e1veis. A avalia\u00e7\u00e3o foi feita numa confer\u00eancia em Teer\u00e3o.<\/p>\n<p>Em Isfahan, a situa\u00e7\u00e3o \u00e9 descrita como catastr\u00f3fica, com danos nos principais conjuntos hist\u00f3ricos do norte da cidade. O Pal\u00e1cio Golest\u00e3o, Jameh e Chehel Sotoun est\u00e3o entre os s\u00edtios afetados, segundo o respons\u00e1vel.<\/p>\n<p>O Pal\u00e1cio Golest\u00e3o, com cerca de 220 anos, regista perda significativa de espelhos, perto de 40%. Em Isfahan, os danos s\u00e3o considerados enormes, agravando a vulnerabilidade do patrim\u00f3nio local.<\/p>\n<p>Khorramabad tamb\u00e9m apresenta danos graves: alguns s\u00edtios do vale foram descritos como 100% destru\u00eddos, conforme avalia\u00e7\u00f5es da UNESCO. A organiza\u00e7\u00e3o j\u00e1 monitoriza quatro locais do total de 29 classificados como patrim\u00f3nio mundial no Ir\u00e3o.<\/p>\n<p>As informa\u00e7\u00f5es chegam ap\u00f3s um m\u00eas de guerra no M\u00e9dio Oriente, iniciada a 28 de fevereiro com ataques dos Estados Unidos e de Israel contra o Ir\u00e3o. A ofensiva j\u00e1 deixou milhares de mortos na regi\u00e3o.<\/p>\n<p>A UNESCO registou, em meados de mar\u00e7o, quatro s\u00edtios iranianos danificados. Entre eles estavam Golest\u00e3o, Jameh, Chehel Sotoun e os s\u00edtios pr\u00e9-hist\u00f3ricos do vale de Khorramabad, destacando a gravidade dos impactos.<\/p>\n","protected":false},"excerpt":{"rendered":"<ul>\n<li>Hassan Fartousi, secret\u00e1rio-geral da Comiss\u00e3o Nacional Iraniana para a Unesco, afirma que danos no patrim\u00f3nio podem ser irrepar\u00e1veis e que \u00e9 dif\u00edcil avaliar a sua dimens\u00e3o.<\/li>\n<li>Em Isfahan, a situa\u00e7\u00e3o \u00e9 descrita como catastr\u00f3fica, com danos significativos em s\u00edtios culturais.<\/li>\n<li>At\u00e9 meados de mar\u00e7o, a Unesco registava quatro s\u00edtios danificados entre os 29 classificados como patrim\u00f3nio mundial no Ir\u00e3o.<\/li>\n<li>Entre os s\u00edtios afetados est\u00e3o o Pal\u00e1cio de Golest\u00e3o (quase 40% dos espelhos danificados) e locais em Isfahan, incluindo a Mesquita Jameh e o Pal\u00e1cio Chehel Sotoun, bem como \u00e1reas pr\u00e9-hist\u00f3ricas do vale de Khorramabad, com alguns s\u00edtios descritos como 100% destru\u00eddos.<\/li>\n<li>A guerra, iniciada a 28 de fevereiro, envolve ataques dos Estados Unidos e de Israel contra o Ir\u00e3o e j\u00e1 se propagou pelo M\u00e9dio Oriente.<\/li>\n<\/ul>\n","protected":false},"author":2,"featured_media":428819,"comment_status":"closed","ping_status":"closed","sticky":false,"template":"","format":"standard","meta":{"footnotes":""},"categories":[7375,1],"tags":[2198,5277,62,2470,1175,6320],"class_list":["post-428817","post","type-post","status-publish","format-standard","has-post-thumbnail","hentry","category-cultura","category-noticias","tag-conflitos-internacionais","tag-danos","tag-guerra","tag-irao","tag-patrimonio-cultural","tag-patrimonio-mundial-da-unesco"],"yoast_head":"<!-- This site is optimized with the Yoast SEO plugin v27.2 - https:\/\/yoast.com\/product\/yoast-seo-wordpress\/ -->\n<title>Unesco alerta: danos no patrim\u00f3nio iraniano podem ser irrepar\u00e1veis - Portal Tela Portugal<\/title>\n<meta name=\"robots\" content=\"index, follow, max-snippet:-1, max-image-preview:large, max-video-preview:-1\" \/>\n<meta property=\"og:locale\" content=\"pt_PT\" \/>\n<meta property=\"og:type\" content=\"article\" \/>\n<meta property=\"og:title\" content=\"Unesco alerta: danos no patrim\u00f3nio iraniano podem ser irrepar\u00e1veis - Portal Tela Portugal\" \/>\n<meta property=\"og:description\" content=\"Hassan Fartousi, secret\u00e1rio-geral da Comiss\u00e3o Nacional Iraniana para a Unesco, afirma que danos no patrim\u00f3nio podem ser irrepar\u00e1veis e que \u00e9 dif\u00edcil avaliar a sua dimens\u00e3o. Em Isfahan, a situa\u00e7\u00e3o \u00e9 descrita como catastr\u00f3fica, com danos significativos em s\u00edtios culturais. At\u00e9 meados de mar\u00e7o, a Unesco registava quatro s\u00edtios danificados entre os 29 classificados como patrim\u00f3nio mundial no Ir\u00e3o. Entre os s\u00edtios afetados est\u00e3o o Pal\u00e1cio de Golest\u00e3o (quase 40% dos espelhos danificados) e locais em Isfahan, incluindo a Mesquita Jameh e o Pal\u00e1cio Chehel Sotoun, bem como \u00e1reas pr\u00e9-hist\u00f3ricas do vale de Khorramabad, com alguns s\u00edtios descritos como 100% destru\u00eddos. A guerra, iniciada a 28 de fevereiro, envolve ataques dos Estados Unidos e de Israel contra o Ir\u00e3o e j\u00e1 se propagou pelo M\u00e9dio Oriente.\" \/>\n<meta property=\"og:url\" content=\"https:\/\/portaltela.pt\/noticias\/2026\/04\/01\/unesco-alerta-danos-no-patrimonio-iraniano-podem-ser-irreparaveis\/\" \/>\n<meta property=\"og:site_name\" content=\"Portal Tela Portugal\" \/>\n<meta property=\"article:published_time\" content=\"2026-04-01T09:02:01+00:00\" \/>\n<meta name=\"author\" content=\"Telinha\" \/>\n<meta name=\"twitter:card\" content=\"summary_large_image\" \/>\n<meta name=\"twitter:label1\" content=\"Escrito por\" \/>\n\t<meta name=\"twitter:data1\" content=\"Telinha\" \/>\n\t<meta name=\"twitter:label2\" content=\"Tempo estimado de leitura\" \/>\n\t<meta name=\"twitter:data2\" content=\"1 minuto\" \/>\n<script type=\"application\/ld+json\" class=\"yoast-schema-graph\">{\"@context\":\"https:\/\/schema.org\",\"@graph\":[{\"@type\":\"Article\",\"@id\":\"https:\/\/portaltela.pt\/noticias\/2026\/04\/01\/unesco-alerta-danos-no-patrimonio-iraniano-podem-ser-irreparaveis\/#article\",\"isPartOf\":{\"@id\":\"https:\/\/portaltela.pt\/noticias\/2026\/04\/01\/unesco-alerta-danos-no-patrimonio-iraniano-podem-ser-irreparaveis\/\"},\"author\":{\"name\":\"Telinha\",\"@id\":\"https:\/\/portaltela.pt\/#\/schema\/person\/c4278d4a6028830caff9ee44b42d32ed\"},\"headline\":\"Unesco alerta: danos no patrim\u00f3nio iraniano podem ser irrepar\u00e1veis\",\"datePublished\":\"2026-04-01T09:02:01+00:00\",\"mainEntityOfPage\":{\"@id\":\"https:\/\/portaltela.pt\/noticias\/2026\/04\/01\/unesco-alerta-danos-no-patrimonio-iraniano-podem-ser-irreparaveis\/\"},\"wordCount\":256,\"image\":{\"@id\":\"https:\/\/portaltela.pt\/noticias\/2026\/04\/01\/unesco-alerta-danos-no-patrimonio-iraniano-podem-ser-irreparaveis\/#primaryimage\"},\"thumbnailUrl\":\"https:\/\/portaltela.pt\/s.01k8rhncp4jt1\/2026\/04\/2078451.jpg\",\"keywords\":[\"conflitos internacionais\",\"danos\",\"guerra\",\"Ir\u00e3o\",\"Patrim\u00f3nio Cultural\",\"Patrim\u00f3nio Mundial da UNESCO\"],\"articleSection\":[\"Cultura\",\"Not\u00edcias\"],\"inLanguage\":\"pt-PT\"},{\"@type\":\"WebPage\",\"@id\":\"https:\/\/portaltela.pt\/noticias\/2026\/04\/01\/unesco-alerta-danos-no-patrimonio-iraniano-podem-ser-irreparaveis\/\",\"url\":\"https:\/\/portaltela.pt\/noticias\/2026\/04\/01\/unesco-alerta-danos-no-patrimonio-iraniano-podem-ser-irreparaveis\/\",\"name\":\"Unesco alerta: danos no patrim\u00f3nio iraniano podem ser irrepar\u00e1veis - Portal Tela Portugal\",\"isPartOf\":{\"@id\":\"https:\/\/portaltela.pt\/#website\"},\"primaryImageOfPage\":{\"@id\":\"https:\/\/portaltela.pt\/noticias\/2026\/04\/01\/unesco-alerta-danos-no-patrimonio-iraniano-podem-ser-irreparaveis\/#primaryimage\"},\"image\":{\"@id\":\"https:\/\/portaltela.pt\/noticias\/2026\/04\/01\/unesco-alerta-danos-no-patrimonio-iraniano-podem-ser-irreparaveis\/#primaryimage\"},\"thumbnailUrl\":\"https:\/\/portaltela.pt\/s.01k8rhncp4jt1\/2026\/04\/2078451.jpg\",\"datePublished\":\"2026-04-01T09:02:01+00:00\",\"author\":{\"@id\":\"https:\/\/portaltela.pt\/#\/schema\/person\/c4278d4a6028830caff9ee44b42d32ed\"},\"breadcrumb\":{\"@id\":\"https:\/\/portaltela.pt\/noticias\/2026\/04\/01\/unesco-alerta-danos-no-patrimonio-iraniano-podem-ser-irreparaveis\/#breadcrumb\"},\"inLanguage\":\"pt-PT\",\"potentialAction\":[{\"@type\":\"ReadAction\",\"target\":[\"https:\/\/portaltela.pt\/noticias\/2026\/04\/01\/unesco-alerta-danos-no-patrimonio-iraniano-podem-ser-irreparaveis\/\"]}]},{\"@type\":\"ImageObject\",\"inLanguage\":\"pt-PT\",\"@id\":\"https:\/\/portaltela.pt\/noticias\/2026\/04\/01\/unesco-alerta-danos-no-patrimonio-iraniano-podem-ser-irreparaveis\/#primaryimage\",\"url\":\"https:\/\/portaltela.pt\/s.01k8rhncp4jt1\/2026\/04\/2078451.jpg\",\"contentUrl\":\"https:\/\/portaltela.pt\/s.01k8rhncp4jt1\/2026\/04\/2078451.jpg\",\"width\":796,\"height\":448,\"caption\":\"Aspecto da destrui\u00e7\u00e3o dentro do Pal\u00e1cio de Golest\u00e3o, um dos s\u00edtios danificados\"},{\"@type\":\"BreadcrumbList\",\"@id\":\"https:\/\/portaltela.pt\/noticias\/2026\/04\/01\/unesco-alerta-danos-no-patrimonio-iraniano-podem-ser-irreparaveis\/#breadcrumb\",\"itemListElement\":[{\"@type\":\"ListItem\",\"position\":1,\"name\":\"In\u00edcio\",\"item\":\"https:\/\/portaltela.pt\/\"},{\"@type\":\"ListItem\",\"position\":2,\"name\":\"Unesco alerta: danos no patrim\u00f3nio iraniano podem ser irrepar\u00e1veis\"}]},{\"@type\":\"WebSite\",\"@id\":\"https:\/\/portaltela.pt\/#website\",\"url\":\"https:\/\/portaltela.pt\/\",\"name\":\"Portal Tela Portugal\",\"description\":\"\",\"potentialAction\":[{\"@type\":\"SearchAction\",\"target\":{\"@type\":\"EntryPoint\",\"urlTemplate\":\"https:\/\/portaltela.pt\/?s={search_term_string}\"},\"query-input\":{\"@type\":\"PropertyValueSpecification\",\"valueRequired\":true,\"valueName\":\"search_term_string\"}}],\"inLanguage\":\"pt-PT\"},{\"@type\":\"Person\",\"@id\":\"https:\/\/portaltela.pt\/#\/schema\/person\/c4278d4a6028830caff9ee44b42d32ed\",\"name\":\"Telinha\",\"image\":{\"@type\":\"ImageObject\",\"inLanguage\":\"pt-PT\",\"@id\":\"https:\/\/portaltela.pt\/s.01k8rhncp4jt1\/2025\/11\/talking-bot-125x125.png\",\"url\":\"https:\/\/portaltela.pt\/s.01k8rhncp4jt1\/2025\/11\/talking-bot-125x125.png\",\"contentUrl\":\"https:\/\/portaltela.pt\/s.01k8rhncp4jt1\/2025\/11\/talking-bot-125x125.png\",\"caption\":\"Telinha\"},\"sameAs\":[\"https:\/\/portaltela.pt\/\"],\"url\":\"https:\/\/portaltela.pt\/por\/367410592786\/\"}]}<\/script>\n<!-- \/ Yoast SEO plugin. -->","yoast_head_json":{"title":"Unesco alerta: danos no patrim\u00f3nio iraniano podem ser irrepar\u00e1veis - Portal Tela Portugal","robots":{"index":"index","follow":"follow","max-snippet":"max-snippet:-1","max-image-preview":"max-image-preview:large","max-video-preview":"max-video-preview:-1"},"og_locale":"pt_PT","og_type":"article","og_title":"Unesco alerta: danos no patrim\u00f3nio iraniano podem ser irrepar\u00e1veis - Portal Tela Portugal","og_description":"Hassan Fartousi, secret\u00e1rio-geral da Comiss\u00e3o Nacional Iraniana para a Unesco, afirma que danos no patrim\u00f3nio podem ser irrepar\u00e1veis e que \u00e9 dif\u00edcil avaliar a sua dimens\u00e3o. Em Isfahan, a situa\u00e7\u00e3o \u00e9 descrita como catastr\u00f3fica, com danos significativos em s\u00edtios culturais. At\u00e9 meados de mar\u00e7o, a Unesco registava quatro s\u00edtios danificados entre os 29 classificados como patrim\u00f3nio mundial no Ir\u00e3o. Entre os s\u00edtios afetados est\u00e3o o Pal\u00e1cio de Golest\u00e3o (quase 40% dos espelhos danificados) e locais em Isfahan, incluindo a Mesquita Jameh e o Pal\u00e1cio Chehel Sotoun, bem como \u00e1reas pr\u00e9-hist\u00f3ricas do vale de Khorramabad, com alguns s\u00edtios descritos como 100% destru\u00eddos. A guerra, iniciada a 28 de fevereiro, envolve ataques dos Estados Unidos e de Israel contra o Ir\u00e3o e j\u00e1 se propagou pelo M\u00e9dio Oriente.","og_url":"https:\/\/portaltela.pt\/noticias\/2026\/04\/01\/unesco-alerta-danos-no-patrimonio-iraniano-podem-ser-irreparaveis\/","og_site_name":"Portal Tela Portugal","article_published_time":"2026-04-01T09:02:01+00:00","author":"Telinha","twitter_card":"summary_large_image","twitter_misc":{"Escrito por":"Telinha","Tempo estimado de leitura":"1 minuto"},"schema":{"@context":"https:\/\/schema.org","@graph":[{"@type":"Article","@id":"https:\/\/portaltela.pt\/noticias\/2026\/04\/01\/unesco-alerta-danos-no-patrimonio-iraniano-podem-ser-irreparaveis\/#article","isPartOf":{"@id":"https:\/\/portaltela.pt\/noticias\/2026\/04\/01\/unesco-alerta-danos-no-patrimonio-iraniano-podem-ser-irreparaveis\/"},"author":{"name":"Telinha","@id":"https:\/\/portaltela.pt\/#\/schema\/person\/c4278d4a6028830caff9ee44b42d32ed"},"headline":"Unesco alerta: danos no patrim\u00f3nio iraniano podem ser irrepar\u00e1veis","datePublished":"2026-04-01T09:02:01+00:00","mainEntityOfPage":{"@id":"https:\/\/portaltela.pt\/noticias\/2026\/04\/01\/unesco-alerta-danos-no-patrimonio-iraniano-podem-ser-irreparaveis\/"},"wordCount":256,"image":{"@id":"https:\/\/portaltela.pt\/noticias\/2026\/04\/01\/unesco-alerta-danos-no-patrimonio-iraniano-podem-ser-irreparaveis\/#primaryimage"},"thumbnailUrl":"https:\/\/portaltela.pt\/s.01k8rhncp4jt1\/2026\/04\/2078451.jpg","keywords":["conflitos internacionais","danos","guerra","Ir\u00e3o","Patrim\u00f3nio Cultural","Patrim\u00f3nio Mundial da UNESCO"],"articleSection":["Cultura","Not\u00edcias"],"inLanguage":"pt-PT"},{"@type":"WebPage","@id":"https:\/\/portaltela.pt\/noticias\/2026\/04\/01\/unesco-alerta-danos-no-patrimonio-iraniano-podem-ser-irreparaveis\/","url":"https:\/\/portaltela.pt\/noticias\/2026\/04\/01\/unesco-alerta-danos-no-patrimonio-iraniano-podem-ser-irreparaveis\/","name":"Unesco alerta: danos no patrim\u00f3nio iraniano podem ser irrepar\u00e1veis - Portal Tela Portugal","isPartOf":{"@id":"https:\/\/portaltela.pt\/#website"},"primaryImageOfPage":{"@id":"https:\/\/portaltela.pt\/noticias\/2026\/04\/01\/unesco-alerta-danos-no-patrimonio-iraniano-podem-ser-irreparaveis\/#primaryimage"},"image":{"@id":"https:\/\/portaltela.pt\/noticias\/2026\/04\/01\/unesco-alerta-danos-no-patrimonio-iraniano-podem-ser-irreparaveis\/#primaryimage"},"thumbnailUrl":"https:\/\/portaltela.pt\/s.01k8rhncp4jt1\/2026\/04\/2078451.jpg","datePublished":"2026-04-01T09:02:01+00:00","author":{"@id":"https:\/\/portaltela.pt\/#\/schema\/person\/c4278d4a6028830caff9ee44b42d32ed"},"breadcrumb":{"@id":"https:\/\/portaltela.pt\/noticias\/2026\/04\/01\/unesco-alerta-danos-no-patrimonio-iraniano-podem-ser-irreparaveis\/#breadcrumb"},"inLanguage":"pt-PT","potentialAction":[{"@type":"ReadAction","target":["https:\/\/portaltela.pt\/noticias\/2026\/04\/01\/unesco-alerta-danos-no-patrimonio-iraniano-podem-ser-irreparaveis\/"]}]},{"@type":"ImageObject","inLanguage":"pt-PT","@id":"https:\/\/portaltela.pt\/noticias\/2026\/04\/01\/unesco-alerta-danos-no-patrimonio-iraniano-podem-ser-irreparaveis\/#primaryimage","url":"https:\/\/portaltela.pt\/s.01k8rhncp4jt1\/2026\/04\/2078451.jpg","contentUrl":"https:\/\/portaltela.pt\/s.01k8rhncp4jt1\/2026\/04\/2078451.jpg","width":796,"height":448,"caption":"Aspecto da destrui\u00e7\u00e3o dentro do Pal\u00e1cio de Golest\u00e3o, um dos s\u00edtios danificados"},{"@type":"BreadcrumbList","@id":"https:\/\/portaltela.pt\/noticias\/2026\/04\/01\/unesco-alerta-danos-no-patrimonio-iraniano-podem-ser-irreparaveis\/#breadcrumb","itemListElement":[{"@type":"ListItem","position":1,"name":"In\u00edcio","item":"https:\/\/portaltela.pt\/"},{"@type":"ListItem","position":2,"name":"Unesco alerta: danos no patrim\u00f3nio iraniano podem ser irrepar\u00e1veis"}]},{"@type":"WebSite","@id":"https:\/\/portaltela.pt\/#website","url":"https:\/\/portaltela.pt\/","name":"Portal Tela Portugal","description":"","potentialAction":[{"@type":"SearchAction","target":{"@type":"EntryPoint","urlTemplate":"https:\/\/portaltela.pt\/?s={search_term_string}"},"query-input":{"@type":"PropertyValueSpecification","valueRequired":true,"valueName":"search_term_string"}}],"inLanguage":"pt-PT"},{"@type":"Person","@id":"https:\/\/portaltela.pt\/#\/schema\/person\/c4278d4a6028830caff9ee44b42d32ed","name":"Telinha","image":{"@type":"ImageObject","inLanguage":"pt-PT","@id":"https:\/\/portaltela.pt\/s.01k8rhncp4jt1\/2025\/11\/talking-bot-125x125.png","url":"https:\/\/portaltela.pt\/s.01k8rhncp4jt1\/2025\/11\/talking-bot-125x125.png","contentUrl":"https:\/\/portaltela.pt\/s.01k8rhncp4jt1\/2025\/11\/talking-bot-125x125.png","caption":"Telinha"},"sameAs":["https:\/\/portaltela.pt\/"],"url":"https:\/\/portaltela.pt\/por\/367410592786\/"}]}},"_links":{"self":[{"href":"https:\/\/portaltela.pt\/api\/wp\/v2\/posts\/428817","targetHints":{"allow":["GET"]}}],"collection":[{"href":"https:\/\/portaltela.pt\/api\/wp\/v2\/posts"}],"about":[{"href":"https:\/\/portaltela.pt\/api\/wp\/v2\/types\/post"}],"author":[{"embeddable":true,"href":"https:\/\/portaltela.pt\/api\/wp\/v2\/users\/2"}],"replies":[{"embeddable":true,"href":"https:\/\/portaltela.pt\/api\/wp\/v2\/comments?post=428817"}],"version-history":[{"count":0,"href":"https:\/\/portaltela.pt\/api\/wp\/v2\/posts\/428817\/revisions"}],"wp:featuredmedia":[{"embeddable":true,"href":"https:\/\/portaltela.pt\/api\/wp\/v2\/media\/428819"}],"wp:attachment":[{"href":"https:\/\/portaltela.pt\/api\/wp\/v2\/media?parent=428817"}],"wp:term":[{"taxonomy":"category","embeddable":true,"href":"https:\/\/portaltela.pt\/api\/wp\/v2\/categories?post=428817"},{"taxonomy":"post_tag","embeddable":true,"href":"https:\/\/portaltela.pt\/api\/wp\/v2\/tags?post=428817"}],"curies":[{"name":"wp","href":"https:\/\/api.w.org\/{rel}","templated":true}]}}