{"id":428815,"date":"2026-04-01T06:01:59","date_gmt":"2026-04-01T09:01:59","guid":{"rendered":"https:\/\/portaltela.pt\/noticias\/2026\/04\/01\/romaria-carla-simon-aborda-a-sua-idade-mais-avancada\/"},"modified":"2026-04-01T06:01:59","modified_gmt":"2026-04-01T09:01:59","slug":"romaria-carla-simon-aborda-a-sua-idade-mais-avancada","status":"publish","type":"post","link":"https:\/\/portaltela.pt\/series-e-filmes\/2026\/04\/01\/romaria-carla-simon-aborda-a-sua-idade-mais-avancada\/","title":{"rendered":"Romaria: Carla Sim\u00f3n aborda a sua idade mais avan\u00e7ada"},"content":{"rendered":"<p>Carla Sim\u00f3n, cineasta catal\u00e3, apresenta Romaria, a sua terceira longa-metragem. O filme encara a passagem \u00e0 maioridade, mantendo a liga\u00e7\u00e3o \u00e0 fam\u00edlia alicer de Ver\u00e3o 1993 e expandindo-a com a dimens\u00e3o coral j\u00e1 presente em Alcarr\u00e0s. A obra insere-se num momento de consolida\u00e7\u00e3o criativa para a realizadora.<\/p>\n<p>Romaria mant\u00e9m a liga\u00e7\u00e3o familiar como eixo central, mas acrescenta uma viagem no tempo entre passado e presente. A narrativa questiona como a idade, o lugar e as rela\u00e7\u00f5es moldam a identidade de quem cresce, sem abandonar a matriz intimista dos anteriores trabalhos.<\/p>\n<p>A obra envolve uma \u00f3rf\u00e3 que contacta a fam\u00edlia do pai biol\u00f3gico, abrindo caminhos para uma leitura sobre perten\u00e7a e mem\u00f3ria. O filme prop\u00f5e uma reflex\u00e3o sobre o que significa crescer quando as refer\u00eancias familiares se alteram e o tempo se desfaz em camadas.<\/p>\n<h3>Romaria: maioridade em foco<\/h3>\n<p>Romaria coloca em destaque o tema da maioridade atrav\u00e9s da experi\u00eancia da protagonista e da rela\u00e7\u00e3o com a fam\u00edlia do pai biol\u00f3gico. A abordagem combina o intimismo com uma vis\u00e3o coletiva, revelando a evolu\u00e7\u00e3o da identidade ao longo de v\u00e1rias fases da vida.<\/p>\n<p>A leitura cr\u00edtica aponta para uma continua\u00e7\u00e3o do tra\u00e7o visual de Sim\u00f3n, aliado a uma montagem que alterna passado e presente. O projeto envolve, pela sua natureza, um olhar atento \u00e0s din\u00e2micas familiares e ao impacto do tempo na mem\u00f3ria.<\/p>\n","protected":false},"excerpt":{"rendered":"<ul>\n<li>Carla Sim\u00f3n, cineasta catal\u00e3, estreia-se na maioridade criativa com Romaria, a terceira longa-metragem.<\/li>\n<li>Ap\u00f3s Ver\u00e3o 1993 (2017) e Alcarr\u00e0s (2022, Urso de Ouro em Berlim), a diretora volta a explorar a fam\u00edlia no seu novo filme.<\/li>\n<li>Romaria parece, \u00e0 partida, autobiogr\u00e1fica, refor\u00e7ando a liga\u00e7\u00e3o a Ver\u00e3o 1993, mas expande-se com uma dimens\u00e3o coral semelhante a Alcarr\u00e0s.<\/li>\n<li>O filme incorpora uma viagem no tempo entre passado e presente, mantendo a \u00e2ncora familiar.<\/li>\n<li>O tema central \u00e9 a maioridade, questionando a identidade que se julgava possuir.<\/li>\n<\/ul>\n","protected":false},"author":2,"featured_media":428816,"comment_status":"closed","ping_status":"closed","sticky":false,"template":"","format":"standard","meta":{"footnotes":""},"categories":[7368],"tags":[5485,112,7040,145,64,5242],"class_list":["post-428815","post","type-post","status-publish","format-standard","has-post-thumbnail","hentry","category-series-e-filmes","tag-catalunha","tag-cinema","tag-cinema-internacional","tag-cultura","tag-familia","tag-filmes"],"yoast_head":"<!-- This site is optimized with the Yoast SEO plugin v27.2 - https:\/\/yoast.com\/product\/yoast-seo-wordpress\/ -->\n<title>Romaria: Carla Sim\u00f3n aborda a sua idade mais avan\u00e7ada - Portal Tela Portugal<\/title>\n<meta name=\"robots\" content=\"index, follow, max-snippet:-1, max-image-preview:large, max-video-preview:-1\" \/>\n<meta property=\"og:locale\" content=\"pt_PT\" \/>\n<meta property=\"og:type\" content=\"article\" \/>\n<meta property=\"og:title\" content=\"Romaria: Carla Sim\u00f3n aborda a sua idade mais avan\u00e7ada - Portal Tela Portugal\" \/>\n<meta property=\"og:description\" content=\"Carla Sim\u00f3n, cineasta catal\u00e3, estreia-se na maioridade criativa com Romaria, a terceira longa-metragem. Ap\u00f3s Ver\u00e3o 1993 (2017) e Alcarr\u00e0s (2022, Urso de Ouro em Berlim), a diretora volta a explorar a fam\u00edlia no seu novo filme. Romaria parece, \u00e0 partida, autobiogr\u00e1fica, refor\u00e7ando a liga\u00e7\u00e3o a Ver\u00e3o 1993, mas expande-se com uma dimens\u00e3o coral semelhante a Alcarr\u00e0s. O filme incorpora uma viagem no tempo entre passado e presente, mantendo a \u00e2ncora familiar. O tema central \u00e9 a maioridade, questionando a identidade que se julgava possuir.\" \/>\n<meta property=\"og:url\" content=\"https:\/\/portaltela.pt\/noticias\/2026\/04\/01\/romaria-carla-simon-aborda-a-sua-idade-mais-avancada\/\" \/>\n<meta property=\"og:site_name\" content=\"Portal Tela Portugal\" \/>\n<meta property=\"article:published_time\" content=\"2026-04-01T09:01:59+00:00\" \/>\n<meta name=\"author\" content=\"Telinha\" \/>\n<meta name=\"twitter:card\" content=\"summary_large_image\" \/>\n<meta name=\"twitter:label1\" content=\"Escrito por\" \/>\n\t<meta name=\"twitter:data1\" content=\"Telinha\" \/>\n\t<meta name=\"twitter:label2\" content=\"Tempo estimado de leitura\" \/>\n\t<meta name=\"twitter:data2\" content=\"1 minuto\" \/>\n<script type=\"application\/ld+json\" class=\"yoast-schema-graph\">{\"@context\":\"https:\/\/schema.org\",\"@graph\":[{\"@type\":\"Article\",\"@id\":\"https:\/\/portaltela.pt\/noticias\/2026\/04\/01\/romaria-carla-simon-aborda-a-sua-idade-mais-avancada\/#article\",\"isPartOf\":{\"@id\":\"https:\/\/portaltela.pt\/noticias\/2026\/04\/01\/romaria-carla-simon-aborda-a-sua-idade-mais-avancada\/\"},\"author\":{\"name\":\"Telinha\",\"@id\":\"https:\/\/portaltela.pt\/#\/schema\/person\/c4278d4a6028830caff9ee44b42d32ed\"},\"headline\":\"Romaria: Carla Sim\u00f3n aborda a sua idade mais avan\u00e7ada\",\"datePublished\":\"2026-04-01T09:01:59+00:00\",\"mainEntityOfPage\":{\"@id\":\"https:\/\/portaltela.pt\/noticias\/2026\/04\/01\/romaria-carla-simon-aborda-a-sua-idade-mais-avancada\/\"},\"wordCount\":260,\"image\":{\"@id\":\"https:\/\/portaltela.pt\/noticias\/2026\/04\/01\/romaria-carla-simon-aborda-a-sua-idade-mais-avancada\/#primaryimage\"},\"thumbnailUrl\":\"https:\/\/portaltela.pt\/s.01k8rhncp4jt1\/2026\/04\/2078426.jpg\",\"keywords\":[\"Catalunha\",\"cinema\",\"cinema internacional\",\"cultura\",\"fam\u00edlia\",\"filmes\"],\"articleSection\":[\"S\u00e9ries e filmes\"],\"inLanguage\":\"pt-PT\"},{\"@type\":\"WebPage\",\"@id\":\"https:\/\/portaltela.pt\/noticias\/2026\/04\/01\/romaria-carla-simon-aborda-a-sua-idade-mais-avancada\/\",\"url\":\"https:\/\/portaltela.pt\/noticias\/2026\/04\/01\/romaria-carla-simon-aborda-a-sua-idade-mais-avancada\/\",\"name\":\"Romaria: Carla Sim\u00f3n aborda a sua idade mais avan\u00e7ada - Portal Tela Portugal\",\"isPartOf\":{\"@id\":\"https:\/\/portaltela.pt\/#website\"},\"primaryImageOfPage\":{\"@id\":\"https:\/\/portaltela.pt\/noticias\/2026\/04\/01\/romaria-carla-simon-aborda-a-sua-idade-mais-avancada\/#primaryimage\"},\"image\":{\"@id\":\"https:\/\/portaltela.pt\/noticias\/2026\/04\/01\/romaria-carla-simon-aborda-a-sua-idade-mais-avancada\/#primaryimage\"},\"thumbnailUrl\":\"https:\/\/portaltela.pt\/s.01k8rhncp4jt1\/2026\/04\/2078426.jpg\",\"datePublished\":\"2026-04-01T09:01:59+00:00\",\"author\":{\"@id\":\"https:\/\/portaltela.pt\/#\/schema\/person\/c4278d4a6028830caff9ee44b42d32ed\"},\"breadcrumb\":{\"@id\":\"https:\/\/portaltela.pt\/noticias\/2026\/04\/01\/romaria-carla-simon-aborda-a-sua-idade-mais-avancada\/#breadcrumb\"},\"inLanguage\":\"pt-PT\",\"potentialAction\":[{\"@type\":\"ReadAction\",\"target\":[\"https:\/\/portaltela.pt\/noticias\/2026\/04\/01\/romaria-carla-simon-aborda-a-sua-idade-mais-avancada\/\"]}]},{\"@type\":\"ImageObject\",\"inLanguage\":\"pt-PT\",\"@id\":\"https:\/\/portaltela.pt\/noticias\/2026\/04\/01\/romaria-carla-simon-aborda-a-sua-idade-mais-avancada\/#primaryimage\",\"url\":\"https:\/\/portaltela.pt\/s.01k8rhncp4jt1\/2026\/04\/2078426.jpg\",\"contentUrl\":\"https:\/\/portaltela.pt\/s.01k8rhncp4jt1\/2026\/04\/2078426.jpg\",\"width\":796,\"height\":448,\"caption\":\"Romaria: hist\u00f3ria de uma fam\u00edlia obrigada a mudar para que tudo fique na mesma\"},{\"@type\":\"BreadcrumbList\",\"@id\":\"https:\/\/portaltela.pt\/noticias\/2026\/04\/01\/romaria-carla-simon-aborda-a-sua-idade-mais-avancada\/#breadcrumb\",\"itemListElement\":[{\"@type\":\"ListItem\",\"position\":1,\"name\":\"In\u00edcio\",\"item\":\"https:\/\/portaltela.pt\/\"},{\"@type\":\"ListItem\",\"position\":2,\"name\":\"Romaria: Carla Sim\u00f3n aborda a sua idade mais avan\u00e7ada\"}]},{\"@type\":\"WebSite\",\"@id\":\"https:\/\/portaltela.pt\/#website\",\"url\":\"https:\/\/portaltela.pt\/\",\"name\":\"Portal Tela Portugal\",\"description\":\"\",\"potentialAction\":[{\"@type\":\"SearchAction\",\"target\":{\"@type\":\"EntryPoint\",\"urlTemplate\":\"https:\/\/portaltela.pt\/?s={search_term_string}\"},\"query-input\":{\"@type\":\"PropertyValueSpecification\",\"valueRequired\":true,\"valueName\":\"search_term_string\"}}],\"inLanguage\":\"pt-PT\"},{\"@type\":\"Person\",\"@id\":\"https:\/\/portaltela.pt\/#\/schema\/person\/c4278d4a6028830caff9ee44b42d32ed\",\"name\":\"Telinha\",\"image\":{\"@type\":\"ImageObject\",\"inLanguage\":\"pt-PT\",\"@id\":\"https:\/\/portaltela.pt\/s.01k8rhncp4jt1\/2025\/11\/talking-bot-125x125.png\",\"url\":\"https:\/\/portaltela.pt\/s.01k8rhncp4jt1\/2025\/11\/talking-bot-125x125.png\",\"contentUrl\":\"https:\/\/portaltela.pt\/s.01k8rhncp4jt1\/2025\/11\/talking-bot-125x125.png\",\"caption\":\"Telinha\"},\"sameAs\":[\"https:\/\/portaltela.pt\/\"],\"url\":\"https:\/\/portaltela.pt\/por\/367410592786\/\"}]}<\/script>\n<!-- \/ Yoast SEO plugin. -->","yoast_head_json":{"title":"Romaria: Carla Sim\u00f3n aborda a sua idade mais avan\u00e7ada - Portal Tela Portugal","robots":{"index":"index","follow":"follow","max-snippet":"max-snippet:-1","max-image-preview":"max-image-preview:large","max-video-preview":"max-video-preview:-1"},"og_locale":"pt_PT","og_type":"article","og_title":"Romaria: Carla Sim\u00f3n aborda a sua idade mais avan\u00e7ada - Portal Tela Portugal","og_description":"Carla Sim\u00f3n, cineasta catal\u00e3, estreia-se na maioridade criativa com Romaria, a terceira longa-metragem. Ap\u00f3s Ver\u00e3o 1993 (2017) e Alcarr\u00e0s (2022, Urso de Ouro em Berlim), a diretora volta a explorar a fam\u00edlia no seu novo filme. Romaria parece, \u00e0 partida, autobiogr\u00e1fica, refor\u00e7ando a liga\u00e7\u00e3o a Ver\u00e3o 1993, mas expande-se com uma dimens\u00e3o coral semelhante a Alcarr\u00e0s. O filme incorpora uma viagem no tempo entre passado e presente, mantendo a \u00e2ncora familiar. O tema central \u00e9 a maioridade, questionando a identidade que se julgava possuir.","og_url":"https:\/\/portaltela.pt\/noticias\/2026\/04\/01\/romaria-carla-simon-aborda-a-sua-idade-mais-avancada\/","og_site_name":"Portal Tela Portugal","article_published_time":"2026-04-01T09:01:59+00:00","author":"Telinha","twitter_card":"summary_large_image","twitter_misc":{"Escrito por":"Telinha","Tempo estimado de leitura":"1 minuto"},"schema":{"@context":"https:\/\/schema.org","@graph":[{"@type":"Article","@id":"https:\/\/portaltela.pt\/noticias\/2026\/04\/01\/romaria-carla-simon-aborda-a-sua-idade-mais-avancada\/#article","isPartOf":{"@id":"https:\/\/portaltela.pt\/noticias\/2026\/04\/01\/romaria-carla-simon-aborda-a-sua-idade-mais-avancada\/"},"author":{"name":"Telinha","@id":"https:\/\/portaltela.pt\/#\/schema\/person\/c4278d4a6028830caff9ee44b42d32ed"},"headline":"Romaria: Carla Sim\u00f3n aborda a sua idade mais avan\u00e7ada","datePublished":"2026-04-01T09:01:59+00:00","mainEntityOfPage":{"@id":"https:\/\/portaltela.pt\/noticias\/2026\/04\/01\/romaria-carla-simon-aborda-a-sua-idade-mais-avancada\/"},"wordCount":260,"image":{"@id":"https:\/\/portaltela.pt\/noticias\/2026\/04\/01\/romaria-carla-simon-aborda-a-sua-idade-mais-avancada\/#primaryimage"},"thumbnailUrl":"https:\/\/portaltela.pt\/s.01k8rhncp4jt1\/2026\/04\/2078426.jpg","keywords":["Catalunha","cinema","cinema internacional","cultura","fam\u00edlia","filmes"],"articleSection":["S\u00e9ries e filmes"],"inLanguage":"pt-PT"},{"@type":"WebPage","@id":"https:\/\/portaltela.pt\/noticias\/2026\/04\/01\/romaria-carla-simon-aborda-a-sua-idade-mais-avancada\/","url":"https:\/\/portaltela.pt\/noticias\/2026\/04\/01\/romaria-carla-simon-aborda-a-sua-idade-mais-avancada\/","name":"Romaria: Carla Sim\u00f3n aborda a sua idade mais avan\u00e7ada - Portal Tela Portugal","isPartOf":{"@id":"https:\/\/portaltela.pt\/#website"},"primaryImageOfPage":{"@id":"https:\/\/portaltela.pt\/noticias\/2026\/04\/01\/romaria-carla-simon-aborda-a-sua-idade-mais-avancada\/#primaryimage"},"image":{"@id":"https:\/\/portaltela.pt\/noticias\/2026\/04\/01\/romaria-carla-simon-aborda-a-sua-idade-mais-avancada\/#primaryimage"},"thumbnailUrl":"https:\/\/portaltela.pt\/s.01k8rhncp4jt1\/2026\/04\/2078426.jpg","datePublished":"2026-04-01T09:01:59+00:00","author":{"@id":"https:\/\/portaltela.pt\/#\/schema\/person\/c4278d4a6028830caff9ee44b42d32ed"},"breadcrumb":{"@id":"https:\/\/portaltela.pt\/noticias\/2026\/04\/01\/romaria-carla-simon-aborda-a-sua-idade-mais-avancada\/#breadcrumb"},"inLanguage":"pt-PT","potentialAction":[{"@type":"ReadAction","target":["https:\/\/portaltela.pt\/noticias\/2026\/04\/01\/romaria-carla-simon-aborda-a-sua-idade-mais-avancada\/"]}]},{"@type":"ImageObject","inLanguage":"pt-PT","@id":"https:\/\/portaltela.pt\/noticias\/2026\/04\/01\/romaria-carla-simon-aborda-a-sua-idade-mais-avancada\/#primaryimage","url":"https:\/\/portaltela.pt\/s.01k8rhncp4jt1\/2026\/04\/2078426.jpg","contentUrl":"https:\/\/portaltela.pt\/s.01k8rhncp4jt1\/2026\/04\/2078426.jpg","width":796,"height":448,"caption":"Romaria: hist\u00f3ria de uma fam\u00edlia obrigada a mudar para que tudo fique na mesma"},{"@type":"BreadcrumbList","@id":"https:\/\/portaltela.pt\/noticias\/2026\/04\/01\/romaria-carla-simon-aborda-a-sua-idade-mais-avancada\/#breadcrumb","itemListElement":[{"@type":"ListItem","position":1,"name":"In\u00edcio","item":"https:\/\/portaltela.pt\/"},{"@type":"ListItem","position":2,"name":"Romaria: Carla Sim\u00f3n aborda a sua idade mais avan\u00e7ada"}]},{"@type":"WebSite","@id":"https:\/\/portaltela.pt\/#website","url":"https:\/\/portaltela.pt\/","name":"Portal Tela Portugal","description":"","potentialAction":[{"@type":"SearchAction","target":{"@type":"EntryPoint","urlTemplate":"https:\/\/portaltela.pt\/?s={search_term_string}"},"query-input":{"@type":"PropertyValueSpecification","valueRequired":true,"valueName":"search_term_string"}}],"inLanguage":"pt-PT"},{"@type":"Person","@id":"https:\/\/portaltela.pt\/#\/schema\/person\/c4278d4a6028830caff9ee44b42d32ed","name":"Telinha","image":{"@type":"ImageObject","inLanguage":"pt-PT","@id":"https:\/\/portaltela.pt\/s.01k8rhncp4jt1\/2025\/11\/talking-bot-125x125.png","url":"https:\/\/portaltela.pt\/s.01k8rhncp4jt1\/2025\/11\/talking-bot-125x125.png","contentUrl":"https:\/\/portaltela.pt\/s.01k8rhncp4jt1\/2025\/11\/talking-bot-125x125.png","caption":"Telinha"},"sameAs":["https:\/\/portaltela.pt\/"],"url":"https:\/\/portaltela.pt\/por\/367410592786\/"}]}},"_links":{"self":[{"href":"https:\/\/portaltela.pt\/api\/wp\/v2\/posts\/428815","targetHints":{"allow":["GET"]}}],"collection":[{"href":"https:\/\/portaltela.pt\/api\/wp\/v2\/posts"}],"about":[{"href":"https:\/\/portaltela.pt\/api\/wp\/v2\/types\/post"}],"author":[{"embeddable":true,"href":"https:\/\/portaltela.pt\/api\/wp\/v2\/users\/2"}],"replies":[{"embeddable":true,"href":"https:\/\/portaltela.pt\/api\/wp\/v2\/comments?post=428815"}],"version-history":[{"count":0,"href":"https:\/\/portaltela.pt\/api\/wp\/v2\/posts\/428815\/revisions"}],"wp:featuredmedia":[{"embeddable":true,"href":"https:\/\/portaltela.pt\/api\/wp\/v2\/media\/428816"}],"wp:attachment":[{"href":"https:\/\/portaltela.pt\/api\/wp\/v2\/media?parent=428815"}],"wp:term":[{"taxonomy":"category","embeddable":true,"href":"https:\/\/portaltela.pt\/api\/wp\/v2\/categories?post=428815"},{"taxonomy":"post_tag","embeddable":true,"href":"https:\/\/portaltela.pt\/api\/wp\/v2\/tags?post=428815"}],"curies":[{"name":"wp","href":"https:\/\/api.w.org\/{rel}","templated":true}]}}