{"id":428801,"date":"2026-04-01T00:20:00","date_gmt":"2026-04-01T03:20:00","guid":{"rendered":"https:\/\/portaltela.pt\/noticias\/2026\/04\/01\/portugal-espera-sinais-claros-da-venezuela-sobre-libertacao-de-presos-politicos-2\/"},"modified":"2026-04-01T00:20:00","modified_gmt":"2026-04-01T03:20:00","slug":"portugal-espera-sinais-claros-da-venezuela-sobre-libertacao-de-presos-politicos-2","status":"publish","type":"post","link":"https:\/\/portaltela.pt\/noticias\/politica\/2026\/04\/01\/portugal-espera-sinais-claros-da-venezuela-sobre-libertacao-de-presos-politicos-2\/","title":{"rendered":"Portugal espera sinais claros da Venezuela sobre liberta\u00e7\u00e3o de presos pol\u00edticos"},"content":{"rendered":"<p>O secret\u00e1rio de Estado das Comunidades Portuguesas (SECP), Em\u00eddio Sousa, afirmou que Portugal espera sinais claros da Venezuela sobre a liberta\u00e7\u00e3o de presos pol\u00edticos luso-venezuelanos.<\/p>\n<p>A declara\u00e7\u00e3o n\u00e3o entra em detalhes sobre prazos, locais ou a\u00e7\u00f5es espec\u00edficas, limitando-se a indicar a expectativa de Lisboa quanto a progressos no tema.<\/p>\n<p>O objetivo, segundo a leitura oficial, \u00e9 obter medidas concretas que possam conduzir \u00e0 liberta\u00e7\u00e3o, fortalecendo a coopera\u00e7\u00e3o entre Portugal e a Venezuela no tratamento de casos consulares.<\/p>\n","protected":false},"excerpt":{"rendered":"<ul>\n<li>O secret\u00e1rio de Estado das Comunidades Portuguesas, Em\u00eddio Sousa, afirmou que Portugal espera sinais claros da Venezuela sobre a liberta\u00e7\u00e3o de presos pol\u00edticos luso-venezuelanos.<\/li>\n<li>O texto n\u00e3o fornece datas nem mais detalhes sobre o processo.<\/li>\n<\/ul>\n","protected":false},"author":2,"featured_media":428802,"comment_status":"closed","ping_status":"closed","sticky":false,"template":"","format":"standard","meta":{"footnotes":""},"categories":[6912,5],"tags":[256,2633,5698,1014,5088,2758],"class_list":["post-428801","post","type-post","status-publish","format-standard","has-post-thumbnail","hentry","category-internacionais","category-politica","tag-cooperacao-internacional","tag-direitos-humanos","tag-politica-internacional","tag-portugal","tag-presos","tag-venezuela"],"yoast_head":"<!-- This site is optimized with the Yoast SEO plugin v27.2 - https:\/\/yoast.com\/product\/yoast-seo-wordpress\/ -->\n<title>Portugal espera sinais claros da Venezuela sobre liberta\u00e7\u00e3o de presos pol\u00edticos - Portal Tela Portugal<\/title>\n<meta name=\"robots\" content=\"index, follow, max-snippet:-1, max-image-preview:large, max-video-preview:-1\" \/>\n<meta property=\"og:locale\" content=\"pt_PT\" \/>\n<meta property=\"og:type\" content=\"article\" \/>\n<meta property=\"og:title\" content=\"Portugal espera sinais claros da Venezuela sobre liberta\u00e7\u00e3o de presos pol\u00edticos - Portal Tela Portugal\" \/>\n<meta property=\"og:description\" content=\"O secret\u00e1rio de Estado das Comunidades Portuguesas, Em\u00eddio Sousa, afirmou que Portugal espera sinais claros da Venezuela sobre a liberta\u00e7\u00e3o de presos pol\u00edticos luso-venezuelanos. O texto n\u00e3o fornece datas nem mais detalhes sobre o processo.\" \/>\n<meta property=\"og:url\" content=\"https:\/\/portaltela.pt\/noticias\/2026\/04\/01\/portugal-espera-sinais-claros-da-venezuela-sobre-libertacao-de-presos-politicos-2\/\" \/>\n<meta property=\"og:site_name\" content=\"Portal Tela Portugal\" \/>\n<meta property=\"article:published_time\" content=\"2026-04-01T03:20:00+00:00\" \/>\n<meta name=\"author\" content=\"Telinha\" \/>\n<meta name=\"twitter:card\" content=\"summary_large_image\" \/>\n<meta name=\"twitter:label1\" content=\"Escrito por\" \/>\n\t<meta name=\"twitter:data1\" content=\"Telinha\" \/>\n<script type=\"application\/ld+json\" class=\"yoast-schema-graph\">{\"@context\":\"https:\/\/schema.org\",\"@graph\":[{\"@type\":\"Article\",\"@id\":\"https:\/\/portaltela.pt\/noticias\/2026\/04\/01\/portugal-espera-sinais-claros-da-venezuela-sobre-libertacao-de-presos-politicos-2\/#article\",\"isPartOf\":{\"@id\":\"https:\/\/portaltela.pt\/noticias\/2026\/04\/01\/portugal-espera-sinais-claros-da-venezuela-sobre-libertacao-de-presos-politicos-2\/\"},\"author\":{\"name\":\"Telinha\",\"@id\":\"https:\/\/portaltela.pt\/#\/schema\/person\/c4278d4a6028830caff9ee44b42d32ed\"},\"headline\":\"Portugal espera sinais claros da Venezuela sobre liberta\u00e7\u00e3o de presos pol\u00edticos\",\"datePublished\":\"2026-04-01T03:20:00+00:00\",\"mainEntityOfPage\":{\"@id\":\"https:\/\/portaltela.pt\/noticias\/2026\/04\/01\/portugal-espera-sinais-claros-da-venezuela-sobre-libertacao-de-presos-politicos-2\/\"},\"wordCount\":98,\"image\":{\"@id\":\"https:\/\/portaltela.pt\/noticias\/2026\/04\/01\/portugal-espera-sinais-claros-da-venezuela-sobre-libertacao-de-presos-politicos-2\/#primaryimage\"},\"thumbnailUrl\":\"https:\/\/portaltela.pt\/s.01k8rhncp4jt1\/2026\/04\/CACHE_780X1200_ANALOG_WATERMARKED_46860099_379468619961933.jpg\",\"keywords\":[\"coopera\u00e7\u00e3o internacional\",\"direitos humanos\",\"pol\u00edtica internacional\",\"Portugal\",\"presos\",\"Venezuela\"],\"articleSection\":[\"Internacionais\",\"Pol\u00edtica\"],\"inLanguage\":\"pt-PT\"},{\"@type\":\"WebPage\",\"@id\":\"https:\/\/portaltela.pt\/noticias\/2026\/04\/01\/portugal-espera-sinais-claros-da-venezuela-sobre-libertacao-de-presos-politicos-2\/\",\"url\":\"https:\/\/portaltela.pt\/noticias\/2026\/04\/01\/portugal-espera-sinais-claros-da-venezuela-sobre-libertacao-de-presos-politicos-2\/\",\"name\":\"Portugal espera sinais claros da Venezuela sobre liberta\u00e7\u00e3o de presos pol\u00edticos - Portal Tela Portugal\",\"isPartOf\":{\"@id\":\"https:\/\/portaltela.pt\/#website\"},\"primaryImageOfPage\":{\"@id\":\"https:\/\/portaltela.pt\/noticias\/2026\/04\/01\/portugal-espera-sinais-claros-da-venezuela-sobre-libertacao-de-presos-politicos-2\/#primaryimage\"},\"image\":{\"@id\":\"https:\/\/portaltela.pt\/noticias\/2026\/04\/01\/portugal-espera-sinais-claros-da-venezuela-sobre-libertacao-de-presos-politicos-2\/#primaryimage\"},\"thumbnailUrl\":\"https:\/\/portaltela.pt\/s.01k8rhncp4jt1\/2026\/04\/CACHE_780X1200_ANALOG_WATERMARKED_46860099_379468619961933.jpg\",\"datePublished\":\"2026-04-01T03:20:00+00:00\",\"author\":{\"@id\":\"https:\/\/portaltela.pt\/#\/schema\/person\/c4278d4a6028830caff9ee44b42d32ed\"},\"breadcrumb\":{\"@id\":\"https:\/\/portaltela.pt\/noticias\/2026\/04\/01\/portugal-espera-sinais-claros-da-venezuela-sobre-libertacao-de-presos-politicos-2\/#breadcrumb\"},\"inLanguage\":\"pt-PT\",\"potentialAction\":[{\"@type\":\"ReadAction\",\"target\":[\"https:\/\/portaltela.pt\/noticias\/2026\/04\/01\/portugal-espera-sinais-claros-da-venezuela-sobre-libertacao-de-presos-politicos-2\/\"]}]},{\"@type\":\"ImageObject\",\"inLanguage\":\"pt-PT\",\"@id\":\"https:\/\/portaltela.pt\/noticias\/2026\/04\/01\/portugal-espera-sinais-claros-da-venezuela-sobre-libertacao-de-presos-politicos-2\/#primaryimage\",\"url\":\"https:\/\/portaltela.pt\/s.01k8rhncp4jt1\/2026\/04\/CACHE_780X1200_ANALOG_WATERMARKED_46860099_379468619961933.jpg\",\"contentUrl\":\"https:\/\/portaltela.pt\/s.01k8rhncp4jt1\/2026\/04\/CACHE_780X1200_ANALOG_WATERMARKED_46860099_379468619961933.jpg\",\"width\":796,\"height\":448,\"caption\":\"Portugal espera sinais claros da Venezuela sobre liberta\u00e7\u00e3o de presos pol\u00edticos\"},{\"@type\":\"BreadcrumbList\",\"@id\":\"https:\/\/portaltela.pt\/noticias\/2026\/04\/01\/portugal-espera-sinais-claros-da-venezuela-sobre-libertacao-de-presos-politicos-2\/#breadcrumb\",\"itemListElement\":[{\"@type\":\"ListItem\",\"position\":1,\"name\":\"In\u00edcio\",\"item\":\"https:\/\/portaltela.pt\/\"},{\"@type\":\"ListItem\",\"position\":2,\"name\":\"Portugal espera sinais claros da Venezuela sobre liberta\u00e7\u00e3o de presos pol\u00edticos\"}]},{\"@type\":\"WebSite\",\"@id\":\"https:\/\/portaltela.pt\/#website\",\"url\":\"https:\/\/portaltela.pt\/\",\"name\":\"Portal Tela Portugal\",\"description\":\"\",\"potentialAction\":[{\"@type\":\"SearchAction\",\"target\":{\"@type\":\"EntryPoint\",\"urlTemplate\":\"https:\/\/portaltela.pt\/?s={search_term_string}\"},\"query-input\":{\"@type\":\"PropertyValueSpecification\",\"valueRequired\":true,\"valueName\":\"search_term_string\"}}],\"inLanguage\":\"pt-PT\"},{\"@type\":\"Person\",\"@id\":\"https:\/\/portaltela.pt\/#\/schema\/person\/c4278d4a6028830caff9ee44b42d32ed\",\"name\":\"Telinha\",\"image\":{\"@type\":\"ImageObject\",\"inLanguage\":\"pt-PT\",\"@id\":\"https:\/\/portaltela.pt\/s.01k8rhncp4jt1\/2025\/11\/talking-bot-125x125.png\",\"url\":\"https:\/\/portaltela.pt\/s.01k8rhncp4jt1\/2025\/11\/talking-bot-125x125.png\",\"contentUrl\":\"https:\/\/portaltela.pt\/s.01k8rhncp4jt1\/2025\/11\/talking-bot-125x125.png\",\"caption\":\"Telinha\"},\"sameAs\":[\"https:\/\/portaltela.pt\/\"],\"url\":\"https:\/\/portaltela.pt\/por\/367410592786\/\"}]}<\/script>\n<!-- \/ Yoast SEO plugin. -->","yoast_head_json":{"title":"Portugal espera sinais claros da Venezuela sobre liberta\u00e7\u00e3o de presos pol\u00edticos - Portal Tela Portugal","robots":{"index":"index","follow":"follow","max-snippet":"max-snippet:-1","max-image-preview":"max-image-preview:large","max-video-preview":"max-video-preview:-1"},"og_locale":"pt_PT","og_type":"article","og_title":"Portugal espera sinais claros da Venezuela sobre liberta\u00e7\u00e3o de presos pol\u00edticos - Portal Tela Portugal","og_description":"O secret\u00e1rio de Estado das Comunidades Portuguesas, Em\u00eddio Sousa, afirmou que Portugal espera sinais claros da Venezuela sobre a liberta\u00e7\u00e3o de presos pol\u00edticos luso-venezuelanos. O texto n\u00e3o fornece datas nem mais detalhes sobre o processo.","og_url":"https:\/\/portaltela.pt\/noticias\/2026\/04\/01\/portugal-espera-sinais-claros-da-venezuela-sobre-libertacao-de-presos-politicos-2\/","og_site_name":"Portal Tela Portugal","article_published_time":"2026-04-01T03:20:00+00:00","author":"Telinha","twitter_card":"summary_large_image","twitter_misc":{"Escrito por":"Telinha"},"schema":{"@context":"https:\/\/schema.org","@graph":[{"@type":"Article","@id":"https:\/\/portaltela.pt\/noticias\/2026\/04\/01\/portugal-espera-sinais-claros-da-venezuela-sobre-libertacao-de-presos-politicos-2\/#article","isPartOf":{"@id":"https:\/\/portaltela.pt\/noticias\/2026\/04\/01\/portugal-espera-sinais-claros-da-venezuela-sobre-libertacao-de-presos-politicos-2\/"},"author":{"name":"Telinha","@id":"https:\/\/portaltela.pt\/#\/schema\/person\/c4278d4a6028830caff9ee44b42d32ed"},"headline":"Portugal espera sinais claros da Venezuela sobre liberta\u00e7\u00e3o de presos pol\u00edticos","datePublished":"2026-04-01T03:20:00+00:00","mainEntityOfPage":{"@id":"https:\/\/portaltela.pt\/noticias\/2026\/04\/01\/portugal-espera-sinais-claros-da-venezuela-sobre-libertacao-de-presos-politicos-2\/"},"wordCount":98,"image":{"@id":"https:\/\/portaltela.pt\/noticias\/2026\/04\/01\/portugal-espera-sinais-claros-da-venezuela-sobre-libertacao-de-presos-politicos-2\/#primaryimage"},"thumbnailUrl":"https:\/\/portaltela.pt\/s.01k8rhncp4jt1\/2026\/04\/CACHE_780X1200_ANALOG_WATERMARKED_46860099_379468619961933.jpg","keywords":["coopera\u00e7\u00e3o internacional","direitos humanos","pol\u00edtica internacional","Portugal","presos","Venezuela"],"articleSection":["Internacionais","Pol\u00edtica"],"inLanguage":"pt-PT"},{"@type":"WebPage","@id":"https:\/\/portaltela.pt\/noticias\/2026\/04\/01\/portugal-espera-sinais-claros-da-venezuela-sobre-libertacao-de-presos-politicos-2\/","url":"https:\/\/portaltela.pt\/noticias\/2026\/04\/01\/portugal-espera-sinais-claros-da-venezuela-sobre-libertacao-de-presos-politicos-2\/","name":"Portugal espera sinais claros da Venezuela sobre liberta\u00e7\u00e3o de presos pol\u00edticos - Portal Tela Portugal","isPartOf":{"@id":"https:\/\/portaltela.pt\/#website"},"primaryImageOfPage":{"@id":"https:\/\/portaltela.pt\/noticias\/2026\/04\/01\/portugal-espera-sinais-claros-da-venezuela-sobre-libertacao-de-presos-politicos-2\/#primaryimage"},"image":{"@id":"https:\/\/portaltela.pt\/noticias\/2026\/04\/01\/portugal-espera-sinais-claros-da-venezuela-sobre-libertacao-de-presos-politicos-2\/#primaryimage"},"thumbnailUrl":"https:\/\/portaltela.pt\/s.01k8rhncp4jt1\/2026\/04\/CACHE_780X1200_ANALOG_WATERMARKED_46860099_379468619961933.jpg","datePublished":"2026-04-01T03:20:00+00:00","author":{"@id":"https:\/\/portaltela.pt\/#\/schema\/person\/c4278d4a6028830caff9ee44b42d32ed"},"breadcrumb":{"@id":"https:\/\/portaltela.pt\/noticias\/2026\/04\/01\/portugal-espera-sinais-claros-da-venezuela-sobre-libertacao-de-presos-politicos-2\/#breadcrumb"},"inLanguage":"pt-PT","potentialAction":[{"@type":"ReadAction","target":["https:\/\/portaltela.pt\/noticias\/2026\/04\/01\/portugal-espera-sinais-claros-da-venezuela-sobre-libertacao-de-presos-politicos-2\/"]}]},{"@type":"ImageObject","inLanguage":"pt-PT","@id":"https:\/\/portaltela.pt\/noticias\/2026\/04\/01\/portugal-espera-sinais-claros-da-venezuela-sobre-libertacao-de-presos-politicos-2\/#primaryimage","url":"https:\/\/portaltela.pt\/s.01k8rhncp4jt1\/2026\/04\/CACHE_780X1200_ANALOG_WATERMARKED_46860099_379468619961933.jpg","contentUrl":"https:\/\/portaltela.pt\/s.01k8rhncp4jt1\/2026\/04\/CACHE_780X1200_ANALOG_WATERMARKED_46860099_379468619961933.jpg","width":796,"height":448,"caption":"Portugal espera sinais claros da Venezuela sobre liberta\u00e7\u00e3o de presos pol\u00edticos"},{"@type":"BreadcrumbList","@id":"https:\/\/portaltela.pt\/noticias\/2026\/04\/01\/portugal-espera-sinais-claros-da-venezuela-sobre-libertacao-de-presos-politicos-2\/#breadcrumb","itemListElement":[{"@type":"ListItem","position":1,"name":"In\u00edcio","item":"https:\/\/portaltela.pt\/"},{"@type":"ListItem","position":2,"name":"Portugal espera sinais claros da Venezuela sobre liberta\u00e7\u00e3o de presos pol\u00edticos"}]},{"@type":"WebSite","@id":"https:\/\/portaltela.pt\/#website","url":"https:\/\/portaltela.pt\/","name":"Portal Tela Portugal","description":"","potentialAction":[{"@type":"SearchAction","target":{"@type":"EntryPoint","urlTemplate":"https:\/\/portaltela.pt\/?s={search_term_string}"},"query-input":{"@type":"PropertyValueSpecification","valueRequired":true,"valueName":"search_term_string"}}],"inLanguage":"pt-PT"},{"@type":"Person","@id":"https:\/\/portaltela.pt\/#\/schema\/person\/c4278d4a6028830caff9ee44b42d32ed","name":"Telinha","image":{"@type":"ImageObject","inLanguage":"pt-PT","@id":"https:\/\/portaltela.pt\/s.01k8rhncp4jt1\/2025\/11\/talking-bot-125x125.png","url":"https:\/\/portaltela.pt\/s.01k8rhncp4jt1\/2025\/11\/talking-bot-125x125.png","contentUrl":"https:\/\/portaltela.pt\/s.01k8rhncp4jt1\/2025\/11\/talking-bot-125x125.png","caption":"Telinha"},"sameAs":["https:\/\/portaltela.pt\/"],"url":"https:\/\/portaltela.pt\/por\/367410592786\/"}]}},"_links":{"self":[{"href":"https:\/\/portaltela.pt\/api\/wp\/v2\/posts\/428801","targetHints":{"allow":["GET"]}}],"collection":[{"href":"https:\/\/portaltela.pt\/api\/wp\/v2\/posts"}],"about":[{"href":"https:\/\/portaltela.pt\/api\/wp\/v2\/types\/post"}],"author":[{"embeddable":true,"href":"https:\/\/portaltela.pt\/api\/wp\/v2\/users\/2"}],"replies":[{"embeddable":true,"href":"https:\/\/portaltela.pt\/api\/wp\/v2\/comments?post=428801"}],"version-history":[{"count":0,"href":"https:\/\/portaltela.pt\/api\/wp\/v2\/posts\/428801\/revisions"}],"wp:featuredmedia":[{"embeddable":true,"href":"https:\/\/portaltela.pt\/api\/wp\/v2\/media\/428802"}],"wp:attachment":[{"href":"https:\/\/portaltela.pt\/api\/wp\/v2\/media?parent=428801"}],"wp:term":[{"taxonomy":"category","embeddable":true,"href":"https:\/\/portaltela.pt\/api\/wp\/v2\/categories?post=428801"},{"taxonomy":"post_tag","embeddable":true,"href":"https:\/\/portaltela.pt\/api\/wp\/v2\/tags?post=428801"}],"curies":[{"name":"wp","href":"https:\/\/api.w.org\/{rel}","templated":true}]}}