{"id":428794,"date":"2026-04-01T05:32:22","date_gmt":"2026-04-01T08:32:22","guid":{"rendered":"https:\/\/portaltela.pt\/noticias\/2026\/04\/01\/evora-27-apresenta-dezenas-de-projetos-ate-ao-fim-do-ano-que-dialogam-com-vagar\/"},"modified":"2026-04-01T05:32:22","modified_gmt":"2026-04-01T08:32:22","slug":"evora-27-apresenta-dezenas-de-projetos-ate-ao-fim-do-ano-que-dialogam-com-vagar","status":"publish","type":"post","link":"https:\/\/portaltela.pt\/noticias\/2026\/04\/01\/evora-27-apresenta-dezenas-de-projetos-ate-ao-fim-do-ano-que-dialogam-com-vagar\/","title":{"rendered":"\u00c9vora_27 apresenta dezenas de projetos at\u00e9 ao fim do ano que dialogam com Vagar"},"content":{"rendered":"<p>A programa\u00e7\u00e3o de \u00c9vora_27, que funciona como prepara\u00e7\u00e3o at\u00e9 2027 para a Capital Europeia da Cultura, vai dialogar com o conceito de Vagar ao longo deste ano. O objetivo \u00e9 articular dezenas de projetos culturais de variadas linguagens art\u00edsticas com urg\u00eancias contempor\u00e2neas como paz, justi\u00e7a social, sustentabilidade e democracia.<\/p>\n<p>O projeto foi apresentado numa cerim\u00f3nia no Teatro Garcia de Resende, em \u00c9vora. O diretor art\u00edstico John Rom\u00e3o explicou que a programa\u00e7\u00e3o re\u00fane criadores nacionais e internacionais, com trabalhos que j\u00e1 percorrem o territ\u00f3rio e outros em estreia em \u00c9vora. O objetivo \u00e9 mostrar diversidade, pertin\u00eancia europeia e qualidade art\u00edstica.<\/p>\n<p>Entre as iniciativas, constam resid\u00eancias, confer\u00eancias e apresenta\u00e7\u00f5es que unem investiga\u00e7\u00e3o e pr\u00e1tica art\u00edstica. O programa inclui m\u00fasica popular reinventada e artes de palco, sempre ligados ao conceito de Vagar e \u00e0s din\u00e2micas entre patrim\u00f3nio local e cria\u00e7\u00e3o contempor\u00e2nea.<\/p>\n<p>Exemplos anunciados incluem o auto-teatro The Quiet Volume, de Ant Hampton e Tim Etchells, com exibi\u00e7\u00e3o na Biblioteca P\u00fablica de \u00c9vora entre 1 e 9 de maio. Tamb\u00e9m chega a cidade o projeto The Resting Assembly, da Associa\u00e7\u00e3o Portuguesa de Cenografia, em 20 de junho, vindo de Praga.<\/p>\n<p>Paralelamente, est\u00e3o previstas apresenta\u00e7\u00f5es de artes visuais, dan\u00e7a, arquitetura e outras pr\u00e1ticas, com artistas nacionais e estrangeiros. Destaque para El Cante Rasgueado, em 1 de agosto, que junta Ni\u00f1o de Elche a m\u00fasicos da viola campani\u00e7a David Pereira e Guilherme Cola\u00e7o.<\/p>\n<p>O teatro participativo Dom\u00ednio P\u00fablico, do catal\u00e3o Roger Bernat, realiza-se entre 25 e 27 de setembro. O Guadiana \u2013 Festival de Literaturas Afro-Ibero-Americanas, dirigido por Antonio S\u00e1ez-Delgado, decorre de 9 a 11 de outubro. A programa\u00e7\u00e3o visa refor\u00e7ar liga\u00e7\u00f5es entre patrim\u00f3nio, experimenta\u00e7\u00e3o e tradi\u00e7\u00f5es.<\/p>\n<p>Esta estrat\u00e9gia coloca o Vagar como fio conductor de uma narrativa cont\u00ednua, que procura ligar o trabalho de criadores internacionais com o contexto local. As a\u00e7\u00f5es previstas incluem resid\u00eancias art\u00edsticas, confer\u00eancias e apresenta\u00e7\u00f5es que cruzam investiga\u00e7\u00e3o e pr\u00e1tica.<\/p>\n<p>A programa\u00e7\u00e3o oficial de \u00c9vora_27 tem in\u00edcio a 6 de fevereiro do pr\u00f3ximo ano, com a expectativa de consolidar a prepara\u00e7\u00e3o de \u00c9vora para a CEC 2027 e oferecer uma vitrine multifacetada de artes e culturas em torno do conceito orientador.<\/p>\n","protected":false},"excerpt":{"rendered":"<ul>\n<li>A programa\u00e7\u00e3o da Capital Europeia da Cultura \u00c9vora_27 envolve dezenas de projectos at\u00e9 ao fim do ano, que dialogam com o conceito de Vagar, orientador da programa\u00e7\u00e3o, e abordam urg\u00eancias como a paz, a justi\u00e7a social, a sustentabilidade e a democracia.<\/li>\n<li>O programa, apresentado no Teatro Garcia de Resende, em \u00c9vora, junta artistas nacionais e internacionais e mistura artistas em in\u00edcio de carreira com nomes j\u00e1 estabelecidos, num caminho de desenvolvimento at\u00e9 2027.<\/li>\n<li>Exemplo de estreias: auto-teatro The Quiet Volume, de Ant Hampton e Tim Etchells, na Biblioteca P\u00fablica de \u00c9vora, de 1 a 9 de maio; The Resting Assembly, da Associa\u00e7\u00e3o Portuguesa de Cenografia, a 20 de junho.<\/li>\n<li>H\u00e1 resid\u00eancias art\u00edsticas, confer\u00eancias e apresenta\u00e7\u00f5es que cruzam investiga\u00e7\u00e3o e pr\u00e1tica, incluindo m\u00fasica popular reinventada, como El Cante Rasgueado, a 1 de agosto, com Ni\u00f1o de Elche e violas campani\u00e7as.<\/li>\n<li>Destaques adicionais incluem Dom\u00ednio P\u00fablico, de Roger Bernat (25 a 27 de setembro), e Guadiana, Festival de Literaturas Afro-Ibero-Americanas, dirigido por Antonio S\u00e1ez-Delgado (9 a 11 de outubro).<\/li>\n<\/ul>\n","protected":false},"author":2,"featured_media":428796,"comment_status":"closed","ping_status":"closed","sticky":false,"template":"","format":"standard","meta":{"footnotes":""},"categories":[7375,1],"tags":[1650,145,2487,1074,1175,4115],"class_list":["post-428794","post","type-post","status-publish","format-standard","has-post-thumbnail","hentry","category-cultura","category-noticias","tag-conferencia","tag-cultura","tag-europa","tag-evora","tag-patrimonio-cultural","tag-residencias"],"yoast_head":"<!-- This site is optimized with the Yoast SEO plugin v27.2 - https:\/\/yoast.com\/product\/yoast-seo-wordpress\/ -->\n<title>\u00c9vora_27 apresenta dezenas de projetos at\u00e9 ao fim do ano que dialogam com Vagar - Portal Tela Portugal<\/title>\n<meta name=\"robots\" content=\"index, follow, max-snippet:-1, max-image-preview:large, max-video-preview:-1\" \/>\n<meta property=\"og:locale\" content=\"pt_PT\" \/>\n<meta property=\"og:type\" content=\"article\" \/>\n<meta property=\"og:title\" content=\"\u00c9vora_27 apresenta dezenas de projetos at\u00e9 ao fim do ano que dialogam com Vagar - Portal Tela Portugal\" \/>\n<meta property=\"og:description\" content=\"A programa\u00e7\u00e3o da Capital Europeia da Cultura \u00c9vora_27 envolve dezenas de projectos at\u00e9 ao fim do ano, que dialogam com o conceito de Vagar, orientador da programa\u00e7\u00e3o, e abordam urg\u00eancias como a paz, a justi\u00e7a social, a sustentabilidade e a democracia. O programa, apresentado no Teatro Garcia de Resende, em \u00c9vora, junta artistas nacionais e internacionais e mistura artistas em in\u00edcio de carreira com nomes j\u00e1 estabelecidos, num caminho de desenvolvimento at\u00e9 2027. Exemplo de estreias: auto-teatro The Quiet Volume, de Ant Hampton e Tim Etchells, na Biblioteca P\u00fablica de \u00c9vora, de 1 a 9 de maio; The Resting Assembly, da Associa\u00e7\u00e3o Portuguesa de Cenografia, a 20 de junho. H\u00e1 resid\u00eancias art\u00edsticas, confer\u00eancias e apresenta\u00e7\u00f5es que cruzam investiga\u00e7\u00e3o e pr\u00e1tica, incluindo m\u00fasica popular reinventada, como El Cante Rasgueado, a 1 de agosto, com Ni\u00f1o de Elche e violas campani\u00e7as. Destaques adicionais incluem Dom\u00ednio P\u00fablico, de Roger Bernat (25 a 27 de setembro), e Guadiana, Festival de Literaturas Afro-Ibero-Americanas, dirigido por Antonio S\u00e1ez-Delgado (9 a 11 de outubro).\" \/>\n<meta property=\"og:url\" content=\"https:\/\/portaltela.pt\/noticias\/2026\/04\/01\/evora-27-apresenta-dezenas-de-projetos-ate-ao-fim-do-ano-que-dialogam-com-vagar\/\" \/>\n<meta property=\"og:site_name\" content=\"Portal Tela Portugal\" \/>\n<meta property=\"article:published_time\" content=\"2026-04-01T08:32:22+00:00\" \/>\n<meta name=\"author\" content=\"Telinha\" \/>\n<meta name=\"twitter:card\" content=\"summary_large_image\" \/>\n<meta name=\"twitter:label1\" content=\"Escrito por\" \/>\n\t<meta name=\"twitter:data1\" content=\"Telinha\" \/>\n\t<meta name=\"twitter:label2\" content=\"Tempo estimado de leitura\" \/>\n\t<meta name=\"twitter:data2\" content=\"2 minutos\" \/>\n<script type=\"application\/ld+json\" class=\"yoast-schema-graph\">{\"@context\":\"https:\/\/schema.org\",\"@graph\":[{\"@type\":\"Article\",\"@id\":\"https:\/\/portaltela.pt\/noticias\/2026\/04\/01\/evora-27-apresenta-dezenas-de-projetos-ate-ao-fim-do-ano-que-dialogam-com-vagar\/#article\",\"isPartOf\":{\"@id\":\"https:\/\/portaltela.pt\/noticias\/2026\/04\/01\/evora-27-apresenta-dezenas-de-projetos-ate-ao-fim-do-ano-que-dialogam-com-vagar\/\"},\"author\":{\"name\":\"Telinha\",\"@id\":\"https:\/\/portaltela.pt\/#\/schema\/person\/c4278d4a6028830caff9ee44b42d32ed\"},\"headline\":\"\u00c9vora_27 apresenta dezenas de projetos at\u00e9 ao fim do ano que dialogam com Vagar\",\"datePublished\":\"2026-04-01T08:32:22+00:00\",\"mainEntityOfPage\":{\"@id\":\"https:\/\/portaltela.pt\/noticias\/2026\/04\/01\/evora-27-apresenta-dezenas-de-projetos-ate-ao-fim-do-ano-que-dialogam-com-vagar\/\"},\"wordCount\":410,\"image\":{\"@id\":\"https:\/\/portaltela.pt\/noticias\/2026\/04\/01\/evora-27-apresenta-dezenas-de-projetos-ate-ao-fim-do-ano-que-dialogam-com-vagar\/#primaryimage\"},\"thumbnailUrl\":\"https:\/\/portaltela.pt\/s.01k8rhncp4jt1\/2026\/04\/2078442.jpg\",\"keywords\":[\"confer\u00eancia\",\"cultura\",\"Europa\",\"\u00c9vora\",\"Patrim\u00f3nio Cultural\",\"resid\u00eancias\"],\"articleSection\":[\"Cultura\",\"Not\u00edcias\"],\"inLanguage\":\"pt-PT\"},{\"@type\":\"WebPage\",\"@id\":\"https:\/\/portaltela.pt\/noticias\/2026\/04\/01\/evora-27-apresenta-dezenas-de-projetos-ate-ao-fim-do-ano-que-dialogam-com-vagar\/\",\"url\":\"https:\/\/portaltela.pt\/noticias\/2026\/04\/01\/evora-27-apresenta-dezenas-de-projetos-ate-ao-fim-do-ano-que-dialogam-com-vagar\/\",\"name\":\"\u00c9vora_27 apresenta dezenas de projetos at\u00e9 ao fim do ano que dialogam com Vagar - Portal Tela Portugal\",\"isPartOf\":{\"@id\":\"https:\/\/portaltela.pt\/#website\"},\"primaryImageOfPage\":{\"@id\":\"https:\/\/portaltela.pt\/noticias\/2026\/04\/01\/evora-27-apresenta-dezenas-de-projetos-ate-ao-fim-do-ano-que-dialogam-com-vagar\/#primaryimage\"},\"image\":{\"@id\":\"https:\/\/portaltela.pt\/noticias\/2026\/04\/01\/evora-27-apresenta-dezenas-de-projetos-ate-ao-fim-do-ano-que-dialogam-com-vagar\/#primaryimage\"},\"thumbnailUrl\":\"https:\/\/portaltela.pt\/s.01k8rhncp4jt1\/2026\/04\/2078442.jpg\",\"datePublished\":\"2026-04-01T08:32:22+00:00\",\"author\":{\"@id\":\"https:\/\/portaltela.pt\/#\/schema\/person\/c4278d4a6028830caff9ee44b42d32ed\"},\"breadcrumb\":{\"@id\":\"https:\/\/portaltela.pt\/noticias\/2026\/04\/01\/evora-27-apresenta-dezenas-de-projetos-ate-ao-fim-do-ano-que-dialogam-com-vagar\/#breadcrumb\"},\"inLanguage\":\"pt-PT\",\"potentialAction\":[{\"@type\":\"ReadAction\",\"target\":[\"https:\/\/portaltela.pt\/noticias\/2026\/04\/01\/evora-27-apresenta-dezenas-de-projetos-ate-ao-fim-do-ano-que-dialogam-com-vagar\/\"]}]},{\"@type\":\"ImageObject\",\"inLanguage\":\"pt-PT\",\"@id\":\"https:\/\/portaltela.pt\/noticias\/2026\/04\/01\/evora-27-apresenta-dezenas-de-projetos-ate-ao-fim-do-ano-que-dialogam-com-vagar\/#primaryimage\",\"url\":\"https:\/\/portaltela.pt\/s.01k8rhncp4jt1\/2026\/04\/2078442.jpg\",\"contentUrl\":\"https:\/\/portaltela.pt\/s.01k8rhncp4jt1\/2026\/04\/2078442.jpg\",\"width\":796,\"height\":448,\"caption\":\"O programador cultural John Rom\u00e3o \u00e9 o director art\u00edstico da \u00c9vora_27, revelou esta ter\u00e7a-feira as linhas orientadoras do programa para o ano corrente\"},{\"@type\":\"BreadcrumbList\",\"@id\":\"https:\/\/portaltela.pt\/noticias\/2026\/04\/01\/evora-27-apresenta-dezenas-de-projetos-ate-ao-fim-do-ano-que-dialogam-com-vagar\/#breadcrumb\",\"itemListElement\":[{\"@type\":\"ListItem\",\"position\":1,\"name\":\"In\u00edcio\",\"item\":\"https:\/\/portaltela.pt\/\"},{\"@type\":\"ListItem\",\"position\":2,\"name\":\"\u00c9vora_27 apresenta dezenas de projetos at\u00e9 ao fim do ano que dialogam com Vagar\"}]},{\"@type\":\"WebSite\",\"@id\":\"https:\/\/portaltela.pt\/#website\",\"url\":\"https:\/\/portaltela.pt\/\",\"name\":\"Portal Tela Portugal\",\"description\":\"\",\"potentialAction\":[{\"@type\":\"SearchAction\",\"target\":{\"@type\":\"EntryPoint\",\"urlTemplate\":\"https:\/\/portaltela.pt\/?s={search_term_string}\"},\"query-input\":{\"@type\":\"PropertyValueSpecification\",\"valueRequired\":true,\"valueName\":\"search_term_string\"}}],\"inLanguage\":\"pt-PT\"},{\"@type\":\"Person\",\"@id\":\"https:\/\/portaltela.pt\/#\/schema\/person\/c4278d4a6028830caff9ee44b42d32ed\",\"name\":\"Telinha\",\"image\":{\"@type\":\"ImageObject\",\"inLanguage\":\"pt-PT\",\"@id\":\"https:\/\/portaltela.pt\/s.01k8rhncp4jt1\/2025\/11\/talking-bot-125x125.png\",\"url\":\"https:\/\/portaltela.pt\/s.01k8rhncp4jt1\/2025\/11\/talking-bot-125x125.png\",\"contentUrl\":\"https:\/\/portaltela.pt\/s.01k8rhncp4jt1\/2025\/11\/talking-bot-125x125.png\",\"caption\":\"Telinha\"},\"sameAs\":[\"https:\/\/portaltela.pt\/\"],\"url\":\"https:\/\/portaltela.pt\/por\/367410592786\/\"}]}<\/script>\n<!-- \/ Yoast SEO plugin. -->","yoast_head_json":{"title":"\u00c9vora_27 apresenta dezenas de projetos at\u00e9 ao fim do ano que dialogam com Vagar - Portal Tela Portugal","robots":{"index":"index","follow":"follow","max-snippet":"max-snippet:-1","max-image-preview":"max-image-preview:large","max-video-preview":"max-video-preview:-1"},"og_locale":"pt_PT","og_type":"article","og_title":"\u00c9vora_27 apresenta dezenas de projetos at\u00e9 ao fim do ano que dialogam com Vagar - Portal Tela Portugal","og_description":"A programa\u00e7\u00e3o da Capital Europeia da Cultura \u00c9vora_27 envolve dezenas de projectos at\u00e9 ao fim do ano, que dialogam com o conceito de Vagar, orientador da programa\u00e7\u00e3o, e abordam urg\u00eancias como a paz, a justi\u00e7a social, a sustentabilidade e a democracia. O programa, apresentado no Teatro Garcia de Resende, em \u00c9vora, junta artistas nacionais e internacionais e mistura artistas em in\u00edcio de carreira com nomes j\u00e1 estabelecidos, num caminho de desenvolvimento at\u00e9 2027. Exemplo de estreias: auto-teatro The Quiet Volume, de Ant Hampton e Tim Etchells, na Biblioteca P\u00fablica de \u00c9vora, de 1 a 9 de maio; The Resting Assembly, da Associa\u00e7\u00e3o Portuguesa de Cenografia, a 20 de junho. H\u00e1 resid\u00eancias art\u00edsticas, confer\u00eancias e apresenta\u00e7\u00f5es que cruzam investiga\u00e7\u00e3o e pr\u00e1tica, incluindo m\u00fasica popular reinventada, como El Cante Rasgueado, a 1 de agosto, com Ni\u00f1o de Elche e violas campani\u00e7as. Destaques adicionais incluem Dom\u00ednio P\u00fablico, de Roger Bernat (25 a 27 de setembro), e Guadiana, Festival de Literaturas Afro-Ibero-Americanas, dirigido por Antonio S\u00e1ez-Delgado (9 a 11 de outubro).","og_url":"https:\/\/portaltela.pt\/noticias\/2026\/04\/01\/evora-27-apresenta-dezenas-de-projetos-ate-ao-fim-do-ano-que-dialogam-com-vagar\/","og_site_name":"Portal Tela Portugal","article_published_time":"2026-04-01T08:32:22+00:00","author":"Telinha","twitter_card":"summary_large_image","twitter_misc":{"Escrito por":"Telinha","Tempo estimado de leitura":"2 minutos"},"schema":{"@context":"https:\/\/schema.org","@graph":[{"@type":"Article","@id":"https:\/\/portaltela.pt\/noticias\/2026\/04\/01\/evora-27-apresenta-dezenas-de-projetos-ate-ao-fim-do-ano-que-dialogam-com-vagar\/#article","isPartOf":{"@id":"https:\/\/portaltela.pt\/noticias\/2026\/04\/01\/evora-27-apresenta-dezenas-de-projetos-ate-ao-fim-do-ano-que-dialogam-com-vagar\/"},"author":{"name":"Telinha","@id":"https:\/\/portaltela.pt\/#\/schema\/person\/c4278d4a6028830caff9ee44b42d32ed"},"headline":"\u00c9vora_27 apresenta dezenas de projetos at\u00e9 ao fim do ano que dialogam com Vagar","datePublished":"2026-04-01T08:32:22+00:00","mainEntityOfPage":{"@id":"https:\/\/portaltela.pt\/noticias\/2026\/04\/01\/evora-27-apresenta-dezenas-de-projetos-ate-ao-fim-do-ano-que-dialogam-com-vagar\/"},"wordCount":410,"image":{"@id":"https:\/\/portaltela.pt\/noticias\/2026\/04\/01\/evora-27-apresenta-dezenas-de-projetos-ate-ao-fim-do-ano-que-dialogam-com-vagar\/#primaryimage"},"thumbnailUrl":"https:\/\/portaltela.pt\/s.01k8rhncp4jt1\/2026\/04\/2078442.jpg","keywords":["confer\u00eancia","cultura","Europa","\u00c9vora","Patrim\u00f3nio Cultural","resid\u00eancias"],"articleSection":["Cultura","Not\u00edcias"],"inLanguage":"pt-PT"},{"@type":"WebPage","@id":"https:\/\/portaltela.pt\/noticias\/2026\/04\/01\/evora-27-apresenta-dezenas-de-projetos-ate-ao-fim-do-ano-que-dialogam-com-vagar\/","url":"https:\/\/portaltela.pt\/noticias\/2026\/04\/01\/evora-27-apresenta-dezenas-de-projetos-ate-ao-fim-do-ano-que-dialogam-com-vagar\/","name":"\u00c9vora_27 apresenta dezenas de projetos at\u00e9 ao fim do ano que dialogam com Vagar - Portal Tela Portugal","isPartOf":{"@id":"https:\/\/portaltela.pt\/#website"},"primaryImageOfPage":{"@id":"https:\/\/portaltela.pt\/noticias\/2026\/04\/01\/evora-27-apresenta-dezenas-de-projetos-ate-ao-fim-do-ano-que-dialogam-com-vagar\/#primaryimage"},"image":{"@id":"https:\/\/portaltela.pt\/noticias\/2026\/04\/01\/evora-27-apresenta-dezenas-de-projetos-ate-ao-fim-do-ano-que-dialogam-com-vagar\/#primaryimage"},"thumbnailUrl":"https:\/\/portaltela.pt\/s.01k8rhncp4jt1\/2026\/04\/2078442.jpg","datePublished":"2026-04-01T08:32:22+00:00","author":{"@id":"https:\/\/portaltela.pt\/#\/schema\/person\/c4278d4a6028830caff9ee44b42d32ed"},"breadcrumb":{"@id":"https:\/\/portaltela.pt\/noticias\/2026\/04\/01\/evora-27-apresenta-dezenas-de-projetos-ate-ao-fim-do-ano-que-dialogam-com-vagar\/#breadcrumb"},"inLanguage":"pt-PT","potentialAction":[{"@type":"ReadAction","target":["https:\/\/portaltela.pt\/noticias\/2026\/04\/01\/evora-27-apresenta-dezenas-de-projetos-ate-ao-fim-do-ano-que-dialogam-com-vagar\/"]}]},{"@type":"ImageObject","inLanguage":"pt-PT","@id":"https:\/\/portaltela.pt\/noticias\/2026\/04\/01\/evora-27-apresenta-dezenas-de-projetos-ate-ao-fim-do-ano-que-dialogam-com-vagar\/#primaryimage","url":"https:\/\/portaltela.pt\/s.01k8rhncp4jt1\/2026\/04\/2078442.jpg","contentUrl":"https:\/\/portaltela.pt\/s.01k8rhncp4jt1\/2026\/04\/2078442.jpg","width":796,"height":448,"caption":"O programador cultural John Rom\u00e3o \u00e9 o director art\u00edstico da \u00c9vora_27, revelou esta ter\u00e7a-feira as linhas orientadoras do programa para o ano corrente"},{"@type":"BreadcrumbList","@id":"https:\/\/portaltela.pt\/noticias\/2026\/04\/01\/evora-27-apresenta-dezenas-de-projetos-ate-ao-fim-do-ano-que-dialogam-com-vagar\/#breadcrumb","itemListElement":[{"@type":"ListItem","position":1,"name":"In\u00edcio","item":"https:\/\/portaltela.pt\/"},{"@type":"ListItem","position":2,"name":"\u00c9vora_27 apresenta dezenas de projetos at\u00e9 ao fim do ano que dialogam com Vagar"}]},{"@type":"WebSite","@id":"https:\/\/portaltela.pt\/#website","url":"https:\/\/portaltela.pt\/","name":"Portal Tela Portugal","description":"","potentialAction":[{"@type":"SearchAction","target":{"@type":"EntryPoint","urlTemplate":"https:\/\/portaltela.pt\/?s={search_term_string}"},"query-input":{"@type":"PropertyValueSpecification","valueRequired":true,"valueName":"search_term_string"}}],"inLanguage":"pt-PT"},{"@type":"Person","@id":"https:\/\/portaltela.pt\/#\/schema\/person\/c4278d4a6028830caff9ee44b42d32ed","name":"Telinha","image":{"@type":"ImageObject","inLanguage":"pt-PT","@id":"https:\/\/portaltela.pt\/s.01k8rhncp4jt1\/2025\/11\/talking-bot-125x125.png","url":"https:\/\/portaltela.pt\/s.01k8rhncp4jt1\/2025\/11\/talking-bot-125x125.png","contentUrl":"https:\/\/portaltela.pt\/s.01k8rhncp4jt1\/2025\/11\/talking-bot-125x125.png","caption":"Telinha"},"sameAs":["https:\/\/portaltela.pt\/"],"url":"https:\/\/portaltela.pt\/por\/367410592786\/"}]}},"_links":{"self":[{"href":"https:\/\/portaltela.pt\/api\/wp\/v2\/posts\/428794","targetHints":{"allow":["GET"]}}],"collection":[{"href":"https:\/\/portaltela.pt\/api\/wp\/v2\/posts"}],"about":[{"href":"https:\/\/portaltela.pt\/api\/wp\/v2\/types\/post"}],"author":[{"embeddable":true,"href":"https:\/\/portaltela.pt\/api\/wp\/v2\/users\/2"}],"replies":[{"embeddable":true,"href":"https:\/\/portaltela.pt\/api\/wp\/v2\/comments?post=428794"}],"version-history":[{"count":0,"href":"https:\/\/portaltela.pt\/api\/wp\/v2\/posts\/428794\/revisions"}],"wp:featuredmedia":[{"embeddable":true,"href":"https:\/\/portaltela.pt\/api\/wp\/v2\/media\/428796"}],"wp:attachment":[{"href":"https:\/\/portaltela.pt\/api\/wp\/v2\/media?parent=428794"}],"wp:term":[{"taxonomy":"category","embeddable":true,"href":"https:\/\/portaltela.pt\/api\/wp\/v2\/categories?post=428794"},{"taxonomy":"post_tag","embeddable":true,"href":"https:\/\/portaltela.pt\/api\/wp\/v2\/tags?post=428794"}],"curies":[{"name":"wp","href":"https:\/\/api.w.org\/{rel}","templated":true}]}}