{"id":428788,"date":"2026-04-01T05:32:18","date_gmt":"2026-04-01T08:32:18","guid":{"rendered":"https:\/\/portaltela.pt\/noticias\/2026\/04\/01\/cmtv-completa-48-meses-consecutivos-na-lideranca\/"},"modified":"2026-04-01T05:32:18","modified_gmt":"2026-04-01T08:32:18","slug":"cmtv-completa-48-meses-consecutivos-na-lideranca","status":"publish","type":"post","link":"https:\/\/portaltela.pt\/noticias\/economia\/2026\/04\/01\/cmtv-completa-48-meses-consecutivos-na-lideranca\/","title":{"rendered":"CMTV completa 48 meses consecutivos na lideran\u00e7a"},"content":{"rendered":"<p>A CMTV liderou o consumo de televis\u00e3o por cabo em mar\u00e7o, com um share m\u00e9dio di\u00e1rio de 5,7% e mais de 125 mil 500 espectadores por minuto. Pela 48\u00aa vez consecutiva, \u00e9 o canal de cabo preferido no pa\u00eds, e soma mil dias a liderar sem interrup\u00e7\u00f5es.<\/p>\n<p>Durante o m\u00eas, a esta\u00e7\u00e3o manteve uma cobertura permanente da guerra no Ir\u00e3o, refor\u00e7ando a programa\u00e7\u00e3o com conte\u00fados de entretenimento. Destaque para a estreia do programa matutino Ol\u00e1 Bom Dia!, com Luciana Abreu e Rui Oliveira.<\/p>\n<p>Foram ainda introduzidas novas apostas de entretenimento, incluindo a s\u00e9rie Tarde das Estrelas e o formato Noite das Estrelas, apresentado pela Maya. Na informa\u00e7\u00e3o, chegou o Jornal \u00e0s 7, com \u00c2ngela Gon\u00e7alves Marques.<\/p>\n<h3>Desempenho e programa\u00e7\u00e3o<\/h3>\n<p>A emiss\u00e3o da CMTV mant\u00e9m-se no canal 8 de todas as plataformas de cabo e ainda n\u00e3o est\u00e1 integrada na TDT. As audi\u00eancias mencionadas s\u00e3o da responsabilidade da GFK, referentes a mar\u00e7o.<\/p>\n<p>Concorrentes como CNN Portugal e SIC Not\u00edcias registaram, em conjunto, 5,4% de share, com o canal de informa\u00e7\u00e3o da SIC ligeiramente acima do da CNN Portugal.<\/p>\n","protected":false},"excerpt":{"rendered":"<ul>\n<li>A CMTV liderou o consumo de televis\u00e3o por cabo em mar\u00e7o, com share m\u00e9dio di\u00e1rio de 5,7% e mais de 125.500 espectadores por minuto do dia.<\/li>\n<li>\u00c9 o 48.\u00ba m\u00eas consecutivo a liderar no cabo e j\u00e1 soma mil dias seguidos no topo.<\/li>\n<li>Em mar\u00e7o, a CNN Portugal e a SIC Not\u00edcias juntos registaram 5,4%, com ligeira desvantagem para a SIC.<\/li>\n<li>A CMTV fez cobertura permanente da guerra no Ir\u00e3o e lan\u00e7ou o programa matinal \u201cOl\u00e1 Bom Dia!\u201d, com Luciana Abreu e Rui Oliveira, refor\u00e7ando o entretenimento.<\/li>\n<li>Ainda em informa\u00e7\u00e3o, estreou o \u201cJornal \u00e0s 7\u201d com \u00c2ngela Gon\u00e7alves Marques; a CMTV est\u00e1 no canal 8 de cabo, ainda sem TDT, dados da GFK.<\/li>\n<\/ul>\n","protected":false},"author":2,"featured_media":428791,"comment_status":"closed","ping_status":"closed","sticky":false,"template":"","format":"standard","meta":{"footnotes":""},"categories":[2,1],"tags":[4662,2778,3467,6598,195,4394],"class_list":["post-428788","post","type-post","status-publish","format-standard","has-post-thumbnail","hentry","category-economia","category-noticias","tag-audiencias","tag-cmtv","tag-cnn-portugal","tag-entretenimento","tag-informacao","tag-sic-noticias"],"yoast_head":"<!-- This site is optimized with the Yoast SEO plugin v27.2 - https:\/\/yoast.com\/product\/yoast-seo-wordpress\/ -->\n<title>CMTV completa 48 meses consecutivos na lideran\u00e7a - Portal Tela Portugal<\/title>\n<meta name=\"robots\" content=\"index, follow, max-snippet:-1, max-image-preview:large, max-video-preview:-1\" \/>\n<meta property=\"og:locale\" content=\"pt_PT\" \/>\n<meta property=\"og:type\" content=\"article\" \/>\n<meta property=\"og:title\" content=\"CMTV completa 48 meses consecutivos na lideran\u00e7a - Portal Tela Portugal\" \/>\n<meta property=\"og:description\" content=\"A CMTV liderou o consumo de televis\u00e3o por cabo em mar\u00e7o, com share m\u00e9dio di\u00e1rio de 5,7% e mais de 125.500 espectadores por minuto do dia. \u00c9 o 48.\u00ba m\u00eas consecutivo a liderar no cabo e j\u00e1 soma mil dias seguidos no topo. Em mar\u00e7o, a CNN Portugal e a SIC Not\u00edcias juntos registaram 5,4%, com ligeira desvantagem para a SIC. A CMTV fez cobertura permanente da guerra no Ir\u00e3o e lan\u00e7ou o programa matinal \u201cOl\u00e1 Bom Dia!\u201d, com Luciana Abreu e Rui Oliveira, refor\u00e7ando o entretenimento. Ainda em informa\u00e7\u00e3o, estreou o \u201cJornal \u00e0s 7\u201d com \u00c2ngela Gon\u00e7alves Marques; a CMTV est\u00e1 no canal 8 de cabo, ainda sem TDT, dados da GFK.\" \/>\n<meta property=\"og:url\" content=\"https:\/\/portaltela.pt\/noticias\/2026\/04\/01\/cmtv-completa-48-meses-consecutivos-na-lideranca\/\" \/>\n<meta property=\"og:site_name\" content=\"Portal Tela Portugal\" \/>\n<meta property=\"article:published_time\" content=\"2026-04-01T08:32:18+00:00\" \/>\n<meta name=\"author\" content=\"Telinha\" \/>\n<meta name=\"twitter:card\" content=\"summary_large_image\" \/>\n<meta name=\"twitter:label1\" content=\"Escrito por\" \/>\n\t<meta name=\"twitter:data1\" content=\"Telinha\" \/>\n\t<meta name=\"twitter:label2\" content=\"Tempo estimado de leitura\" \/>\n\t<meta name=\"twitter:data2\" content=\"1 minuto\" \/>\n<script type=\"application\/ld+json\" class=\"yoast-schema-graph\">{\"@context\":\"https:\/\/schema.org\",\"@graph\":[{\"@type\":\"Article\",\"@id\":\"https:\/\/portaltela.pt\/noticias\/2026\/04\/01\/cmtv-completa-48-meses-consecutivos-na-lideranca\/#article\",\"isPartOf\":{\"@id\":\"https:\/\/portaltela.pt\/noticias\/2026\/04\/01\/cmtv-completa-48-meses-consecutivos-na-lideranca\/\"},\"author\":{\"name\":\"Telinha\",\"@id\":\"https:\/\/portaltela.pt\/#\/schema\/person\/c4278d4a6028830caff9ee44b42d32ed\"},\"headline\":\"CMTV completa 48 meses consecutivos na lideran\u00e7a\",\"datePublished\":\"2026-04-01T08:32:18+00:00\",\"mainEntityOfPage\":{\"@id\":\"https:\/\/portaltela.pt\/noticias\/2026\/04\/01\/cmtv-completa-48-meses-consecutivos-na-lideranca\/\"},\"wordCount\":200,\"image\":{\"@id\":\"https:\/\/portaltela.pt\/noticias\/2026\/04\/01\/cmtv-completa-48-meses-consecutivos-na-lideranca\/#primaryimage\"},\"thumbnailUrl\":\"https:\/\/portaltela.pt\/s.01k8rhncp4jt1\/2026\/04\/img_1500x1000uu2026-04-01-09-14-57-2275976.jpg\",\"keywords\":[\"audi\u00eancias\",\"CMTV\",\"CNN Portugal\",\"entretenimento\",\"informa\u00e7\u00e3o\",\"SIC Not\u00edcias\"],\"articleSection\":[\"Economia\",\"Not\u00edcias\"],\"inLanguage\":\"pt-PT\"},{\"@type\":\"WebPage\",\"@id\":\"https:\/\/portaltela.pt\/noticias\/2026\/04\/01\/cmtv-completa-48-meses-consecutivos-na-lideranca\/\",\"url\":\"https:\/\/portaltela.pt\/noticias\/2026\/04\/01\/cmtv-completa-48-meses-consecutivos-na-lideranca\/\",\"name\":\"CMTV completa 48 meses consecutivos na lideran\u00e7a - Portal Tela Portugal\",\"isPartOf\":{\"@id\":\"https:\/\/portaltela.pt\/#website\"},\"primaryImageOfPage\":{\"@id\":\"https:\/\/portaltela.pt\/noticias\/2026\/04\/01\/cmtv-completa-48-meses-consecutivos-na-lideranca\/#primaryimage\"},\"image\":{\"@id\":\"https:\/\/portaltela.pt\/noticias\/2026\/04\/01\/cmtv-completa-48-meses-consecutivos-na-lideranca\/#primaryimage\"},\"thumbnailUrl\":\"https:\/\/portaltela.pt\/s.01k8rhncp4jt1\/2026\/04\/img_1500x1000uu2026-04-01-09-14-57-2275976.jpg\",\"datePublished\":\"2026-04-01T08:32:18+00:00\",\"author\":{\"@id\":\"https:\/\/portaltela.pt\/#\/schema\/person\/c4278d4a6028830caff9ee44b42d32ed\"},\"breadcrumb\":{\"@id\":\"https:\/\/portaltela.pt\/noticias\/2026\/04\/01\/cmtv-completa-48-meses-consecutivos-na-lideranca\/#breadcrumb\"},\"inLanguage\":\"pt-PT\",\"potentialAction\":[{\"@type\":\"ReadAction\",\"target\":[\"https:\/\/portaltela.pt\/noticias\/2026\/04\/01\/cmtv-completa-48-meses-consecutivos-na-lideranca\/\"]}]},{\"@type\":\"ImageObject\",\"inLanguage\":\"pt-PT\",\"@id\":\"https:\/\/portaltela.pt\/noticias\/2026\/04\/01\/cmtv-completa-48-meses-consecutivos-na-lideranca\/#primaryimage\",\"url\":\"https:\/\/portaltela.pt\/s.01k8rhncp4jt1\/2026\/04\/img_1500x1000uu2026-04-01-09-14-57-2275976.jpg\",\"contentUrl\":\"https:\/\/portaltela.pt\/s.01k8rhncp4jt1\/2026\/04\/img_1500x1000uu2026-04-01-09-14-57-2275976.jpg\",\"width\":796,\"height\":448,\"caption\":\"CMTV completa 48 meses sempre a liderar\"},{\"@type\":\"BreadcrumbList\",\"@id\":\"https:\/\/portaltela.pt\/noticias\/2026\/04\/01\/cmtv-completa-48-meses-consecutivos-na-lideranca\/#breadcrumb\",\"itemListElement\":[{\"@type\":\"ListItem\",\"position\":1,\"name\":\"In\u00edcio\",\"item\":\"https:\/\/portaltela.pt\/\"},{\"@type\":\"ListItem\",\"position\":2,\"name\":\"CMTV completa 48 meses consecutivos na lideran\u00e7a\"}]},{\"@type\":\"WebSite\",\"@id\":\"https:\/\/portaltela.pt\/#website\",\"url\":\"https:\/\/portaltela.pt\/\",\"name\":\"Portal Tela Portugal\",\"description\":\"\",\"potentialAction\":[{\"@type\":\"SearchAction\",\"target\":{\"@type\":\"EntryPoint\",\"urlTemplate\":\"https:\/\/portaltela.pt\/?s={search_term_string}\"},\"query-input\":{\"@type\":\"PropertyValueSpecification\",\"valueRequired\":true,\"valueName\":\"search_term_string\"}}],\"inLanguage\":\"pt-PT\"},{\"@type\":\"Person\",\"@id\":\"https:\/\/portaltela.pt\/#\/schema\/person\/c4278d4a6028830caff9ee44b42d32ed\",\"name\":\"Telinha\",\"image\":{\"@type\":\"ImageObject\",\"inLanguage\":\"pt-PT\",\"@id\":\"https:\/\/portaltela.pt\/s.01k8rhncp4jt1\/2025\/11\/talking-bot-125x125.png\",\"url\":\"https:\/\/portaltela.pt\/s.01k8rhncp4jt1\/2025\/11\/talking-bot-125x125.png\",\"contentUrl\":\"https:\/\/portaltela.pt\/s.01k8rhncp4jt1\/2025\/11\/talking-bot-125x125.png\",\"caption\":\"Telinha\"},\"sameAs\":[\"https:\/\/portaltela.pt\/\"],\"url\":\"https:\/\/portaltela.pt\/por\/367410592786\/\"}]}<\/script>\n<!-- \/ Yoast SEO plugin. -->","yoast_head_json":{"title":"CMTV completa 48 meses consecutivos na lideran\u00e7a - Portal Tela Portugal","robots":{"index":"index","follow":"follow","max-snippet":"max-snippet:-1","max-image-preview":"max-image-preview:large","max-video-preview":"max-video-preview:-1"},"og_locale":"pt_PT","og_type":"article","og_title":"CMTV completa 48 meses consecutivos na lideran\u00e7a - Portal Tela Portugal","og_description":"A CMTV liderou o consumo de televis\u00e3o por cabo em mar\u00e7o, com share m\u00e9dio di\u00e1rio de 5,7% e mais de 125.500 espectadores por minuto do dia. \u00c9 o 48.\u00ba m\u00eas consecutivo a liderar no cabo e j\u00e1 soma mil dias seguidos no topo. Em mar\u00e7o, a CNN Portugal e a SIC Not\u00edcias juntos registaram 5,4%, com ligeira desvantagem para a SIC. A CMTV fez cobertura permanente da guerra no Ir\u00e3o e lan\u00e7ou o programa matinal \u201cOl\u00e1 Bom Dia!\u201d, com Luciana Abreu e Rui Oliveira, refor\u00e7ando o entretenimento. Ainda em informa\u00e7\u00e3o, estreou o \u201cJornal \u00e0s 7\u201d com \u00c2ngela Gon\u00e7alves Marques; a CMTV est\u00e1 no canal 8 de cabo, ainda sem TDT, dados da GFK.","og_url":"https:\/\/portaltela.pt\/noticias\/2026\/04\/01\/cmtv-completa-48-meses-consecutivos-na-lideranca\/","og_site_name":"Portal Tela Portugal","article_published_time":"2026-04-01T08:32:18+00:00","author":"Telinha","twitter_card":"summary_large_image","twitter_misc":{"Escrito por":"Telinha","Tempo estimado de leitura":"1 minuto"},"schema":{"@context":"https:\/\/schema.org","@graph":[{"@type":"Article","@id":"https:\/\/portaltela.pt\/noticias\/2026\/04\/01\/cmtv-completa-48-meses-consecutivos-na-lideranca\/#article","isPartOf":{"@id":"https:\/\/portaltela.pt\/noticias\/2026\/04\/01\/cmtv-completa-48-meses-consecutivos-na-lideranca\/"},"author":{"name":"Telinha","@id":"https:\/\/portaltela.pt\/#\/schema\/person\/c4278d4a6028830caff9ee44b42d32ed"},"headline":"CMTV completa 48 meses consecutivos na lideran\u00e7a","datePublished":"2026-04-01T08:32:18+00:00","mainEntityOfPage":{"@id":"https:\/\/portaltela.pt\/noticias\/2026\/04\/01\/cmtv-completa-48-meses-consecutivos-na-lideranca\/"},"wordCount":200,"image":{"@id":"https:\/\/portaltela.pt\/noticias\/2026\/04\/01\/cmtv-completa-48-meses-consecutivos-na-lideranca\/#primaryimage"},"thumbnailUrl":"https:\/\/portaltela.pt\/s.01k8rhncp4jt1\/2026\/04\/img_1500x1000uu2026-04-01-09-14-57-2275976.jpg","keywords":["audi\u00eancias","CMTV","CNN Portugal","entretenimento","informa\u00e7\u00e3o","SIC Not\u00edcias"],"articleSection":["Economia","Not\u00edcias"],"inLanguage":"pt-PT"},{"@type":"WebPage","@id":"https:\/\/portaltela.pt\/noticias\/2026\/04\/01\/cmtv-completa-48-meses-consecutivos-na-lideranca\/","url":"https:\/\/portaltela.pt\/noticias\/2026\/04\/01\/cmtv-completa-48-meses-consecutivos-na-lideranca\/","name":"CMTV completa 48 meses consecutivos na lideran\u00e7a - Portal Tela Portugal","isPartOf":{"@id":"https:\/\/portaltela.pt\/#website"},"primaryImageOfPage":{"@id":"https:\/\/portaltela.pt\/noticias\/2026\/04\/01\/cmtv-completa-48-meses-consecutivos-na-lideranca\/#primaryimage"},"image":{"@id":"https:\/\/portaltela.pt\/noticias\/2026\/04\/01\/cmtv-completa-48-meses-consecutivos-na-lideranca\/#primaryimage"},"thumbnailUrl":"https:\/\/portaltela.pt\/s.01k8rhncp4jt1\/2026\/04\/img_1500x1000uu2026-04-01-09-14-57-2275976.jpg","datePublished":"2026-04-01T08:32:18+00:00","author":{"@id":"https:\/\/portaltela.pt\/#\/schema\/person\/c4278d4a6028830caff9ee44b42d32ed"},"breadcrumb":{"@id":"https:\/\/portaltela.pt\/noticias\/2026\/04\/01\/cmtv-completa-48-meses-consecutivos-na-lideranca\/#breadcrumb"},"inLanguage":"pt-PT","potentialAction":[{"@type":"ReadAction","target":["https:\/\/portaltela.pt\/noticias\/2026\/04\/01\/cmtv-completa-48-meses-consecutivos-na-lideranca\/"]}]},{"@type":"ImageObject","inLanguage":"pt-PT","@id":"https:\/\/portaltela.pt\/noticias\/2026\/04\/01\/cmtv-completa-48-meses-consecutivos-na-lideranca\/#primaryimage","url":"https:\/\/portaltela.pt\/s.01k8rhncp4jt1\/2026\/04\/img_1500x1000uu2026-04-01-09-14-57-2275976.jpg","contentUrl":"https:\/\/portaltela.pt\/s.01k8rhncp4jt1\/2026\/04\/img_1500x1000uu2026-04-01-09-14-57-2275976.jpg","width":796,"height":448,"caption":"CMTV completa 48 meses sempre a liderar"},{"@type":"BreadcrumbList","@id":"https:\/\/portaltela.pt\/noticias\/2026\/04\/01\/cmtv-completa-48-meses-consecutivos-na-lideranca\/#breadcrumb","itemListElement":[{"@type":"ListItem","position":1,"name":"In\u00edcio","item":"https:\/\/portaltela.pt\/"},{"@type":"ListItem","position":2,"name":"CMTV completa 48 meses consecutivos na lideran\u00e7a"}]},{"@type":"WebSite","@id":"https:\/\/portaltela.pt\/#website","url":"https:\/\/portaltela.pt\/","name":"Portal Tela Portugal","description":"","potentialAction":[{"@type":"SearchAction","target":{"@type":"EntryPoint","urlTemplate":"https:\/\/portaltela.pt\/?s={search_term_string}"},"query-input":{"@type":"PropertyValueSpecification","valueRequired":true,"valueName":"search_term_string"}}],"inLanguage":"pt-PT"},{"@type":"Person","@id":"https:\/\/portaltela.pt\/#\/schema\/person\/c4278d4a6028830caff9ee44b42d32ed","name":"Telinha","image":{"@type":"ImageObject","inLanguage":"pt-PT","@id":"https:\/\/portaltela.pt\/s.01k8rhncp4jt1\/2025\/11\/talking-bot-125x125.png","url":"https:\/\/portaltela.pt\/s.01k8rhncp4jt1\/2025\/11\/talking-bot-125x125.png","contentUrl":"https:\/\/portaltela.pt\/s.01k8rhncp4jt1\/2025\/11\/talking-bot-125x125.png","caption":"Telinha"},"sameAs":["https:\/\/portaltela.pt\/"],"url":"https:\/\/portaltela.pt\/por\/367410592786\/"}]}},"_links":{"self":[{"href":"https:\/\/portaltela.pt\/api\/wp\/v2\/posts\/428788","targetHints":{"allow":["GET"]}}],"collection":[{"href":"https:\/\/portaltela.pt\/api\/wp\/v2\/posts"}],"about":[{"href":"https:\/\/portaltela.pt\/api\/wp\/v2\/types\/post"}],"author":[{"embeddable":true,"href":"https:\/\/portaltela.pt\/api\/wp\/v2\/users\/2"}],"replies":[{"embeddable":true,"href":"https:\/\/portaltela.pt\/api\/wp\/v2\/comments?post=428788"}],"version-history":[{"count":0,"href":"https:\/\/portaltela.pt\/api\/wp\/v2\/posts\/428788\/revisions"}],"wp:featuredmedia":[{"embeddable":true,"href":"https:\/\/portaltela.pt\/api\/wp\/v2\/media\/428791"}],"wp:attachment":[{"href":"https:\/\/portaltela.pt\/api\/wp\/v2\/media?parent=428788"}],"wp:term":[{"taxonomy":"category","embeddable":true,"href":"https:\/\/portaltela.pt\/api\/wp\/v2\/categories?post=428788"},{"taxonomy":"post_tag","embeddable":true,"href":"https:\/\/portaltela.pt\/api\/wp\/v2\/tags?post=428788"}],"curies":[{"name":"wp","href":"https:\/\/api.w.org\/{rel}","templated":true}]}}