{"id":428784,"date":"2026-04-01T05:32:13","date_gmt":"2026-04-01T08:32:13","guid":{"rendered":"https:\/\/portaltela.pt\/noticias\/2026\/04\/01\/vicario-e-di-marco-encontram-se-com-a-bosnia-criticas-e-consequencias\/"},"modified":"2026-04-01T05:32:13","modified_gmt":"2026-04-01T08:32:13","slug":"vicario-e-di-marco-encontram-se-com-a-bosnia-criticas-e-consequencias","status":"publish","type":"post","link":"https:\/\/portaltela.pt\/desporto\/futebol\/2026\/04\/01\/vicario-e-di-marco-encontram-se-com-a-bosnia-criticas-e-consequencias\/","title":{"rendered":"Vic\u00e1rio e Di Marco encontram-se com a B\u00f3snia; cr\u00edticas e consequ\u00eancias"},"content":{"rendered":"<p>Na semana passada, durante as meias-finais do playoff para o Mundial 2026, dois jogadores italianos, Vicario e Di Marco, celebraram enfrentar a B\u00f3snia e n\u00e3o o Pa\u00eds de Gales na derradeira ronda de qualifica\u00e7\u00e3o. A filmagem circulou nas redes sociais.<\/p>\n<p>Dias depois, esse momento acabou por voltar a condicionar os transalpinos, que n\u00e3o garantiram o apuramento ao serem derrotados pela B\u00f3snia. O v\u00eddeo original foi recuperado online, gerando discuss\u00e3o sobre o timing da celebra\u00e7\u00e3o.<\/p>\n<p>N\u00e3o est\u00e1 claro se houve uma posi\u00e7\u00e3o institucional da Federa\u00e7\u00e3o Italiana ou apenas uma opini\u00e3o de jogadores. O epis\u00f3dio evidencia o impacto das redes sociais na perce\u00e7\u00e3o de momentos de celebra\u00e7\u00e3o antes de decis\u00f5es competitivas.<\/p>\n<h3>Repercuss\u00f5es online<\/h3>\n<p>A grava\u00e7\u00e3o gerou reac\u00e7\u00f5es de f\u00e3s e coment\u00e1rios sobre o momento escolhido. Vicario e Di Marco n\u00e3o emitiram declara\u00e7\u00f5es p\u00fablicas sobre o v\u00eddeo ou sobre o resultado do jogo.<\/p>\n","protected":false},"excerpt":{"rendered":"<ul>\n<li>Vicario e Di Marco celebraram nas redes sociais o facto de defrontarem a B\u00f3snia, em vez do Pa\u00eds de Gales, nas meias-finais de qualifica\u00e7\u00e3o para o Mundial 2026.<\/li>\n<li>O momento foi partilhado durante as meias-finais do playoff, sugerindo o presum\u00edvel apuramento italiano.<\/li>\n<li>Dias depois, a It\u00e1lia foi derrotada pela B\u00f3snia e falhou o acesso \u00e0 fase final do Mundial 2026.<\/li>\n<li>O v\u00eddeo recuperado nas redes mostra o entusiasmo anterior, que acabou por ficar sem correspond\u00eancia com o desfecho.<\/li>\n<\/ul>\n","protected":false},"author":2,"featured_media":428786,"comment_status":"closed","ping_status":"closed","sticky":false,"template":"","format":"standard","meta":{"footnotes":""},"categories":[21,24],"tags":[1544,32,3338,1857,88],"class_list":["post-428784","post","type-post","status-publish","format-standard","has-post-thumbnail","hentry","category-desporto","category-futebol","tag-bosnia-herzegovina","tag-futebol","tag-futebol-internacional","tag-italia","tag-redes-sociais"],"yoast_head":"<!-- This site is optimized with the Yoast SEO plugin v27.2 - https:\/\/yoast.com\/product\/yoast-seo-wordpress\/ -->\n<title>Vic\u00e1rio e Di Marco encontram-se com a B\u00f3snia; cr\u00edticas e consequ\u00eancias - Portal Tela Portugal<\/title>\n<meta name=\"robots\" content=\"index, follow, max-snippet:-1, max-image-preview:large, max-video-preview:-1\" \/>\n<meta property=\"og:locale\" content=\"pt_PT\" \/>\n<meta property=\"og:type\" content=\"article\" \/>\n<meta property=\"og:title\" content=\"Vic\u00e1rio e Di Marco encontram-se com a B\u00f3snia; cr\u00edticas e consequ\u00eancias - Portal Tela Portugal\" \/>\n<meta property=\"og:description\" content=\"Vicario e Di Marco celebraram nas redes sociais o facto de defrontarem a B\u00f3snia, em vez do Pa\u00eds de Gales, nas meias-finais de qualifica\u00e7\u00e3o para o Mundial 2026. O momento foi partilhado durante as meias-finais do playoff, sugerindo o presum\u00edvel apuramento italiano. Dias depois, a It\u00e1lia foi derrotada pela B\u00f3snia e falhou o acesso \u00e0 fase final do Mundial 2026. O v\u00eddeo recuperado nas redes mostra o entusiasmo anterior, que acabou por ficar sem correspond\u00eancia com o desfecho.\" \/>\n<meta property=\"og:url\" content=\"https:\/\/portaltela.pt\/noticias\/2026\/04\/01\/vicario-e-di-marco-encontram-se-com-a-bosnia-criticas-e-consequencias\/\" \/>\n<meta property=\"og:site_name\" content=\"Portal Tela Portugal\" \/>\n<meta property=\"article:published_time\" content=\"2026-04-01T08:32:13+00:00\" \/>\n<meta name=\"author\" content=\"Telinha\" \/>\n<meta name=\"twitter:card\" content=\"summary_large_image\" \/>\n<meta name=\"twitter:label1\" content=\"Escrito por\" \/>\n\t<meta name=\"twitter:data1\" content=\"Telinha\" \/>\n\t<meta name=\"twitter:label2\" content=\"Tempo estimado de leitura\" \/>\n\t<meta name=\"twitter:data2\" content=\"1 minuto\" \/>\n<script type=\"application\/ld+json\" class=\"yoast-schema-graph\">{\"@context\":\"https:\/\/schema.org\",\"@graph\":[{\"@type\":\"Article\",\"@id\":\"https:\/\/portaltela.pt\/noticias\/2026\/04\/01\/vicario-e-di-marco-encontram-se-com-a-bosnia-criticas-e-consequencias\/#article\",\"isPartOf\":{\"@id\":\"https:\/\/portaltela.pt\/noticias\/2026\/04\/01\/vicario-e-di-marco-encontram-se-com-a-bosnia-criticas-e-consequencias\/\"},\"author\":{\"name\":\"Telinha\",\"@id\":\"https:\/\/portaltela.pt\/#\/schema\/person\/c4278d4a6028830caff9ee44b42d32ed\"},\"headline\":\"Vic\u00e1rio e Di Marco encontram-se com a B\u00f3snia; cr\u00edticas e consequ\u00eancias\",\"datePublished\":\"2026-04-01T08:32:13+00:00\",\"mainEntityOfPage\":{\"@id\":\"https:\/\/portaltela.pt\/noticias\/2026\/04\/01\/vicario-e-di-marco-encontram-se-com-a-bosnia-criticas-e-consequencias\/\"},\"wordCount\":180,\"image\":{\"@id\":\"https:\/\/portaltela.pt\/noticias\/2026\/04\/01\/vicario-e-di-marco-encontram-se-com-a-bosnia-criticas-e-consequencias\/#primaryimage\"},\"thumbnailUrl\":\"https:\/\/portaltela.pt\/s.01k8rhncp4jt1\/2026\/04\/img_1200x721uu2026-04-01-09-24-38-2430434.jpg\",\"keywords\":[\"B\u00f3snia-Herzeg\u00f3vina\",\"futebol\",\"futebol internacional\",\"It\u00e1lia\",\"redes sociais\"],\"articleSection\":[\"Desporto\",\"Futebol\"],\"inLanguage\":\"pt-PT\"},{\"@type\":\"WebPage\",\"@id\":\"https:\/\/portaltela.pt\/noticias\/2026\/04\/01\/vicario-e-di-marco-encontram-se-com-a-bosnia-criticas-e-consequencias\/\",\"url\":\"https:\/\/portaltela.pt\/noticias\/2026\/04\/01\/vicario-e-di-marco-encontram-se-com-a-bosnia-criticas-e-consequencias\/\",\"name\":\"Vic\u00e1rio e Di Marco encontram-se com a B\u00f3snia; cr\u00edticas e consequ\u00eancias - Portal Tela Portugal\",\"isPartOf\":{\"@id\":\"https:\/\/portaltela.pt\/#website\"},\"primaryImageOfPage\":{\"@id\":\"https:\/\/portaltela.pt\/noticias\/2026\/04\/01\/vicario-e-di-marco-encontram-se-com-a-bosnia-criticas-e-consequencias\/#primaryimage\"},\"image\":{\"@id\":\"https:\/\/portaltela.pt\/noticias\/2026\/04\/01\/vicario-e-di-marco-encontram-se-com-a-bosnia-criticas-e-consequencias\/#primaryimage\"},\"thumbnailUrl\":\"https:\/\/portaltela.pt\/s.01k8rhncp4jt1\/2026\/04\/img_1200x721uu2026-04-01-09-24-38-2430434.jpg\",\"datePublished\":\"2026-04-01T08:32:13+00:00\",\"author\":{\"@id\":\"https:\/\/portaltela.pt\/#\/schema\/person\/c4278d4a6028830caff9ee44b42d32ed\"},\"breadcrumb\":{\"@id\":\"https:\/\/portaltela.pt\/noticias\/2026\/04\/01\/vicario-e-di-marco-encontram-se-com-a-bosnia-criticas-e-consequencias\/#breadcrumb\"},\"inLanguage\":\"pt-PT\",\"potentialAction\":[{\"@type\":\"ReadAction\",\"target\":[\"https:\/\/portaltela.pt\/noticias\/2026\/04\/01\/vicario-e-di-marco-encontram-se-com-a-bosnia-criticas-e-consequencias\/\"]}]},{\"@type\":\"ImageObject\",\"inLanguage\":\"pt-PT\",\"@id\":\"https:\/\/portaltela.pt\/noticias\/2026\/04\/01\/vicario-e-di-marco-encontram-se-com-a-bosnia-criticas-e-consequencias\/#primaryimage\",\"url\":\"https:\/\/portaltela.pt\/s.01k8rhncp4jt1\/2026\/04\/img_1200x721uu2026-04-01-09-24-38-2430434.jpg\",\"contentUrl\":\"https:\/\/portaltela.pt\/s.01k8rhncp4jt1\/2026\/04\/img_1200x721uu2026-04-01-09-24-38-2430434.jpg\",\"width\":796,\"height\":448,\"caption\":\"Photo\"},{\"@type\":\"BreadcrumbList\",\"@id\":\"https:\/\/portaltela.pt\/noticias\/2026\/04\/01\/vicario-e-di-marco-encontram-se-com-a-bosnia-criticas-e-consequencias\/#breadcrumb\",\"itemListElement\":[{\"@type\":\"ListItem\",\"position\":1,\"name\":\"In\u00edcio\",\"item\":\"https:\/\/portaltela.pt\/\"},{\"@type\":\"ListItem\",\"position\":2,\"name\":\"Vic\u00e1rio e Di Marco encontram-se com a B\u00f3snia; cr\u00edticas e consequ\u00eancias\"}]},{\"@type\":\"WebSite\",\"@id\":\"https:\/\/portaltela.pt\/#website\",\"url\":\"https:\/\/portaltela.pt\/\",\"name\":\"Portal Tela Portugal\",\"description\":\"\",\"potentialAction\":[{\"@type\":\"SearchAction\",\"target\":{\"@type\":\"EntryPoint\",\"urlTemplate\":\"https:\/\/portaltela.pt\/?s={search_term_string}\"},\"query-input\":{\"@type\":\"PropertyValueSpecification\",\"valueRequired\":true,\"valueName\":\"search_term_string\"}}],\"inLanguage\":\"pt-PT\"},{\"@type\":\"Person\",\"@id\":\"https:\/\/portaltela.pt\/#\/schema\/person\/c4278d4a6028830caff9ee44b42d32ed\",\"name\":\"Telinha\",\"image\":{\"@type\":\"ImageObject\",\"inLanguage\":\"pt-PT\",\"@id\":\"https:\/\/portaltela.pt\/s.01k8rhncp4jt1\/2025\/11\/talking-bot-125x125.png\",\"url\":\"https:\/\/portaltela.pt\/s.01k8rhncp4jt1\/2025\/11\/talking-bot-125x125.png\",\"contentUrl\":\"https:\/\/portaltela.pt\/s.01k8rhncp4jt1\/2025\/11\/talking-bot-125x125.png\",\"caption\":\"Telinha\"},\"sameAs\":[\"https:\/\/portaltela.pt\/\"],\"url\":\"https:\/\/portaltela.pt\/por\/367410592786\/\"}]}<\/script>\n<!-- \/ Yoast SEO plugin. -->","yoast_head_json":{"title":"Vic\u00e1rio e Di Marco encontram-se com a B\u00f3snia; cr\u00edticas e consequ\u00eancias - Portal Tela Portugal","robots":{"index":"index","follow":"follow","max-snippet":"max-snippet:-1","max-image-preview":"max-image-preview:large","max-video-preview":"max-video-preview:-1"},"og_locale":"pt_PT","og_type":"article","og_title":"Vic\u00e1rio e Di Marco encontram-se com a B\u00f3snia; cr\u00edticas e consequ\u00eancias - Portal Tela Portugal","og_description":"Vicario e Di Marco celebraram nas redes sociais o facto de defrontarem a B\u00f3snia, em vez do Pa\u00eds de Gales, nas meias-finais de qualifica\u00e7\u00e3o para o Mundial 2026. O momento foi partilhado durante as meias-finais do playoff, sugerindo o presum\u00edvel apuramento italiano. Dias depois, a It\u00e1lia foi derrotada pela B\u00f3snia e falhou o acesso \u00e0 fase final do Mundial 2026. O v\u00eddeo recuperado nas redes mostra o entusiasmo anterior, que acabou por ficar sem correspond\u00eancia com o desfecho.","og_url":"https:\/\/portaltela.pt\/noticias\/2026\/04\/01\/vicario-e-di-marco-encontram-se-com-a-bosnia-criticas-e-consequencias\/","og_site_name":"Portal Tela Portugal","article_published_time":"2026-04-01T08:32:13+00:00","author":"Telinha","twitter_card":"summary_large_image","twitter_misc":{"Escrito por":"Telinha","Tempo estimado de leitura":"1 minuto"},"schema":{"@context":"https:\/\/schema.org","@graph":[{"@type":"Article","@id":"https:\/\/portaltela.pt\/noticias\/2026\/04\/01\/vicario-e-di-marco-encontram-se-com-a-bosnia-criticas-e-consequencias\/#article","isPartOf":{"@id":"https:\/\/portaltela.pt\/noticias\/2026\/04\/01\/vicario-e-di-marco-encontram-se-com-a-bosnia-criticas-e-consequencias\/"},"author":{"name":"Telinha","@id":"https:\/\/portaltela.pt\/#\/schema\/person\/c4278d4a6028830caff9ee44b42d32ed"},"headline":"Vic\u00e1rio e Di Marco encontram-se com a B\u00f3snia; cr\u00edticas e consequ\u00eancias","datePublished":"2026-04-01T08:32:13+00:00","mainEntityOfPage":{"@id":"https:\/\/portaltela.pt\/noticias\/2026\/04\/01\/vicario-e-di-marco-encontram-se-com-a-bosnia-criticas-e-consequencias\/"},"wordCount":180,"image":{"@id":"https:\/\/portaltela.pt\/noticias\/2026\/04\/01\/vicario-e-di-marco-encontram-se-com-a-bosnia-criticas-e-consequencias\/#primaryimage"},"thumbnailUrl":"https:\/\/portaltela.pt\/s.01k8rhncp4jt1\/2026\/04\/img_1200x721uu2026-04-01-09-24-38-2430434.jpg","keywords":["B\u00f3snia-Herzeg\u00f3vina","futebol","futebol internacional","It\u00e1lia","redes sociais"],"articleSection":["Desporto","Futebol"],"inLanguage":"pt-PT"},{"@type":"WebPage","@id":"https:\/\/portaltela.pt\/noticias\/2026\/04\/01\/vicario-e-di-marco-encontram-se-com-a-bosnia-criticas-e-consequencias\/","url":"https:\/\/portaltela.pt\/noticias\/2026\/04\/01\/vicario-e-di-marco-encontram-se-com-a-bosnia-criticas-e-consequencias\/","name":"Vic\u00e1rio e Di Marco encontram-se com a B\u00f3snia; cr\u00edticas e consequ\u00eancias - Portal Tela Portugal","isPartOf":{"@id":"https:\/\/portaltela.pt\/#website"},"primaryImageOfPage":{"@id":"https:\/\/portaltela.pt\/noticias\/2026\/04\/01\/vicario-e-di-marco-encontram-se-com-a-bosnia-criticas-e-consequencias\/#primaryimage"},"image":{"@id":"https:\/\/portaltela.pt\/noticias\/2026\/04\/01\/vicario-e-di-marco-encontram-se-com-a-bosnia-criticas-e-consequencias\/#primaryimage"},"thumbnailUrl":"https:\/\/portaltela.pt\/s.01k8rhncp4jt1\/2026\/04\/img_1200x721uu2026-04-01-09-24-38-2430434.jpg","datePublished":"2026-04-01T08:32:13+00:00","author":{"@id":"https:\/\/portaltela.pt\/#\/schema\/person\/c4278d4a6028830caff9ee44b42d32ed"},"breadcrumb":{"@id":"https:\/\/portaltela.pt\/noticias\/2026\/04\/01\/vicario-e-di-marco-encontram-se-com-a-bosnia-criticas-e-consequencias\/#breadcrumb"},"inLanguage":"pt-PT","potentialAction":[{"@type":"ReadAction","target":["https:\/\/portaltela.pt\/noticias\/2026\/04\/01\/vicario-e-di-marco-encontram-se-com-a-bosnia-criticas-e-consequencias\/"]}]},{"@type":"ImageObject","inLanguage":"pt-PT","@id":"https:\/\/portaltela.pt\/noticias\/2026\/04\/01\/vicario-e-di-marco-encontram-se-com-a-bosnia-criticas-e-consequencias\/#primaryimage","url":"https:\/\/portaltela.pt\/s.01k8rhncp4jt1\/2026\/04\/img_1200x721uu2026-04-01-09-24-38-2430434.jpg","contentUrl":"https:\/\/portaltela.pt\/s.01k8rhncp4jt1\/2026\/04\/img_1200x721uu2026-04-01-09-24-38-2430434.jpg","width":796,"height":448,"caption":"Photo"},{"@type":"BreadcrumbList","@id":"https:\/\/portaltela.pt\/noticias\/2026\/04\/01\/vicario-e-di-marco-encontram-se-com-a-bosnia-criticas-e-consequencias\/#breadcrumb","itemListElement":[{"@type":"ListItem","position":1,"name":"In\u00edcio","item":"https:\/\/portaltela.pt\/"},{"@type":"ListItem","position":2,"name":"Vic\u00e1rio e Di Marco encontram-se com a B\u00f3snia; cr\u00edticas e consequ\u00eancias"}]},{"@type":"WebSite","@id":"https:\/\/portaltela.pt\/#website","url":"https:\/\/portaltela.pt\/","name":"Portal Tela Portugal","description":"","potentialAction":[{"@type":"SearchAction","target":{"@type":"EntryPoint","urlTemplate":"https:\/\/portaltela.pt\/?s={search_term_string}"},"query-input":{"@type":"PropertyValueSpecification","valueRequired":true,"valueName":"search_term_string"}}],"inLanguage":"pt-PT"},{"@type":"Person","@id":"https:\/\/portaltela.pt\/#\/schema\/person\/c4278d4a6028830caff9ee44b42d32ed","name":"Telinha","image":{"@type":"ImageObject","inLanguage":"pt-PT","@id":"https:\/\/portaltela.pt\/s.01k8rhncp4jt1\/2025\/11\/talking-bot-125x125.png","url":"https:\/\/portaltela.pt\/s.01k8rhncp4jt1\/2025\/11\/talking-bot-125x125.png","contentUrl":"https:\/\/portaltela.pt\/s.01k8rhncp4jt1\/2025\/11\/talking-bot-125x125.png","caption":"Telinha"},"sameAs":["https:\/\/portaltela.pt\/"],"url":"https:\/\/portaltela.pt\/por\/367410592786\/"}]}},"_links":{"self":[{"href":"https:\/\/portaltela.pt\/api\/wp\/v2\/posts\/428784","targetHints":{"allow":["GET"]}}],"collection":[{"href":"https:\/\/portaltela.pt\/api\/wp\/v2\/posts"}],"about":[{"href":"https:\/\/portaltela.pt\/api\/wp\/v2\/types\/post"}],"author":[{"embeddable":true,"href":"https:\/\/portaltela.pt\/api\/wp\/v2\/users\/2"}],"replies":[{"embeddable":true,"href":"https:\/\/portaltela.pt\/api\/wp\/v2\/comments?post=428784"}],"version-history":[{"count":0,"href":"https:\/\/portaltela.pt\/api\/wp\/v2\/posts\/428784\/revisions"}],"wp:featuredmedia":[{"embeddable":true,"href":"https:\/\/portaltela.pt\/api\/wp\/v2\/media\/428786"}],"wp:attachment":[{"href":"https:\/\/portaltela.pt\/api\/wp\/v2\/media?parent=428784"}],"wp:term":[{"taxonomy":"category","embeddable":true,"href":"https:\/\/portaltela.pt\/api\/wp\/v2\/categories?post=428784"},{"taxonomy":"post_tag","embeddable":true,"href":"https:\/\/portaltela.pt\/api\/wp\/v2\/tags?post=428784"}],"curies":[{"name":"wp","href":"https:\/\/api.w.org\/{rel}","templated":true}]}}