{"id":428758,"date":"2026-04-01T05:02:35","date_gmt":"2026-04-01T08:02:35","guid":{"rendered":"https:\/\/portaltela.pt\/noticias\/2026\/04\/01\/autopsia-confirma-mortes-por-asfixia-de-duas-mulheres-assassinadas-por-prizzon\/"},"modified":"2026-04-01T05:02:35","modified_gmt":"2026-04-01T08:02:35","slug":"autopsia-confirma-mortes-por-asfixia-de-duas-mulheres-assassinadas-por-prizzon","status":"publish","type":"post","link":"https:\/\/portaltela.pt\/justica\/2026\/04\/01\/autopsia-confirma-mortes-por-asfixia-de-duas-mulheres-assassinadas-por-prizzon\/","title":{"rendered":"Aut\u00f3psia confirma mortes por asfixia de duas mulheres assassinadas por Prizzon"},"content":{"rendered":"<p>O que aconteceu: a aut\u00f3psia realizada no Gabinete de Medina Legal de Bragan\u00e7a confirmou que as duas mulheres assassinadas por C\u00e9dric Prizzon morreram por asfixia. Angela Legobien, 26 anos, e Audrey Cavali\u00e9, 40, foram v\u00edtimas do mesmo procedimento violento.<\/p>\n<p>Quem est\u00e1 envolvido: o principal suspeito \u00e9 C\u00e9dric Prizzon, ex-pol\u00edcia franc\u00eas de 41 anos. As v\u00edtimas eram companheira e ex-companheira do suspeito. O homic\u00eddio ocorreu com a participa\u00e7\u00e3o de familiares que ficaram no local.<\/p>\n<p>Quando e onde: os crimes ocorreram ap\u00f3s o rapto no dia 20 de mar\u00e7o. Os delitos aconteceram em territ\u00f3rio portugu\u00eas, com o grupo a viajar para Portugal, incluindo dois filhos do suspeito, de 13 anos e 18 meses.<\/p>\n<h3>Aut\u00f3psia confirma asfixia<\/h3>\n<p>As causas da morte, descritas pela per\u00edcia, apontam para asfixia. As v\u00edtimas foram sepultadas na serra da Nogueira. O caso est\u00e1 a ser investigado pelas autoridades competentes.<\/p>\n<p>Por que aconteceu: o relat\u00f3rio indica que as mortes ocorreram durante o acto violento praticado pelo suspeito. Prizzon encontra-se detido, aguardando julgamento na cadeia da Guarda. Os filhos devem ser repatriados \u00e0s respetivas fam\u00edlias.<\/p>\n<h3>Desdobramentos e pr\u00f3ximos passos<\/h3>\n<p>As autoridades continuam a diligenciar para esclarecer os factos e recopilar elementos relevantes ao processo. O caso mant\u00e9m-se sob vigil\u00e2ncia policial e judicial, sem detalhes adicionais no momento.<\/p>\n","protected":false},"excerpt":{"rendered":"<ul>\n<li>A aut\u00f3psia confirmou que as duas mulheres morreram por asfixia, segundo o Gabinete de Medina Legal de Bragan\u00e7a.<\/li>\n<li>As v\u00edtimas s\u00e3o Angela Legobien, 26 anos, e Audrey Cavali\u00e9, 40, companheira e ex-companheira de C\u00e9dric Prizzon.<\/li>\n<li>Foram enterradas na serra da Nogueira e teriam morrido depois de um golpe mata-le\u00e3o.<\/li>\n<li>Prizzon raptou as duas no dia 20 de mar\u00e7o e viajou para Portugal com os dois filhos, de 13 anos e 18 meses, que v\u00e3o ser repatriados.<\/li>\n<li>O ex-pol\u00edcia franc\u00eas, de 41 anos, aguarda julgamento na cadeia da Guarda.<\/li>\n<\/ul>\n","protected":false},"author":2,"featured_media":428761,"comment_status":"closed","ping_status":"closed","sticky":false,"template":"","format":"standard","meta":{"footnotes":""},"categories":[6907,6815],"tags":[5842,5909,906,1345,1014,4343],"class_list":["post-428758","post","type-post","status-publish","format-standard","has-post-thumbnail","hentry","category-crime","category-justica","tag-assassinatos","tag-autopsias","tag-braganca","tag-homicidio","tag-portugal","tag-prisoes"],"yoast_head":"<!-- This site is optimized with the Yoast SEO plugin v27.2 - https:\/\/yoast.com\/product\/yoast-seo-wordpress\/ -->\n<title>Aut\u00f3psia confirma mortes por asfixia de duas mulheres assassinadas por Prizzon - Portal Tela Portugal<\/title>\n<meta name=\"robots\" content=\"index, follow, max-snippet:-1, max-image-preview:large, max-video-preview:-1\" \/>\n<meta property=\"og:locale\" content=\"pt_PT\" \/>\n<meta property=\"og:type\" content=\"article\" \/>\n<meta property=\"og:title\" content=\"Aut\u00f3psia confirma mortes por asfixia de duas mulheres assassinadas por Prizzon - Portal Tela Portugal\" \/>\n<meta property=\"og:description\" content=\"A aut\u00f3psia confirmou que as duas mulheres morreram por asfixia, segundo o Gabinete de Medina Legal de Bragan\u00e7a. As v\u00edtimas s\u00e3o Angela Legobien, 26 anos, e Audrey Cavali\u00e9, 40, companheira e ex-companheira de C\u00e9dric Prizzon. Foram enterradas na serra da Nogueira e teriam morrido depois de um golpe mata-le\u00e3o. Prizzon raptou as duas no dia 20 de mar\u00e7o e viajou para Portugal com os dois filhos, de 13 anos e 18 meses, que v\u00e3o ser repatriados. O ex-pol\u00edcia franc\u00eas, de 41 anos, aguarda julgamento na cadeia da Guarda.\" \/>\n<meta property=\"og:url\" content=\"https:\/\/portaltela.pt\/noticias\/2026\/04\/01\/autopsia-confirma-mortes-por-asfixia-de-duas-mulheres-assassinadas-por-prizzon\/\" \/>\n<meta property=\"og:site_name\" content=\"Portal Tela Portugal\" \/>\n<meta property=\"article:published_time\" content=\"2026-04-01T08:02:35+00:00\" \/>\n<meta name=\"author\" content=\"Telinha\" \/>\n<meta name=\"twitter:card\" content=\"summary_large_image\" \/>\n<meta name=\"twitter:label1\" content=\"Escrito por\" \/>\n\t<meta name=\"twitter:data1\" content=\"Telinha\" \/>\n\t<meta name=\"twitter:label2\" content=\"Tempo estimado de leitura\" \/>\n\t<meta name=\"twitter:data2\" content=\"1 minuto\" \/>\n<script type=\"application\/ld+json\" class=\"yoast-schema-graph\">{\"@context\":\"https:\/\/schema.org\",\"@graph\":[{\"@type\":\"Article\",\"@id\":\"https:\/\/portaltela.pt\/noticias\/2026\/04\/01\/autopsia-confirma-mortes-por-asfixia-de-duas-mulheres-assassinadas-por-prizzon\/#article\",\"isPartOf\":{\"@id\":\"https:\/\/portaltela.pt\/noticias\/2026\/04\/01\/autopsia-confirma-mortes-por-asfixia-de-duas-mulheres-assassinadas-por-prizzon\/\"},\"author\":{\"name\":\"Telinha\",\"@id\":\"https:\/\/portaltela.pt\/#\/schema\/person\/c4278d4a6028830caff9ee44b42d32ed\"},\"headline\":\"Aut\u00f3psia confirma mortes por asfixia de duas mulheres assassinadas por Prizzon\",\"datePublished\":\"2026-04-01T08:02:35+00:00\",\"mainEntityOfPage\":{\"@id\":\"https:\/\/portaltela.pt\/noticias\/2026\/04\/01\/autopsia-confirma-mortes-por-asfixia-de-duas-mulheres-assassinadas-por-prizzon\/\"},\"wordCount\":234,\"image\":{\"@id\":\"https:\/\/portaltela.pt\/noticias\/2026\/04\/01\/autopsia-confirma-mortes-por-asfixia-de-duas-mulheres-assassinadas-por-prizzon\/#primaryimage\"},\"thumbnailUrl\":\"https:\/\/portaltela.pt\/s.01k8rhncp4jt1\/2026\/04\/img_1500x1000uu2026-03-27-23-16-44-2275224-im-639102502150336521.jpg\",\"keywords\":[\"assassinatos\",\"aut\u00f3psias\",\"Bragan\u00e7a\",\"homic\u00eddio\",\"Portugal\",\"pris\u00f5es\"],\"articleSection\":[\"Crime\",\"Justi\u00e7a\"],\"inLanguage\":\"pt-PT\"},{\"@type\":\"WebPage\",\"@id\":\"https:\/\/portaltela.pt\/noticias\/2026\/04\/01\/autopsia-confirma-mortes-por-asfixia-de-duas-mulheres-assassinadas-por-prizzon\/\",\"url\":\"https:\/\/portaltela.pt\/noticias\/2026\/04\/01\/autopsia-confirma-mortes-por-asfixia-de-duas-mulheres-assassinadas-por-prizzon\/\",\"name\":\"Aut\u00f3psia confirma mortes por asfixia de duas mulheres assassinadas por Prizzon - Portal Tela Portugal\",\"isPartOf\":{\"@id\":\"https:\/\/portaltela.pt\/#website\"},\"primaryImageOfPage\":{\"@id\":\"https:\/\/portaltela.pt\/noticias\/2026\/04\/01\/autopsia-confirma-mortes-por-asfixia-de-duas-mulheres-assassinadas-por-prizzon\/#primaryimage\"},\"image\":{\"@id\":\"https:\/\/portaltela.pt\/noticias\/2026\/04\/01\/autopsia-confirma-mortes-por-asfixia-de-duas-mulheres-assassinadas-por-prizzon\/#primaryimage\"},\"thumbnailUrl\":\"https:\/\/portaltela.pt\/s.01k8rhncp4jt1\/2026\/04\/img_1500x1000uu2026-03-27-23-16-44-2275224-im-639102502150336521.jpg\",\"datePublished\":\"2026-04-01T08:02:35+00:00\",\"author\":{\"@id\":\"https:\/\/portaltela.pt\/#\/schema\/person\/c4278d4a6028830caff9ee44b42d32ed\"},\"breadcrumb\":{\"@id\":\"https:\/\/portaltela.pt\/noticias\/2026\/04\/01\/autopsia-confirma-mortes-por-asfixia-de-duas-mulheres-assassinadas-por-prizzon\/#breadcrumb\"},\"inLanguage\":\"pt-PT\",\"potentialAction\":[{\"@type\":\"ReadAction\",\"target\":[\"https:\/\/portaltela.pt\/noticias\/2026\/04\/01\/autopsia-confirma-mortes-por-asfixia-de-duas-mulheres-assassinadas-por-prizzon\/\"]}]},{\"@type\":\"ImageObject\",\"inLanguage\":\"pt-PT\",\"@id\":\"https:\/\/portaltela.pt\/noticias\/2026\/04\/01\/autopsia-confirma-mortes-por-asfixia-de-duas-mulheres-assassinadas-por-prizzon\/#primaryimage\",\"url\":\"https:\/\/portaltela.pt\/s.01k8rhncp4jt1\/2026\/04\/img_1500x1000uu2026-03-27-23-16-44-2275224-im-639102502150336521.jpg\",\"contentUrl\":\"https:\/\/portaltela.pt\/s.01k8rhncp4jt1\/2026\/04\/img_1500x1000uu2026-03-27-23-16-44-2275224-im-639102502150336521.jpg\",\"width\":796,\"height\":448,\"caption\":\"C\u00e9dric Prizzon \u00e0 sa\u00edda do tribunal\"},{\"@type\":\"BreadcrumbList\",\"@id\":\"https:\/\/portaltela.pt\/noticias\/2026\/04\/01\/autopsia-confirma-mortes-por-asfixia-de-duas-mulheres-assassinadas-por-prizzon\/#breadcrumb\",\"itemListElement\":[{\"@type\":\"ListItem\",\"position\":1,\"name\":\"In\u00edcio\",\"item\":\"https:\/\/portaltela.pt\/\"},{\"@type\":\"ListItem\",\"position\":2,\"name\":\"Aut\u00f3psia confirma mortes por asfixia de duas mulheres assassinadas por Prizzon\"}]},{\"@type\":\"WebSite\",\"@id\":\"https:\/\/portaltela.pt\/#website\",\"url\":\"https:\/\/portaltela.pt\/\",\"name\":\"Portal Tela Portugal\",\"description\":\"\",\"potentialAction\":[{\"@type\":\"SearchAction\",\"target\":{\"@type\":\"EntryPoint\",\"urlTemplate\":\"https:\/\/portaltela.pt\/?s={search_term_string}\"},\"query-input\":{\"@type\":\"PropertyValueSpecification\",\"valueRequired\":true,\"valueName\":\"search_term_string\"}}],\"inLanguage\":\"pt-PT\"},{\"@type\":\"Person\",\"@id\":\"https:\/\/portaltela.pt\/#\/schema\/person\/c4278d4a6028830caff9ee44b42d32ed\",\"name\":\"Telinha\",\"image\":{\"@type\":\"ImageObject\",\"inLanguage\":\"pt-PT\",\"@id\":\"https:\/\/portaltela.pt\/s.01k8rhncp4jt1\/2025\/11\/talking-bot-125x125.png\",\"url\":\"https:\/\/portaltela.pt\/s.01k8rhncp4jt1\/2025\/11\/talking-bot-125x125.png\",\"contentUrl\":\"https:\/\/portaltela.pt\/s.01k8rhncp4jt1\/2025\/11\/talking-bot-125x125.png\",\"caption\":\"Telinha\"},\"sameAs\":[\"https:\/\/portaltela.pt\/\"],\"url\":\"https:\/\/portaltela.pt\/por\/367410592786\/\"}]}<\/script>\n<!-- \/ Yoast SEO plugin. -->","yoast_head_json":{"title":"Aut\u00f3psia confirma mortes por asfixia de duas mulheres assassinadas por Prizzon - Portal Tela Portugal","robots":{"index":"index","follow":"follow","max-snippet":"max-snippet:-1","max-image-preview":"max-image-preview:large","max-video-preview":"max-video-preview:-1"},"og_locale":"pt_PT","og_type":"article","og_title":"Aut\u00f3psia confirma mortes por asfixia de duas mulheres assassinadas por Prizzon - Portal Tela Portugal","og_description":"A aut\u00f3psia confirmou que as duas mulheres morreram por asfixia, segundo o Gabinete de Medina Legal de Bragan\u00e7a. As v\u00edtimas s\u00e3o Angela Legobien, 26 anos, e Audrey Cavali\u00e9, 40, companheira e ex-companheira de C\u00e9dric Prizzon. Foram enterradas na serra da Nogueira e teriam morrido depois de um golpe mata-le\u00e3o. Prizzon raptou as duas no dia 20 de mar\u00e7o e viajou para Portugal com os dois filhos, de 13 anos e 18 meses, que v\u00e3o ser repatriados. O ex-pol\u00edcia franc\u00eas, de 41 anos, aguarda julgamento na cadeia da Guarda.","og_url":"https:\/\/portaltela.pt\/noticias\/2026\/04\/01\/autopsia-confirma-mortes-por-asfixia-de-duas-mulheres-assassinadas-por-prizzon\/","og_site_name":"Portal Tela Portugal","article_published_time":"2026-04-01T08:02:35+00:00","author":"Telinha","twitter_card":"summary_large_image","twitter_misc":{"Escrito por":"Telinha","Tempo estimado de leitura":"1 minuto"},"schema":{"@context":"https:\/\/schema.org","@graph":[{"@type":"Article","@id":"https:\/\/portaltela.pt\/noticias\/2026\/04\/01\/autopsia-confirma-mortes-por-asfixia-de-duas-mulheres-assassinadas-por-prizzon\/#article","isPartOf":{"@id":"https:\/\/portaltela.pt\/noticias\/2026\/04\/01\/autopsia-confirma-mortes-por-asfixia-de-duas-mulheres-assassinadas-por-prizzon\/"},"author":{"name":"Telinha","@id":"https:\/\/portaltela.pt\/#\/schema\/person\/c4278d4a6028830caff9ee44b42d32ed"},"headline":"Aut\u00f3psia confirma mortes por asfixia de duas mulheres assassinadas por Prizzon","datePublished":"2026-04-01T08:02:35+00:00","mainEntityOfPage":{"@id":"https:\/\/portaltela.pt\/noticias\/2026\/04\/01\/autopsia-confirma-mortes-por-asfixia-de-duas-mulheres-assassinadas-por-prizzon\/"},"wordCount":234,"image":{"@id":"https:\/\/portaltela.pt\/noticias\/2026\/04\/01\/autopsia-confirma-mortes-por-asfixia-de-duas-mulheres-assassinadas-por-prizzon\/#primaryimage"},"thumbnailUrl":"https:\/\/portaltela.pt\/s.01k8rhncp4jt1\/2026\/04\/img_1500x1000uu2026-03-27-23-16-44-2275224-im-639102502150336521.jpg","keywords":["assassinatos","aut\u00f3psias","Bragan\u00e7a","homic\u00eddio","Portugal","pris\u00f5es"],"articleSection":["Crime","Justi\u00e7a"],"inLanguage":"pt-PT"},{"@type":"WebPage","@id":"https:\/\/portaltela.pt\/noticias\/2026\/04\/01\/autopsia-confirma-mortes-por-asfixia-de-duas-mulheres-assassinadas-por-prizzon\/","url":"https:\/\/portaltela.pt\/noticias\/2026\/04\/01\/autopsia-confirma-mortes-por-asfixia-de-duas-mulheres-assassinadas-por-prizzon\/","name":"Aut\u00f3psia confirma mortes por asfixia de duas mulheres assassinadas por Prizzon - Portal Tela Portugal","isPartOf":{"@id":"https:\/\/portaltela.pt\/#website"},"primaryImageOfPage":{"@id":"https:\/\/portaltela.pt\/noticias\/2026\/04\/01\/autopsia-confirma-mortes-por-asfixia-de-duas-mulheres-assassinadas-por-prizzon\/#primaryimage"},"image":{"@id":"https:\/\/portaltela.pt\/noticias\/2026\/04\/01\/autopsia-confirma-mortes-por-asfixia-de-duas-mulheres-assassinadas-por-prizzon\/#primaryimage"},"thumbnailUrl":"https:\/\/portaltela.pt\/s.01k8rhncp4jt1\/2026\/04\/img_1500x1000uu2026-03-27-23-16-44-2275224-im-639102502150336521.jpg","datePublished":"2026-04-01T08:02:35+00:00","author":{"@id":"https:\/\/portaltela.pt\/#\/schema\/person\/c4278d4a6028830caff9ee44b42d32ed"},"breadcrumb":{"@id":"https:\/\/portaltela.pt\/noticias\/2026\/04\/01\/autopsia-confirma-mortes-por-asfixia-de-duas-mulheres-assassinadas-por-prizzon\/#breadcrumb"},"inLanguage":"pt-PT","potentialAction":[{"@type":"ReadAction","target":["https:\/\/portaltela.pt\/noticias\/2026\/04\/01\/autopsia-confirma-mortes-por-asfixia-de-duas-mulheres-assassinadas-por-prizzon\/"]}]},{"@type":"ImageObject","inLanguage":"pt-PT","@id":"https:\/\/portaltela.pt\/noticias\/2026\/04\/01\/autopsia-confirma-mortes-por-asfixia-de-duas-mulheres-assassinadas-por-prizzon\/#primaryimage","url":"https:\/\/portaltela.pt\/s.01k8rhncp4jt1\/2026\/04\/img_1500x1000uu2026-03-27-23-16-44-2275224-im-639102502150336521.jpg","contentUrl":"https:\/\/portaltela.pt\/s.01k8rhncp4jt1\/2026\/04\/img_1500x1000uu2026-03-27-23-16-44-2275224-im-639102502150336521.jpg","width":796,"height":448,"caption":"C\u00e9dric Prizzon \u00e0 sa\u00edda do tribunal"},{"@type":"BreadcrumbList","@id":"https:\/\/portaltela.pt\/noticias\/2026\/04\/01\/autopsia-confirma-mortes-por-asfixia-de-duas-mulheres-assassinadas-por-prizzon\/#breadcrumb","itemListElement":[{"@type":"ListItem","position":1,"name":"In\u00edcio","item":"https:\/\/portaltela.pt\/"},{"@type":"ListItem","position":2,"name":"Aut\u00f3psia confirma mortes por asfixia de duas mulheres assassinadas por Prizzon"}]},{"@type":"WebSite","@id":"https:\/\/portaltela.pt\/#website","url":"https:\/\/portaltela.pt\/","name":"Portal Tela Portugal","description":"","potentialAction":[{"@type":"SearchAction","target":{"@type":"EntryPoint","urlTemplate":"https:\/\/portaltela.pt\/?s={search_term_string}"},"query-input":{"@type":"PropertyValueSpecification","valueRequired":true,"valueName":"search_term_string"}}],"inLanguage":"pt-PT"},{"@type":"Person","@id":"https:\/\/portaltela.pt\/#\/schema\/person\/c4278d4a6028830caff9ee44b42d32ed","name":"Telinha","image":{"@type":"ImageObject","inLanguage":"pt-PT","@id":"https:\/\/portaltela.pt\/s.01k8rhncp4jt1\/2025\/11\/talking-bot-125x125.png","url":"https:\/\/portaltela.pt\/s.01k8rhncp4jt1\/2025\/11\/talking-bot-125x125.png","contentUrl":"https:\/\/portaltela.pt\/s.01k8rhncp4jt1\/2025\/11\/talking-bot-125x125.png","caption":"Telinha"},"sameAs":["https:\/\/portaltela.pt\/"],"url":"https:\/\/portaltela.pt\/por\/367410592786\/"}]}},"_links":{"self":[{"href":"https:\/\/portaltela.pt\/api\/wp\/v2\/posts\/428758","targetHints":{"allow":["GET"]}}],"collection":[{"href":"https:\/\/portaltela.pt\/api\/wp\/v2\/posts"}],"about":[{"href":"https:\/\/portaltela.pt\/api\/wp\/v2\/types\/post"}],"author":[{"embeddable":true,"href":"https:\/\/portaltela.pt\/api\/wp\/v2\/users\/2"}],"replies":[{"embeddable":true,"href":"https:\/\/portaltela.pt\/api\/wp\/v2\/comments?post=428758"}],"version-history":[{"count":0,"href":"https:\/\/portaltela.pt\/api\/wp\/v2\/posts\/428758\/revisions"}],"wp:featuredmedia":[{"embeddable":true,"href":"https:\/\/portaltela.pt\/api\/wp\/v2\/media\/428761"}],"wp:attachment":[{"href":"https:\/\/portaltela.pt\/api\/wp\/v2\/media?parent=428758"}],"wp:term":[{"taxonomy":"category","embeddable":true,"href":"https:\/\/portaltela.pt\/api\/wp\/v2\/categories?post=428758"},{"taxonomy":"post_tag","embeddable":true,"href":"https:\/\/portaltela.pt\/api\/wp\/v2\/tags?post=428758"}],"curies":[{"name":"wp","href":"https:\/\/api.w.org\/{rel}","templated":true}]}}