{"id":428754,"date":"2026-04-01T05:02:30","date_gmt":"2026-04-01T08:02:30","guid":{"rendered":"https:\/\/portaltela.pt\/noticias\/2026\/04\/01\/preco-das-casas-continua-a-subir-sem-solucao-governamental-para-a-crise\/"},"modified":"2026-04-01T05:02:30","modified_gmt":"2026-04-01T08:02:30","slug":"preco-das-casas-continua-a-subir-sem-solucao-governamental-para-a-crise","status":"publish","type":"post","link":"https:\/\/portaltela.pt\/noticias\/economia\/2026\/04\/01\/preco-das-casas-continua-a-subir-sem-solucao-governamental-para-a-crise\/","title":{"rendered":"Pre\u00e7o das casas continua a subir, sem solu\u00e7\u00e3o governamental para a crise"},"content":{"rendered":"<p>O pre\u00e7o das casas em Portugal continua a subir de forma sustentada desde o in\u00edcio do mandato do primeiro Governo de Lu\u00eds Montenegro, em 2 de abril de 2024. Dados oficiais indicam um aumento da municipaliza\u00e7\u00e3o de valores, agravando a crise habitacional existente h\u00e1 anos e que ainda n\u00e3o encontrou uma solu\u00e7\u00e3o sustent\u00e1vel.<\/p>\n<p>Entre o segundo trimestre de 2024 e o quarto trimestre de 2025, a varia\u00e7\u00e3o homologa dos pre\u00e7os da habita\u00e7\u00e3o indicou um incremento aproximado de 27%, segundo o INE. Em 2025, a subida anual ficou em 17,6%, alcan\u00e7ando m\u00e1ximos hist\u00f3ricos desde o in\u00edcio da s\u00e9rie em 2009. A venda m\u00e9dia de casas em 2025 foi de cerca de 242 mil euros.<\/p>\n<p>Na Grande Lisboa, os pre\u00e7os s\u00e3o os mais elevados do pa\u00eds, com valores m\u00e9dios acima de 390 mil euros. No quarto trimestre de 2025, os pre\u00e7os aceleraram para quase 18,9% face ao mesmo per\u00edodo de 2024, com o pre\u00e7o m\u00e9dio por im\u00f3vel acima de 250 mil euros.<\/p>\n<p>A avalia\u00e7\u00e3o banc\u00e1ria da habita\u00e7\u00e3o tamb\u00e9m bateu recordes, com o valor mediano por metro quadrado a atingir 2.122 euros em fevereiro de 2026, +17,2% face ao ano anterior. Este \u00e9 o 27.\u00ba m\u00eas consecutivo de subida da avalia\u00e7\u00e3o, segundo o INE.<\/p>\n<h3>Medidas do Governo e impacto<\/h3>\n<p>Um estudo do BdP, divulgado em dezembro, aponta como causas a subida da procura e o aumento do n\u00famero de fam\u00edlias, estimado em cerca de 35 mil por ano, aliado a uma oferta mais lenta, com cerca de 22 mil alojamentos novos entre 2021 e 2024.<\/p>\n<p>Desde agosto de 2024, o Governo tem implementado medidas para responder \u00e0 crise, como garantias p\u00fablicas de financiamento para jovens at\u00e9 35 anos e isen\u00e7\u00f5es de IMT e de imposto do selo. A garantia permite 100% de financiamento para a compra da primeira habita\u00e7\u00e3o, sendo utilizada por cerca de 25 mil contratos at\u00e9 2025.<\/p>\n<p>Entre 2025, as compras por jovens com a garantia representaram 15% do n\u00famero de contratos e 20% do montante emprestado. O BdP alerta, no entanto, para o aumento do risco de cr\u00e9dito, j\u00e1 que jovens com menor rendimento podem ter maior alargamento do prazo de pagamento.<\/p>\n<p>Em janeiro de 2026, o Governo aprovou um segundo conjunto de medidas para ampliar a oferta habitacional, com prazo de 180 dias para publica\u00e7\u00e3o dos diplomas. Entre as medidas, para senhorios, redu\u00e7\u00e3o do IRS de 25% para 10% para libertar mais casas para arrendamento e isen\u00e7\u00e3o de tributa\u00e7\u00e3o de mais-valias quando reinvestidas em im\u00f3veis para arrendamento.<\/p>\n","protected":false},"excerpt":{"rendered":"<ul>\n<li>Desde abril de 2024, os pre\u00e7os das casas em Portugal t\u00eam subido sem interrup\u00e7\u00e3o, com a varia\u00e7\u00e3o hom\u00f3loga a crescer cerca de 27% entre o 2\u00ba trimestre de 2024 e o 4\u00ba trimestre de 2025, segundo o INE.<\/li>\n<li>No ano de 2025, os pre\u00e7os aumentaram 17,6% face a 2024, atingindo um m\u00e1ximo hist\u00f3rico; a m\u00e9dia de venda por casa foi de cerca de 242 mil euros.<\/li>\n<li>Na Grande Lisboa, o custo das habita\u00e7\u00f5es \u00e9 o mais alto do pa\u00eds, acima de 390 mil euros em m\u00e9dia; no 4\u00ba trimestre de 2025, o pre\u00e7o m\u00e9dio de transa\u00e7\u00e3o ultrapassou os 250 mil euros.<\/li>\n<li>A avalia\u00e7\u00e3o banc\u00e1ria da habita\u00e7\u00e3o continua a subir, com a mediana de euros por metro quadrado a 2.122 \u20ac, mais 17,2% face a 2025, no m\u00eas de fevereiro de 2026.<\/li>\n<li>O governo implementou medidas desde agosto de 2024, incluindo garantia p\u00fablica de 100% para jovens at\u00e9 35 anos, redu\u00e7\u00f5es fiscais para senhorios e isen\u00e7\u00f5es de impostos sob condi\u00e7\u00f5es, com novos diplomas esperados em 180 dias.<\/li>\n<\/ul>\n","protected":false},"author":2,"featured_media":428756,"comment_status":"closed","ping_status":"closed","sticky":false,"template":"","format":"standard","meta":{"footnotes":""},"categories":[2,6735],"tags":[3014,34,150,1010,3613,1014],"class_list":["post-428754","post","type-post","status-publish","format-standard","has-post-thumbnail","hentry","category-economia","category-negocios","tag-arrendamento","tag-governo","tag-habitacao","tag-habitacao-publica","tag-impostos","tag-portugal"],"yoast_head":"<!-- This site is optimized with the Yoast SEO plugin v27.2 - https:\/\/yoast.com\/product\/yoast-seo-wordpress\/ -->\n<title>Pre\u00e7o das casas continua a subir, sem solu\u00e7\u00e3o governamental para a crise - Portal Tela Portugal<\/title>\n<meta name=\"robots\" content=\"index, follow, max-snippet:-1, max-image-preview:large, max-video-preview:-1\" \/>\n<meta property=\"og:locale\" content=\"pt_PT\" \/>\n<meta property=\"og:type\" content=\"article\" \/>\n<meta property=\"og:title\" content=\"Pre\u00e7o das casas continua a subir, sem solu\u00e7\u00e3o governamental para a crise - Portal Tela Portugal\" \/>\n<meta property=\"og:description\" content=\"Desde abril de 2024, os pre\u00e7os das casas em Portugal t\u00eam subido sem interrup\u00e7\u00e3o, com a varia\u00e7\u00e3o hom\u00f3loga a crescer cerca de 27% entre o 2\u00ba trimestre de 2024 e o 4\u00ba trimestre de 2025, segundo o INE. No ano de 2025, os pre\u00e7os aumentaram 17,6% face a 2024, atingindo um m\u00e1ximo hist\u00f3rico; a m\u00e9dia de venda por casa foi de cerca de 242 mil euros. Na Grande Lisboa, o custo das habita\u00e7\u00f5es \u00e9 o mais alto do pa\u00eds, acima de 390 mil euros em m\u00e9dia; no 4\u00ba trimestre de 2025, o pre\u00e7o m\u00e9dio de transa\u00e7\u00e3o ultrapassou os 250 mil euros. A avalia\u00e7\u00e3o banc\u00e1ria da habita\u00e7\u00e3o continua a subir, com a mediana de euros por metro quadrado a 2.122 \u20ac, mais 17,2% face a 2025, no m\u00eas de fevereiro de 2026. O governo implementou medidas desde agosto de 2024, incluindo garantia p\u00fablica de 100% para jovens at\u00e9 35 anos, redu\u00e7\u00f5es fiscais para senhorios e isen\u00e7\u00f5es de impostos sob condi\u00e7\u00f5es, com novos diplomas esperados em 180 dias.\" \/>\n<meta property=\"og:url\" content=\"https:\/\/portaltela.pt\/noticias\/2026\/04\/01\/preco-das-casas-continua-a-subir-sem-solucao-governamental-para-a-crise\/\" \/>\n<meta property=\"og:site_name\" content=\"Portal Tela Portugal\" \/>\n<meta property=\"article:published_time\" content=\"2026-04-01T08:02:30+00:00\" \/>\n<meta name=\"author\" content=\"Telinha\" \/>\n<meta name=\"twitter:card\" content=\"summary_large_image\" \/>\n<meta name=\"twitter:label1\" content=\"Escrito por\" \/>\n\t<meta name=\"twitter:data1\" content=\"Telinha\" \/>\n\t<meta name=\"twitter:label2\" content=\"Tempo estimado de leitura\" \/>\n\t<meta name=\"twitter:data2\" content=\"2 minutos\" \/>\n<script type=\"application\/ld+json\" class=\"yoast-schema-graph\">{\"@context\":\"https:\/\/schema.org\",\"@graph\":[{\"@type\":\"Article\",\"@id\":\"https:\/\/portaltela.pt\/noticias\/2026\/04\/01\/preco-das-casas-continua-a-subir-sem-solucao-governamental-para-a-crise\/#article\",\"isPartOf\":{\"@id\":\"https:\/\/portaltela.pt\/noticias\/2026\/04\/01\/preco-das-casas-continua-a-subir-sem-solucao-governamental-para-a-crise\/\"},\"author\":{\"name\":\"Telinha\",\"@id\":\"https:\/\/portaltela.pt\/#\/schema\/person\/c4278d4a6028830caff9ee44b42d32ed\"},\"headline\":\"Pre\u00e7o das casas continua a subir, sem solu\u00e7\u00e3o governamental para a crise\",\"datePublished\":\"2026-04-01T08:02:30+00:00\",\"mainEntityOfPage\":{\"@id\":\"https:\/\/portaltela.pt\/noticias\/2026\/04\/01\/preco-das-casas-continua-a-subir-sem-solucao-governamental-para-a-crise\/\"},\"wordCount\":428,\"image\":{\"@id\":\"https:\/\/portaltela.pt\/noticias\/2026\/04\/01\/preco-das-casas-continua-a-subir-sem-solucao-governamental-para-a-crise\/#primaryimage\"},\"thumbnailUrl\":\"https:\/\/portaltela.pt\/s.01k8rhncp4jt1\/2026\/04\/image-4.jpg\",\"keywords\":[\"arrendamento\",\"governo\",\"habita\u00e7\u00e3o\",\"habita\u00e7\u00e3o p\u00fablica\",\"impostos\",\"Portugal\"],\"articleSection\":[\"Economia\",\"Neg\u00f3cios\"],\"inLanguage\":\"pt-PT\"},{\"@type\":\"WebPage\",\"@id\":\"https:\/\/portaltela.pt\/noticias\/2026\/04\/01\/preco-das-casas-continua-a-subir-sem-solucao-governamental-para-a-crise\/\",\"url\":\"https:\/\/portaltela.pt\/noticias\/2026\/04\/01\/preco-das-casas-continua-a-subir-sem-solucao-governamental-para-a-crise\/\",\"name\":\"Pre\u00e7o das casas continua a subir, sem solu\u00e7\u00e3o governamental para a crise - Portal Tela Portugal\",\"isPartOf\":{\"@id\":\"https:\/\/portaltela.pt\/#website\"},\"primaryImageOfPage\":{\"@id\":\"https:\/\/portaltela.pt\/noticias\/2026\/04\/01\/preco-das-casas-continua-a-subir-sem-solucao-governamental-para-a-crise\/#primaryimage\"},\"image\":{\"@id\":\"https:\/\/portaltela.pt\/noticias\/2026\/04\/01\/preco-das-casas-continua-a-subir-sem-solucao-governamental-para-a-crise\/#primaryimage\"},\"thumbnailUrl\":\"https:\/\/portaltela.pt\/s.01k8rhncp4jt1\/2026\/04\/image-4.jpg\",\"datePublished\":\"2026-04-01T08:02:30+00:00\",\"author\":{\"@id\":\"https:\/\/portaltela.pt\/#\/schema\/person\/c4278d4a6028830caff9ee44b42d32ed\"},\"breadcrumb\":{\"@id\":\"https:\/\/portaltela.pt\/noticias\/2026\/04\/01\/preco-das-casas-continua-a-subir-sem-solucao-governamental-para-a-crise\/#breadcrumb\"},\"inLanguage\":\"pt-PT\",\"potentialAction\":[{\"@type\":\"ReadAction\",\"target\":[\"https:\/\/portaltela.pt\/noticias\/2026\/04\/01\/preco-das-casas-continua-a-subir-sem-solucao-governamental-para-a-crise\/\"]}]},{\"@type\":\"ImageObject\",\"inLanguage\":\"pt-PT\",\"@id\":\"https:\/\/portaltela.pt\/noticias\/2026\/04\/01\/preco-das-casas-continua-a-subir-sem-solucao-governamental-para-a-crise\/#primaryimage\",\"url\":\"https:\/\/portaltela.pt\/s.01k8rhncp4jt1\/2026\/04\/image-4.jpg\",\"contentUrl\":\"https:\/\/portaltela.pt\/s.01k8rhncp4jt1\/2026\/04\/image-4.jpg\",\"width\":796,\"height\":448,\"caption\":\"S\u00f3 no ano passado, os pre\u00e7os das casas medidos pelo INE subiram 17,6%\"},{\"@type\":\"BreadcrumbList\",\"@id\":\"https:\/\/portaltela.pt\/noticias\/2026\/04\/01\/preco-das-casas-continua-a-subir-sem-solucao-governamental-para-a-crise\/#breadcrumb\",\"itemListElement\":[{\"@type\":\"ListItem\",\"position\":1,\"name\":\"In\u00edcio\",\"item\":\"https:\/\/portaltela.pt\/\"},{\"@type\":\"ListItem\",\"position\":2,\"name\":\"Pre\u00e7o das casas continua a subir, sem solu\u00e7\u00e3o governamental para a crise\"}]},{\"@type\":\"WebSite\",\"@id\":\"https:\/\/portaltela.pt\/#website\",\"url\":\"https:\/\/portaltela.pt\/\",\"name\":\"Portal Tela Portugal\",\"description\":\"\",\"potentialAction\":[{\"@type\":\"SearchAction\",\"target\":{\"@type\":\"EntryPoint\",\"urlTemplate\":\"https:\/\/portaltela.pt\/?s={search_term_string}\"},\"query-input\":{\"@type\":\"PropertyValueSpecification\",\"valueRequired\":true,\"valueName\":\"search_term_string\"}}],\"inLanguage\":\"pt-PT\"},{\"@type\":\"Person\",\"@id\":\"https:\/\/portaltela.pt\/#\/schema\/person\/c4278d4a6028830caff9ee44b42d32ed\",\"name\":\"Telinha\",\"image\":{\"@type\":\"ImageObject\",\"inLanguage\":\"pt-PT\",\"@id\":\"https:\/\/portaltela.pt\/s.01k8rhncp4jt1\/2025\/11\/talking-bot-125x125.png\",\"url\":\"https:\/\/portaltela.pt\/s.01k8rhncp4jt1\/2025\/11\/talking-bot-125x125.png\",\"contentUrl\":\"https:\/\/portaltela.pt\/s.01k8rhncp4jt1\/2025\/11\/talking-bot-125x125.png\",\"caption\":\"Telinha\"},\"sameAs\":[\"https:\/\/portaltela.pt\/\"],\"url\":\"https:\/\/portaltela.pt\/por\/367410592786\/\"}]}<\/script>\n<!-- \/ Yoast SEO plugin. -->","yoast_head_json":{"title":"Pre\u00e7o das casas continua a subir, sem solu\u00e7\u00e3o governamental para a crise - Portal Tela Portugal","robots":{"index":"index","follow":"follow","max-snippet":"max-snippet:-1","max-image-preview":"max-image-preview:large","max-video-preview":"max-video-preview:-1"},"og_locale":"pt_PT","og_type":"article","og_title":"Pre\u00e7o das casas continua a subir, sem solu\u00e7\u00e3o governamental para a crise - Portal Tela Portugal","og_description":"Desde abril de 2024, os pre\u00e7os das casas em Portugal t\u00eam subido sem interrup\u00e7\u00e3o, com a varia\u00e7\u00e3o hom\u00f3loga a crescer cerca de 27% entre o 2\u00ba trimestre de 2024 e o 4\u00ba trimestre de 2025, segundo o INE. No ano de 2025, os pre\u00e7os aumentaram 17,6% face a 2024, atingindo um m\u00e1ximo hist\u00f3rico; a m\u00e9dia de venda por casa foi de cerca de 242 mil euros. Na Grande Lisboa, o custo das habita\u00e7\u00f5es \u00e9 o mais alto do pa\u00eds, acima de 390 mil euros em m\u00e9dia; no 4\u00ba trimestre de 2025, o pre\u00e7o m\u00e9dio de transa\u00e7\u00e3o ultrapassou os 250 mil euros. A avalia\u00e7\u00e3o banc\u00e1ria da habita\u00e7\u00e3o continua a subir, com a mediana de euros por metro quadrado a 2.122 \u20ac, mais 17,2% face a 2025, no m\u00eas de fevereiro de 2026. O governo implementou medidas desde agosto de 2024, incluindo garantia p\u00fablica de 100% para jovens at\u00e9 35 anos, redu\u00e7\u00f5es fiscais para senhorios e isen\u00e7\u00f5es de impostos sob condi\u00e7\u00f5es, com novos diplomas esperados em 180 dias.","og_url":"https:\/\/portaltela.pt\/noticias\/2026\/04\/01\/preco-das-casas-continua-a-subir-sem-solucao-governamental-para-a-crise\/","og_site_name":"Portal Tela Portugal","article_published_time":"2026-04-01T08:02:30+00:00","author":"Telinha","twitter_card":"summary_large_image","twitter_misc":{"Escrito por":"Telinha","Tempo estimado de leitura":"2 minutos"},"schema":{"@context":"https:\/\/schema.org","@graph":[{"@type":"Article","@id":"https:\/\/portaltela.pt\/noticias\/2026\/04\/01\/preco-das-casas-continua-a-subir-sem-solucao-governamental-para-a-crise\/#article","isPartOf":{"@id":"https:\/\/portaltela.pt\/noticias\/2026\/04\/01\/preco-das-casas-continua-a-subir-sem-solucao-governamental-para-a-crise\/"},"author":{"name":"Telinha","@id":"https:\/\/portaltela.pt\/#\/schema\/person\/c4278d4a6028830caff9ee44b42d32ed"},"headline":"Pre\u00e7o das casas continua a subir, sem solu\u00e7\u00e3o governamental para a crise","datePublished":"2026-04-01T08:02:30+00:00","mainEntityOfPage":{"@id":"https:\/\/portaltela.pt\/noticias\/2026\/04\/01\/preco-das-casas-continua-a-subir-sem-solucao-governamental-para-a-crise\/"},"wordCount":428,"image":{"@id":"https:\/\/portaltela.pt\/noticias\/2026\/04\/01\/preco-das-casas-continua-a-subir-sem-solucao-governamental-para-a-crise\/#primaryimage"},"thumbnailUrl":"https:\/\/portaltela.pt\/s.01k8rhncp4jt1\/2026\/04\/image-4.jpg","keywords":["arrendamento","governo","habita\u00e7\u00e3o","habita\u00e7\u00e3o p\u00fablica","impostos","Portugal"],"articleSection":["Economia","Neg\u00f3cios"],"inLanguage":"pt-PT"},{"@type":"WebPage","@id":"https:\/\/portaltela.pt\/noticias\/2026\/04\/01\/preco-das-casas-continua-a-subir-sem-solucao-governamental-para-a-crise\/","url":"https:\/\/portaltela.pt\/noticias\/2026\/04\/01\/preco-das-casas-continua-a-subir-sem-solucao-governamental-para-a-crise\/","name":"Pre\u00e7o das casas continua a subir, sem solu\u00e7\u00e3o governamental para a crise - Portal Tela Portugal","isPartOf":{"@id":"https:\/\/portaltela.pt\/#website"},"primaryImageOfPage":{"@id":"https:\/\/portaltela.pt\/noticias\/2026\/04\/01\/preco-das-casas-continua-a-subir-sem-solucao-governamental-para-a-crise\/#primaryimage"},"image":{"@id":"https:\/\/portaltela.pt\/noticias\/2026\/04\/01\/preco-das-casas-continua-a-subir-sem-solucao-governamental-para-a-crise\/#primaryimage"},"thumbnailUrl":"https:\/\/portaltela.pt\/s.01k8rhncp4jt1\/2026\/04\/image-4.jpg","datePublished":"2026-04-01T08:02:30+00:00","author":{"@id":"https:\/\/portaltela.pt\/#\/schema\/person\/c4278d4a6028830caff9ee44b42d32ed"},"breadcrumb":{"@id":"https:\/\/portaltela.pt\/noticias\/2026\/04\/01\/preco-das-casas-continua-a-subir-sem-solucao-governamental-para-a-crise\/#breadcrumb"},"inLanguage":"pt-PT","potentialAction":[{"@type":"ReadAction","target":["https:\/\/portaltela.pt\/noticias\/2026\/04\/01\/preco-das-casas-continua-a-subir-sem-solucao-governamental-para-a-crise\/"]}]},{"@type":"ImageObject","inLanguage":"pt-PT","@id":"https:\/\/portaltela.pt\/noticias\/2026\/04\/01\/preco-das-casas-continua-a-subir-sem-solucao-governamental-para-a-crise\/#primaryimage","url":"https:\/\/portaltela.pt\/s.01k8rhncp4jt1\/2026\/04\/image-4.jpg","contentUrl":"https:\/\/portaltela.pt\/s.01k8rhncp4jt1\/2026\/04\/image-4.jpg","width":796,"height":448,"caption":"S\u00f3 no ano passado, os pre\u00e7os das casas medidos pelo INE subiram 17,6%"},{"@type":"BreadcrumbList","@id":"https:\/\/portaltela.pt\/noticias\/2026\/04\/01\/preco-das-casas-continua-a-subir-sem-solucao-governamental-para-a-crise\/#breadcrumb","itemListElement":[{"@type":"ListItem","position":1,"name":"In\u00edcio","item":"https:\/\/portaltela.pt\/"},{"@type":"ListItem","position":2,"name":"Pre\u00e7o das casas continua a subir, sem solu\u00e7\u00e3o governamental para a crise"}]},{"@type":"WebSite","@id":"https:\/\/portaltela.pt\/#website","url":"https:\/\/portaltela.pt\/","name":"Portal Tela Portugal","description":"","potentialAction":[{"@type":"SearchAction","target":{"@type":"EntryPoint","urlTemplate":"https:\/\/portaltela.pt\/?s={search_term_string}"},"query-input":{"@type":"PropertyValueSpecification","valueRequired":true,"valueName":"search_term_string"}}],"inLanguage":"pt-PT"},{"@type":"Person","@id":"https:\/\/portaltela.pt\/#\/schema\/person\/c4278d4a6028830caff9ee44b42d32ed","name":"Telinha","image":{"@type":"ImageObject","inLanguage":"pt-PT","@id":"https:\/\/portaltela.pt\/s.01k8rhncp4jt1\/2025\/11\/talking-bot-125x125.png","url":"https:\/\/portaltela.pt\/s.01k8rhncp4jt1\/2025\/11\/talking-bot-125x125.png","contentUrl":"https:\/\/portaltela.pt\/s.01k8rhncp4jt1\/2025\/11\/talking-bot-125x125.png","caption":"Telinha"},"sameAs":["https:\/\/portaltela.pt\/"],"url":"https:\/\/portaltela.pt\/por\/367410592786\/"}]}},"_links":{"self":[{"href":"https:\/\/portaltela.pt\/api\/wp\/v2\/posts\/428754","targetHints":{"allow":["GET"]}}],"collection":[{"href":"https:\/\/portaltela.pt\/api\/wp\/v2\/posts"}],"about":[{"href":"https:\/\/portaltela.pt\/api\/wp\/v2\/types\/post"}],"author":[{"embeddable":true,"href":"https:\/\/portaltela.pt\/api\/wp\/v2\/users\/2"}],"replies":[{"embeddable":true,"href":"https:\/\/portaltela.pt\/api\/wp\/v2\/comments?post=428754"}],"version-history":[{"count":0,"href":"https:\/\/portaltela.pt\/api\/wp\/v2\/posts\/428754\/revisions"}],"wp:featuredmedia":[{"embeddable":true,"href":"https:\/\/portaltela.pt\/api\/wp\/v2\/media\/428756"}],"wp:attachment":[{"href":"https:\/\/portaltela.pt\/api\/wp\/v2\/media?parent=428754"}],"wp:term":[{"taxonomy":"category","embeddable":true,"href":"https:\/\/portaltela.pt\/api\/wp\/v2\/categories?post=428754"},{"taxonomy":"post_tag","embeddable":true,"href":"https:\/\/portaltela.pt\/api\/wp\/v2\/tags?post=428754"}],"curies":[{"name":"wp","href":"https:\/\/api.w.org\/{rel}","templated":true}]}}