{"id":428751,"date":"2026-04-01T03:56:00","date_gmt":"2026-04-01T06:56:00","guid":{"rendered":"https:\/\/portaltela.pt\/noticias\/2026\/04\/01\/ataque-de-drones-iranianos-provoca-incendio-no-aeroporto-do-kuwait\/"},"modified":"2026-04-01T03:56:00","modified_gmt":"2026-04-01T06:56:00","slug":"ataque-de-drones-iranianos-provoca-incendio-no-aeroporto-do-kuwait","status":"publish","type":"post","link":"https:\/\/portaltela.pt\/noticias\/internacional\/2026\/04\/01\/ataque-de-drones-iranianos-provoca-incendio-no-aeroporto-do-kuwait\/","title":{"rendered":"Ataque de drones iranianos provoca inc\u00eandio no aeroporto do Kuwait"},"content":{"rendered":"<p>O Aeroporto Internacional do Kuwait sofreu um fogo ap\u00f3s um ataque de drones. A opera\u00e7\u00e3o concentrou-se em tanques de combust\u00edvel no terminal de cargas, segundo a autoridade de avia\u00e7\u00e3o civil do Kuwait.<\/p>\n<p>A ordem de acontecimentos envolve drones atribu\u00eddos ao Ir\u00e3, com o objetivo alegadamente de danificar infraestruturas de abastecimento. O incidente provocou um inc\u00eandio que exigiu mobiliza\u00e7\u00e3o de equipes de emerg\u00eancia.<\/p>\n<p>Detalhes sobre o momento exato do ataque e as consequ\u00eancias completas ainda n\u00e3o foram divulgados pela autoridade competente. O que se sabe \u00e9 que o foco do incidente foi a \u00e1rea de combust\u00edvel do aeroporto, gerando resposta r\u00e1pida das autoridades e mantendo a \u00e1rea sob vigil\u00e2ncia.<\/p>\n","protected":false},"excerpt":{"rendered":"<ul>\n<li>Um ataque de drones iranianos atingiu tanques de combust\u00edvel no Aeroporto Internacional do Kuwait.<\/li>\n<li>O incidente provocou um inc\u00eandio no recinto aeroportu\u00e1rio, segundo a autoridade de avia\u00e7\u00e3o civil do Kuwait.<\/li>\n<li>A informa\u00e7\u00e3o foi divulgada pela autoridade de avia\u00e7\u00e3o civil do pa\u00eds, sem detalhes adicionais no momento.<\/li>\n<li>N\u00e3o foram fornecidos elementos sobre feridos, causas exatas ou eventual resposta das autoridades.<\/li>\n<\/ul>\n","protected":false},"author":2,"featured_media":428752,"comment_status":"closed","ping_status":"closed","sticky":false,"template":"","format":"standard","meta":{"footnotes":""},"categories":[6814,4],"tags":[2625,3302,7400,1438,3153,6607],"class_list":["post-428751","post","type-post","status-publish","format-standard","has-post-thumbnail","hentry","category-geopolitica","category-internacional","tag-aeronautica","tag-aeroportos","tag-drones","tag-incendio","tag-ira","tag-kuwait"],"yoast_head":"<!-- This site is optimized with the Yoast SEO plugin v27.2 - https:\/\/yoast.com\/product\/yoast-seo-wordpress\/ -->\n<title>Ataque de drones iranianos provoca inc\u00eandio no aeroporto do Kuwait - Portal Tela Portugal<\/title>\n<meta name=\"robots\" content=\"index, follow, max-snippet:-1, max-image-preview:large, max-video-preview:-1\" \/>\n<meta property=\"og:locale\" content=\"pt_PT\" \/>\n<meta property=\"og:type\" content=\"article\" \/>\n<meta property=\"og:title\" content=\"Ataque de drones iranianos provoca inc\u00eandio no aeroporto do Kuwait - Portal Tela Portugal\" \/>\n<meta property=\"og:description\" content=\"Um ataque de drones iranianos atingiu tanques de combust\u00edvel no Aeroporto Internacional do Kuwait. O incidente provocou um inc\u00eandio no recinto aeroportu\u00e1rio, segundo a autoridade de avia\u00e7\u00e3o civil do Kuwait. A informa\u00e7\u00e3o foi divulgada pela autoridade de avia\u00e7\u00e3o civil do pa\u00eds, sem detalhes adicionais no momento. N\u00e3o foram fornecidos elementos sobre feridos, causas exatas ou eventual resposta das autoridades.\" \/>\n<meta property=\"og:url\" content=\"https:\/\/portaltela.pt\/noticias\/2026\/04\/01\/ataque-de-drones-iranianos-provoca-incendio-no-aeroporto-do-kuwait\/\" \/>\n<meta property=\"og:site_name\" content=\"Portal Tela Portugal\" \/>\n<meta property=\"article:published_time\" content=\"2026-04-01T06:56:00+00:00\" \/>\n<meta name=\"author\" content=\"Telinha\" \/>\n<meta name=\"twitter:card\" content=\"summary_large_image\" \/>\n<meta name=\"twitter:label1\" content=\"Escrito por\" \/>\n\t<meta name=\"twitter:data1\" content=\"Telinha\" \/>\n\t<meta name=\"twitter:label2\" content=\"Tempo estimado de leitura\" \/>\n\t<meta name=\"twitter:data2\" content=\"1 minuto\" \/>\n<script type=\"application\/ld+json\" class=\"yoast-schema-graph\">{\"@context\":\"https:\/\/schema.org\",\"@graph\":[{\"@type\":\"Article\",\"@id\":\"https:\/\/portaltela.pt\/noticias\/2026\/04\/01\/ataque-de-drones-iranianos-provoca-incendio-no-aeroporto-do-kuwait\/#article\",\"isPartOf\":{\"@id\":\"https:\/\/portaltela.pt\/noticias\/2026\/04\/01\/ataque-de-drones-iranianos-provoca-incendio-no-aeroporto-do-kuwait\/\"},\"author\":{\"name\":\"Telinha\",\"@id\":\"https:\/\/portaltela.pt\/#\/schema\/person\/c4278d4a6028830caff9ee44b42d32ed\"},\"headline\":\"Ataque de drones iranianos provoca inc\u00eandio no aeroporto do Kuwait\",\"datePublished\":\"2026-04-01T06:56:00+00:00\",\"mainEntityOfPage\":{\"@id\":\"https:\/\/portaltela.pt\/noticias\/2026\/04\/01\/ataque-de-drones-iranianos-provoca-incendio-no-aeroporto-do-kuwait\/\"},\"wordCount\":131,\"image\":{\"@id\":\"https:\/\/portaltela.pt\/noticias\/2026\/04\/01\/ataque-de-drones-iranianos-provoca-incendio-no-aeroporto-do-kuwait\/#primaryimage\"},\"thumbnailUrl\":\"https:\/\/portaltela.pt\/s.01k8rhncp4jt1\/2026\/04\/CACHE_780X1200_ANALOG_WATERMARKED_34608193_456339115591061.jpg\",\"keywords\":[\"aeron\u00e1utica\",\"aeroportos\",\"drones\",\"inc\u00eandio\",\"Ir\u00e3\",\"Kuwait\"],\"articleSection\":[\"Geopol\u00edtica\",\"Internacional\"],\"inLanguage\":\"pt-PT\"},{\"@type\":\"WebPage\",\"@id\":\"https:\/\/portaltela.pt\/noticias\/2026\/04\/01\/ataque-de-drones-iranianos-provoca-incendio-no-aeroporto-do-kuwait\/\",\"url\":\"https:\/\/portaltela.pt\/noticias\/2026\/04\/01\/ataque-de-drones-iranianos-provoca-incendio-no-aeroporto-do-kuwait\/\",\"name\":\"Ataque de drones iranianos provoca inc\u00eandio no aeroporto do Kuwait - Portal Tela Portugal\",\"isPartOf\":{\"@id\":\"https:\/\/portaltela.pt\/#website\"},\"primaryImageOfPage\":{\"@id\":\"https:\/\/portaltela.pt\/noticias\/2026\/04\/01\/ataque-de-drones-iranianos-provoca-incendio-no-aeroporto-do-kuwait\/#primaryimage\"},\"image\":{\"@id\":\"https:\/\/portaltela.pt\/noticias\/2026\/04\/01\/ataque-de-drones-iranianos-provoca-incendio-no-aeroporto-do-kuwait\/#primaryimage\"},\"thumbnailUrl\":\"https:\/\/portaltela.pt\/s.01k8rhncp4jt1\/2026\/04\/CACHE_780X1200_ANALOG_WATERMARKED_34608193_456339115591061.jpg\",\"datePublished\":\"2026-04-01T06:56:00+00:00\",\"author\":{\"@id\":\"https:\/\/portaltela.pt\/#\/schema\/person\/c4278d4a6028830caff9ee44b42d32ed\"},\"breadcrumb\":{\"@id\":\"https:\/\/portaltela.pt\/noticias\/2026\/04\/01\/ataque-de-drones-iranianos-provoca-incendio-no-aeroporto-do-kuwait\/#breadcrumb\"},\"inLanguage\":\"pt-PT\",\"potentialAction\":[{\"@type\":\"ReadAction\",\"target\":[\"https:\/\/portaltela.pt\/noticias\/2026\/04\/01\/ataque-de-drones-iranianos-provoca-incendio-no-aeroporto-do-kuwait\/\"]}]},{\"@type\":\"ImageObject\",\"inLanguage\":\"pt-PT\",\"@id\":\"https:\/\/portaltela.pt\/noticias\/2026\/04\/01\/ataque-de-drones-iranianos-provoca-incendio-no-aeroporto-do-kuwait\/#primaryimage\",\"url\":\"https:\/\/portaltela.pt\/s.01k8rhncp4jt1\/2026\/04\/CACHE_780X1200_ANALOG_WATERMARKED_34608193_456339115591061.jpg\",\"contentUrl\":\"https:\/\/portaltela.pt\/s.01k8rhncp4jt1\/2026\/04\/CACHE_780X1200_ANALOG_WATERMARKED_34608193_456339115591061.jpg\",\"width\":796,\"height\":448,\"caption\":\"Ataque de drones iranianos provoca inc\u00eandio no aeroporto do Kuwait\"},{\"@type\":\"BreadcrumbList\",\"@id\":\"https:\/\/portaltela.pt\/noticias\/2026\/04\/01\/ataque-de-drones-iranianos-provoca-incendio-no-aeroporto-do-kuwait\/#breadcrumb\",\"itemListElement\":[{\"@type\":\"ListItem\",\"position\":1,\"name\":\"In\u00edcio\",\"item\":\"https:\/\/portaltela.pt\/\"},{\"@type\":\"ListItem\",\"position\":2,\"name\":\"Ataque de drones iranianos provoca inc\u00eandio no aeroporto do Kuwait\"}]},{\"@type\":\"WebSite\",\"@id\":\"https:\/\/portaltela.pt\/#website\",\"url\":\"https:\/\/portaltela.pt\/\",\"name\":\"Portal Tela Portugal\",\"description\":\"\",\"potentialAction\":[{\"@type\":\"SearchAction\",\"target\":{\"@type\":\"EntryPoint\",\"urlTemplate\":\"https:\/\/portaltela.pt\/?s={search_term_string}\"},\"query-input\":{\"@type\":\"PropertyValueSpecification\",\"valueRequired\":true,\"valueName\":\"search_term_string\"}}],\"inLanguage\":\"pt-PT\"},{\"@type\":\"Person\",\"@id\":\"https:\/\/portaltela.pt\/#\/schema\/person\/c4278d4a6028830caff9ee44b42d32ed\",\"name\":\"Telinha\",\"image\":{\"@type\":\"ImageObject\",\"inLanguage\":\"pt-PT\",\"@id\":\"https:\/\/portaltela.pt\/s.01k8rhncp4jt1\/2025\/11\/talking-bot-125x125.png\",\"url\":\"https:\/\/portaltela.pt\/s.01k8rhncp4jt1\/2025\/11\/talking-bot-125x125.png\",\"contentUrl\":\"https:\/\/portaltela.pt\/s.01k8rhncp4jt1\/2025\/11\/talking-bot-125x125.png\",\"caption\":\"Telinha\"},\"sameAs\":[\"https:\/\/portaltela.pt\/\"],\"url\":\"https:\/\/portaltela.pt\/por\/367410592786\/\"}]}<\/script>\n<!-- \/ Yoast SEO plugin. -->","yoast_head_json":{"title":"Ataque de drones iranianos provoca inc\u00eandio no aeroporto do Kuwait - Portal Tela Portugal","robots":{"index":"index","follow":"follow","max-snippet":"max-snippet:-1","max-image-preview":"max-image-preview:large","max-video-preview":"max-video-preview:-1"},"og_locale":"pt_PT","og_type":"article","og_title":"Ataque de drones iranianos provoca inc\u00eandio no aeroporto do Kuwait - Portal Tela Portugal","og_description":"Um ataque de drones iranianos atingiu tanques de combust\u00edvel no Aeroporto Internacional do Kuwait. O incidente provocou um inc\u00eandio no recinto aeroportu\u00e1rio, segundo a autoridade de avia\u00e7\u00e3o civil do Kuwait. A informa\u00e7\u00e3o foi divulgada pela autoridade de avia\u00e7\u00e3o civil do pa\u00eds, sem detalhes adicionais no momento. N\u00e3o foram fornecidos elementos sobre feridos, causas exatas ou eventual resposta das autoridades.","og_url":"https:\/\/portaltela.pt\/noticias\/2026\/04\/01\/ataque-de-drones-iranianos-provoca-incendio-no-aeroporto-do-kuwait\/","og_site_name":"Portal Tela Portugal","article_published_time":"2026-04-01T06:56:00+00:00","author":"Telinha","twitter_card":"summary_large_image","twitter_misc":{"Escrito por":"Telinha","Tempo estimado de leitura":"1 minuto"},"schema":{"@context":"https:\/\/schema.org","@graph":[{"@type":"Article","@id":"https:\/\/portaltela.pt\/noticias\/2026\/04\/01\/ataque-de-drones-iranianos-provoca-incendio-no-aeroporto-do-kuwait\/#article","isPartOf":{"@id":"https:\/\/portaltela.pt\/noticias\/2026\/04\/01\/ataque-de-drones-iranianos-provoca-incendio-no-aeroporto-do-kuwait\/"},"author":{"name":"Telinha","@id":"https:\/\/portaltela.pt\/#\/schema\/person\/c4278d4a6028830caff9ee44b42d32ed"},"headline":"Ataque de drones iranianos provoca inc\u00eandio no aeroporto do Kuwait","datePublished":"2026-04-01T06:56:00+00:00","mainEntityOfPage":{"@id":"https:\/\/portaltela.pt\/noticias\/2026\/04\/01\/ataque-de-drones-iranianos-provoca-incendio-no-aeroporto-do-kuwait\/"},"wordCount":131,"image":{"@id":"https:\/\/portaltela.pt\/noticias\/2026\/04\/01\/ataque-de-drones-iranianos-provoca-incendio-no-aeroporto-do-kuwait\/#primaryimage"},"thumbnailUrl":"https:\/\/portaltela.pt\/s.01k8rhncp4jt1\/2026\/04\/CACHE_780X1200_ANALOG_WATERMARKED_34608193_456339115591061.jpg","keywords":["aeron\u00e1utica","aeroportos","drones","inc\u00eandio","Ir\u00e3","Kuwait"],"articleSection":["Geopol\u00edtica","Internacional"],"inLanguage":"pt-PT"},{"@type":"WebPage","@id":"https:\/\/portaltela.pt\/noticias\/2026\/04\/01\/ataque-de-drones-iranianos-provoca-incendio-no-aeroporto-do-kuwait\/","url":"https:\/\/portaltela.pt\/noticias\/2026\/04\/01\/ataque-de-drones-iranianos-provoca-incendio-no-aeroporto-do-kuwait\/","name":"Ataque de drones iranianos provoca inc\u00eandio no aeroporto do Kuwait - Portal Tela Portugal","isPartOf":{"@id":"https:\/\/portaltela.pt\/#website"},"primaryImageOfPage":{"@id":"https:\/\/portaltela.pt\/noticias\/2026\/04\/01\/ataque-de-drones-iranianos-provoca-incendio-no-aeroporto-do-kuwait\/#primaryimage"},"image":{"@id":"https:\/\/portaltela.pt\/noticias\/2026\/04\/01\/ataque-de-drones-iranianos-provoca-incendio-no-aeroporto-do-kuwait\/#primaryimage"},"thumbnailUrl":"https:\/\/portaltela.pt\/s.01k8rhncp4jt1\/2026\/04\/CACHE_780X1200_ANALOG_WATERMARKED_34608193_456339115591061.jpg","datePublished":"2026-04-01T06:56:00+00:00","author":{"@id":"https:\/\/portaltela.pt\/#\/schema\/person\/c4278d4a6028830caff9ee44b42d32ed"},"breadcrumb":{"@id":"https:\/\/portaltela.pt\/noticias\/2026\/04\/01\/ataque-de-drones-iranianos-provoca-incendio-no-aeroporto-do-kuwait\/#breadcrumb"},"inLanguage":"pt-PT","potentialAction":[{"@type":"ReadAction","target":["https:\/\/portaltela.pt\/noticias\/2026\/04\/01\/ataque-de-drones-iranianos-provoca-incendio-no-aeroporto-do-kuwait\/"]}]},{"@type":"ImageObject","inLanguage":"pt-PT","@id":"https:\/\/portaltela.pt\/noticias\/2026\/04\/01\/ataque-de-drones-iranianos-provoca-incendio-no-aeroporto-do-kuwait\/#primaryimage","url":"https:\/\/portaltela.pt\/s.01k8rhncp4jt1\/2026\/04\/CACHE_780X1200_ANALOG_WATERMARKED_34608193_456339115591061.jpg","contentUrl":"https:\/\/portaltela.pt\/s.01k8rhncp4jt1\/2026\/04\/CACHE_780X1200_ANALOG_WATERMARKED_34608193_456339115591061.jpg","width":796,"height":448,"caption":"Ataque de drones iranianos provoca inc\u00eandio no aeroporto do Kuwait"},{"@type":"BreadcrumbList","@id":"https:\/\/portaltela.pt\/noticias\/2026\/04\/01\/ataque-de-drones-iranianos-provoca-incendio-no-aeroporto-do-kuwait\/#breadcrumb","itemListElement":[{"@type":"ListItem","position":1,"name":"In\u00edcio","item":"https:\/\/portaltela.pt\/"},{"@type":"ListItem","position":2,"name":"Ataque de drones iranianos provoca inc\u00eandio no aeroporto do Kuwait"}]},{"@type":"WebSite","@id":"https:\/\/portaltela.pt\/#website","url":"https:\/\/portaltela.pt\/","name":"Portal Tela Portugal","description":"","potentialAction":[{"@type":"SearchAction","target":{"@type":"EntryPoint","urlTemplate":"https:\/\/portaltela.pt\/?s={search_term_string}"},"query-input":{"@type":"PropertyValueSpecification","valueRequired":true,"valueName":"search_term_string"}}],"inLanguage":"pt-PT"},{"@type":"Person","@id":"https:\/\/portaltela.pt\/#\/schema\/person\/c4278d4a6028830caff9ee44b42d32ed","name":"Telinha","image":{"@type":"ImageObject","inLanguage":"pt-PT","@id":"https:\/\/portaltela.pt\/s.01k8rhncp4jt1\/2025\/11\/talking-bot-125x125.png","url":"https:\/\/portaltela.pt\/s.01k8rhncp4jt1\/2025\/11\/talking-bot-125x125.png","contentUrl":"https:\/\/portaltela.pt\/s.01k8rhncp4jt1\/2025\/11\/talking-bot-125x125.png","caption":"Telinha"},"sameAs":["https:\/\/portaltela.pt\/"],"url":"https:\/\/portaltela.pt\/por\/367410592786\/"}]}},"_links":{"self":[{"href":"https:\/\/portaltela.pt\/api\/wp\/v2\/posts\/428751","targetHints":{"allow":["GET"]}}],"collection":[{"href":"https:\/\/portaltela.pt\/api\/wp\/v2\/posts"}],"about":[{"href":"https:\/\/portaltela.pt\/api\/wp\/v2\/types\/post"}],"author":[{"embeddable":true,"href":"https:\/\/portaltela.pt\/api\/wp\/v2\/users\/2"}],"replies":[{"embeddable":true,"href":"https:\/\/portaltela.pt\/api\/wp\/v2\/comments?post=428751"}],"version-history":[{"count":0,"href":"https:\/\/portaltela.pt\/api\/wp\/v2\/posts\/428751\/revisions"}],"wp:featuredmedia":[{"embeddable":true,"href":"https:\/\/portaltela.pt\/api\/wp\/v2\/media\/428752"}],"wp:attachment":[{"href":"https:\/\/portaltela.pt\/api\/wp\/v2\/media?parent=428751"}],"wp:term":[{"taxonomy":"category","embeddable":true,"href":"https:\/\/portaltela.pt\/api\/wp\/v2\/categories?post=428751"},{"taxonomy":"post_tag","embeddable":true,"href":"https:\/\/portaltela.pt\/api\/wp\/v2\/tags?post=428751"}],"curies":[{"name":"wp","href":"https:\/\/api.w.org\/{rel}","templated":true}]}}