{"id":428733,"date":"2026-04-01T04:17:18","date_gmt":"2026-04-01T07:17:18","guid":{"rendered":"https:\/\/portaltela.pt\/noticias\/2026\/04\/01\/oposicao-forca-a-reduzir-portagens-aumentar-pensoes-ou-congelar-propinas\/"},"modified":"2026-04-01T04:17:18","modified_gmt":"2026-04-01T07:17:18","slug":"oposicao-forca-a-reduzir-portagens-aumentar-pensoes-ou-congelar-propinas","status":"publish","type":"post","link":"https:\/\/portaltela.pt\/noticias\/politica\/2026\/04\/01\/oposicao-forca-a-reduzir-portagens-aumentar-pensoes-ou-congelar-propinas\/","title":{"rendered":"Oposi\u00e7\u00e3o for\u00e7a a reduzir portagens, aumentar pens\u00f5es ou congelar propinas"},"content":{"rendered":"<p>Oposi\u00e7\u00e3o conseguiu impor ao Governo redu\u00e7\u00f5es de portagens, aumentos de pens\u00f5es e congelamento de propinas em v\u00e1rias vota\u00e7\u00f5es no Parlamento entre 2024 e 2025. Foram utilizadas pe\u00e7as do OE para avan\u00e7ar estas medidas, com os partidos da oposi\u00e7\u00e3o a votarem em conjunto em v\u00e1rias circunst\u00e2ncias.<\/p>\n<p>No \u00e2mbito do XXIV Governo, liderado por Lu\u00eds Montenegro, a composi\u00e7\u00e3o parlamentar exigia acordos entre PSD, PS e outras bancadas para aprovar diplomas. A oposi\u00e7\u00e3o tornou-se determinante em v\u00e1rias vota\u00e7\u00f5es, mesmo quando o Governo contava com a maioria simples.<\/p>\n<p>Entre abril de 2024 e mar\u00e7o de 2025, o executivo aceitou diferentes modelos de descida de IRS, com redu\u00e7\u00e3o mais concentrada nos escal\u00f5es baixos. Tamb\u00e9m foram aprovadas a elimina\u00e7\u00e3o de portagens em antigas SCUT e aumentos extraordin\u00e1rios de pens\u00f5es mais baixas, algumas sem apoio expl\u00edcito de PSD e CDS-PP.<\/p>\n<h3>Medidas aprovadas no OE e impactos regionais<\/h3>\n<p>O PS conseguiu inscrever no OE a isen\u00e7\u00e3o de portagens na totalidade da A25 na Costa da Prata e Beiras Litoral e Alta, al\u00e9m de trechos da A6 e A2 no Alentejo. Tamb\u00e9m houve supress\u00e3o de portagens para ve\u00edculos pesados na Circular Regional Exterior do Porto (A41) e parcialmente na A19 e A8, em Leiria.<\/p>\n<p>No mesmo per\u00edodo, o Chega promoveu um refor\u00e7o de verbas para o Tribunal Constitucional, aprovado com votos contra de PSD e CDS-PP. Em contrapartida, o OE 2026 teve uma absten\u00e7\u00e3o do PS numa proposta de aumento extraordin\u00e1rio de pens\u00f5es apresentada pelo Chega.<\/p>\n<h3>Perspetivas or\u00e7amentais e temas em aprecia\u00e7\u00e3o<\/h3>\n<p>O Governo reiterou que, para o ano, o modelo de suplemento extraordin\u00e1rio \u00e0s pens\u00f5es, pago num \u00fanico m\u00eas, continua mais est\u00e1vel do que novas propostas de aumento, que dependem de avalia\u00e7\u00e3o de sustentabilidade. Mant\u00e9m-se ainda em discuss\u00e3o um diploma sobre o lay-off simplificado a ser avaliado em Bel\u00e9m.<\/p>\n<p>A avalia\u00e7\u00e3o parlamentar tamb\u00e9m olha para uma poss\u00edvel altera\u00e7\u00e3o da portaria que define o subs\u00eddio social de mobilidade para as Regi\u00f5es Aut\u00f3nomas, removendo a exig\u00eancia de regulariza\u00e7\u00e3o fiscal para benef\u00edcio. O diploma final apenas entrar\u00e1 em vigor em 2027, sob a norma da lei-trav\u00e3o.<\/p>\n","protected":false},"excerpt":{"rendered":"<ul>\n<li>A oposi\u00e7\u00e3o conseguiu impor ao Governo PSD\/CDS-PP menos portagens, aumento extraordin\u00e1rio das pens\u00f5es mais baixas e prolongamento do congelamento das propinas.<\/li>\n<li>Os socialistas conseguiram inscrever no Or\u00e7amento do Estado a isen\u00e7\u00e3o de portagens na totalidade da A25 (Costa da Prata) e Beiras Litoral e Alta, al\u00e9m de trechos da A6 e A2, e fim de portagens para ve\u00edculos pesados na Circular Regional Exterior do Porto (A41) e partes da A19 e A8.<\/li>\n<li>Entre abril de 2024 e mar\u00e7o de 2025, o Governo aceitou um modelo de descida de IRS diferente do proposto, com al\u00edvio at\u00e9 o sexto escal\u00e3o e maior incid\u00eancia nos escal\u00f5es baixos.<\/li>\n<li>No Or\u00e7amento de 2026, o PS absteve-se numa proposta de aumento extraordin\u00e1rio de pens\u00f5es apresentada pelo Chega; o Governo mant\u00e9m a op\u00e7\u00e3o de um suplemento extraordin\u00e1rio pago num \u00fanico m\u00eas.<\/li>\n<li>Ainda em aprecia\u00e7\u00e3o, est\u00e3o diplomas sobre o lay-off simplificado e sobre o subs\u00eddio social de mobilidade, com efeitos condicionados pela norma constitucional da lei-trav\u00e3o.<\/li>\n<\/ul>\n","protected":false},"author":2,"featured_media":428734,"comment_status":"closed","ping_status":"closed","sticky":false,"template":"","format":"standard","meta":{"footnotes":""},"categories":[1,5],"tags":[28,34,6000,6180,2832,1994],"class_list":["post-428733","post","type-post","status-publish","format-standard","has-post-thumbnail","hentry","category-noticias","category-politica","tag-economia","tag-governo","tag-orcamento","tag-pensoes","tag-politica","tag-portagens"],"yoast_head":"<!-- This site is optimized with the Yoast SEO plugin v27.2 - https:\/\/yoast.com\/product\/yoast-seo-wordpress\/ -->\n<title>Oposi\u00e7\u00e3o for\u00e7a a reduzir portagens, aumentar pens\u00f5es ou congelar propinas - Portal Tela Portugal<\/title>\n<meta name=\"robots\" content=\"index, follow, max-snippet:-1, max-image-preview:large, max-video-preview:-1\" \/>\n<meta property=\"og:locale\" content=\"pt_PT\" \/>\n<meta property=\"og:type\" content=\"article\" \/>\n<meta property=\"og:title\" content=\"Oposi\u00e7\u00e3o for\u00e7a a reduzir portagens, aumentar pens\u00f5es ou congelar propinas - Portal Tela Portugal\" \/>\n<meta property=\"og:description\" content=\"A oposi\u00e7\u00e3o conseguiu impor ao Governo PSD\/CDS-PP menos portagens, aumento extraordin\u00e1rio das pens\u00f5es mais baixas e prolongamento do congelamento das propinas. Os socialistas conseguiram inscrever no Or\u00e7amento do Estado a isen\u00e7\u00e3o de portagens na totalidade da A25 (Costa da Prata) e Beiras Litoral e Alta, al\u00e9m de trechos da A6 e A2, e fim de portagens para ve\u00edculos pesados na Circular Regional Exterior do Porto (A41) e partes da A19 e A8. Entre abril de 2024 e mar\u00e7o de 2025, o Governo aceitou um modelo de descida de IRS diferente do proposto, com al\u00edvio at\u00e9 o sexto escal\u00e3o e maior incid\u00eancia nos escal\u00f5es baixos. No Or\u00e7amento de 2026, o PS absteve-se numa proposta de aumento extraordin\u00e1rio de pens\u00f5es apresentada pelo Chega; o Governo mant\u00e9m a op\u00e7\u00e3o de um suplemento extraordin\u00e1rio pago num \u00fanico m\u00eas. Ainda em aprecia\u00e7\u00e3o, est\u00e3o diplomas sobre o lay-off simplificado e sobre o subs\u00eddio social de mobilidade, com efeitos condicionados pela norma constitucional da lei-trav\u00e3o.\" \/>\n<meta property=\"og:url\" content=\"https:\/\/portaltela.pt\/noticias\/2026\/04\/01\/oposicao-forca-a-reduzir-portagens-aumentar-pensoes-ou-congelar-propinas\/\" \/>\n<meta property=\"og:site_name\" content=\"Portal Tela Portugal\" \/>\n<meta property=\"article:published_time\" content=\"2026-04-01T07:17:18+00:00\" \/>\n<meta name=\"author\" content=\"Telinha\" \/>\n<meta name=\"twitter:card\" content=\"summary_large_image\" \/>\n<meta name=\"twitter:label1\" content=\"Escrito por\" \/>\n\t<meta name=\"twitter:data1\" content=\"Telinha\" \/>\n\t<meta name=\"twitter:label2\" content=\"Tempo estimado de leitura\" \/>\n\t<meta name=\"twitter:data2\" content=\"2 minutos\" \/>\n<script type=\"application\/ld+json\" class=\"yoast-schema-graph\">{\"@context\":\"https:\/\/schema.org\",\"@graph\":[{\"@type\":\"Article\",\"@id\":\"https:\/\/portaltela.pt\/noticias\/2026\/04\/01\/oposicao-forca-a-reduzir-portagens-aumentar-pensoes-ou-congelar-propinas\/#article\",\"isPartOf\":{\"@id\":\"https:\/\/portaltela.pt\/noticias\/2026\/04\/01\/oposicao-forca-a-reduzir-portagens-aumentar-pensoes-ou-congelar-propinas\/\"},\"author\":{\"name\":\"Telinha\",\"@id\":\"https:\/\/portaltela.pt\/#\/schema\/person\/c4278d4a6028830caff9ee44b42d32ed\"},\"headline\":\"Oposi\u00e7\u00e3o for\u00e7a a reduzir portagens, aumentar pens\u00f5es ou congelar propinas\",\"datePublished\":\"2026-04-01T07:17:18+00:00\",\"mainEntityOfPage\":{\"@id\":\"https:\/\/portaltela.pt\/noticias\/2026\/04\/01\/oposicao-forca-a-reduzir-portagens-aumentar-pensoes-ou-congelar-propinas\/\"},\"wordCount\":396,\"image\":{\"@id\":\"https:\/\/portaltela.pt\/noticias\/2026\/04\/01\/oposicao-forca-a-reduzir-portagens-aumentar-pensoes-ou-congelar-propinas\/#primaryimage\"},\"thumbnailUrl\":\"https:\/\/portaltela.pt\/s.01k8rhncp4jt1\/2026\/04\/img_1500x1000uu2012-07-09-09-47-00-335182.jpg\",\"keywords\":[\"economia\",\"governo\",\"or\u00e7amento\",\"pens\u00f5es\",\"pol\u00edtica\",\"portagens\"],\"articleSection\":[\"Not\u00edcias\",\"Pol\u00edtica\"],\"inLanguage\":\"pt-PT\"},{\"@type\":\"WebPage\",\"@id\":\"https:\/\/portaltela.pt\/noticias\/2026\/04\/01\/oposicao-forca-a-reduzir-portagens-aumentar-pensoes-ou-congelar-propinas\/\",\"url\":\"https:\/\/portaltela.pt\/noticias\/2026\/04\/01\/oposicao-forca-a-reduzir-portagens-aumentar-pensoes-ou-congelar-propinas\/\",\"name\":\"Oposi\u00e7\u00e3o for\u00e7a a reduzir portagens, aumentar pens\u00f5es ou congelar propinas - Portal Tela Portugal\",\"isPartOf\":{\"@id\":\"https:\/\/portaltela.pt\/#website\"},\"primaryImageOfPage\":{\"@id\":\"https:\/\/portaltela.pt\/noticias\/2026\/04\/01\/oposicao-forca-a-reduzir-portagens-aumentar-pensoes-ou-congelar-propinas\/#primaryimage\"},\"image\":{\"@id\":\"https:\/\/portaltela.pt\/noticias\/2026\/04\/01\/oposicao-forca-a-reduzir-portagens-aumentar-pensoes-ou-congelar-propinas\/#primaryimage\"},\"thumbnailUrl\":\"https:\/\/portaltela.pt\/s.01k8rhncp4jt1\/2026\/04\/img_1500x1000uu2012-07-09-09-47-00-335182.jpg\",\"datePublished\":\"2026-04-01T07:17:18+00:00\",\"author\":{\"@id\":\"https:\/\/portaltela.pt\/#\/schema\/person\/c4278d4a6028830caff9ee44b42d32ed\"},\"breadcrumb\":{\"@id\":\"https:\/\/portaltela.pt\/noticias\/2026\/04\/01\/oposicao-forca-a-reduzir-portagens-aumentar-pensoes-ou-congelar-propinas\/#breadcrumb\"},\"inLanguage\":\"pt-PT\",\"potentialAction\":[{\"@type\":\"ReadAction\",\"target\":[\"https:\/\/portaltela.pt\/noticias\/2026\/04\/01\/oposicao-forca-a-reduzir-portagens-aumentar-pensoes-ou-congelar-propinas\/\"]}]},{\"@type\":\"ImageObject\",\"inLanguage\":\"pt-PT\",\"@id\":\"https:\/\/portaltela.pt\/noticias\/2026\/04\/01\/oposicao-forca-a-reduzir-portagens-aumentar-pensoes-ou-congelar-propinas\/#primaryimage\",\"url\":\"https:\/\/portaltela.pt\/s.01k8rhncp4jt1\/2026\/04\/img_1500x1000uu2012-07-09-09-47-00-335182.jpg\",\"contentUrl\":\"https:\/\/portaltela.pt\/s.01k8rhncp4jt1\/2026\/04\/img_1500x1000uu2012-07-09-09-47-00-335182.jpg\",\"width\":796,\"height\":448,\"caption\":\"Portagens\"},{\"@type\":\"BreadcrumbList\",\"@id\":\"https:\/\/portaltela.pt\/noticias\/2026\/04\/01\/oposicao-forca-a-reduzir-portagens-aumentar-pensoes-ou-congelar-propinas\/#breadcrumb\",\"itemListElement\":[{\"@type\":\"ListItem\",\"position\":1,\"name\":\"In\u00edcio\",\"item\":\"https:\/\/portaltela.pt\/\"},{\"@type\":\"ListItem\",\"position\":2,\"name\":\"Oposi\u00e7\u00e3o for\u00e7a a reduzir portagens, aumentar pens\u00f5es ou congelar propinas\"}]},{\"@type\":\"WebSite\",\"@id\":\"https:\/\/portaltela.pt\/#website\",\"url\":\"https:\/\/portaltela.pt\/\",\"name\":\"Portal Tela Portugal\",\"description\":\"\",\"potentialAction\":[{\"@type\":\"SearchAction\",\"target\":{\"@type\":\"EntryPoint\",\"urlTemplate\":\"https:\/\/portaltela.pt\/?s={search_term_string}\"},\"query-input\":{\"@type\":\"PropertyValueSpecification\",\"valueRequired\":true,\"valueName\":\"search_term_string\"}}],\"inLanguage\":\"pt-PT\"},{\"@type\":\"Person\",\"@id\":\"https:\/\/portaltela.pt\/#\/schema\/person\/c4278d4a6028830caff9ee44b42d32ed\",\"name\":\"Telinha\",\"image\":{\"@type\":\"ImageObject\",\"inLanguage\":\"pt-PT\",\"@id\":\"https:\/\/portaltela.pt\/s.01k8rhncp4jt1\/2025\/11\/talking-bot-125x125.png\",\"url\":\"https:\/\/portaltela.pt\/s.01k8rhncp4jt1\/2025\/11\/talking-bot-125x125.png\",\"contentUrl\":\"https:\/\/portaltela.pt\/s.01k8rhncp4jt1\/2025\/11\/talking-bot-125x125.png\",\"caption\":\"Telinha\"},\"sameAs\":[\"https:\/\/portaltela.pt\/\"],\"url\":\"https:\/\/portaltela.pt\/por\/367410592786\/\"}]}<\/script>\n<!-- \/ Yoast SEO plugin. -->","yoast_head_json":{"title":"Oposi\u00e7\u00e3o for\u00e7a a reduzir portagens, aumentar pens\u00f5es ou congelar propinas - Portal Tela Portugal","robots":{"index":"index","follow":"follow","max-snippet":"max-snippet:-1","max-image-preview":"max-image-preview:large","max-video-preview":"max-video-preview:-1"},"og_locale":"pt_PT","og_type":"article","og_title":"Oposi\u00e7\u00e3o for\u00e7a a reduzir portagens, aumentar pens\u00f5es ou congelar propinas - Portal Tela Portugal","og_description":"A oposi\u00e7\u00e3o conseguiu impor ao Governo PSD\/CDS-PP menos portagens, aumento extraordin\u00e1rio das pens\u00f5es mais baixas e prolongamento do congelamento das propinas. Os socialistas conseguiram inscrever no Or\u00e7amento do Estado a isen\u00e7\u00e3o de portagens na totalidade da A25 (Costa da Prata) e Beiras Litoral e Alta, al\u00e9m de trechos da A6 e A2, e fim de portagens para ve\u00edculos pesados na Circular Regional Exterior do Porto (A41) e partes da A19 e A8. Entre abril de 2024 e mar\u00e7o de 2025, o Governo aceitou um modelo de descida de IRS diferente do proposto, com al\u00edvio at\u00e9 o sexto escal\u00e3o e maior incid\u00eancia nos escal\u00f5es baixos. No Or\u00e7amento de 2026, o PS absteve-se numa proposta de aumento extraordin\u00e1rio de pens\u00f5es apresentada pelo Chega; o Governo mant\u00e9m a op\u00e7\u00e3o de um suplemento extraordin\u00e1rio pago num \u00fanico m\u00eas. Ainda em aprecia\u00e7\u00e3o, est\u00e3o diplomas sobre o lay-off simplificado e sobre o subs\u00eddio social de mobilidade, com efeitos condicionados pela norma constitucional da lei-trav\u00e3o.","og_url":"https:\/\/portaltela.pt\/noticias\/2026\/04\/01\/oposicao-forca-a-reduzir-portagens-aumentar-pensoes-ou-congelar-propinas\/","og_site_name":"Portal Tela Portugal","article_published_time":"2026-04-01T07:17:18+00:00","author":"Telinha","twitter_card":"summary_large_image","twitter_misc":{"Escrito por":"Telinha","Tempo estimado de leitura":"2 minutos"},"schema":{"@context":"https:\/\/schema.org","@graph":[{"@type":"Article","@id":"https:\/\/portaltela.pt\/noticias\/2026\/04\/01\/oposicao-forca-a-reduzir-portagens-aumentar-pensoes-ou-congelar-propinas\/#article","isPartOf":{"@id":"https:\/\/portaltela.pt\/noticias\/2026\/04\/01\/oposicao-forca-a-reduzir-portagens-aumentar-pensoes-ou-congelar-propinas\/"},"author":{"name":"Telinha","@id":"https:\/\/portaltela.pt\/#\/schema\/person\/c4278d4a6028830caff9ee44b42d32ed"},"headline":"Oposi\u00e7\u00e3o for\u00e7a a reduzir portagens, aumentar pens\u00f5es ou congelar propinas","datePublished":"2026-04-01T07:17:18+00:00","mainEntityOfPage":{"@id":"https:\/\/portaltela.pt\/noticias\/2026\/04\/01\/oposicao-forca-a-reduzir-portagens-aumentar-pensoes-ou-congelar-propinas\/"},"wordCount":396,"image":{"@id":"https:\/\/portaltela.pt\/noticias\/2026\/04\/01\/oposicao-forca-a-reduzir-portagens-aumentar-pensoes-ou-congelar-propinas\/#primaryimage"},"thumbnailUrl":"https:\/\/portaltela.pt\/s.01k8rhncp4jt1\/2026\/04\/img_1500x1000uu2012-07-09-09-47-00-335182.jpg","keywords":["economia","governo","or\u00e7amento","pens\u00f5es","pol\u00edtica","portagens"],"articleSection":["Not\u00edcias","Pol\u00edtica"],"inLanguage":"pt-PT"},{"@type":"WebPage","@id":"https:\/\/portaltela.pt\/noticias\/2026\/04\/01\/oposicao-forca-a-reduzir-portagens-aumentar-pensoes-ou-congelar-propinas\/","url":"https:\/\/portaltela.pt\/noticias\/2026\/04\/01\/oposicao-forca-a-reduzir-portagens-aumentar-pensoes-ou-congelar-propinas\/","name":"Oposi\u00e7\u00e3o for\u00e7a a reduzir portagens, aumentar pens\u00f5es ou congelar propinas - Portal Tela Portugal","isPartOf":{"@id":"https:\/\/portaltela.pt\/#website"},"primaryImageOfPage":{"@id":"https:\/\/portaltela.pt\/noticias\/2026\/04\/01\/oposicao-forca-a-reduzir-portagens-aumentar-pensoes-ou-congelar-propinas\/#primaryimage"},"image":{"@id":"https:\/\/portaltela.pt\/noticias\/2026\/04\/01\/oposicao-forca-a-reduzir-portagens-aumentar-pensoes-ou-congelar-propinas\/#primaryimage"},"thumbnailUrl":"https:\/\/portaltela.pt\/s.01k8rhncp4jt1\/2026\/04\/img_1500x1000uu2012-07-09-09-47-00-335182.jpg","datePublished":"2026-04-01T07:17:18+00:00","author":{"@id":"https:\/\/portaltela.pt\/#\/schema\/person\/c4278d4a6028830caff9ee44b42d32ed"},"breadcrumb":{"@id":"https:\/\/portaltela.pt\/noticias\/2026\/04\/01\/oposicao-forca-a-reduzir-portagens-aumentar-pensoes-ou-congelar-propinas\/#breadcrumb"},"inLanguage":"pt-PT","potentialAction":[{"@type":"ReadAction","target":["https:\/\/portaltela.pt\/noticias\/2026\/04\/01\/oposicao-forca-a-reduzir-portagens-aumentar-pensoes-ou-congelar-propinas\/"]}]},{"@type":"ImageObject","inLanguage":"pt-PT","@id":"https:\/\/portaltela.pt\/noticias\/2026\/04\/01\/oposicao-forca-a-reduzir-portagens-aumentar-pensoes-ou-congelar-propinas\/#primaryimage","url":"https:\/\/portaltela.pt\/s.01k8rhncp4jt1\/2026\/04\/img_1500x1000uu2012-07-09-09-47-00-335182.jpg","contentUrl":"https:\/\/portaltela.pt\/s.01k8rhncp4jt1\/2026\/04\/img_1500x1000uu2012-07-09-09-47-00-335182.jpg","width":796,"height":448,"caption":"Portagens"},{"@type":"BreadcrumbList","@id":"https:\/\/portaltela.pt\/noticias\/2026\/04\/01\/oposicao-forca-a-reduzir-portagens-aumentar-pensoes-ou-congelar-propinas\/#breadcrumb","itemListElement":[{"@type":"ListItem","position":1,"name":"In\u00edcio","item":"https:\/\/portaltela.pt\/"},{"@type":"ListItem","position":2,"name":"Oposi\u00e7\u00e3o for\u00e7a a reduzir portagens, aumentar pens\u00f5es ou congelar propinas"}]},{"@type":"WebSite","@id":"https:\/\/portaltela.pt\/#website","url":"https:\/\/portaltela.pt\/","name":"Portal Tela Portugal","description":"","potentialAction":[{"@type":"SearchAction","target":{"@type":"EntryPoint","urlTemplate":"https:\/\/portaltela.pt\/?s={search_term_string}"},"query-input":{"@type":"PropertyValueSpecification","valueRequired":true,"valueName":"search_term_string"}}],"inLanguage":"pt-PT"},{"@type":"Person","@id":"https:\/\/portaltela.pt\/#\/schema\/person\/c4278d4a6028830caff9ee44b42d32ed","name":"Telinha","image":{"@type":"ImageObject","inLanguage":"pt-PT","@id":"https:\/\/portaltela.pt\/s.01k8rhncp4jt1\/2025\/11\/talking-bot-125x125.png","url":"https:\/\/portaltela.pt\/s.01k8rhncp4jt1\/2025\/11\/talking-bot-125x125.png","contentUrl":"https:\/\/portaltela.pt\/s.01k8rhncp4jt1\/2025\/11\/talking-bot-125x125.png","caption":"Telinha"},"sameAs":["https:\/\/portaltela.pt\/"],"url":"https:\/\/portaltela.pt\/por\/367410592786\/"}]}},"_links":{"self":[{"href":"https:\/\/portaltela.pt\/api\/wp\/v2\/posts\/428733","targetHints":{"allow":["GET"]}}],"collection":[{"href":"https:\/\/portaltela.pt\/api\/wp\/v2\/posts"}],"about":[{"href":"https:\/\/portaltela.pt\/api\/wp\/v2\/types\/post"}],"author":[{"embeddable":true,"href":"https:\/\/portaltela.pt\/api\/wp\/v2\/users\/2"}],"replies":[{"embeddable":true,"href":"https:\/\/portaltela.pt\/api\/wp\/v2\/comments?post=428733"}],"version-history":[{"count":0,"href":"https:\/\/portaltela.pt\/api\/wp\/v2\/posts\/428733\/revisions"}],"wp:featuredmedia":[{"embeddable":true,"href":"https:\/\/portaltela.pt\/api\/wp\/v2\/media\/428734"}],"wp:attachment":[{"href":"https:\/\/portaltela.pt\/api\/wp\/v2\/media?parent=428733"}],"wp:term":[{"taxonomy":"category","embeddable":true,"href":"https:\/\/portaltela.pt\/api\/wp\/v2\/categories?post=428733"},{"taxonomy":"post_tag","embeddable":true,"href":"https:\/\/portaltela.pt\/api\/wp\/v2\/tags?post=428733"}],"curies":[{"name":"wp","href":"https:\/\/api.w.org\/{rel}","templated":true}]}}