{"id":428729,"date":"2026-04-01T04:17:13","date_gmt":"2026-04-01T07:17:13","guid":{"rendered":"https:\/\/portaltela.pt\/noticias\/2026\/04\/01\/presidente-sirio-discute-guerra-no-irao-com-o-pm-britanico-em-londres\/"},"modified":"2026-04-01T04:17:13","modified_gmt":"2026-04-01T07:17:13","slug":"presidente-sirio-discute-guerra-no-irao-com-o-pm-britanico-em-londres","status":"publish","type":"post","link":"https:\/\/portaltela.pt\/noticias\/internacional\/2026\/04\/01\/presidente-sirio-discute-guerra-no-irao-com-o-pm-britanico-em-londres\/","title":{"rendered":"Presidente s\u00edrio discute guerra no Ir\u00e3o com o PM brit\u00e2nico em Londres"},"content":{"rendered":"<p>O presidente s\u00edrio interino, Ahmed al-Sharaa, realizou a sua primeira visita ao Reino Unido desde a subida ao poder, em 2024. Reuniu-se com o primeiro-ministro brit\u00e2nico, Keir Starmer, em Downing Street, a 31 de mar\u00e7o de 2026. O encontro ocorreu num cen\u00e1rio de retomada de rela\u00e7\u00f5es diplom\u00e1ticas entre os dois pa\u00edses.<\/p>\n<p>\u00c0 sa\u00edda, um porta-voz de Downing Street informou que os dois l\u00edderes discutiram a necessidade de um plano vi\u00e1vel para reabrir o Estreito de Ormuz, com especial foco no impacto econ\u00f3mico de um eventual encerramento. Ambos concordaram em colaborar com outros parceiros para restaurar a liberdade de navega\u00e7\u00e3o na regi\u00e3o.<\/p>\n<p>Starmer destacou, em declara\u00e7\u00f5es, avan\u00e7os na luta contra o grupo Estado Isl\u00e2mico e saudou a coopera\u00e7\u00e3o com Damasco na \u00e1rea da seguran\u00e7a. O primeiro-ministro brit\u00e2nico pediu ainda maior coopera\u00e7\u00e3o para o regresso de migrantes ilegais, refor\u00e7o de fronteiras e combate \u00e0s redes de tr\u00e1fico humano.<\/p>\n<h3>Rela\u00e7\u00f5es internacionais<\/h3>\n<p>Entre 2011 e 2021, cerca de 31.000 s\u00edrios solicitaram asilo no Reino Unido, segundo dados oficiais, num contexto de crise migrat\u00f3ria. A visita de al-Sharaa sucede ao restabelecimento das rela\u00e7\u00f5es diplom\u00e1ticas entre Londres e Damasco, em julho de 2025, e \u00e0 viagem do ent\u00e3o ministro dos Neg\u00f3cios Estrangeiros brit\u00e2nico, David Lammy, a Damasco, primeira visita de um ministro brit\u00e2nico ao pa\u00eds em 14 anos.<\/p>\n<p>O encontro com o chanceler alem\u00e3o Friedrich Merz, em Berlim, tamb\u00e9m ocorreu na sequ\u00eancia de esfor\u00e7os para proteger a S\u00edria das repercuss\u00f5es do conflito no M\u00e9dio Oriente. Os dois conversaram sobre pol\u00edticas de imigra\u00e7\u00e3o e, segundo fontes, concordaram que uma parte significativa da di\u00e1spora s\u00edria na Alemanha dever\u00e1 regressar nos pr\u00f3ximos tr\u00eas anos.<\/p>\n<h3>Agenda e pr\u00f3ximos passos<\/h3>\n<p>Mais tarde, al-Sharaa reuniu-se com o rei Carlos III no Pal\u00e1cio de Buckingham. N\u00e3o foram divulgados detalhes sobre o conte\u00fado da audi\u00eancia. Em conjunto, os encontros enfatizam uma estrat\u00e9gia de coopera\u00e7\u00e3o regional e internacional para dinamizar a transi\u00e7\u00e3o pol\u00edtica s\u00edria e a recupera\u00e7\u00e3o econ\u00f3mica do pa\u00eds.<\/p>\n","protected":false},"excerpt":{"rendered":"<ul>\n<li>O presidente s\u00edrio interino Ahmed al-Sharaa conversou com o primeiro-ministro brit\u00e2nico Keir Starmer em Downing Street, na sua primeira visita ao Reino Unido desde a destitui\u00e7\u00e3o de Bashar al-Assad, e abordou a guerra com o Ir\u00e3o.<\/li>\n<li>Os dois discutiram um plano vi\u00e1vel para reabrir o Estreito de Ormuz, face ao impacto econ\u00f3mico do encerramento prolongado, e concordaram em trabalhar com outros para restabelecer a liberdade de navega\u00e7\u00e3o.<\/li>\n<li>Starmer saudou a\u00e7\u00f5es do governo s\u00edrio contra o Estado Isl\u00e2mico e refor\u00e7ou a necessidade de coopera\u00e7\u00e3o na luta contra o terrorismo e no regresso de migrantes ilegais, bem como no controlo das redes de tr\u00e1fico de pessoas.<\/li>\n<li>Entre 2011 e 2021, cerca de 31 mil s\u00edrios obtiveram asilo no Reino Unido, segundo estat\u00edsticas governamentais.<\/li>\n<li>Al-Sharaa reuniu-se tamb\u00e9m com o chanceler alem\u00e3o Friedrich Merz em Berlim e com o rei Carlos III no Pal\u00e1cio de Buckingham; Merz afirmou que oito em cada dez s\u00edrios na Alemanha deveriam regressar nos pr\u00f3ximos tr\u00eas anos.<\/li>\n<\/ul>\n","protected":false},"author":2,"featured_media":428730,"comment_status":"closed","ping_status":"closed","sticky":false,"template":"","format":"standard","meta":{"footnotes":""},"categories":[6814,4],"tags":[3625,62,712,2111,27,2066],"class_list":["post-428729","post","type-post","status-publish","format-standard","has-post-thumbnail","hentry","category-geopolitica","category-internacional","tag-estado-islamico","tag-guerra","tag-imigracao","tag-reino-unido","tag-relacoes-internacionais","tag-siria"],"yoast_head":"<!-- This site is optimized with the Yoast SEO plugin v27.2 - https:\/\/yoast.com\/product\/yoast-seo-wordpress\/ -->\n<title>Presidente s\u00edrio discute guerra no Ir\u00e3o com o PM brit\u00e2nico em Londres - Portal Tela Portugal<\/title>\n<meta name=\"robots\" content=\"index, follow, max-snippet:-1, max-image-preview:large, max-video-preview:-1\" \/>\n<meta property=\"og:locale\" content=\"pt_PT\" \/>\n<meta property=\"og:type\" content=\"article\" \/>\n<meta property=\"og:title\" content=\"Presidente s\u00edrio discute guerra no Ir\u00e3o com o PM brit\u00e2nico em Londres - Portal Tela Portugal\" \/>\n<meta property=\"og:description\" content=\"O presidente s\u00edrio interino Ahmed al-Sharaa conversou com o primeiro-ministro brit\u00e2nico Keir Starmer em Downing Street, na sua primeira visita ao Reino Unido desde a destitui\u00e7\u00e3o de Bashar al-Assad, e abordou a guerra com o Ir\u00e3o. Os dois discutiram um plano vi\u00e1vel para reabrir o Estreito de Ormuz, face ao impacto econ\u00f3mico do encerramento prolongado, e concordaram em trabalhar com outros para restabelecer a liberdade de navega\u00e7\u00e3o. Starmer saudou a\u00e7\u00f5es do governo s\u00edrio contra o Estado Isl\u00e2mico e refor\u00e7ou a necessidade de coopera\u00e7\u00e3o na luta contra o terrorismo e no regresso de migrantes ilegais, bem como no controlo das redes de tr\u00e1fico de pessoas. Entre 2011 e 2021, cerca de 31 mil s\u00edrios obtiveram asilo no Reino Unido, segundo estat\u00edsticas governamentais. Al-Sharaa reuniu-se tamb\u00e9m com o chanceler alem\u00e3o Friedrich Merz em Berlim e com o rei Carlos III no Pal\u00e1cio de Buckingham; Merz afirmou que oito em cada dez s\u00edrios na Alemanha deveriam regressar nos pr\u00f3ximos tr\u00eas anos.\" \/>\n<meta property=\"og:url\" content=\"https:\/\/portaltela.pt\/noticias\/2026\/04\/01\/presidente-sirio-discute-guerra-no-irao-com-o-pm-britanico-em-londres\/\" \/>\n<meta property=\"og:site_name\" content=\"Portal Tela Portugal\" \/>\n<meta property=\"article:published_time\" content=\"2026-04-01T07:17:13+00:00\" \/>\n<meta name=\"author\" content=\"Telinha\" \/>\n<meta name=\"twitter:card\" content=\"summary_large_image\" \/>\n<meta name=\"twitter:label1\" content=\"Escrito por\" \/>\n\t<meta name=\"twitter:data1\" content=\"Telinha\" \/>\n\t<meta name=\"twitter:label2\" content=\"Tempo estimado de leitura\" \/>\n\t<meta name=\"twitter:data2\" content=\"2 minutos\" \/>\n<script type=\"application\/ld+json\" class=\"yoast-schema-graph\">{\"@context\":\"https:\/\/schema.org\",\"@graph\":[{\"@type\":\"Article\",\"@id\":\"https:\/\/portaltela.pt\/noticias\/2026\/04\/01\/presidente-sirio-discute-guerra-no-irao-com-o-pm-britanico-em-londres\/#article\",\"isPartOf\":{\"@id\":\"https:\/\/portaltela.pt\/noticias\/2026\/04\/01\/presidente-sirio-discute-guerra-no-irao-com-o-pm-britanico-em-londres\/\"},\"author\":{\"name\":\"Telinha\",\"@id\":\"https:\/\/portaltela.pt\/#\/schema\/person\/c4278d4a6028830caff9ee44b42d32ed\"},\"headline\":\"Presidente s\u00edrio discute guerra no Ir\u00e3o com o PM brit\u00e2nico em Londres\",\"datePublished\":\"2026-04-01T07:17:13+00:00\",\"mainEntityOfPage\":{\"@id\":\"https:\/\/portaltela.pt\/noticias\/2026\/04\/01\/presidente-sirio-discute-guerra-no-irao-com-o-pm-britanico-em-londres\/\"},\"wordCount\":378,\"image\":{\"@id\":\"https:\/\/portaltela.pt\/noticias\/2026\/04\/01\/presidente-sirio-discute-guerra-no-irao-com-o-pm-britanico-em-londres\/#primaryimage\"},\"thumbnailUrl\":\"https:\/\/portaltela.pt\/s.01k8rhncp4jt1\/2026\/04\/1536x864_cmsv2_3214f551-bd91-5621-9f36-e75250ec83dd-9705937.jpg\",\"keywords\":[\"Estado Isl\u00e2mico\",\"guerra\",\"imigra\u00e7\u00e3o\",\"Reino Unido\",\"rela\u00e7\u00f5es internacionais\",\"S\u00edria\"],\"articleSection\":[\"Geopol\u00edtica\",\"Internacional\"],\"inLanguage\":\"pt-PT\"},{\"@type\":\"WebPage\",\"@id\":\"https:\/\/portaltela.pt\/noticias\/2026\/04\/01\/presidente-sirio-discute-guerra-no-irao-com-o-pm-britanico-em-londres\/\",\"url\":\"https:\/\/portaltela.pt\/noticias\/2026\/04\/01\/presidente-sirio-discute-guerra-no-irao-com-o-pm-britanico-em-londres\/\",\"name\":\"Presidente s\u00edrio discute guerra no Ir\u00e3o com o PM brit\u00e2nico em Londres - Portal Tela Portugal\",\"isPartOf\":{\"@id\":\"https:\/\/portaltela.pt\/#website\"},\"primaryImageOfPage\":{\"@id\":\"https:\/\/portaltela.pt\/noticias\/2026\/04\/01\/presidente-sirio-discute-guerra-no-irao-com-o-pm-britanico-em-londres\/#primaryimage\"},\"image\":{\"@id\":\"https:\/\/portaltela.pt\/noticias\/2026\/04\/01\/presidente-sirio-discute-guerra-no-irao-com-o-pm-britanico-em-londres\/#primaryimage\"},\"thumbnailUrl\":\"https:\/\/portaltela.pt\/s.01k8rhncp4jt1\/2026\/04\/1536x864_cmsv2_3214f551-bd91-5621-9f36-e75250ec83dd-9705937.jpg\",\"datePublished\":\"2026-04-01T07:17:13+00:00\",\"author\":{\"@id\":\"https:\/\/portaltela.pt\/#\/schema\/person\/c4278d4a6028830caff9ee44b42d32ed\"},\"breadcrumb\":{\"@id\":\"https:\/\/portaltela.pt\/noticias\/2026\/04\/01\/presidente-sirio-discute-guerra-no-irao-com-o-pm-britanico-em-londres\/#breadcrumb\"},\"inLanguage\":\"pt-PT\",\"potentialAction\":[{\"@type\":\"ReadAction\",\"target\":[\"https:\/\/portaltela.pt\/noticias\/2026\/04\/01\/presidente-sirio-discute-guerra-no-irao-com-o-pm-britanico-em-londres\/\"]}]},{\"@type\":\"ImageObject\",\"inLanguage\":\"pt-PT\",\"@id\":\"https:\/\/portaltela.pt\/noticias\/2026\/04\/01\/presidente-sirio-discute-guerra-no-irao-com-o-pm-britanico-em-londres\/#primaryimage\",\"url\":\"https:\/\/portaltela.pt\/s.01k8rhncp4jt1\/2026\/04\/1536x864_cmsv2_3214f551-bd91-5621-9f36-e75250ec83dd-9705937.jpg\",\"contentUrl\":\"https:\/\/portaltela.pt\/s.01k8rhncp4jt1\/2026\/04\/1536x864_cmsv2_3214f551-bd91-5621-9f36-e75250ec83dd-9705937.jpg\",\"width\":796,\"height\":448,\"caption\":\"O Presidente da S\u00edria, Ahmed al-Sharaa, sai do n\u00ba 10 de Downing Street, em Londres, a 31 de mar\u00e7o de 2026\"},{\"@type\":\"BreadcrumbList\",\"@id\":\"https:\/\/portaltela.pt\/noticias\/2026\/04\/01\/presidente-sirio-discute-guerra-no-irao-com-o-pm-britanico-em-londres\/#breadcrumb\",\"itemListElement\":[{\"@type\":\"ListItem\",\"position\":1,\"name\":\"In\u00edcio\",\"item\":\"https:\/\/portaltela.pt\/\"},{\"@type\":\"ListItem\",\"position\":2,\"name\":\"Presidente s\u00edrio discute guerra no Ir\u00e3o com o PM brit\u00e2nico em Londres\"}]},{\"@type\":\"WebSite\",\"@id\":\"https:\/\/portaltela.pt\/#website\",\"url\":\"https:\/\/portaltela.pt\/\",\"name\":\"Portal Tela Portugal\",\"description\":\"\",\"potentialAction\":[{\"@type\":\"SearchAction\",\"target\":{\"@type\":\"EntryPoint\",\"urlTemplate\":\"https:\/\/portaltela.pt\/?s={search_term_string}\"},\"query-input\":{\"@type\":\"PropertyValueSpecification\",\"valueRequired\":true,\"valueName\":\"search_term_string\"}}],\"inLanguage\":\"pt-PT\"},{\"@type\":\"Person\",\"@id\":\"https:\/\/portaltela.pt\/#\/schema\/person\/c4278d4a6028830caff9ee44b42d32ed\",\"name\":\"Telinha\",\"image\":{\"@type\":\"ImageObject\",\"inLanguage\":\"pt-PT\",\"@id\":\"https:\/\/portaltela.pt\/s.01k8rhncp4jt1\/2025\/11\/talking-bot-125x125.png\",\"url\":\"https:\/\/portaltela.pt\/s.01k8rhncp4jt1\/2025\/11\/talking-bot-125x125.png\",\"contentUrl\":\"https:\/\/portaltela.pt\/s.01k8rhncp4jt1\/2025\/11\/talking-bot-125x125.png\",\"caption\":\"Telinha\"},\"sameAs\":[\"https:\/\/portaltela.pt\/\"],\"url\":\"https:\/\/portaltela.pt\/por\/367410592786\/\"}]}<\/script>\n<!-- \/ Yoast SEO plugin. -->","yoast_head_json":{"title":"Presidente s\u00edrio discute guerra no Ir\u00e3o com o PM brit\u00e2nico em Londres - Portal Tela Portugal","robots":{"index":"index","follow":"follow","max-snippet":"max-snippet:-1","max-image-preview":"max-image-preview:large","max-video-preview":"max-video-preview:-1"},"og_locale":"pt_PT","og_type":"article","og_title":"Presidente s\u00edrio discute guerra no Ir\u00e3o com o PM brit\u00e2nico em Londres - Portal Tela Portugal","og_description":"O presidente s\u00edrio interino Ahmed al-Sharaa conversou com o primeiro-ministro brit\u00e2nico Keir Starmer em Downing Street, na sua primeira visita ao Reino Unido desde a destitui\u00e7\u00e3o de Bashar al-Assad, e abordou a guerra com o Ir\u00e3o. Os dois discutiram um plano vi\u00e1vel para reabrir o Estreito de Ormuz, face ao impacto econ\u00f3mico do encerramento prolongado, e concordaram em trabalhar com outros para restabelecer a liberdade de navega\u00e7\u00e3o. Starmer saudou a\u00e7\u00f5es do governo s\u00edrio contra o Estado Isl\u00e2mico e refor\u00e7ou a necessidade de coopera\u00e7\u00e3o na luta contra o terrorismo e no regresso de migrantes ilegais, bem como no controlo das redes de tr\u00e1fico de pessoas. Entre 2011 e 2021, cerca de 31 mil s\u00edrios obtiveram asilo no Reino Unido, segundo estat\u00edsticas governamentais. Al-Sharaa reuniu-se tamb\u00e9m com o chanceler alem\u00e3o Friedrich Merz em Berlim e com o rei Carlos III no Pal\u00e1cio de Buckingham; Merz afirmou que oito em cada dez s\u00edrios na Alemanha deveriam regressar nos pr\u00f3ximos tr\u00eas anos.","og_url":"https:\/\/portaltela.pt\/noticias\/2026\/04\/01\/presidente-sirio-discute-guerra-no-irao-com-o-pm-britanico-em-londres\/","og_site_name":"Portal Tela Portugal","article_published_time":"2026-04-01T07:17:13+00:00","author":"Telinha","twitter_card":"summary_large_image","twitter_misc":{"Escrito por":"Telinha","Tempo estimado de leitura":"2 minutos"},"schema":{"@context":"https:\/\/schema.org","@graph":[{"@type":"Article","@id":"https:\/\/portaltela.pt\/noticias\/2026\/04\/01\/presidente-sirio-discute-guerra-no-irao-com-o-pm-britanico-em-londres\/#article","isPartOf":{"@id":"https:\/\/portaltela.pt\/noticias\/2026\/04\/01\/presidente-sirio-discute-guerra-no-irao-com-o-pm-britanico-em-londres\/"},"author":{"name":"Telinha","@id":"https:\/\/portaltela.pt\/#\/schema\/person\/c4278d4a6028830caff9ee44b42d32ed"},"headline":"Presidente s\u00edrio discute guerra no Ir\u00e3o com o PM brit\u00e2nico em Londres","datePublished":"2026-04-01T07:17:13+00:00","mainEntityOfPage":{"@id":"https:\/\/portaltela.pt\/noticias\/2026\/04\/01\/presidente-sirio-discute-guerra-no-irao-com-o-pm-britanico-em-londres\/"},"wordCount":378,"image":{"@id":"https:\/\/portaltela.pt\/noticias\/2026\/04\/01\/presidente-sirio-discute-guerra-no-irao-com-o-pm-britanico-em-londres\/#primaryimage"},"thumbnailUrl":"https:\/\/portaltela.pt\/s.01k8rhncp4jt1\/2026\/04\/1536x864_cmsv2_3214f551-bd91-5621-9f36-e75250ec83dd-9705937.jpg","keywords":["Estado Isl\u00e2mico","guerra","imigra\u00e7\u00e3o","Reino Unido","rela\u00e7\u00f5es internacionais","S\u00edria"],"articleSection":["Geopol\u00edtica","Internacional"],"inLanguage":"pt-PT"},{"@type":"WebPage","@id":"https:\/\/portaltela.pt\/noticias\/2026\/04\/01\/presidente-sirio-discute-guerra-no-irao-com-o-pm-britanico-em-londres\/","url":"https:\/\/portaltela.pt\/noticias\/2026\/04\/01\/presidente-sirio-discute-guerra-no-irao-com-o-pm-britanico-em-londres\/","name":"Presidente s\u00edrio discute guerra no Ir\u00e3o com o PM brit\u00e2nico em Londres - Portal Tela Portugal","isPartOf":{"@id":"https:\/\/portaltela.pt\/#website"},"primaryImageOfPage":{"@id":"https:\/\/portaltela.pt\/noticias\/2026\/04\/01\/presidente-sirio-discute-guerra-no-irao-com-o-pm-britanico-em-londres\/#primaryimage"},"image":{"@id":"https:\/\/portaltela.pt\/noticias\/2026\/04\/01\/presidente-sirio-discute-guerra-no-irao-com-o-pm-britanico-em-londres\/#primaryimage"},"thumbnailUrl":"https:\/\/portaltela.pt\/s.01k8rhncp4jt1\/2026\/04\/1536x864_cmsv2_3214f551-bd91-5621-9f36-e75250ec83dd-9705937.jpg","datePublished":"2026-04-01T07:17:13+00:00","author":{"@id":"https:\/\/portaltela.pt\/#\/schema\/person\/c4278d4a6028830caff9ee44b42d32ed"},"breadcrumb":{"@id":"https:\/\/portaltela.pt\/noticias\/2026\/04\/01\/presidente-sirio-discute-guerra-no-irao-com-o-pm-britanico-em-londres\/#breadcrumb"},"inLanguage":"pt-PT","potentialAction":[{"@type":"ReadAction","target":["https:\/\/portaltela.pt\/noticias\/2026\/04\/01\/presidente-sirio-discute-guerra-no-irao-com-o-pm-britanico-em-londres\/"]}]},{"@type":"ImageObject","inLanguage":"pt-PT","@id":"https:\/\/portaltela.pt\/noticias\/2026\/04\/01\/presidente-sirio-discute-guerra-no-irao-com-o-pm-britanico-em-londres\/#primaryimage","url":"https:\/\/portaltela.pt\/s.01k8rhncp4jt1\/2026\/04\/1536x864_cmsv2_3214f551-bd91-5621-9f36-e75250ec83dd-9705937.jpg","contentUrl":"https:\/\/portaltela.pt\/s.01k8rhncp4jt1\/2026\/04\/1536x864_cmsv2_3214f551-bd91-5621-9f36-e75250ec83dd-9705937.jpg","width":796,"height":448,"caption":"O Presidente da S\u00edria, Ahmed al-Sharaa, sai do n\u00ba 10 de Downing Street, em Londres, a 31 de mar\u00e7o de 2026"},{"@type":"BreadcrumbList","@id":"https:\/\/portaltela.pt\/noticias\/2026\/04\/01\/presidente-sirio-discute-guerra-no-irao-com-o-pm-britanico-em-londres\/#breadcrumb","itemListElement":[{"@type":"ListItem","position":1,"name":"In\u00edcio","item":"https:\/\/portaltela.pt\/"},{"@type":"ListItem","position":2,"name":"Presidente s\u00edrio discute guerra no Ir\u00e3o com o PM brit\u00e2nico em Londres"}]},{"@type":"WebSite","@id":"https:\/\/portaltela.pt\/#website","url":"https:\/\/portaltela.pt\/","name":"Portal Tela Portugal","description":"","potentialAction":[{"@type":"SearchAction","target":{"@type":"EntryPoint","urlTemplate":"https:\/\/portaltela.pt\/?s={search_term_string}"},"query-input":{"@type":"PropertyValueSpecification","valueRequired":true,"valueName":"search_term_string"}}],"inLanguage":"pt-PT"},{"@type":"Person","@id":"https:\/\/portaltela.pt\/#\/schema\/person\/c4278d4a6028830caff9ee44b42d32ed","name":"Telinha","image":{"@type":"ImageObject","inLanguage":"pt-PT","@id":"https:\/\/portaltela.pt\/s.01k8rhncp4jt1\/2025\/11\/talking-bot-125x125.png","url":"https:\/\/portaltela.pt\/s.01k8rhncp4jt1\/2025\/11\/talking-bot-125x125.png","contentUrl":"https:\/\/portaltela.pt\/s.01k8rhncp4jt1\/2025\/11\/talking-bot-125x125.png","caption":"Telinha"},"sameAs":["https:\/\/portaltela.pt\/"],"url":"https:\/\/portaltela.pt\/por\/367410592786\/"}]}},"_links":{"self":[{"href":"https:\/\/portaltela.pt\/api\/wp\/v2\/posts\/428729","targetHints":{"allow":["GET"]}}],"collection":[{"href":"https:\/\/portaltela.pt\/api\/wp\/v2\/posts"}],"about":[{"href":"https:\/\/portaltela.pt\/api\/wp\/v2\/types\/post"}],"author":[{"embeddable":true,"href":"https:\/\/portaltela.pt\/api\/wp\/v2\/users\/2"}],"replies":[{"embeddable":true,"href":"https:\/\/portaltela.pt\/api\/wp\/v2\/comments?post=428729"}],"version-history":[{"count":0,"href":"https:\/\/portaltela.pt\/api\/wp\/v2\/posts\/428729\/revisions"}],"wp:featuredmedia":[{"embeddable":true,"href":"https:\/\/portaltela.pt\/api\/wp\/v2\/media\/428730"}],"wp:attachment":[{"href":"https:\/\/portaltela.pt\/api\/wp\/v2\/media?parent=428729"}],"wp:term":[{"taxonomy":"category","embeddable":true,"href":"https:\/\/portaltela.pt\/api\/wp\/v2\/categories?post=428729"},{"taxonomy":"post_tag","embeddable":true,"href":"https:\/\/portaltela.pt\/api\/wp\/v2\/tags?post=428729"}],"curies":[{"name":"wp","href":"https:\/\/api.w.org\/{rel}","templated":true}]}}