{"id":428727,"date":"2026-04-01T04:17:03","date_gmt":"2026-04-01T07:17:03","guid":{"rendered":"https:\/\/portaltela.pt\/noticias\/2026\/04\/01\/aeroporto-do-kuwait-atacado-israel-intensifica-pressao-sobre-teerao-e-beirute\/"},"modified":"2026-04-01T04:17:03","modified_gmt":"2026-04-01T07:17:03","slug":"aeroporto-do-kuwait-atacado-israel-intensifica-pressao-sobre-teerao-e-beirute","status":"publish","type":"post","link":"https:\/\/portaltela.pt\/guerra\/2026\/04\/01\/aeroporto-do-kuwait-atacado-israel-intensifica-pressao-sobre-teerao-e-beirute\/","title":{"rendered":"Aeroporto do Kuwait atacado; Israel intensifica press\u00e3o sobre Teer\u00e3o e Beirute"},"content":{"rendered":"<p>V\u00e1rios alvos situados no Ir\u00e3o foram atacados, incluindo infraestruturas civis consideradas cr\u00edticas. O ataque ocorreu na manh\u00e3 de hoje, com o objetivo de causar impactos materiais e estrat\u00e9gicos.<\/p>\n<p>Segundo o relato inicial, o Ir\u00e3o respondeu ao ataque com m\u00edsseis lan\u00e7ados contra territ\u00f3rio israelita, numa escalada de respostas entre ambos os lados. Ainda n\u00e3o h\u00e1 confirma\u00e7\u00e3o de v\u00edtimas ou danos humanos.<\/p>\n<p>Entre as zonas referidas como afetadas est\u00e3o Teer\u00e3 e Beirute, com relatos de fumo e danos em pontos-chave. O ataque revela uma escalada que inclina o centro de poder regional para uma nova fase de hostilidades.<\/p>\n<p>At\u00e9 ao momento, n\u00e3o foram dadas informa\u00e7\u00f5es oficiais sobre o envolvimento de outras entidades ou sobre poss\u00edveis impactos em servi\u00e7os de transporte e comunica\u00e7\u00e3o. As autoridades nacionais e internacionais acompanham a situa\u00e7\u00e3o de perto.<\/p>\n<p>As a\u00e7\u00f5es ressaltam uma din\u00e2mica de tens\u00e3o cont\u00ednua na regi\u00e3o, com consequ\u00eancias potenciais para a seguran\u00e7a regional e para a estabilidade do M\u00e9dio Oriente. Autoridades ainda n\u00e3o apresentaram comunica\u00e7\u00e3o formal sobre responsabilidades.<\/p>\n","protected":false},"excerpt":{"rendered":"<ul>\n<li>V\u00e1rias localidades iranianas foram atacadas, incluindo infraestruturas civis importantes.<\/li>\n<li>O Ir\u00e3o reagiu ao ataque lan\u00e7ando m\u00edsseis contra Israel.<\/li>\n<li>O incidente insere-se num contexto de tens\u00e3o entre Israel, Teer\u00e3o e Beirute.<\/li>\n<li>O texto n\u00e3o fornece detalhes sobre danos ou perdas espec\u00edficas.<\/li>\n<li>As informa\u00e7\u00f5es confirmadas n\u00e3o incluem descri\u00e7\u00f5es adicionais no presente conte\u00fado.<\/li>\n<\/ul>\n","protected":false},"author":2,"featured_media":428728,"comment_status":"closed","ping_status":"closed","sticky":false,"template":"","format":"standard","meta":{"footnotes":""},"categories":[6790,6804],"tags":[2198,62,3153,3708,6607,5262],"class_list":["post-428727","post","type-post","status-publish","format-standard","has-post-thumbnail","hentry","category-conflitos","category-guerra","tag-conflitos-internacionais","tag-guerra","tag-ira","tag-israel","tag-kuwait","tag-teera"],"yoast_head":"<!-- This site is optimized with the Yoast SEO plugin v27.2 - https:\/\/yoast.com\/product\/yoast-seo-wordpress\/ -->\n<title>Aeroporto do Kuwait atacado; Israel intensifica press\u00e3o sobre Teer\u00e3o e Beirute - Portal Tela Portugal<\/title>\n<meta name=\"robots\" content=\"index, follow, max-snippet:-1, max-image-preview:large, max-video-preview:-1\" \/>\n<meta property=\"og:locale\" content=\"pt_PT\" \/>\n<meta property=\"og:type\" content=\"article\" \/>\n<meta property=\"og:title\" content=\"Aeroporto do Kuwait atacado; Israel intensifica press\u00e3o sobre Teer\u00e3o e Beirute - Portal Tela Portugal\" \/>\n<meta property=\"og:description\" content=\"V\u00e1rias localidades iranianas foram atacadas, incluindo infraestruturas civis importantes. O Ir\u00e3o reagiu ao ataque lan\u00e7ando m\u00edsseis contra Israel. O incidente insere-se num contexto de tens\u00e3o entre Israel, Teer\u00e3o e Beirute. O texto n\u00e3o fornece detalhes sobre danos ou perdas espec\u00edficas. As informa\u00e7\u00f5es confirmadas n\u00e3o incluem descri\u00e7\u00f5es adicionais no presente conte\u00fado.\" \/>\n<meta property=\"og:url\" content=\"https:\/\/portaltela.pt\/noticias\/2026\/04\/01\/aeroporto-do-kuwait-atacado-israel-intensifica-pressao-sobre-teerao-e-beirute\/\" \/>\n<meta property=\"og:site_name\" content=\"Portal Tela Portugal\" \/>\n<meta property=\"article:published_time\" content=\"2026-04-01T07:17:03+00:00\" \/>\n<meta name=\"author\" content=\"Telinha\" \/>\n<meta name=\"twitter:card\" content=\"summary_large_image\" \/>\n<meta name=\"twitter:label1\" content=\"Escrito por\" \/>\n\t<meta name=\"twitter:data1\" content=\"Telinha\" \/>\n\t<meta name=\"twitter:label2\" content=\"Tempo estimado de leitura\" \/>\n\t<meta name=\"twitter:data2\" content=\"1 minuto\" \/>\n<script type=\"application\/ld+json\" class=\"yoast-schema-graph\">{\"@context\":\"https:\/\/schema.org\",\"@graph\":[{\"@type\":\"Article\",\"@id\":\"https:\/\/portaltela.pt\/noticias\/2026\/04\/01\/aeroporto-do-kuwait-atacado-israel-intensifica-pressao-sobre-teerao-e-beirute\/#article\",\"isPartOf\":{\"@id\":\"https:\/\/portaltela.pt\/noticias\/2026\/04\/01\/aeroporto-do-kuwait-atacado-israel-intensifica-pressao-sobre-teerao-e-beirute\/\"},\"author\":{\"name\":\"Telinha\",\"@id\":\"https:\/\/portaltela.pt\/#\/schema\/person\/c4278d4a6028830caff9ee44b42d32ed\"},\"headline\":\"Aeroporto do Kuwait atacado; Israel intensifica press\u00e3o sobre Teer\u00e3o e Beirute\",\"datePublished\":\"2026-04-01T07:17:03+00:00\",\"mainEntityOfPage\":{\"@id\":\"https:\/\/portaltela.pt\/noticias\/2026\/04\/01\/aeroporto-do-kuwait-atacado-israel-intensifica-pressao-sobre-teerao-e-beirute\/\"},\"wordCount\":203,\"image\":{\"@id\":\"https:\/\/portaltela.pt\/noticias\/2026\/04\/01\/aeroporto-do-kuwait-atacado-israel-intensifica-pressao-sobre-teerao-e-beirute\/#primaryimage\"},\"thumbnailUrl\":\"https:\/\/portaltela.pt\/s.01k8rhncp4jt1\/2026\/04\/2078405.jpg\",\"keywords\":[\"conflitos internacionais\",\"guerra\",\"Ir\u00e3\",\"Israel\",\"Kuwait\",\"Teer\u00e3\"],\"articleSection\":[\"Conflitos\",\"Guerra\"],\"inLanguage\":\"pt-PT\"},{\"@type\":\"WebPage\",\"@id\":\"https:\/\/portaltela.pt\/noticias\/2026\/04\/01\/aeroporto-do-kuwait-atacado-israel-intensifica-pressao-sobre-teerao-e-beirute\/\",\"url\":\"https:\/\/portaltela.pt\/noticias\/2026\/04\/01\/aeroporto-do-kuwait-atacado-israel-intensifica-pressao-sobre-teerao-e-beirute\/\",\"name\":\"Aeroporto do Kuwait atacado; Israel intensifica press\u00e3o sobre Teer\u00e3o e Beirute - Portal Tela Portugal\",\"isPartOf\":{\"@id\":\"https:\/\/portaltela.pt\/#website\"},\"primaryImageOfPage\":{\"@id\":\"https:\/\/portaltela.pt\/noticias\/2026\/04\/01\/aeroporto-do-kuwait-atacado-israel-intensifica-pressao-sobre-teerao-e-beirute\/#primaryimage\"},\"image\":{\"@id\":\"https:\/\/portaltela.pt\/noticias\/2026\/04\/01\/aeroporto-do-kuwait-atacado-israel-intensifica-pressao-sobre-teerao-e-beirute\/#primaryimage\"},\"thumbnailUrl\":\"https:\/\/portaltela.pt\/s.01k8rhncp4jt1\/2026\/04\/2078405.jpg\",\"datePublished\":\"2026-04-01T07:17:03+00:00\",\"author\":{\"@id\":\"https:\/\/portaltela.pt\/#\/schema\/person\/c4278d4a6028830caff9ee44b42d32ed\"},\"breadcrumb\":{\"@id\":\"https:\/\/portaltela.pt\/noticias\/2026\/04\/01\/aeroporto-do-kuwait-atacado-israel-intensifica-pressao-sobre-teerao-e-beirute\/#breadcrumb\"},\"inLanguage\":\"pt-PT\",\"potentialAction\":[{\"@type\":\"ReadAction\",\"target\":[\"https:\/\/portaltela.pt\/noticias\/2026\/04\/01\/aeroporto-do-kuwait-atacado-israel-intensifica-pressao-sobre-teerao-e-beirute\/\"]}]},{\"@type\":\"ImageObject\",\"inLanguage\":\"pt-PT\",\"@id\":\"https:\/\/portaltela.pt\/noticias\/2026\/04\/01\/aeroporto-do-kuwait-atacado-israel-intensifica-pressao-sobre-teerao-e-beirute\/#primaryimage\",\"url\":\"https:\/\/portaltela.pt\/s.01k8rhncp4jt1\/2026\/04\/2078405.jpg\",\"contentUrl\":\"https:\/\/portaltela.pt\/s.01k8rhncp4jt1\/2026\/04\/2078405.jpg\",\"width\":796,\"height\":448,\"caption\":\"Um homem segura um c\u00e3o em Telavive depois de soarem os alarmes perante um ataque iraniano, a 1 de Abril de 2026\"},{\"@type\":\"BreadcrumbList\",\"@id\":\"https:\/\/portaltela.pt\/noticias\/2026\/04\/01\/aeroporto-do-kuwait-atacado-israel-intensifica-pressao-sobre-teerao-e-beirute\/#breadcrumb\",\"itemListElement\":[{\"@type\":\"ListItem\",\"position\":1,\"name\":\"In\u00edcio\",\"item\":\"https:\/\/portaltela.pt\/\"},{\"@type\":\"ListItem\",\"position\":2,\"name\":\"Aeroporto do Kuwait atacado; Israel intensifica press\u00e3o sobre Teer\u00e3o e Beirute\"}]},{\"@type\":\"WebSite\",\"@id\":\"https:\/\/portaltela.pt\/#website\",\"url\":\"https:\/\/portaltela.pt\/\",\"name\":\"Portal Tela Portugal\",\"description\":\"\",\"potentialAction\":[{\"@type\":\"SearchAction\",\"target\":{\"@type\":\"EntryPoint\",\"urlTemplate\":\"https:\/\/portaltela.pt\/?s={search_term_string}\"},\"query-input\":{\"@type\":\"PropertyValueSpecification\",\"valueRequired\":true,\"valueName\":\"search_term_string\"}}],\"inLanguage\":\"pt-PT\"},{\"@type\":\"Person\",\"@id\":\"https:\/\/portaltela.pt\/#\/schema\/person\/c4278d4a6028830caff9ee44b42d32ed\",\"name\":\"Telinha\",\"image\":{\"@type\":\"ImageObject\",\"inLanguage\":\"pt-PT\",\"@id\":\"https:\/\/portaltela.pt\/s.01k8rhncp4jt1\/2025\/11\/talking-bot-125x125.png\",\"url\":\"https:\/\/portaltela.pt\/s.01k8rhncp4jt1\/2025\/11\/talking-bot-125x125.png\",\"contentUrl\":\"https:\/\/portaltela.pt\/s.01k8rhncp4jt1\/2025\/11\/talking-bot-125x125.png\",\"caption\":\"Telinha\"},\"sameAs\":[\"https:\/\/portaltela.pt\/\"],\"url\":\"https:\/\/portaltela.pt\/por\/367410592786\/\"}]}<\/script>\n<!-- \/ Yoast SEO plugin. -->","yoast_head_json":{"title":"Aeroporto do Kuwait atacado; Israel intensifica press\u00e3o sobre Teer\u00e3o e Beirute - Portal Tela Portugal","robots":{"index":"index","follow":"follow","max-snippet":"max-snippet:-1","max-image-preview":"max-image-preview:large","max-video-preview":"max-video-preview:-1"},"og_locale":"pt_PT","og_type":"article","og_title":"Aeroporto do Kuwait atacado; Israel intensifica press\u00e3o sobre Teer\u00e3o e Beirute - Portal Tela Portugal","og_description":"V\u00e1rias localidades iranianas foram atacadas, incluindo infraestruturas civis importantes. O Ir\u00e3o reagiu ao ataque lan\u00e7ando m\u00edsseis contra Israel. O incidente insere-se num contexto de tens\u00e3o entre Israel, Teer\u00e3o e Beirute. O texto n\u00e3o fornece detalhes sobre danos ou perdas espec\u00edficas. As informa\u00e7\u00f5es confirmadas n\u00e3o incluem descri\u00e7\u00f5es adicionais no presente conte\u00fado.","og_url":"https:\/\/portaltela.pt\/noticias\/2026\/04\/01\/aeroporto-do-kuwait-atacado-israel-intensifica-pressao-sobre-teerao-e-beirute\/","og_site_name":"Portal Tela Portugal","article_published_time":"2026-04-01T07:17:03+00:00","author":"Telinha","twitter_card":"summary_large_image","twitter_misc":{"Escrito por":"Telinha","Tempo estimado de leitura":"1 minuto"},"schema":{"@context":"https:\/\/schema.org","@graph":[{"@type":"Article","@id":"https:\/\/portaltela.pt\/noticias\/2026\/04\/01\/aeroporto-do-kuwait-atacado-israel-intensifica-pressao-sobre-teerao-e-beirute\/#article","isPartOf":{"@id":"https:\/\/portaltela.pt\/noticias\/2026\/04\/01\/aeroporto-do-kuwait-atacado-israel-intensifica-pressao-sobre-teerao-e-beirute\/"},"author":{"name":"Telinha","@id":"https:\/\/portaltela.pt\/#\/schema\/person\/c4278d4a6028830caff9ee44b42d32ed"},"headline":"Aeroporto do Kuwait atacado; Israel intensifica press\u00e3o sobre Teer\u00e3o e Beirute","datePublished":"2026-04-01T07:17:03+00:00","mainEntityOfPage":{"@id":"https:\/\/portaltela.pt\/noticias\/2026\/04\/01\/aeroporto-do-kuwait-atacado-israel-intensifica-pressao-sobre-teerao-e-beirute\/"},"wordCount":203,"image":{"@id":"https:\/\/portaltela.pt\/noticias\/2026\/04\/01\/aeroporto-do-kuwait-atacado-israel-intensifica-pressao-sobre-teerao-e-beirute\/#primaryimage"},"thumbnailUrl":"https:\/\/portaltela.pt\/s.01k8rhncp4jt1\/2026\/04\/2078405.jpg","keywords":["conflitos internacionais","guerra","Ir\u00e3","Israel","Kuwait","Teer\u00e3"],"articleSection":["Conflitos","Guerra"],"inLanguage":"pt-PT"},{"@type":"WebPage","@id":"https:\/\/portaltela.pt\/noticias\/2026\/04\/01\/aeroporto-do-kuwait-atacado-israel-intensifica-pressao-sobre-teerao-e-beirute\/","url":"https:\/\/portaltela.pt\/noticias\/2026\/04\/01\/aeroporto-do-kuwait-atacado-israel-intensifica-pressao-sobre-teerao-e-beirute\/","name":"Aeroporto do Kuwait atacado; Israel intensifica press\u00e3o sobre Teer\u00e3o e Beirute - Portal Tela Portugal","isPartOf":{"@id":"https:\/\/portaltela.pt\/#website"},"primaryImageOfPage":{"@id":"https:\/\/portaltela.pt\/noticias\/2026\/04\/01\/aeroporto-do-kuwait-atacado-israel-intensifica-pressao-sobre-teerao-e-beirute\/#primaryimage"},"image":{"@id":"https:\/\/portaltela.pt\/noticias\/2026\/04\/01\/aeroporto-do-kuwait-atacado-israel-intensifica-pressao-sobre-teerao-e-beirute\/#primaryimage"},"thumbnailUrl":"https:\/\/portaltela.pt\/s.01k8rhncp4jt1\/2026\/04\/2078405.jpg","datePublished":"2026-04-01T07:17:03+00:00","author":{"@id":"https:\/\/portaltela.pt\/#\/schema\/person\/c4278d4a6028830caff9ee44b42d32ed"},"breadcrumb":{"@id":"https:\/\/portaltela.pt\/noticias\/2026\/04\/01\/aeroporto-do-kuwait-atacado-israel-intensifica-pressao-sobre-teerao-e-beirute\/#breadcrumb"},"inLanguage":"pt-PT","potentialAction":[{"@type":"ReadAction","target":["https:\/\/portaltela.pt\/noticias\/2026\/04\/01\/aeroporto-do-kuwait-atacado-israel-intensifica-pressao-sobre-teerao-e-beirute\/"]}]},{"@type":"ImageObject","inLanguage":"pt-PT","@id":"https:\/\/portaltela.pt\/noticias\/2026\/04\/01\/aeroporto-do-kuwait-atacado-israel-intensifica-pressao-sobre-teerao-e-beirute\/#primaryimage","url":"https:\/\/portaltela.pt\/s.01k8rhncp4jt1\/2026\/04\/2078405.jpg","contentUrl":"https:\/\/portaltela.pt\/s.01k8rhncp4jt1\/2026\/04\/2078405.jpg","width":796,"height":448,"caption":"Um homem segura um c\u00e3o em Telavive depois de soarem os alarmes perante um ataque iraniano, a 1 de Abril de 2026"},{"@type":"BreadcrumbList","@id":"https:\/\/portaltela.pt\/noticias\/2026\/04\/01\/aeroporto-do-kuwait-atacado-israel-intensifica-pressao-sobre-teerao-e-beirute\/#breadcrumb","itemListElement":[{"@type":"ListItem","position":1,"name":"In\u00edcio","item":"https:\/\/portaltela.pt\/"},{"@type":"ListItem","position":2,"name":"Aeroporto do Kuwait atacado; Israel intensifica press\u00e3o sobre Teer\u00e3o e Beirute"}]},{"@type":"WebSite","@id":"https:\/\/portaltela.pt\/#website","url":"https:\/\/portaltela.pt\/","name":"Portal Tela Portugal","description":"","potentialAction":[{"@type":"SearchAction","target":{"@type":"EntryPoint","urlTemplate":"https:\/\/portaltela.pt\/?s={search_term_string}"},"query-input":{"@type":"PropertyValueSpecification","valueRequired":true,"valueName":"search_term_string"}}],"inLanguage":"pt-PT"},{"@type":"Person","@id":"https:\/\/portaltela.pt\/#\/schema\/person\/c4278d4a6028830caff9ee44b42d32ed","name":"Telinha","image":{"@type":"ImageObject","inLanguage":"pt-PT","@id":"https:\/\/portaltela.pt\/s.01k8rhncp4jt1\/2025\/11\/talking-bot-125x125.png","url":"https:\/\/portaltela.pt\/s.01k8rhncp4jt1\/2025\/11\/talking-bot-125x125.png","contentUrl":"https:\/\/portaltela.pt\/s.01k8rhncp4jt1\/2025\/11\/talking-bot-125x125.png","caption":"Telinha"},"sameAs":["https:\/\/portaltela.pt\/"],"url":"https:\/\/portaltela.pt\/por\/367410592786\/"}]}},"_links":{"self":[{"href":"https:\/\/portaltela.pt\/api\/wp\/v2\/posts\/428727","targetHints":{"allow":["GET"]}}],"collection":[{"href":"https:\/\/portaltela.pt\/api\/wp\/v2\/posts"}],"about":[{"href":"https:\/\/portaltela.pt\/api\/wp\/v2\/types\/post"}],"author":[{"embeddable":true,"href":"https:\/\/portaltela.pt\/api\/wp\/v2\/users\/2"}],"replies":[{"embeddable":true,"href":"https:\/\/portaltela.pt\/api\/wp\/v2\/comments?post=428727"}],"version-history":[{"count":0,"href":"https:\/\/portaltela.pt\/api\/wp\/v2\/posts\/428727\/revisions"}],"wp:featuredmedia":[{"embeddable":true,"href":"https:\/\/portaltela.pt\/api\/wp\/v2\/media\/428728"}],"wp:attachment":[{"href":"https:\/\/portaltela.pt\/api\/wp\/v2\/media?parent=428727"}],"wp:term":[{"taxonomy":"category","embeddable":true,"href":"https:\/\/portaltela.pt\/api\/wp\/v2\/categories?post=428727"},{"taxonomy":"post_tag","embeddable":true,"href":"https:\/\/portaltela.pt\/api\/wp\/v2\/tags?post=428727"}],"curies":[{"name":"wp","href":"https:\/\/api.w.org\/{rel}","templated":true}]}}