{"id":428721,"date":"2026-04-01T04:02:29","date_gmt":"2026-04-01T07:02:29","guid":{"rendered":"https:\/\/portaltela.pt\/noticias\/2026\/04\/01\/sns-aumenta-producao-nos-ultimos-anos-utentes-enfrentam-acesso-dificil\/"},"modified":"2026-04-01T04:02:29","modified_gmt":"2026-04-01T07:02:29","slug":"sns-aumenta-producao-nos-ultimos-anos-utentes-enfrentam-acesso-dificil","status":"publish","type":"post","link":"https:\/\/portaltela.pt\/saude\/2026\/04\/01\/sns-aumenta-producao-nos-ultimos-anos-utentes-enfrentam-acesso-dificil\/","title":{"rendered":"SNS aumenta produ\u00e7\u00e3o nos \u00faltimos anos, utentes enfrentam acesso dif\u00edcil"},"content":{"rendered":"<p>Ao SNS registou um aumento na produ\u00e7\u00e3o nos dois \u00faltimos anos, ainda que os utentes continuem a enfrentar dificuldades de acesso. Entre hospitais, as cirurgias programadas passaram de cerca de 715 mil em dezembro de 2023 para mais de 800 mil em dezembro de 2025.<\/p>\n<p>O panorama envolve 39 unidades locais de sa\u00fade, que gerem hospitais e centros de sa\u00fade, com quase 155 mil profissionais, mais cerca de quatro mil desde abril de 2024. Os dados s\u00e3o do portal da transpar\u00eancia.<\/p>\n<p>Apesar da recupera\u00e7\u00e3o de constrangimentos p\u00f3s-pandemia, o SNS continua a ter dificuldades no atendimento hospitalar e prim\u00e1rio. Em janeiro, 1.601.018 pessoas n\u00e3o tinham m\u00e9dico de fam\u00edlia, mais 35 mil do que h\u00e1 dois anos.<\/p>\n<p>A popula\u00e7\u00e3o inscrita nos cuidados de sa\u00fade prim\u00e1rios cresceu, de 10.354.881 para 10.746.324, cerca de 390 mil a mais. O n\u00famero de utilizadores com m\u00e9dico de fam\u00edlia atribu\u00eddo aumentou para 9.133.697, acrescentando 358 mil desde abril de 2024.<\/p>\n<h3>Desafios de acesso e respostas do Governo<\/h3>\n<p>Para enfrentar este cen\u00e1rio, o Governo tem apostado na cria\u00e7\u00e3o de centros de sa\u00fade com gest\u00e3o privada. Prev\u00eaem-se as primeiras unidades em Torres Vedras, Silves e Lagos no segundo semestre deste ano, ap\u00f3s atrasos no processo.<\/p>\n<p>No setor hospitalar, o esfor\u00e7o de produ\u00e7\u00e3o n\u00e3o reduziu as listas de espera: mais de um milh\u00e3o aguardavam consulta de especialidade no fim de 2025, mais 13,8% face a 2024, e cerca de 264 mil estavam \u00e0 espera de cirurgia, +3,4%.<\/p>\n<p>Urg\u00eancias com dificuldades de atendimento foram notadas na Pen\u00ednsula de Set\u00fabal, levando o Governo a promover urg\u00eancias regionais que concentram servi\u00e7os de v\u00e1rias ULS da regi\u00e3o. A medida tem gerado contesta\u00e7\u00e3o local.<\/p>\n<p>A primeira urg\u00eancia regional em funcionamento foi a de ginecologia e obstetr\u00edcia no Hospital de Loures. O Hospital Garcia de Orta, em Almada, prepara-se para abrir a 15 de abril, encerrando a urg\u00eancia do Barreiro.<\/p>\n<h3>Reforma do INEM e pol\u00edticas de acesso<\/h3>\n<p>O INEM esteve envolvido em controv\u00e9rsias, designadamente decis\u00f5es das greves de 2024, com a ministra a anunciar a refunda\u00e7\u00e3o do instituto. Uma Comiss\u00e3o Parlamentar investiga responsabilidades nesse processo.<\/p>\n<p>A refunda\u00e7\u00e3o inclui uma nova lei org\u00e2nica e est\u00e1 prevista a aprova\u00e7\u00e3o em breve. O presidente do INEM descreve a mudan\u00e7a como necess\u00e1ria para reorganizar as emerg\u00eancias e corrigir limita\u00e7\u00f5es estruturais.<\/p>\n<p>Paralelamente, o Governo apresenta um regulamento para disciplinar m\u00e9dicos sem v\u00ednculo ao SNS e refor\u00e7a o sistema de acesso a consultas e cirurgias, enquanto o SIGIC enfrenta falhas que levaram a casos de pagamentos elevados fora de hor\u00e1rio.<\/p>\n<h3>Despesa e carreiras<\/h3>\n<p>Ao longo de dois anos, sindicatos e partidos pediram a demiss\u00e3o de Ana Paula Martins, apontando para insufici\u00eancias no refor\u00e7o do SNS. A ministra mant\u00e9m a posi\u00e7\u00e3o de n\u00e3o abandonar a resolu\u00e7\u00e3o dos problemas.<\/p>\n<p>A cria\u00e7\u00e3o da Comiss\u00e3o de Combate \u00e0 Fraude no SNS, chefiada pelo juiz Carlos Alexandre, visa prevenir e detetar fraudes. O objetivo financeiro apontado \u00e9 poupar at\u00e9 800 milh\u00f5es de euros.<\/p>\n<p>Em 2025, o SNS viu despesas pr\u00f3ximas de 18 mil milh\u00f5es de euros, incluindo refor\u00e7os de 1.378 milh\u00f5es transferidos para hospitais na segunda metade do ano. O investimento na sa\u00fade manteve-se elevado, com recorde de 312 milh\u00f5es investidos pelos hospitais.<\/p>\n","protected":false},"excerpt":{"rendered":"<ul>\n<li>As cirurgias programadas nos hospitais passaram de setecentos e quinze mil em dezembro de 2023 para mais de oitocentos mil em dezembro de 2025.<\/li>\n<li>Apesar do aumento da produ\u00e7\u00e3o, os utentes continuam a enfrentar dificuldades de acesso, com listas de espera para consultas de especialidade e cirurgia, e constrangimentos nas urg\u00eancias.<\/li>\n<li>Ao entrar o Governo, havia 1.565.880 utentes sem m\u00e9dico de fam\u00edlia; no final de janeiro, esse n\u00famero subiu para 1.601.018.<\/li>\n<li>Os utentes inscritos nos cuidados prim\u00e1rios subiram para 10.746.324, e os atribu\u00eddos a um m\u00e9dico de fam\u00edlia passaram de 8.775.694 para 9.133.697.<\/li>\n<li>O Governo aposta em centros de sa\u00fade de gest\u00e3o privada, com aberturas previstas em Torres Vedras, Silves e Lagos; j\u00e1 h\u00e1 urg\u00eancia regional em funcionamento no Hospital de Loures, com a de Garcia de Orta marcada para 15 de abril; o SNS manteve um peso or\u00e7amental de cerca de 18 mil milh\u00f5es de euros em 2025.<\/li>\n<\/ul>\n","protected":false},"author":2,"featured_media":428722,"comment_status":"closed","ping_status":"closed","sticky":false,"template":"","format":"standard","meta":{"footnotes":""},"categories":[6745],"tags":[168,5334,5563,316,172,2824],"class_list":["post-428721","post","type-post","status-publish","format-standard","has-post-thumbnail","hentry","category-saude","tag-administracao-publica","tag-gestao-publica","tag-informacao-publica","tag-investimento","tag-saude","tag-setor-publico"],"yoast_head":"<!-- This site is optimized with the Yoast SEO plugin v27.2 - https:\/\/yoast.com\/product\/yoast-seo-wordpress\/ -->\n<title>SNS aumenta produ\u00e7\u00e3o nos \u00faltimos anos, utentes enfrentam acesso dif\u00edcil - Portal Tela Portugal<\/title>\n<meta name=\"robots\" content=\"index, follow, max-snippet:-1, max-image-preview:large, max-video-preview:-1\" \/>\n<meta property=\"og:locale\" content=\"pt_PT\" \/>\n<meta property=\"og:type\" content=\"article\" \/>\n<meta property=\"og:title\" content=\"SNS aumenta produ\u00e7\u00e3o nos \u00faltimos anos, utentes enfrentam acesso dif\u00edcil - Portal Tela Portugal\" \/>\n<meta property=\"og:description\" content=\"As cirurgias programadas nos hospitais passaram de setecentos e quinze mil em dezembro de 2023 para mais de oitocentos mil em dezembro de 2025. Apesar do aumento da produ\u00e7\u00e3o, os utentes continuam a enfrentar dificuldades de acesso, com listas de espera para consultas de especialidade e cirurgia, e constrangimentos nas urg\u00eancias. Ao entrar o Governo, havia 1.565.880 utentes sem m\u00e9dico de fam\u00edlia; no final de janeiro, esse n\u00famero subiu para 1.601.018. Os utentes inscritos nos cuidados prim\u00e1rios subiram para 10.746.324, e os atribu\u00eddos a um m\u00e9dico de fam\u00edlia passaram de 8.775.694 para 9.133.697. O Governo aposta em centros de sa\u00fade de gest\u00e3o privada, com aberturas previstas em Torres Vedras, Silves e Lagos; j\u00e1 h\u00e1 urg\u00eancia regional em funcionamento no Hospital de Loures, com a de Garcia de Orta marcada para 15 de abril; o SNS manteve um peso or\u00e7amental de cerca de 18 mil milh\u00f5es de euros em 2025.\" \/>\n<meta property=\"og:url\" content=\"https:\/\/portaltela.pt\/noticias\/2026\/04\/01\/sns-aumenta-producao-nos-ultimos-anos-utentes-enfrentam-acesso-dificil\/\" \/>\n<meta property=\"og:site_name\" content=\"Portal Tela Portugal\" \/>\n<meta property=\"article:published_time\" content=\"2026-04-01T07:02:29+00:00\" \/>\n<meta name=\"author\" content=\"Telinha\" \/>\n<meta name=\"twitter:card\" content=\"summary_large_image\" \/>\n<meta name=\"twitter:label1\" content=\"Escrito por\" \/>\n\t<meta name=\"twitter:data1\" content=\"Telinha\" \/>\n\t<meta name=\"twitter:label2\" content=\"Tempo estimado de leitura\" \/>\n\t<meta name=\"twitter:data2\" content=\"3 minutos\" \/>\n<script type=\"application\/ld+json\" class=\"yoast-schema-graph\">{\"@context\":\"https:\/\/schema.org\",\"@graph\":[{\"@type\":\"Article\",\"@id\":\"https:\/\/portaltela.pt\/noticias\/2026\/04\/01\/sns-aumenta-producao-nos-ultimos-anos-utentes-enfrentam-acesso-dificil\/#article\",\"isPartOf\":{\"@id\":\"https:\/\/portaltela.pt\/noticias\/2026\/04\/01\/sns-aumenta-producao-nos-ultimos-anos-utentes-enfrentam-acesso-dificil\/\"},\"author\":{\"name\":\"Telinha\",\"@id\":\"https:\/\/portaltela.pt\/#\/schema\/person\/c4278d4a6028830caff9ee44b42d32ed\"},\"headline\":\"SNS aumenta produ\u00e7\u00e3o nos \u00faltimos anos, utentes enfrentam acesso dif\u00edcil\",\"datePublished\":\"2026-04-01T07:02:29+00:00\",\"mainEntityOfPage\":{\"@id\":\"https:\/\/portaltela.pt\/noticias\/2026\/04\/01\/sns-aumenta-producao-nos-ultimos-anos-utentes-enfrentam-acesso-dificil\/\"},\"wordCount\":569,\"image\":{\"@id\":\"https:\/\/portaltela.pt\/noticias\/2026\/04\/01\/sns-aumenta-producao-nos-ultimos-anos-utentes-enfrentam-acesso-dificil\/#primaryimage\"},\"thumbnailUrl\":\"https:\/\/portaltela.pt\/s.01k8rhncp4jt1\/2026\/04\/img_1500x1000uu2022-12-06-21-51-26-1223194.jpg\",\"keywords\":[\"administra\u00e7\u00e3o p\u00fablica\",\"gest\u00e3o p\u00fablica\",\"informa\u00e7\u00e3o p\u00fablica\",\"investimento\",\"sa\u00fade\",\"setor p\u00fablico\"],\"articleSection\":[\"Sa\u00fade\"],\"inLanguage\":\"pt-PT\"},{\"@type\":\"WebPage\",\"@id\":\"https:\/\/portaltela.pt\/noticias\/2026\/04\/01\/sns-aumenta-producao-nos-ultimos-anos-utentes-enfrentam-acesso-dificil\/\",\"url\":\"https:\/\/portaltela.pt\/noticias\/2026\/04\/01\/sns-aumenta-producao-nos-ultimos-anos-utentes-enfrentam-acesso-dificil\/\",\"name\":\"SNS aumenta produ\u00e7\u00e3o nos \u00faltimos anos, utentes enfrentam acesso dif\u00edcil - Portal Tela Portugal\",\"isPartOf\":{\"@id\":\"https:\/\/portaltela.pt\/#website\"},\"primaryImageOfPage\":{\"@id\":\"https:\/\/portaltela.pt\/noticias\/2026\/04\/01\/sns-aumenta-producao-nos-ultimos-anos-utentes-enfrentam-acesso-dificil\/#primaryimage\"},\"image\":{\"@id\":\"https:\/\/portaltela.pt\/noticias\/2026\/04\/01\/sns-aumenta-producao-nos-ultimos-anos-utentes-enfrentam-acesso-dificil\/#primaryimage\"},\"thumbnailUrl\":\"https:\/\/portaltela.pt\/s.01k8rhncp4jt1\/2026\/04\/img_1500x1000uu2022-12-06-21-51-26-1223194.jpg\",\"datePublished\":\"2026-04-01T07:02:29+00:00\",\"author\":{\"@id\":\"https:\/\/portaltela.pt\/#\/schema\/person\/c4278d4a6028830caff9ee44b42d32ed\"},\"breadcrumb\":{\"@id\":\"https:\/\/portaltela.pt\/noticias\/2026\/04\/01\/sns-aumenta-producao-nos-ultimos-anos-utentes-enfrentam-acesso-dificil\/#breadcrumb\"},\"inLanguage\":\"pt-PT\",\"potentialAction\":[{\"@type\":\"ReadAction\",\"target\":[\"https:\/\/portaltela.pt\/noticias\/2026\/04\/01\/sns-aumenta-producao-nos-ultimos-anos-utentes-enfrentam-acesso-dificil\/\"]}]},{\"@type\":\"ImageObject\",\"inLanguage\":\"pt-PT\",\"@id\":\"https:\/\/portaltela.pt\/noticias\/2026\/04\/01\/sns-aumenta-producao-nos-ultimos-anos-utentes-enfrentam-acesso-dificil\/#primaryimage\",\"url\":\"https:\/\/portaltela.pt\/s.01k8rhncp4jt1\/2026\/04\/img_1500x1000uu2022-12-06-21-51-26-1223194.jpg\",\"contentUrl\":\"https:\/\/portaltela.pt\/s.01k8rhncp4jt1\/2026\/04\/img_1500x1000uu2022-12-06-21-51-26-1223194.jpg\",\"width\":796,\"height\":448,\"caption\":\"Linha SNS24\"},{\"@type\":\"BreadcrumbList\",\"@id\":\"https:\/\/portaltela.pt\/noticias\/2026\/04\/01\/sns-aumenta-producao-nos-ultimos-anos-utentes-enfrentam-acesso-dificil\/#breadcrumb\",\"itemListElement\":[{\"@type\":\"ListItem\",\"position\":1,\"name\":\"In\u00edcio\",\"item\":\"https:\/\/portaltela.pt\/\"},{\"@type\":\"ListItem\",\"position\":2,\"name\":\"SNS aumenta produ\u00e7\u00e3o nos \u00faltimos anos, utentes enfrentam acesso dif\u00edcil\"}]},{\"@type\":\"WebSite\",\"@id\":\"https:\/\/portaltela.pt\/#website\",\"url\":\"https:\/\/portaltela.pt\/\",\"name\":\"Portal Tela Portugal\",\"description\":\"\",\"potentialAction\":[{\"@type\":\"SearchAction\",\"target\":{\"@type\":\"EntryPoint\",\"urlTemplate\":\"https:\/\/portaltela.pt\/?s={search_term_string}\"},\"query-input\":{\"@type\":\"PropertyValueSpecification\",\"valueRequired\":true,\"valueName\":\"search_term_string\"}}],\"inLanguage\":\"pt-PT\"},{\"@type\":\"Person\",\"@id\":\"https:\/\/portaltela.pt\/#\/schema\/person\/c4278d4a6028830caff9ee44b42d32ed\",\"name\":\"Telinha\",\"image\":{\"@type\":\"ImageObject\",\"inLanguage\":\"pt-PT\",\"@id\":\"https:\/\/portaltela.pt\/s.01k8rhncp4jt1\/2025\/11\/talking-bot-125x125.png\",\"url\":\"https:\/\/portaltela.pt\/s.01k8rhncp4jt1\/2025\/11\/talking-bot-125x125.png\",\"contentUrl\":\"https:\/\/portaltela.pt\/s.01k8rhncp4jt1\/2025\/11\/talking-bot-125x125.png\",\"caption\":\"Telinha\"},\"sameAs\":[\"https:\/\/portaltela.pt\/\"],\"url\":\"https:\/\/portaltela.pt\/por\/367410592786\/\"}]}<\/script>\n<!-- \/ Yoast SEO plugin. -->","yoast_head_json":{"title":"SNS aumenta produ\u00e7\u00e3o nos \u00faltimos anos, utentes enfrentam acesso dif\u00edcil - Portal Tela Portugal","robots":{"index":"index","follow":"follow","max-snippet":"max-snippet:-1","max-image-preview":"max-image-preview:large","max-video-preview":"max-video-preview:-1"},"og_locale":"pt_PT","og_type":"article","og_title":"SNS aumenta produ\u00e7\u00e3o nos \u00faltimos anos, utentes enfrentam acesso dif\u00edcil - Portal Tela Portugal","og_description":"As cirurgias programadas nos hospitais passaram de setecentos e quinze mil em dezembro de 2023 para mais de oitocentos mil em dezembro de 2025. Apesar do aumento da produ\u00e7\u00e3o, os utentes continuam a enfrentar dificuldades de acesso, com listas de espera para consultas de especialidade e cirurgia, e constrangimentos nas urg\u00eancias. Ao entrar o Governo, havia 1.565.880 utentes sem m\u00e9dico de fam\u00edlia; no final de janeiro, esse n\u00famero subiu para 1.601.018. Os utentes inscritos nos cuidados prim\u00e1rios subiram para 10.746.324, e os atribu\u00eddos a um m\u00e9dico de fam\u00edlia passaram de 8.775.694 para 9.133.697. O Governo aposta em centros de sa\u00fade de gest\u00e3o privada, com aberturas previstas em Torres Vedras, Silves e Lagos; j\u00e1 h\u00e1 urg\u00eancia regional em funcionamento no Hospital de Loures, com a de Garcia de Orta marcada para 15 de abril; o SNS manteve um peso or\u00e7amental de cerca de 18 mil milh\u00f5es de euros em 2025.","og_url":"https:\/\/portaltela.pt\/noticias\/2026\/04\/01\/sns-aumenta-producao-nos-ultimos-anos-utentes-enfrentam-acesso-dificil\/","og_site_name":"Portal Tela Portugal","article_published_time":"2026-04-01T07:02:29+00:00","author":"Telinha","twitter_card":"summary_large_image","twitter_misc":{"Escrito por":"Telinha","Tempo estimado de leitura":"3 minutos"},"schema":{"@context":"https:\/\/schema.org","@graph":[{"@type":"Article","@id":"https:\/\/portaltela.pt\/noticias\/2026\/04\/01\/sns-aumenta-producao-nos-ultimos-anos-utentes-enfrentam-acesso-dificil\/#article","isPartOf":{"@id":"https:\/\/portaltela.pt\/noticias\/2026\/04\/01\/sns-aumenta-producao-nos-ultimos-anos-utentes-enfrentam-acesso-dificil\/"},"author":{"name":"Telinha","@id":"https:\/\/portaltela.pt\/#\/schema\/person\/c4278d4a6028830caff9ee44b42d32ed"},"headline":"SNS aumenta produ\u00e7\u00e3o nos \u00faltimos anos, utentes enfrentam acesso dif\u00edcil","datePublished":"2026-04-01T07:02:29+00:00","mainEntityOfPage":{"@id":"https:\/\/portaltela.pt\/noticias\/2026\/04\/01\/sns-aumenta-producao-nos-ultimos-anos-utentes-enfrentam-acesso-dificil\/"},"wordCount":569,"image":{"@id":"https:\/\/portaltela.pt\/noticias\/2026\/04\/01\/sns-aumenta-producao-nos-ultimos-anos-utentes-enfrentam-acesso-dificil\/#primaryimage"},"thumbnailUrl":"https:\/\/portaltela.pt\/s.01k8rhncp4jt1\/2026\/04\/img_1500x1000uu2022-12-06-21-51-26-1223194.jpg","keywords":["administra\u00e7\u00e3o p\u00fablica","gest\u00e3o p\u00fablica","informa\u00e7\u00e3o p\u00fablica","investimento","sa\u00fade","setor p\u00fablico"],"articleSection":["Sa\u00fade"],"inLanguage":"pt-PT"},{"@type":"WebPage","@id":"https:\/\/portaltela.pt\/noticias\/2026\/04\/01\/sns-aumenta-producao-nos-ultimos-anos-utentes-enfrentam-acesso-dificil\/","url":"https:\/\/portaltela.pt\/noticias\/2026\/04\/01\/sns-aumenta-producao-nos-ultimos-anos-utentes-enfrentam-acesso-dificil\/","name":"SNS aumenta produ\u00e7\u00e3o nos \u00faltimos anos, utentes enfrentam acesso dif\u00edcil - Portal Tela Portugal","isPartOf":{"@id":"https:\/\/portaltela.pt\/#website"},"primaryImageOfPage":{"@id":"https:\/\/portaltela.pt\/noticias\/2026\/04\/01\/sns-aumenta-producao-nos-ultimos-anos-utentes-enfrentam-acesso-dificil\/#primaryimage"},"image":{"@id":"https:\/\/portaltela.pt\/noticias\/2026\/04\/01\/sns-aumenta-producao-nos-ultimos-anos-utentes-enfrentam-acesso-dificil\/#primaryimage"},"thumbnailUrl":"https:\/\/portaltela.pt\/s.01k8rhncp4jt1\/2026\/04\/img_1500x1000uu2022-12-06-21-51-26-1223194.jpg","datePublished":"2026-04-01T07:02:29+00:00","author":{"@id":"https:\/\/portaltela.pt\/#\/schema\/person\/c4278d4a6028830caff9ee44b42d32ed"},"breadcrumb":{"@id":"https:\/\/portaltela.pt\/noticias\/2026\/04\/01\/sns-aumenta-producao-nos-ultimos-anos-utentes-enfrentam-acesso-dificil\/#breadcrumb"},"inLanguage":"pt-PT","potentialAction":[{"@type":"ReadAction","target":["https:\/\/portaltela.pt\/noticias\/2026\/04\/01\/sns-aumenta-producao-nos-ultimos-anos-utentes-enfrentam-acesso-dificil\/"]}]},{"@type":"ImageObject","inLanguage":"pt-PT","@id":"https:\/\/portaltela.pt\/noticias\/2026\/04\/01\/sns-aumenta-producao-nos-ultimos-anos-utentes-enfrentam-acesso-dificil\/#primaryimage","url":"https:\/\/portaltela.pt\/s.01k8rhncp4jt1\/2026\/04\/img_1500x1000uu2022-12-06-21-51-26-1223194.jpg","contentUrl":"https:\/\/portaltela.pt\/s.01k8rhncp4jt1\/2026\/04\/img_1500x1000uu2022-12-06-21-51-26-1223194.jpg","width":796,"height":448,"caption":"Linha SNS24"},{"@type":"BreadcrumbList","@id":"https:\/\/portaltela.pt\/noticias\/2026\/04\/01\/sns-aumenta-producao-nos-ultimos-anos-utentes-enfrentam-acesso-dificil\/#breadcrumb","itemListElement":[{"@type":"ListItem","position":1,"name":"In\u00edcio","item":"https:\/\/portaltela.pt\/"},{"@type":"ListItem","position":2,"name":"SNS aumenta produ\u00e7\u00e3o nos \u00faltimos anos, utentes enfrentam acesso dif\u00edcil"}]},{"@type":"WebSite","@id":"https:\/\/portaltela.pt\/#website","url":"https:\/\/portaltela.pt\/","name":"Portal Tela Portugal","description":"","potentialAction":[{"@type":"SearchAction","target":{"@type":"EntryPoint","urlTemplate":"https:\/\/portaltela.pt\/?s={search_term_string}"},"query-input":{"@type":"PropertyValueSpecification","valueRequired":true,"valueName":"search_term_string"}}],"inLanguage":"pt-PT"},{"@type":"Person","@id":"https:\/\/portaltela.pt\/#\/schema\/person\/c4278d4a6028830caff9ee44b42d32ed","name":"Telinha","image":{"@type":"ImageObject","inLanguage":"pt-PT","@id":"https:\/\/portaltela.pt\/s.01k8rhncp4jt1\/2025\/11\/talking-bot-125x125.png","url":"https:\/\/portaltela.pt\/s.01k8rhncp4jt1\/2025\/11\/talking-bot-125x125.png","contentUrl":"https:\/\/portaltela.pt\/s.01k8rhncp4jt1\/2025\/11\/talking-bot-125x125.png","caption":"Telinha"},"sameAs":["https:\/\/portaltela.pt\/"],"url":"https:\/\/portaltela.pt\/por\/367410592786\/"}]}},"_links":{"self":[{"href":"https:\/\/portaltela.pt\/api\/wp\/v2\/posts\/428721","targetHints":{"allow":["GET"]}}],"collection":[{"href":"https:\/\/portaltela.pt\/api\/wp\/v2\/posts"}],"about":[{"href":"https:\/\/portaltela.pt\/api\/wp\/v2\/types\/post"}],"author":[{"embeddable":true,"href":"https:\/\/portaltela.pt\/api\/wp\/v2\/users\/2"}],"replies":[{"embeddable":true,"href":"https:\/\/portaltela.pt\/api\/wp\/v2\/comments?post=428721"}],"version-history":[{"count":0,"href":"https:\/\/portaltela.pt\/api\/wp\/v2\/posts\/428721\/revisions"}],"wp:featuredmedia":[{"embeddable":true,"href":"https:\/\/portaltela.pt\/api\/wp\/v2\/media\/428722"}],"wp:attachment":[{"href":"https:\/\/portaltela.pt\/api\/wp\/v2\/media?parent=428721"}],"wp:term":[{"taxonomy":"category","embeddable":true,"href":"https:\/\/portaltela.pt\/api\/wp\/v2\/categories?post=428721"},{"taxonomy":"post_tag","embeddable":true,"href":"https:\/\/portaltela.pt\/api\/wp\/v2\/tags?post=428721"}],"curies":[{"name":"wp","href":"https:\/\/api.w.org\/{rel}","templated":true}]}}