{"id":428706,"date":"2026-04-01T03:47:11","date_gmt":"2026-04-01T06:47:11","guid":{"rendered":"https:\/\/portaltela.pt\/noticias\/2026\/04\/01\/ue-alerta-precos-do-petroleo-e-do-gas-nao-voltam-normal-apos-a-guerra-no-irao\/"},"modified":"2026-04-01T03:47:11","modified_gmt":"2026-04-01T06:47:11","slug":"ue-alerta-precos-do-petroleo-e-do-gas-nao-voltam-normal-apos-a-guerra-no-irao","status":"publish","type":"post","link":"https:\/\/portaltela.pt\/noticias\/economia\/2026\/04\/01\/ue-alerta-precos-do-petroleo-e-do-gas-nao-voltam-normal-apos-a-guerra-no-irao\/","title":{"rendered":"UE alerta: pre\u00e7os do petr\u00f3leo e do g\u00e1s n\u00e3o voltam normal ap\u00f3s a guerra no Ir\u00e3o"},"content":{"rendered":"<p>A UE avisou que os pre\u00e7os do petr\u00f3leo e do g\u00e1s n\u00e3o voltam aos n\u00edveis anteriores \u00e0 guerra no Ir\u00e3o, mesmo que a paz seja anunciada. A press\u00e3o sobre o abastecimento e a escassez nos mercados globais sustentam a press\u00e3o.<\/p>\n<p>O comiss\u00e1rio da Energia, Dan J\u00f8rgensen, disse que n\u00e3o h\u00e1 escassez imediata no bloco de 27, mas h\u00e1 press\u00e3o sobre o gas\u00f3leo, o combust\u00edvel de avia\u00e7\u00e3o e restri\u00e7\u00f5es crescentes no g\u00e1s, o que eleva o custo da eletricidade.<\/p>\n<p>Segundo a Comiss\u00e3o, o pre\u00e7o do g\u00e1s subiu cerca de 70% e o do petr\u00f3leo 60% na UE desde o in\u00edcio do conflito, e a fatura com combust\u00edveis f\u00f3sseis aumentou 14 mil milh\u00f5es de euros.<\/p>\n<p>A UE prepara uma s\u00e9rie de medidas para apoiar fam\u00edlias e empresas, incluindo instrumentos para dissociar pre\u00e7os do g\u00e1s dos da eletricidade, a serem anunciados em breve.<\/p>\n<p>Tamb\u00e9m se discute uma redu\u00e7\u00e3o de impostos sobre a eletricidade, conforme sugerido pela presidente Ursula von der Leyen, bem como um poss\u00edvel imposto extraordin\u00e1rio \u00e0s empresas gas\u00edferas.<\/p>\n<p>Existem benef\u00edcios para Estados-membros apoiarem grupos vulner\u00e1veis e ind\u00fastrias sob stress, com regras mais simples e amplas para esse tipo de apoio.<\/p>\n<h3>Plano de 10 pontos<\/h3>\n<p>A UE incentiva cumprir o plano da Ag\u00eancia Internacional de Energia, com medidas como flexibilizar teletrabalho, reduzir velocidade, incentivar transportes p\u00fablicos e partilha de autom\u00f3veis.<\/p>\n<p>A redu\u00e7\u00e3o da depend\u00eancia do g\u00e1s russo mant\u00e9m-se central no programa, passando de 45% para 10% e esperando-se zero com o aumento de fornecedores alternativos, sobretudo dos EUA.<\/p>\n<p>A UE explora novas fontes de energia com Azerbeij\u00e3o, Arg\u00e9lia e Canad\u00e1, entre outros produtores, para refor\u00e7ar o abastecimento e a seguran\u00e7a energ\u00e9tica.<\/p>\n<p>O comiss\u00e1rio advertiu contra repetir erros passados, evitando que a energia seja usada como arma econ\u00f3mica contra a UE e que se financie a guerra na Ucr\u00e2nia atrav\u00e9s de importa\u00e7\u00f5es energ\u00e9ticas.<\/p>\n","protected":false},"excerpt":{"rendered":"<ul>\n<li>A Uni\u00e3o Europeia avisou que os pre\u00e7os do petr\u00f3leo e do g\u00e1s n\u00e3o v\u00e3o regressar ao normal em breve, mesmo que a guerra no Ir\u00e3o termine.<\/li>\n<li>A fatura da UE com combust\u00edveis f\u00f3sseis subiu cerca de 14 mil milh\u00f5es de euros desde o in\u00edcio do conflito, com aumentos de cerca de 70% no g\u00e1s e 60% no petr\u00f3leo.<\/li>\n<li>O comiss\u00e1rio da Energia, Dan J\u00f8rgensen, anunciou medidas para apoiar fam\u00edlias e empresas, incluindo dissociar os pre\u00e7os do g\u00e1s dos da eletricidade e poss\u00edvel redu\u00e7\u00e3o de impostos sobre a eletricidade; encorajou tamb\u00e9m seguir o plano de 10 pontos da Ag\u00eancia Internacional de Energia.<\/li>\n<li>A UE est\u00e1 a preparar uma \u201ccaixa de ferramentas\u201d de apoio financeiro a grupos vulner\u00e1veis e ind\u00fastrias sob stress, de forma coordenada entre Estados-membros; pode manter um imposto extraordin\u00e1rio sobre empresas do g\u00e1s.<\/li>\n<li>A UE continua a reduzir a depend\u00eancia do g\u00e1s russo, que caiu de 45% para 10% e pode chegar a zero com fontes alternativas; procura novos fornecedores como Azerbaij\u00e3o, Arg\u00e9lia e Canad\u00e1.<\/li>\n<\/ul>\n","protected":false},"author":2,"featured_media":428708,"comment_status":"closed","ping_status":"closed","sticky":false,"template":"","format":"standard","meta":{"footnotes":""},"categories":[2,6735],"tags":[4729,28,174,4549,3603,2055],"class_list":["post-428706","post","type-post","status-publish","format-standard","has-post-thumbnail","hentry","category-economia","category-negocios","tag-abastecimento-de-energia","tag-economia","tag-energia","tag-energia-eletrica","tag-energias-renovaveis","tag-uniao-europeia"],"yoast_head":"<!-- This site is optimized with the Yoast SEO plugin v27.2 - https:\/\/yoast.com\/product\/yoast-seo-wordpress\/ -->\n<title>UE alerta: pre\u00e7os do petr\u00f3leo e do g\u00e1s n\u00e3o voltam normal ap\u00f3s a guerra no Ir\u00e3o - Portal Tela Portugal<\/title>\n<meta name=\"robots\" content=\"index, follow, max-snippet:-1, max-image-preview:large, max-video-preview:-1\" \/>\n<meta property=\"og:locale\" content=\"pt_PT\" \/>\n<meta property=\"og:type\" content=\"article\" \/>\n<meta property=\"og:title\" content=\"UE alerta: pre\u00e7os do petr\u00f3leo e do g\u00e1s n\u00e3o voltam normal ap\u00f3s a guerra no Ir\u00e3o - Portal Tela Portugal\" \/>\n<meta property=\"og:description\" content=\"A Uni\u00e3o Europeia avisou que os pre\u00e7os do petr\u00f3leo e do g\u00e1s n\u00e3o v\u00e3o regressar ao normal em breve, mesmo que a guerra no Ir\u00e3o termine. A fatura da UE com combust\u00edveis f\u00f3sseis subiu cerca de 14 mil milh\u00f5es de euros desde o in\u00edcio do conflito, com aumentos de cerca de 70% no g\u00e1s e 60% no petr\u00f3leo. O comiss\u00e1rio da Energia, Dan J\u00f8rgensen, anunciou medidas para apoiar fam\u00edlias e empresas, incluindo dissociar os pre\u00e7os do g\u00e1s dos da eletricidade e poss\u00edvel redu\u00e7\u00e3o de impostos sobre a eletricidade; encorajou tamb\u00e9m seguir o plano de 10 pontos da Ag\u00eancia Internacional de Energia. A UE est\u00e1 a preparar uma \u201ccaixa de ferramentas\u201d de apoio financeiro a grupos vulner\u00e1veis e ind\u00fastrias sob stress, de forma coordenada entre Estados-membros; pode manter um imposto extraordin\u00e1rio sobre empresas do g\u00e1s. A UE continua a reduzir a depend\u00eancia do g\u00e1s russo, que caiu de 45% para 10% e pode chegar a zero com fontes alternativas; procura novos fornecedores como Azerbaij\u00e3o, Arg\u00e9lia e Canad\u00e1.\" \/>\n<meta property=\"og:url\" content=\"https:\/\/portaltela.pt\/noticias\/2026\/04\/01\/ue-alerta-precos-do-petroleo-e-do-gas-nao-voltam-normal-apos-a-guerra-no-irao\/\" \/>\n<meta property=\"og:site_name\" content=\"Portal Tela Portugal\" \/>\n<meta property=\"article:published_time\" content=\"2026-04-01T06:47:11+00:00\" \/>\n<meta name=\"author\" content=\"Telinha\" \/>\n<meta name=\"twitter:card\" content=\"summary_large_image\" \/>\n<meta name=\"twitter:label1\" content=\"Escrito por\" \/>\n\t<meta name=\"twitter:data1\" content=\"Telinha\" \/>\n\t<meta name=\"twitter:label2\" content=\"Tempo estimado de leitura\" \/>\n\t<meta name=\"twitter:data2\" content=\"2 minutos\" \/>\n<script type=\"application\/ld+json\" class=\"yoast-schema-graph\">{\"@context\":\"https:\/\/schema.org\",\"@graph\":[{\"@type\":\"Article\",\"@id\":\"https:\/\/portaltela.pt\/noticias\/2026\/04\/01\/ue-alerta-precos-do-petroleo-e-do-gas-nao-voltam-normal-apos-a-guerra-no-irao\/#article\",\"isPartOf\":{\"@id\":\"https:\/\/portaltela.pt\/noticias\/2026\/04\/01\/ue-alerta-precos-do-petroleo-e-do-gas-nao-voltam-normal-apos-a-guerra-no-irao\/\"},\"author\":{\"name\":\"Telinha\",\"@id\":\"https:\/\/portaltela.pt\/#\/schema\/person\/c4278d4a6028830caff9ee44b42d32ed\"},\"headline\":\"UE alerta: pre\u00e7os do petr\u00f3leo e do g\u00e1s n\u00e3o voltam normal ap\u00f3s a guerra no Ir\u00e3o\",\"datePublished\":\"2026-04-01T06:47:11+00:00\",\"mainEntityOfPage\":{\"@id\":\"https:\/\/portaltela.pt\/noticias\/2026\/04\/01\/ue-alerta-precos-do-petroleo-e-do-gas-nao-voltam-normal-apos-a-guerra-no-irao\/\"},\"wordCount\":369,\"image\":{\"@id\":\"https:\/\/portaltela.pt\/noticias\/2026\/04\/01\/ue-alerta-precos-do-petroleo-e-do-gas-nao-voltam-normal-apos-a-guerra-no-irao\/#primaryimage\"},\"thumbnailUrl\":\"https:\/\/portaltela.pt\/s.01k8rhncp4jt1\/2026\/04\/1536x864_cmsv2_07dd6e64-a96b-5e2c-bf18-8ec0a9b47bfc-9706227.jpg\",\"keywords\":[\"abastecimento de energia\",\"economia\",\"energia\",\"energia el\u00e9trica\",\"energias renov\u00e1veis\",\"Uni\u00e3o Europeia\"],\"articleSection\":[\"Economia\",\"Neg\u00f3cios\"],\"inLanguage\":\"pt-PT\"},{\"@type\":\"WebPage\",\"@id\":\"https:\/\/portaltela.pt\/noticias\/2026\/04\/01\/ue-alerta-precos-do-petroleo-e-do-gas-nao-voltam-normal-apos-a-guerra-no-irao\/\",\"url\":\"https:\/\/portaltela.pt\/noticias\/2026\/04\/01\/ue-alerta-precos-do-petroleo-e-do-gas-nao-voltam-normal-apos-a-guerra-no-irao\/\",\"name\":\"UE alerta: pre\u00e7os do petr\u00f3leo e do g\u00e1s n\u00e3o voltam normal ap\u00f3s a guerra no Ir\u00e3o - Portal Tela Portugal\",\"isPartOf\":{\"@id\":\"https:\/\/portaltela.pt\/#website\"},\"primaryImageOfPage\":{\"@id\":\"https:\/\/portaltela.pt\/noticias\/2026\/04\/01\/ue-alerta-precos-do-petroleo-e-do-gas-nao-voltam-normal-apos-a-guerra-no-irao\/#primaryimage\"},\"image\":{\"@id\":\"https:\/\/portaltela.pt\/noticias\/2026\/04\/01\/ue-alerta-precos-do-petroleo-e-do-gas-nao-voltam-normal-apos-a-guerra-no-irao\/#primaryimage\"},\"thumbnailUrl\":\"https:\/\/portaltela.pt\/s.01k8rhncp4jt1\/2026\/04\/1536x864_cmsv2_07dd6e64-a96b-5e2c-bf18-8ec0a9b47bfc-9706227.jpg\",\"datePublished\":\"2026-04-01T06:47:11+00:00\",\"author\":{\"@id\":\"https:\/\/portaltela.pt\/#\/schema\/person\/c4278d4a6028830caff9ee44b42d32ed\"},\"breadcrumb\":{\"@id\":\"https:\/\/portaltela.pt\/noticias\/2026\/04\/01\/ue-alerta-precos-do-petroleo-e-do-gas-nao-voltam-normal-apos-a-guerra-no-irao\/#breadcrumb\"},\"inLanguage\":\"pt-PT\",\"potentialAction\":[{\"@type\":\"ReadAction\",\"target\":[\"https:\/\/portaltela.pt\/noticias\/2026\/04\/01\/ue-alerta-precos-do-petroleo-e-do-gas-nao-voltam-normal-apos-a-guerra-no-irao\/\"]}]},{\"@type\":\"ImageObject\",\"inLanguage\":\"pt-PT\",\"@id\":\"https:\/\/portaltela.pt\/noticias\/2026\/04\/01\/ue-alerta-precos-do-petroleo-e-do-gas-nao-voltam-normal-apos-a-guerra-no-irao\/#primaryimage\",\"url\":\"https:\/\/portaltela.pt\/s.01k8rhncp4jt1\/2026\/04\/1536x864_cmsv2_07dd6e64-a96b-5e2c-bf18-8ec0a9b47bfc-9706227.jpg\",\"contentUrl\":\"https:\/\/portaltela.pt\/s.01k8rhncp4jt1\/2026\/04\/1536x864_cmsv2_07dd6e64-a96b-5e2c-bf18-8ec0a9b47bfc-9706227.jpg\",\"width\":796,\"height\":448,\"caption\":\"O sol p\u00f4s-se atr\u00e1s de uma bomba de gasolina em Frankfurt, Alemanha, na ter\u00e7a-feira, 31 de mar\u00e7o de 2026.\"},{\"@type\":\"BreadcrumbList\",\"@id\":\"https:\/\/portaltela.pt\/noticias\/2026\/04\/01\/ue-alerta-precos-do-petroleo-e-do-gas-nao-voltam-normal-apos-a-guerra-no-irao\/#breadcrumb\",\"itemListElement\":[{\"@type\":\"ListItem\",\"position\":1,\"name\":\"In\u00edcio\",\"item\":\"https:\/\/portaltela.pt\/\"},{\"@type\":\"ListItem\",\"position\":2,\"name\":\"UE alerta: pre\u00e7os do petr\u00f3leo e do g\u00e1s n\u00e3o voltam normal ap\u00f3s a guerra no Ir\u00e3o\"}]},{\"@type\":\"WebSite\",\"@id\":\"https:\/\/portaltela.pt\/#website\",\"url\":\"https:\/\/portaltela.pt\/\",\"name\":\"Portal Tela Portugal\",\"description\":\"\",\"potentialAction\":[{\"@type\":\"SearchAction\",\"target\":{\"@type\":\"EntryPoint\",\"urlTemplate\":\"https:\/\/portaltela.pt\/?s={search_term_string}\"},\"query-input\":{\"@type\":\"PropertyValueSpecification\",\"valueRequired\":true,\"valueName\":\"search_term_string\"}}],\"inLanguage\":\"pt-PT\"},{\"@type\":\"Person\",\"@id\":\"https:\/\/portaltela.pt\/#\/schema\/person\/c4278d4a6028830caff9ee44b42d32ed\",\"name\":\"Telinha\",\"image\":{\"@type\":\"ImageObject\",\"inLanguage\":\"pt-PT\",\"@id\":\"https:\/\/portaltela.pt\/s.01k8rhncp4jt1\/2025\/11\/talking-bot-125x125.png\",\"url\":\"https:\/\/portaltela.pt\/s.01k8rhncp4jt1\/2025\/11\/talking-bot-125x125.png\",\"contentUrl\":\"https:\/\/portaltela.pt\/s.01k8rhncp4jt1\/2025\/11\/talking-bot-125x125.png\",\"caption\":\"Telinha\"},\"sameAs\":[\"https:\/\/portaltela.pt\/\"],\"url\":\"https:\/\/portaltela.pt\/por\/367410592786\/\"}]}<\/script>\n<!-- \/ Yoast SEO plugin. -->","yoast_head_json":{"title":"UE alerta: pre\u00e7os do petr\u00f3leo e do g\u00e1s n\u00e3o voltam normal ap\u00f3s a guerra no Ir\u00e3o - Portal Tela Portugal","robots":{"index":"index","follow":"follow","max-snippet":"max-snippet:-1","max-image-preview":"max-image-preview:large","max-video-preview":"max-video-preview:-1"},"og_locale":"pt_PT","og_type":"article","og_title":"UE alerta: pre\u00e7os do petr\u00f3leo e do g\u00e1s n\u00e3o voltam normal ap\u00f3s a guerra no Ir\u00e3o - Portal Tela Portugal","og_description":"A Uni\u00e3o Europeia avisou que os pre\u00e7os do petr\u00f3leo e do g\u00e1s n\u00e3o v\u00e3o regressar ao normal em breve, mesmo que a guerra no Ir\u00e3o termine. A fatura da UE com combust\u00edveis f\u00f3sseis subiu cerca de 14 mil milh\u00f5es de euros desde o in\u00edcio do conflito, com aumentos de cerca de 70% no g\u00e1s e 60% no petr\u00f3leo. O comiss\u00e1rio da Energia, Dan J\u00f8rgensen, anunciou medidas para apoiar fam\u00edlias e empresas, incluindo dissociar os pre\u00e7os do g\u00e1s dos da eletricidade e poss\u00edvel redu\u00e7\u00e3o de impostos sobre a eletricidade; encorajou tamb\u00e9m seguir o plano de 10 pontos da Ag\u00eancia Internacional de Energia. A UE est\u00e1 a preparar uma \u201ccaixa de ferramentas\u201d de apoio financeiro a grupos vulner\u00e1veis e ind\u00fastrias sob stress, de forma coordenada entre Estados-membros; pode manter um imposto extraordin\u00e1rio sobre empresas do g\u00e1s. A UE continua a reduzir a depend\u00eancia do g\u00e1s russo, que caiu de 45% para 10% e pode chegar a zero com fontes alternativas; procura novos fornecedores como Azerbaij\u00e3o, Arg\u00e9lia e Canad\u00e1.","og_url":"https:\/\/portaltela.pt\/noticias\/2026\/04\/01\/ue-alerta-precos-do-petroleo-e-do-gas-nao-voltam-normal-apos-a-guerra-no-irao\/","og_site_name":"Portal Tela Portugal","article_published_time":"2026-04-01T06:47:11+00:00","author":"Telinha","twitter_card":"summary_large_image","twitter_misc":{"Escrito por":"Telinha","Tempo estimado de leitura":"2 minutos"},"schema":{"@context":"https:\/\/schema.org","@graph":[{"@type":"Article","@id":"https:\/\/portaltela.pt\/noticias\/2026\/04\/01\/ue-alerta-precos-do-petroleo-e-do-gas-nao-voltam-normal-apos-a-guerra-no-irao\/#article","isPartOf":{"@id":"https:\/\/portaltela.pt\/noticias\/2026\/04\/01\/ue-alerta-precos-do-petroleo-e-do-gas-nao-voltam-normal-apos-a-guerra-no-irao\/"},"author":{"name":"Telinha","@id":"https:\/\/portaltela.pt\/#\/schema\/person\/c4278d4a6028830caff9ee44b42d32ed"},"headline":"UE alerta: pre\u00e7os do petr\u00f3leo e do g\u00e1s n\u00e3o voltam normal ap\u00f3s a guerra no Ir\u00e3o","datePublished":"2026-04-01T06:47:11+00:00","mainEntityOfPage":{"@id":"https:\/\/portaltela.pt\/noticias\/2026\/04\/01\/ue-alerta-precos-do-petroleo-e-do-gas-nao-voltam-normal-apos-a-guerra-no-irao\/"},"wordCount":369,"image":{"@id":"https:\/\/portaltela.pt\/noticias\/2026\/04\/01\/ue-alerta-precos-do-petroleo-e-do-gas-nao-voltam-normal-apos-a-guerra-no-irao\/#primaryimage"},"thumbnailUrl":"https:\/\/portaltela.pt\/s.01k8rhncp4jt1\/2026\/04\/1536x864_cmsv2_07dd6e64-a96b-5e2c-bf18-8ec0a9b47bfc-9706227.jpg","keywords":["abastecimento de energia","economia","energia","energia el\u00e9trica","energias renov\u00e1veis","Uni\u00e3o Europeia"],"articleSection":["Economia","Neg\u00f3cios"],"inLanguage":"pt-PT"},{"@type":"WebPage","@id":"https:\/\/portaltela.pt\/noticias\/2026\/04\/01\/ue-alerta-precos-do-petroleo-e-do-gas-nao-voltam-normal-apos-a-guerra-no-irao\/","url":"https:\/\/portaltela.pt\/noticias\/2026\/04\/01\/ue-alerta-precos-do-petroleo-e-do-gas-nao-voltam-normal-apos-a-guerra-no-irao\/","name":"UE alerta: pre\u00e7os do petr\u00f3leo e do g\u00e1s n\u00e3o voltam normal ap\u00f3s a guerra no Ir\u00e3o - Portal Tela Portugal","isPartOf":{"@id":"https:\/\/portaltela.pt\/#website"},"primaryImageOfPage":{"@id":"https:\/\/portaltela.pt\/noticias\/2026\/04\/01\/ue-alerta-precos-do-petroleo-e-do-gas-nao-voltam-normal-apos-a-guerra-no-irao\/#primaryimage"},"image":{"@id":"https:\/\/portaltela.pt\/noticias\/2026\/04\/01\/ue-alerta-precos-do-petroleo-e-do-gas-nao-voltam-normal-apos-a-guerra-no-irao\/#primaryimage"},"thumbnailUrl":"https:\/\/portaltela.pt\/s.01k8rhncp4jt1\/2026\/04\/1536x864_cmsv2_07dd6e64-a96b-5e2c-bf18-8ec0a9b47bfc-9706227.jpg","datePublished":"2026-04-01T06:47:11+00:00","author":{"@id":"https:\/\/portaltela.pt\/#\/schema\/person\/c4278d4a6028830caff9ee44b42d32ed"},"breadcrumb":{"@id":"https:\/\/portaltela.pt\/noticias\/2026\/04\/01\/ue-alerta-precos-do-petroleo-e-do-gas-nao-voltam-normal-apos-a-guerra-no-irao\/#breadcrumb"},"inLanguage":"pt-PT","potentialAction":[{"@type":"ReadAction","target":["https:\/\/portaltela.pt\/noticias\/2026\/04\/01\/ue-alerta-precos-do-petroleo-e-do-gas-nao-voltam-normal-apos-a-guerra-no-irao\/"]}]},{"@type":"ImageObject","inLanguage":"pt-PT","@id":"https:\/\/portaltela.pt\/noticias\/2026\/04\/01\/ue-alerta-precos-do-petroleo-e-do-gas-nao-voltam-normal-apos-a-guerra-no-irao\/#primaryimage","url":"https:\/\/portaltela.pt\/s.01k8rhncp4jt1\/2026\/04\/1536x864_cmsv2_07dd6e64-a96b-5e2c-bf18-8ec0a9b47bfc-9706227.jpg","contentUrl":"https:\/\/portaltela.pt\/s.01k8rhncp4jt1\/2026\/04\/1536x864_cmsv2_07dd6e64-a96b-5e2c-bf18-8ec0a9b47bfc-9706227.jpg","width":796,"height":448,"caption":"O sol p\u00f4s-se atr\u00e1s de uma bomba de gasolina em Frankfurt, Alemanha, na ter\u00e7a-feira, 31 de mar\u00e7o de 2026."},{"@type":"BreadcrumbList","@id":"https:\/\/portaltela.pt\/noticias\/2026\/04\/01\/ue-alerta-precos-do-petroleo-e-do-gas-nao-voltam-normal-apos-a-guerra-no-irao\/#breadcrumb","itemListElement":[{"@type":"ListItem","position":1,"name":"In\u00edcio","item":"https:\/\/portaltela.pt\/"},{"@type":"ListItem","position":2,"name":"UE alerta: pre\u00e7os do petr\u00f3leo e do g\u00e1s n\u00e3o voltam normal ap\u00f3s a guerra no Ir\u00e3o"}]},{"@type":"WebSite","@id":"https:\/\/portaltela.pt\/#website","url":"https:\/\/portaltela.pt\/","name":"Portal Tela Portugal","description":"","potentialAction":[{"@type":"SearchAction","target":{"@type":"EntryPoint","urlTemplate":"https:\/\/portaltela.pt\/?s={search_term_string}"},"query-input":{"@type":"PropertyValueSpecification","valueRequired":true,"valueName":"search_term_string"}}],"inLanguage":"pt-PT"},{"@type":"Person","@id":"https:\/\/portaltela.pt\/#\/schema\/person\/c4278d4a6028830caff9ee44b42d32ed","name":"Telinha","image":{"@type":"ImageObject","inLanguage":"pt-PT","@id":"https:\/\/portaltela.pt\/s.01k8rhncp4jt1\/2025\/11\/talking-bot-125x125.png","url":"https:\/\/portaltela.pt\/s.01k8rhncp4jt1\/2025\/11\/talking-bot-125x125.png","contentUrl":"https:\/\/portaltela.pt\/s.01k8rhncp4jt1\/2025\/11\/talking-bot-125x125.png","caption":"Telinha"},"sameAs":["https:\/\/portaltela.pt\/"],"url":"https:\/\/portaltela.pt\/por\/367410592786\/"}]}},"_links":{"self":[{"href":"https:\/\/portaltela.pt\/api\/wp\/v2\/posts\/428706","targetHints":{"allow":["GET"]}}],"collection":[{"href":"https:\/\/portaltela.pt\/api\/wp\/v2\/posts"}],"about":[{"href":"https:\/\/portaltela.pt\/api\/wp\/v2\/types\/post"}],"author":[{"embeddable":true,"href":"https:\/\/portaltela.pt\/api\/wp\/v2\/users\/2"}],"replies":[{"embeddable":true,"href":"https:\/\/portaltela.pt\/api\/wp\/v2\/comments?post=428706"}],"version-history":[{"count":0,"href":"https:\/\/portaltela.pt\/api\/wp\/v2\/posts\/428706\/revisions"}],"wp:featuredmedia":[{"embeddable":true,"href":"https:\/\/portaltela.pt\/api\/wp\/v2\/media\/428708"}],"wp:attachment":[{"href":"https:\/\/portaltela.pt\/api\/wp\/v2\/media?parent=428706"}],"wp:term":[{"taxonomy":"category","embeddable":true,"href":"https:\/\/portaltela.pt\/api\/wp\/v2\/categories?post=428706"},{"taxonomy":"post_tag","embeddable":true,"href":"https:\/\/portaltela.pt\/api\/wp\/v2\/tags?post=428706"}],"curies":[{"name":"wp","href":"https:\/\/api.w.org\/{rel}","templated":true}]}}