{"id":428703,"date":"2026-04-01T03:47:08","date_gmt":"2026-04-01T06:47:08","guid":{"rendered":"https:\/\/portaltela.pt\/noticias\/2026\/04\/01\/ucrania-e-irao-licoes-para-a-defesa-aerea-europeia\/"},"modified":"2026-04-01T03:47:08","modified_gmt":"2026-04-01T06:47:08","slug":"ucrania-e-irao-licoes-para-a-defesa-aerea-europeia","status":"publish","type":"post","link":"https:\/\/portaltela.pt\/noticias\/internacional\/2026\/04\/01\/ucrania-e-irao-licoes-para-a-defesa-aerea-europeia\/","title":{"rendered":"Ucr\u00e2nia e Ir\u00e3o: li\u00e7\u00f5es para a defesa a\u00e9rea europeia"},"content":{"rendered":"<p>Ucr\u00e2nia e Ir\u00e3o: li\u00e7\u00f5es para a defesa a\u00e9rea europeia<\/p>\n<p>Reservas de EUA e de Israel diante de drones iranianos esgotam-se, aponta Bruegel. O estudo alerta que a Europa enfrenta um desafio maior \u00e0s suas portas, com m\u00edsseis interceptores caros a custar cerca de 4 milh\u00f5es de d\u00f3lares por disparo, enquanto drones Shahed valem apenas algumas dezenas de milhares de euros.<\/p>\n<p>Segundo os consultores Guntram Wolff e Alexandr Burilkov, drones e m\u00edsseis iranianos tornaram\u2011se suficientemente baratos para uso em larga escala, reduzindo a vantagem de quem disp\u00f5e de defesas a\u00e9reas. O custo de produ\u00e7\u00e3o e reposi\u00e7\u00e3o \u00e9 um fator cr\u00edtico no equil\u00edbrio estrat\u00e9gico.<\/p>\n<h3>Implica\u00e7\u00f5es para a Europa<\/h3>\n<p>O Bruegel sustenta que a principal amea\u00e7a europeia pode n\u00e3o ser o Ir\u00e3o, mas a R\u00fassia, que possui uma for\u00e7a a\u00e9rea robusta e uma rede de defesa integrada. Em caso de conflito, a regi\u00e3o pode enfrentar uma ofensiva com grandes salvas de drones e m\u00edsseis sobre defesas j\u00e1 pressionadas.<\/p>\n<p>A Ucr\u00e2nia \u00e9 apresentada como modelo de resposta para a Europa, com ataques russos a infraestruturas a for\u00e7ar decis\u00f5es cr\u00edticas sobre utiliza\u00e7\u00e3o de interceptores. A press\u00e3o sobre arsenais europeus que fornecem defesa a\u00e9rea \u00e0 Ucr\u00e2nia tamb\u00e9m \u00e9 realista, segundo a an\u00e1lise.<\/p>\n<h3>Prioridades estrat\u00e9gicas para a defesa europeia<\/h3>\n<p>O relat\u00f3rio aponta duas vias priorit\u00e1rias. A primeira passa por investir em tecnologia de interce\u00e7\u00e3o barata, com drones interceptores de baixo custo j\u00e1 desenvolvidos por empresas da Ucr\u00e2nia. A ideia \u00e9 reduzir a assimetria entre ataque e defesa com custos acess\u00edveis.<\/p>\n<p>A segunda li\u00e7\u00e3o \u00e9 desenvolver capacidade ofensiva em profundidade. A partir de uma defesa mais barata, a Europa pode degradar a produ\u00e7\u00e3o advers\u00e1ria, reduzindo o impacto de ataques futuros. A produ\u00e7\u00e3o russa de drones e m\u00edsseis exige resposta integrada, diz o Bruegel.<\/p>\n<h3>A\u00e7\u00e3o p\u00fablica e inova\u00e7\u00e3o tecnol\u00f3gica<\/h3>\n<p>No in\u00edcio deste m\u00eas, o governo brit\u00e2nico reuniu empresas de defesa com embaixadores de pa\u00edses do Golfo para acelerar o fornecimento de tecnologia defensiva capaz de enfrentar drones e m\u00edsseis iranianos. Dados de 2025 indicam forte crescimento de startups europeias de defesa, com investimento superior a 1,8 mil milh\u00f5es de d\u00f3lares.<\/p>\n<p>Startups como Frankenburg Technologies, da Est\u00f3nia, e a ucraniano\u2011brit\u00e2nica Uforce trabalham no desenvolvimento de interceptores de drones e m\u00edsseis de baixo custo, sinalizando uma tend\u00eancia de inova\u00e7\u00e3o com potencial de aplica\u00e7\u00e3o em v\u00e1rios cen\u00e1rios.<\/p>\n<h3>Converg\u00eancia estrat\u00e9gica entre defesa e produ\u00e7\u00e3o<\/h3>\n<p>A an\u00e1lise enfatiza que, para manter a capacidade de defesa, a Europa precisa reequacionar a despesa em armamento. Em vez de depender apenas de interceptores caros, \u00e9 essencial multiplicar as muni\u00e7\u00f5es de defesa a\u00e9rea de custo baixo e simultaneamente avan\u00e7ar com capacidades ofensivas para degradar a produ\u00e7\u00e3o inimiga.<\/p>\n","protected":false},"excerpt":{"rendered":"<ul>\n<li>O centro Bruegel alerta para uma nova rela\u00e7\u00e3o de custos entre defesa a\u00e9rea e ataques: interceptores caros frente a drones e m\u00edsseis de baixo custo, o que muda a estrat\u00e9gia europeia.<\/li>\n<li>Mesmo com dezenas de milhares de euros em drones, opera\u00e7\u00f5es de defesa gastam milh\u00f5es por disparo, tornando a defesa menos sustent\u00e1vel a longo prazo.<\/li>\n<li>A Ucr\u00e2nia serve de modelo: decis\u00f5es dif\u00edceis sobre quando usar interceptores caros e quando deixar passar m\u00edsseis, diante da press\u00e3o sobre os arsenais europeus.<\/li>\n<li>O Bruegel defende duas prioridades: investir em defesa a\u00e9rea barata e desenvolver capacidades ofensivas de ataque para degradar a produ\u00e7\u00e3o inimiga.<\/li>\n<li>Em 2025, startups europeias de tecnologia de defesa captaram quase 1,8 mil milh\u00f5es de d\u00f3lares, com exemplos de intercetores de baixo custo a serem explorados por pa\u00edses do Golfo.<\/li>\n<\/ul>\n","protected":false},"author":2,"featured_media":428704,"comment_status":"closed","ping_status":"closed","sticky":false,"template":"","format":"standard","meta":{"footnotes":""},"categories":[6814,4],"tags":[6574,7400,5919,4222,49,153],"class_list":["post-428703","post","type-post","status-publish","format-standard","has-post-thumbnail","hentry","category-geopolitica","category-internacional","tag-defesa","tag-drones","tag-misseis-balisticos","tag-seguranca-internacional","tag-startups","tag-tecnologia"],"yoast_head":"<!-- This site is optimized with the Yoast SEO plugin v27.2 - https:\/\/yoast.com\/product\/yoast-seo-wordpress\/ -->\n<title>Ucr\u00e2nia e Ir\u00e3o: li\u00e7\u00f5es para a defesa a\u00e9rea europeia - Portal Tela Portugal<\/title>\n<meta name=\"robots\" content=\"index, follow, max-snippet:-1, max-image-preview:large, max-video-preview:-1\" \/>\n<meta property=\"og:locale\" content=\"pt_PT\" \/>\n<meta property=\"og:type\" content=\"article\" \/>\n<meta property=\"og:title\" content=\"Ucr\u00e2nia e Ir\u00e3o: li\u00e7\u00f5es para a defesa a\u00e9rea europeia - Portal Tela Portugal\" \/>\n<meta property=\"og:description\" content=\"O centro Bruegel alerta para uma nova rela\u00e7\u00e3o de custos entre defesa a\u00e9rea e ataques: interceptores caros frente a drones e m\u00edsseis de baixo custo, o que muda a estrat\u00e9gia europeia. Mesmo com dezenas de milhares de euros em drones, opera\u00e7\u00f5es de defesa gastam milh\u00f5es por disparo, tornando a defesa menos sustent\u00e1vel a longo prazo. A Ucr\u00e2nia serve de modelo: decis\u00f5es dif\u00edceis sobre quando usar interceptores caros e quando deixar passar m\u00edsseis, diante da press\u00e3o sobre os arsenais europeus. O Bruegel defende duas prioridades: investir em defesa a\u00e9rea barata e desenvolver capacidades ofensivas de ataque para degradar a produ\u00e7\u00e3o inimiga. Em 2025, startups europeias de tecnologia de defesa captaram quase 1,8 mil milh\u00f5es de d\u00f3lares, com exemplos de intercetores de baixo custo a serem explorados por pa\u00edses do Golfo.\" \/>\n<meta property=\"og:url\" content=\"https:\/\/portaltela.pt\/noticias\/2026\/04\/01\/ucrania-e-irao-licoes-para-a-defesa-aerea-europeia\/\" \/>\n<meta property=\"og:site_name\" content=\"Portal Tela Portugal\" \/>\n<meta property=\"article:published_time\" content=\"2026-04-01T06:47:08+00:00\" \/>\n<meta name=\"author\" content=\"Telinha\" \/>\n<meta name=\"twitter:card\" content=\"summary_large_image\" \/>\n<meta name=\"twitter:label1\" content=\"Escrito por\" \/>\n\t<meta name=\"twitter:data1\" content=\"Telinha\" \/>\n\t<meta name=\"twitter:label2\" content=\"Tempo estimado de leitura\" \/>\n\t<meta name=\"twitter:data2\" content=\"2 minutos\" \/>\n<script type=\"application\/ld+json\" class=\"yoast-schema-graph\">{\"@context\":\"https:\/\/schema.org\",\"@graph\":[{\"@type\":\"Article\",\"@id\":\"https:\/\/portaltela.pt\/noticias\/2026\/04\/01\/ucrania-e-irao-licoes-para-a-defesa-aerea-europeia\/#article\",\"isPartOf\":{\"@id\":\"https:\/\/portaltela.pt\/noticias\/2026\/04\/01\/ucrania-e-irao-licoes-para-a-defesa-aerea-europeia\/\"},\"author\":{\"name\":\"Telinha\",\"@id\":\"https:\/\/portaltela.pt\/#\/schema\/person\/c4278d4a6028830caff9ee44b42d32ed\"},\"headline\":\"Ucr\u00e2nia e Ir\u00e3o: li\u00e7\u00f5es para a defesa a\u00e9rea europeia\",\"datePublished\":\"2026-04-01T06:47:08+00:00\",\"mainEntityOfPage\":{\"@id\":\"https:\/\/portaltela.pt\/noticias\/2026\/04\/01\/ucrania-e-irao-licoes-para-a-defesa-aerea-europeia\/\"},\"wordCount\":506,\"image\":{\"@id\":\"https:\/\/portaltela.pt\/noticias\/2026\/04\/01\/ucrania-e-irao-licoes-para-a-defesa-aerea-europeia\/#primaryimage\"},\"thumbnailUrl\":\"https:\/\/portaltela.pt\/s.01k8rhncp4jt1\/2026\/04\/1536x864_cmsv2_e9a05a94-1cd1-53f0-8b2f-34ee169b900e-9705065.jpg\",\"keywords\":[\"defesa\",\"drones\",\"m\u00edsseis bal\u00edsticos\",\"seguran\u00e7a internacional\",\"startups\",\"tecnologia\"],\"articleSection\":[\"Geopol\u00edtica\",\"Internacional\"],\"inLanguage\":\"pt-PT\"},{\"@type\":\"WebPage\",\"@id\":\"https:\/\/portaltela.pt\/noticias\/2026\/04\/01\/ucrania-e-irao-licoes-para-a-defesa-aerea-europeia\/\",\"url\":\"https:\/\/portaltela.pt\/noticias\/2026\/04\/01\/ucrania-e-irao-licoes-para-a-defesa-aerea-europeia\/\",\"name\":\"Ucr\u00e2nia e Ir\u00e3o: li\u00e7\u00f5es para a defesa a\u00e9rea europeia - Portal Tela Portugal\",\"isPartOf\":{\"@id\":\"https:\/\/portaltela.pt\/#website\"},\"primaryImageOfPage\":{\"@id\":\"https:\/\/portaltela.pt\/noticias\/2026\/04\/01\/ucrania-e-irao-licoes-para-a-defesa-aerea-europeia\/#primaryimage\"},\"image\":{\"@id\":\"https:\/\/portaltela.pt\/noticias\/2026\/04\/01\/ucrania-e-irao-licoes-para-a-defesa-aerea-europeia\/#primaryimage\"},\"thumbnailUrl\":\"https:\/\/portaltela.pt\/s.01k8rhncp4jt1\/2026\/04\/1536x864_cmsv2_e9a05a94-1cd1-53f0-8b2f-34ee169b900e-9705065.jpg\",\"datePublished\":\"2026-04-01T06:47:08+00:00\",\"author\":{\"@id\":\"https:\/\/portaltela.pt\/#\/schema\/person\/c4278d4a6028830caff9ee44b42d32ed\"},\"breadcrumb\":{\"@id\":\"https:\/\/portaltela.pt\/noticias\/2026\/04\/01\/ucrania-e-irao-licoes-para-a-defesa-aerea-europeia\/#breadcrumb\"},\"inLanguage\":\"pt-PT\",\"potentialAction\":[{\"@type\":\"ReadAction\",\"target\":[\"https:\/\/portaltela.pt\/noticias\/2026\/04\/01\/ucrania-e-irao-licoes-para-a-defesa-aerea-europeia\/\"]}]},{\"@type\":\"ImageObject\",\"inLanguage\":\"pt-PT\",\"@id\":\"https:\/\/portaltela.pt\/noticias\/2026\/04\/01\/ucrania-e-irao-licoes-para-a-defesa-aerea-europeia\/#primaryimage\",\"url\":\"https:\/\/portaltela.pt\/s.01k8rhncp4jt1\/2026\/04\/1536x864_cmsv2_e9a05a94-1cd1-53f0-8b2f-34ee169b900e-9705065.jpg\",\"contentUrl\":\"https:\/\/portaltela.pt\/s.01k8rhncp4jt1\/2026\/04\/1536x864_cmsv2_e9a05a94-1cd1-53f0-8b2f-34ee169b900e-9705065.jpg\",\"width\":796,\"height\":448,\"caption\":\"ARQUIVO - Um militar-aluno da Escola Yatagan de Sistemas A\u00e9reos N\u00e3o Tripulados lan\u00e7a um drone alvo de treino durante exerc\u00edcios na regi\u00e3o de Kiev, Ucr\u00e2nia, 20 de mar\u00e7o de 2026\"},{\"@type\":\"BreadcrumbList\",\"@id\":\"https:\/\/portaltela.pt\/noticias\/2026\/04\/01\/ucrania-e-irao-licoes-para-a-defesa-aerea-europeia\/#breadcrumb\",\"itemListElement\":[{\"@type\":\"ListItem\",\"position\":1,\"name\":\"In\u00edcio\",\"item\":\"https:\/\/portaltela.pt\/\"},{\"@type\":\"ListItem\",\"position\":2,\"name\":\"Ucr\u00e2nia e Ir\u00e3o: li\u00e7\u00f5es para a defesa a\u00e9rea europeia\"}]},{\"@type\":\"WebSite\",\"@id\":\"https:\/\/portaltela.pt\/#website\",\"url\":\"https:\/\/portaltela.pt\/\",\"name\":\"Portal Tela Portugal\",\"description\":\"\",\"potentialAction\":[{\"@type\":\"SearchAction\",\"target\":{\"@type\":\"EntryPoint\",\"urlTemplate\":\"https:\/\/portaltela.pt\/?s={search_term_string}\"},\"query-input\":{\"@type\":\"PropertyValueSpecification\",\"valueRequired\":true,\"valueName\":\"search_term_string\"}}],\"inLanguage\":\"pt-PT\"},{\"@type\":\"Person\",\"@id\":\"https:\/\/portaltela.pt\/#\/schema\/person\/c4278d4a6028830caff9ee44b42d32ed\",\"name\":\"Telinha\",\"image\":{\"@type\":\"ImageObject\",\"inLanguage\":\"pt-PT\",\"@id\":\"https:\/\/portaltela.pt\/s.01k8rhncp4jt1\/2025\/11\/talking-bot-125x125.png\",\"url\":\"https:\/\/portaltela.pt\/s.01k8rhncp4jt1\/2025\/11\/talking-bot-125x125.png\",\"contentUrl\":\"https:\/\/portaltela.pt\/s.01k8rhncp4jt1\/2025\/11\/talking-bot-125x125.png\",\"caption\":\"Telinha\"},\"sameAs\":[\"https:\/\/portaltela.pt\/\"],\"url\":\"https:\/\/portaltela.pt\/por\/367410592786\/\"}]}<\/script>\n<!-- \/ Yoast SEO plugin. -->","yoast_head_json":{"title":"Ucr\u00e2nia e Ir\u00e3o: li\u00e7\u00f5es para a defesa a\u00e9rea europeia - Portal Tela Portugal","robots":{"index":"index","follow":"follow","max-snippet":"max-snippet:-1","max-image-preview":"max-image-preview:large","max-video-preview":"max-video-preview:-1"},"og_locale":"pt_PT","og_type":"article","og_title":"Ucr\u00e2nia e Ir\u00e3o: li\u00e7\u00f5es para a defesa a\u00e9rea europeia - Portal Tela Portugal","og_description":"O centro Bruegel alerta para uma nova rela\u00e7\u00e3o de custos entre defesa a\u00e9rea e ataques: interceptores caros frente a drones e m\u00edsseis de baixo custo, o que muda a estrat\u00e9gia europeia. Mesmo com dezenas de milhares de euros em drones, opera\u00e7\u00f5es de defesa gastam milh\u00f5es por disparo, tornando a defesa menos sustent\u00e1vel a longo prazo. A Ucr\u00e2nia serve de modelo: decis\u00f5es dif\u00edceis sobre quando usar interceptores caros e quando deixar passar m\u00edsseis, diante da press\u00e3o sobre os arsenais europeus. O Bruegel defende duas prioridades: investir em defesa a\u00e9rea barata e desenvolver capacidades ofensivas de ataque para degradar a produ\u00e7\u00e3o inimiga. Em 2025, startups europeias de tecnologia de defesa captaram quase 1,8 mil milh\u00f5es de d\u00f3lares, com exemplos de intercetores de baixo custo a serem explorados por pa\u00edses do Golfo.","og_url":"https:\/\/portaltela.pt\/noticias\/2026\/04\/01\/ucrania-e-irao-licoes-para-a-defesa-aerea-europeia\/","og_site_name":"Portal Tela Portugal","article_published_time":"2026-04-01T06:47:08+00:00","author":"Telinha","twitter_card":"summary_large_image","twitter_misc":{"Escrito por":"Telinha","Tempo estimado de leitura":"2 minutos"},"schema":{"@context":"https:\/\/schema.org","@graph":[{"@type":"Article","@id":"https:\/\/portaltela.pt\/noticias\/2026\/04\/01\/ucrania-e-irao-licoes-para-a-defesa-aerea-europeia\/#article","isPartOf":{"@id":"https:\/\/portaltela.pt\/noticias\/2026\/04\/01\/ucrania-e-irao-licoes-para-a-defesa-aerea-europeia\/"},"author":{"name":"Telinha","@id":"https:\/\/portaltela.pt\/#\/schema\/person\/c4278d4a6028830caff9ee44b42d32ed"},"headline":"Ucr\u00e2nia e Ir\u00e3o: li\u00e7\u00f5es para a defesa a\u00e9rea europeia","datePublished":"2026-04-01T06:47:08+00:00","mainEntityOfPage":{"@id":"https:\/\/portaltela.pt\/noticias\/2026\/04\/01\/ucrania-e-irao-licoes-para-a-defesa-aerea-europeia\/"},"wordCount":506,"image":{"@id":"https:\/\/portaltela.pt\/noticias\/2026\/04\/01\/ucrania-e-irao-licoes-para-a-defesa-aerea-europeia\/#primaryimage"},"thumbnailUrl":"https:\/\/portaltela.pt\/s.01k8rhncp4jt1\/2026\/04\/1536x864_cmsv2_e9a05a94-1cd1-53f0-8b2f-34ee169b900e-9705065.jpg","keywords":["defesa","drones","m\u00edsseis bal\u00edsticos","seguran\u00e7a internacional","startups","tecnologia"],"articleSection":["Geopol\u00edtica","Internacional"],"inLanguage":"pt-PT"},{"@type":"WebPage","@id":"https:\/\/portaltela.pt\/noticias\/2026\/04\/01\/ucrania-e-irao-licoes-para-a-defesa-aerea-europeia\/","url":"https:\/\/portaltela.pt\/noticias\/2026\/04\/01\/ucrania-e-irao-licoes-para-a-defesa-aerea-europeia\/","name":"Ucr\u00e2nia e Ir\u00e3o: li\u00e7\u00f5es para a defesa a\u00e9rea europeia - Portal Tela Portugal","isPartOf":{"@id":"https:\/\/portaltela.pt\/#website"},"primaryImageOfPage":{"@id":"https:\/\/portaltela.pt\/noticias\/2026\/04\/01\/ucrania-e-irao-licoes-para-a-defesa-aerea-europeia\/#primaryimage"},"image":{"@id":"https:\/\/portaltela.pt\/noticias\/2026\/04\/01\/ucrania-e-irao-licoes-para-a-defesa-aerea-europeia\/#primaryimage"},"thumbnailUrl":"https:\/\/portaltela.pt\/s.01k8rhncp4jt1\/2026\/04\/1536x864_cmsv2_e9a05a94-1cd1-53f0-8b2f-34ee169b900e-9705065.jpg","datePublished":"2026-04-01T06:47:08+00:00","author":{"@id":"https:\/\/portaltela.pt\/#\/schema\/person\/c4278d4a6028830caff9ee44b42d32ed"},"breadcrumb":{"@id":"https:\/\/portaltela.pt\/noticias\/2026\/04\/01\/ucrania-e-irao-licoes-para-a-defesa-aerea-europeia\/#breadcrumb"},"inLanguage":"pt-PT","potentialAction":[{"@type":"ReadAction","target":["https:\/\/portaltela.pt\/noticias\/2026\/04\/01\/ucrania-e-irao-licoes-para-a-defesa-aerea-europeia\/"]}]},{"@type":"ImageObject","inLanguage":"pt-PT","@id":"https:\/\/portaltela.pt\/noticias\/2026\/04\/01\/ucrania-e-irao-licoes-para-a-defesa-aerea-europeia\/#primaryimage","url":"https:\/\/portaltela.pt\/s.01k8rhncp4jt1\/2026\/04\/1536x864_cmsv2_e9a05a94-1cd1-53f0-8b2f-34ee169b900e-9705065.jpg","contentUrl":"https:\/\/portaltela.pt\/s.01k8rhncp4jt1\/2026\/04\/1536x864_cmsv2_e9a05a94-1cd1-53f0-8b2f-34ee169b900e-9705065.jpg","width":796,"height":448,"caption":"ARQUIVO - Um militar-aluno da Escola Yatagan de Sistemas A\u00e9reos N\u00e3o Tripulados lan\u00e7a um drone alvo de treino durante exerc\u00edcios na regi\u00e3o de Kiev, Ucr\u00e2nia, 20 de mar\u00e7o de 2026"},{"@type":"BreadcrumbList","@id":"https:\/\/portaltela.pt\/noticias\/2026\/04\/01\/ucrania-e-irao-licoes-para-a-defesa-aerea-europeia\/#breadcrumb","itemListElement":[{"@type":"ListItem","position":1,"name":"In\u00edcio","item":"https:\/\/portaltela.pt\/"},{"@type":"ListItem","position":2,"name":"Ucr\u00e2nia e Ir\u00e3o: li\u00e7\u00f5es para a defesa a\u00e9rea europeia"}]},{"@type":"WebSite","@id":"https:\/\/portaltela.pt\/#website","url":"https:\/\/portaltela.pt\/","name":"Portal Tela Portugal","description":"","potentialAction":[{"@type":"SearchAction","target":{"@type":"EntryPoint","urlTemplate":"https:\/\/portaltela.pt\/?s={search_term_string}"},"query-input":{"@type":"PropertyValueSpecification","valueRequired":true,"valueName":"search_term_string"}}],"inLanguage":"pt-PT"},{"@type":"Person","@id":"https:\/\/portaltela.pt\/#\/schema\/person\/c4278d4a6028830caff9ee44b42d32ed","name":"Telinha","image":{"@type":"ImageObject","inLanguage":"pt-PT","@id":"https:\/\/portaltela.pt\/s.01k8rhncp4jt1\/2025\/11\/talking-bot-125x125.png","url":"https:\/\/portaltela.pt\/s.01k8rhncp4jt1\/2025\/11\/talking-bot-125x125.png","contentUrl":"https:\/\/portaltela.pt\/s.01k8rhncp4jt1\/2025\/11\/talking-bot-125x125.png","caption":"Telinha"},"sameAs":["https:\/\/portaltela.pt\/"],"url":"https:\/\/portaltela.pt\/por\/367410592786\/"}]}},"_links":{"self":[{"href":"https:\/\/portaltela.pt\/api\/wp\/v2\/posts\/428703","targetHints":{"allow":["GET"]}}],"collection":[{"href":"https:\/\/portaltela.pt\/api\/wp\/v2\/posts"}],"about":[{"href":"https:\/\/portaltela.pt\/api\/wp\/v2\/types\/post"}],"author":[{"embeddable":true,"href":"https:\/\/portaltela.pt\/api\/wp\/v2\/users\/2"}],"replies":[{"embeddable":true,"href":"https:\/\/portaltela.pt\/api\/wp\/v2\/comments?post=428703"}],"version-history":[{"count":0,"href":"https:\/\/portaltela.pt\/api\/wp\/v2\/posts\/428703\/revisions"}],"wp:featuredmedia":[{"embeddable":true,"href":"https:\/\/portaltela.pt\/api\/wp\/v2\/media\/428704"}],"wp:attachment":[{"href":"https:\/\/portaltela.pt\/api\/wp\/v2\/media?parent=428703"}],"wp:term":[{"taxonomy":"category","embeddable":true,"href":"https:\/\/portaltela.pt\/api\/wp\/v2\/categories?post=428703"},{"taxonomy":"post_tag","embeddable":true,"href":"https:\/\/portaltela.pt\/api\/wp\/v2\/tags?post=428703"}],"curies":[{"name":"wp","href":"https:\/\/api.w.org\/{rel}","templated":true}]}}