{"id":428693,"date":"2026-04-01T03:32:19","date_gmt":"2026-04-01T06:32:19","guid":{"rendered":"https:\/\/portaltela.pt\/noticias\/2026\/04\/01\/tarifa-unica-de-autocarros-na-regiao-de-aveiro-entra-em-vigor-nesta-quarta\/"},"modified":"2026-04-01T03:32:19","modified_gmt":"2026-04-01T06:32:19","slug":"tarifa-unica-de-autocarros-na-regiao-de-aveiro-entra-em-vigor-nesta-quarta","status":"publish","type":"post","link":"https:\/\/portaltela.pt\/sociedade\/2026\/04\/01\/tarifa-unica-de-autocarros-na-regiao-de-aveiro-entra-em-vigor-nesta-quarta\/","title":{"rendered":"Tarifa \u00fanica de autocarros na Regi\u00e3o de Aveiro entra em vigor nesta quarta"},"content":{"rendered":"<p>O sistema de tarifa \u00fanica entra em vigor na Regi\u00e3o de Aveiro nesta quarta-feira, permitindo a circula\u00e7\u00e3o em toda a rede intermunicipal. A medida, da Comunidade Intermunicipal da Regi\u00e3o de Aveiro (CIRA), aplica-se aos passes intermodais entre Aveiro, \u00c1gueda, Albergaria-a-Velha, Anadia, Estarreja, \u00cdlhavo, Murtosa, Oliveira do Bairro, Ovar, Sever do Vouga e Vagos.<\/p>\n<p>O passe intermodal passa a custar 20 euros e \u00e9 v\u00e1lido nas duas concession\u00e1rias que operam na regi\u00e3o, a Busway e a Transdev. Al\u00e9m disso, o valor dos passes mensais fica uniformizado em 15 euros e o passe social em 12 euros, num esfor\u00e7o de facilitar a utiliza\u00e7\u00e3o do transporte p\u00fablico.<\/p>\n<p>A partir de hoje \u00e9 ainda generalizado o passe gratuito para jovens at\u00e9 aos 23 anos em toda a rede. Jorge Almeida, presidente da CIRA e da C\u00e2mara de \u00c1gueda, afirma que a tarifa \u00fanica simplifica o sistema e o torna mais atrativo, promovendo sustentabilidade e reduzindo custos familiares.<\/p>\n<h3>Novas din\u00e2micas da mobilidade<\/h3>\n<p>Dados da CIRA indicam que, em 2025, a regi\u00e3o transportou 2.664.211 passageiros. A concess\u00e3o do transporte de passageiros, em 2023, ficou a cargo da Busway, que passou a gerir parte significativa das opera\u00e7\u00f5es da \u00e1rea, substituindo antigos operadores.<\/p>\n<p>A Busway opera 111 linhas na regi\u00e3o, das quais 74 s\u00e3o municipais, 17 intermunicipais e 20 inter-regionais. Aveiro \u00e9 o \u00fanico munic\u00edpio da CIRA que n\u00e3o aderiu \u00e0 concess\u00e3o, mantendo um contrato de explora\u00e7\u00e3o com a Transdev atrav\u00e9s da Aveirobus.<\/p>\n","protected":false},"excerpt":{"rendered":"<ul>\n<li>A partir desta quarta-feira entra em vigor na Regi\u00e3o de Aveiro uma tarifa \u00fanica que cobre a rede intermunicipal de transportes rodovi\u00e1rios.<\/li>\n<li>O passe intermodal passa a custar 20 euros e \u00e9 v\u00e1lido nas duas operadoras da regi\u00e3o: Busway e Transdev.<\/li>\n<li>Os passes mensais ficam fixos em 15 euros e o passe social em 12 euros.<\/li>\n<li>O passe gratuito para jovens at\u00e9 aos 23 anos passa a aplicar-se em toda a rede.<\/li>\n<li>Aveiro fica fora da concess\u00e3o por ter contrato com a Transdev (Aveirobus); em 2025 transportaram-se 2.664.211 passageiros.<\/li>\n<\/ul>\n","protected":false},"author":2,"featured_media":428695,"comment_status":"closed","ping_status":"closed","sticky":false,"template":"","format":"standard","meta":{"footnotes":""},"categories":[6871],"tags":[3769,1059,2110,5439,192,4535],"class_list":["post-428693","post","type-post","status-publish","format-standard","has-post-thumbnail","hentry","category-sociedade","tag-autocarros","tag-aveiro","tag-mobilidade","tag-regiao-de-aveiro","tag-transporte","tag-transporte-publico"],"yoast_head":"<!-- This site is optimized with the Yoast SEO plugin v27.2 - https:\/\/yoast.com\/product\/yoast-seo-wordpress\/ -->\n<title>Tarifa \u00fanica de autocarros na Regi\u00e3o de Aveiro entra em vigor nesta quarta - Portal Tela Portugal<\/title>\n<meta name=\"robots\" content=\"index, follow, max-snippet:-1, max-image-preview:large, max-video-preview:-1\" \/>\n<meta property=\"og:locale\" content=\"pt_PT\" \/>\n<meta property=\"og:type\" content=\"article\" \/>\n<meta property=\"og:title\" content=\"Tarifa \u00fanica de autocarros na Regi\u00e3o de Aveiro entra em vigor nesta quarta - Portal Tela Portugal\" \/>\n<meta property=\"og:description\" content=\"A partir desta quarta-feira entra em vigor na Regi\u00e3o de Aveiro uma tarifa \u00fanica que cobre a rede intermunicipal de transportes rodovi\u00e1rios. O passe intermodal passa a custar 20 euros e \u00e9 v\u00e1lido nas duas operadoras da regi\u00e3o: Busway e Transdev. Os passes mensais ficam fixos em 15 euros e o passe social em 12 euros. O passe gratuito para jovens at\u00e9 aos 23 anos passa a aplicar-se em toda a rede. Aveiro fica fora da concess\u00e3o por ter contrato com a Transdev (Aveirobus); em 2025 transportaram-se 2.664.211 passageiros.\" \/>\n<meta property=\"og:url\" content=\"https:\/\/portaltela.pt\/noticias\/2026\/04\/01\/tarifa-unica-de-autocarros-na-regiao-de-aveiro-entra-em-vigor-nesta-quarta\/\" \/>\n<meta property=\"og:site_name\" content=\"Portal Tela Portugal\" \/>\n<meta property=\"article:published_time\" content=\"2026-04-01T06:32:19+00:00\" \/>\n<meta name=\"author\" content=\"Telinha\" \/>\n<meta name=\"twitter:card\" content=\"summary_large_image\" \/>\n<meta name=\"twitter:label1\" content=\"Escrito por\" \/>\n\t<meta name=\"twitter:data1\" content=\"Telinha\" \/>\n\t<meta name=\"twitter:label2\" content=\"Tempo estimado de leitura\" \/>\n\t<meta name=\"twitter:data2\" content=\"1 minuto\" \/>\n<script type=\"application\/ld+json\" class=\"yoast-schema-graph\">{\"@context\":\"https:\/\/schema.org\",\"@graph\":[{\"@type\":\"Article\",\"@id\":\"https:\/\/portaltela.pt\/noticias\/2026\/04\/01\/tarifa-unica-de-autocarros-na-regiao-de-aveiro-entra-em-vigor-nesta-quarta\/#article\",\"isPartOf\":{\"@id\":\"https:\/\/portaltela.pt\/noticias\/2026\/04\/01\/tarifa-unica-de-autocarros-na-regiao-de-aveiro-entra-em-vigor-nesta-quarta\/\"},\"author\":{\"name\":\"Telinha\",\"@id\":\"https:\/\/portaltela.pt\/#\/schema\/person\/c4278d4a6028830caff9ee44b42d32ed\"},\"headline\":\"Tarifa \u00fanica de autocarros na Regi\u00e3o de Aveiro entra em vigor nesta quarta\",\"datePublished\":\"2026-04-01T06:32:19+00:00\",\"mainEntityOfPage\":{\"@id\":\"https:\/\/portaltela.pt\/noticias\/2026\/04\/01\/tarifa-unica-de-autocarros-na-regiao-de-aveiro-entra-em-vigor-nesta-quarta\/\"},\"wordCount\":256,\"image\":{\"@id\":\"https:\/\/portaltela.pt\/noticias\/2026\/04\/01\/tarifa-unica-de-autocarros-na-regiao-de-aveiro-entra-em-vigor-nesta-quarta\/#primaryimage\"},\"thumbnailUrl\":\"https:\/\/portaltela.pt\/s.01k8rhncp4jt1\/2026\/04\/img_1500x1000uu2025-10-23-15-23-57-2243397.jpg\",\"keywords\":[\"autocarros\",\"Aveiro\",\"mobilidade\",\"Regi\u00e3o de Aveiro\",\"transporte\",\"transporte p\u00fablico\"],\"articleSection\":[\"Sociedade\"],\"inLanguage\":\"pt-PT\"},{\"@type\":\"WebPage\",\"@id\":\"https:\/\/portaltela.pt\/noticias\/2026\/04\/01\/tarifa-unica-de-autocarros-na-regiao-de-aveiro-entra-em-vigor-nesta-quarta\/\",\"url\":\"https:\/\/portaltela.pt\/noticias\/2026\/04\/01\/tarifa-unica-de-autocarros-na-regiao-de-aveiro-entra-em-vigor-nesta-quarta\/\",\"name\":\"Tarifa \u00fanica de autocarros na Regi\u00e3o de Aveiro entra em vigor nesta quarta - Portal Tela Portugal\",\"isPartOf\":{\"@id\":\"https:\/\/portaltela.pt\/#website\"},\"primaryImageOfPage\":{\"@id\":\"https:\/\/portaltela.pt\/noticias\/2026\/04\/01\/tarifa-unica-de-autocarros-na-regiao-de-aveiro-entra-em-vigor-nesta-quarta\/#primaryimage\"},\"image\":{\"@id\":\"https:\/\/portaltela.pt\/noticias\/2026\/04\/01\/tarifa-unica-de-autocarros-na-regiao-de-aveiro-entra-em-vigor-nesta-quarta\/#primaryimage\"},\"thumbnailUrl\":\"https:\/\/portaltela.pt\/s.01k8rhncp4jt1\/2026\/04\/img_1500x1000uu2025-10-23-15-23-57-2243397.jpg\",\"datePublished\":\"2026-04-01T06:32:19+00:00\",\"author\":{\"@id\":\"https:\/\/portaltela.pt\/#\/schema\/person\/c4278d4a6028830caff9ee44b42d32ed\"},\"breadcrumb\":{\"@id\":\"https:\/\/portaltela.pt\/noticias\/2026\/04\/01\/tarifa-unica-de-autocarros-na-regiao-de-aveiro-entra-em-vigor-nesta-quarta\/#breadcrumb\"},\"inLanguage\":\"pt-PT\",\"potentialAction\":[{\"@type\":\"ReadAction\",\"target\":[\"https:\/\/portaltela.pt\/noticias\/2026\/04\/01\/tarifa-unica-de-autocarros-na-regiao-de-aveiro-entra-em-vigor-nesta-quarta\/\"]}]},{\"@type\":\"ImageObject\",\"inLanguage\":\"pt-PT\",\"@id\":\"https:\/\/portaltela.pt\/noticias\/2026\/04\/01\/tarifa-unica-de-autocarros-na-regiao-de-aveiro-entra-em-vigor-nesta-quarta\/#primaryimage\",\"url\":\"https:\/\/portaltela.pt\/s.01k8rhncp4jt1\/2026\/04\/img_1500x1000uu2025-10-23-15-23-57-2243397.jpg\",\"contentUrl\":\"https:\/\/portaltela.pt\/s.01k8rhncp4jt1\/2026\/04\/img_1500x1000uu2025-10-23-15-23-57-2243397.jpg\",\"width\":796,\"height\":448,\"caption\":\"Aveirobus fornece informa\u00e7\u00e3o em tempo real sobre autocarros\"},{\"@type\":\"BreadcrumbList\",\"@id\":\"https:\/\/portaltela.pt\/noticias\/2026\/04\/01\/tarifa-unica-de-autocarros-na-regiao-de-aveiro-entra-em-vigor-nesta-quarta\/#breadcrumb\",\"itemListElement\":[{\"@type\":\"ListItem\",\"position\":1,\"name\":\"In\u00edcio\",\"item\":\"https:\/\/portaltela.pt\/\"},{\"@type\":\"ListItem\",\"position\":2,\"name\":\"Tarifa \u00fanica de autocarros na Regi\u00e3o de Aveiro entra em vigor nesta quarta\"}]},{\"@type\":\"WebSite\",\"@id\":\"https:\/\/portaltela.pt\/#website\",\"url\":\"https:\/\/portaltela.pt\/\",\"name\":\"Portal Tela Portugal\",\"description\":\"\",\"potentialAction\":[{\"@type\":\"SearchAction\",\"target\":{\"@type\":\"EntryPoint\",\"urlTemplate\":\"https:\/\/portaltela.pt\/?s={search_term_string}\"},\"query-input\":{\"@type\":\"PropertyValueSpecification\",\"valueRequired\":true,\"valueName\":\"search_term_string\"}}],\"inLanguage\":\"pt-PT\"},{\"@type\":\"Person\",\"@id\":\"https:\/\/portaltela.pt\/#\/schema\/person\/c4278d4a6028830caff9ee44b42d32ed\",\"name\":\"Telinha\",\"image\":{\"@type\":\"ImageObject\",\"inLanguage\":\"pt-PT\",\"@id\":\"https:\/\/portaltela.pt\/s.01k8rhncp4jt1\/2025\/11\/talking-bot-125x125.png\",\"url\":\"https:\/\/portaltela.pt\/s.01k8rhncp4jt1\/2025\/11\/talking-bot-125x125.png\",\"contentUrl\":\"https:\/\/portaltela.pt\/s.01k8rhncp4jt1\/2025\/11\/talking-bot-125x125.png\",\"caption\":\"Telinha\"},\"sameAs\":[\"https:\/\/portaltela.pt\/\"],\"url\":\"https:\/\/portaltela.pt\/por\/367410592786\/\"}]}<\/script>\n<!-- \/ Yoast SEO plugin. -->","yoast_head_json":{"title":"Tarifa \u00fanica de autocarros na Regi\u00e3o de Aveiro entra em vigor nesta quarta - Portal Tela Portugal","robots":{"index":"index","follow":"follow","max-snippet":"max-snippet:-1","max-image-preview":"max-image-preview:large","max-video-preview":"max-video-preview:-1"},"og_locale":"pt_PT","og_type":"article","og_title":"Tarifa \u00fanica de autocarros na Regi\u00e3o de Aveiro entra em vigor nesta quarta - Portal Tela Portugal","og_description":"A partir desta quarta-feira entra em vigor na Regi\u00e3o de Aveiro uma tarifa \u00fanica que cobre a rede intermunicipal de transportes rodovi\u00e1rios. O passe intermodal passa a custar 20 euros e \u00e9 v\u00e1lido nas duas operadoras da regi\u00e3o: Busway e Transdev. Os passes mensais ficam fixos em 15 euros e o passe social em 12 euros. O passe gratuito para jovens at\u00e9 aos 23 anos passa a aplicar-se em toda a rede. Aveiro fica fora da concess\u00e3o por ter contrato com a Transdev (Aveirobus); em 2025 transportaram-se 2.664.211 passageiros.","og_url":"https:\/\/portaltela.pt\/noticias\/2026\/04\/01\/tarifa-unica-de-autocarros-na-regiao-de-aveiro-entra-em-vigor-nesta-quarta\/","og_site_name":"Portal Tela Portugal","article_published_time":"2026-04-01T06:32:19+00:00","author":"Telinha","twitter_card":"summary_large_image","twitter_misc":{"Escrito por":"Telinha","Tempo estimado de leitura":"1 minuto"},"schema":{"@context":"https:\/\/schema.org","@graph":[{"@type":"Article","@id":"https:\/\/portaltela.pt\/noticias\/2026\/04\/01\/tarifa-unica-de-autocarros-na-regiao-de-aveiro-entra-em-vigor-nesta-quarta\/#article","isPartOf":{"@id":"https:\/\/portaltela.pt\/noticias\/2026\/04\/01\/tarifa-unica-de-autocarros-na-regiao-de-aveiro-entra-em-vigor-nesta-quarta\/"},"author":{"name":"Telinha","@id":"https:\/\/portaltela.pt\/#\/schema\/person\/c4278d4a6028830caff9ee44b42d32ed"},"headline":"Tarifa \u00fanica de autocarros na Regi\u00e3o de Aveiro entra em vigor nesta quarta","datePublished":"2026-04-01T06:32:19+00:00","mainEntityOfPage":{"@id":"https:\/\/portaltela.pt\/noticias\/2026\/04\/01\/tarifa-unica-de-autocarros-na-regiao-de-aveiro-entra-em-vigor-nesta-quarta\/"},"wordCount":256,"image":{"@id":"https:\/\/portaltela.pt\/noticias\/2026\/04\/01\/tarifa-unica-de-autocarros-na-regiao-de-aveiro-entra-em-vigor-nesta-quarta\/#primaryimage"},"thumbnailUrl":"https:\/\/portaltela.pt\/s.01k8rhncp4jt1\/2026\/04\/img_1500x1000uu2025-10-23-15-23-57-2243397.jpg","keywords":["autocarros","Aveiro","mobilidade","Regi\u00e3o de Aveiro","transporte","transporte p\u00fablico"],"articleSection":["Sociedade"],"inLanguage":"pt-PT"},{"@type":"WebPage","@id":"https:\/\/portaltela.pt\/noticias\/2026\/04\/01\/tarifa-unica-de-autocarros-na-regiao-de-aveiro-entra-em-vigor-nesta-quarta\/","url":"https:\/\/portaltela.pt\/noticias\/2026\/04\/01\/tarifa-unica-de-autocarros-na-regiao-de-aveiro-entra-em-vigor-nesta-quarta\/","name":"Tarifa \u00fanica de autocarros na Regi\u00e3o de Aveiro entra em vigor nesta quarta - Portal Tela Portugal","isPartOf":{"@id":"https:\/\/portaltela.pt\/#website"},"primaryImageOfPage":{"@id":"https:\/\/portaltela.pt\/noticias\/2026\/04\/01\/tarifa-unica-de-autocarros-na-regiao-de-aveiro-entra-em-vigor-nesta-quarta\/#primaryimage"},"image":{"@id":"https:\/\/portaltela.pt\/noticias\/2026\/04\/01\/tarifa-unica-de-autocarros-na-regiao-de-aveiro-entra-em-vigor-nesta-quarta\/#primaryimage"},"thumbnailUrl":"https:\/\/portaltela.pt\/s.01k8rhncp4jt1\/2026\/04\/img_1500x1000uu2025-10-23-15-23-57-2243397.jpg","datePublished":"2026-04-01T06:32:19+00:00","author":{"@id":"https:\/\/portaltela.pt\/#\/schema\/person\/c4278d4a6028830caff9ee44b42d32ed"},"breadcrumb":{"@id":"https:\/\/portaltela.pt\/noticias\/2026\/04\/01\/tarifa-unica-de-autocarros-na-regiao-de-aveiro-entra-em-vigor-nesta-quarta\/#breadcrumb"},"inLanguage":"pt-PT","potentialAction":[{"@type":"ReadAction","target":["https:\/\/portaltela.pt\/noticias\/2026\/04\/01\/tarifa-unica-de-autocarros-na-regiao-de-aveiro-entra-em-vigor-nesta-quarta\/"]}]},{"@type":"ImageObject","inLanguage":"pt-PT","@id":"https:\/\/portaltela.pt\/noticias\/2026\/04\/01\/tarifa-unica-de-autocarros-na-regiao-de-aveiro-entra-em-vigor-nesta-quarta\/#primaryimage","url":"https:\/\/portaltela.pt\/s.01k8rhncp4jt1\/2026\/04\/img_1500x1000uu2025-10-23-15-23-57-2243397.jpg","contentUrl":"https:\/\/portaltela.pt\/s.01k8rhncp4jt1\/2026\/04\/img_1500x1000uu2025-10-23-15-23-57-2243397.jpg","width":796,"height":448,"caption":"Aveirobus fornece informa\u00e7\u00e3o em tempo real sobre autocarros"},{"@type":"BreadcrumbList","@id":"https:\/\/portaltela.pt\/noticias\/2026\/04\/01\/tarifa-unica-de-autocarros-na-regiao-de-aveiro-entra-em-vigor-nesta-quarta\/#breadcrumb","itemListElement":[{"@type":"ListItem","position":1,"name":"In\u00edcio","item":"https:\/\/portaltela.pt\/"},{"@type":"ListItem","position":2,"name":"Tarifa \u00fanica de autocarros na Regi\u00e3o de Aveiro entra em vigor nesta quarta"}]},{"@type":"WebSite","@id":"https:\/\/portaltela.pt\/#website","url":"https:\/\/portaltela.pt\/","name":"Portal Tela Portugal","description":"","potentialAction":[{"@type":"SearchAction","target":{"@type":"EntryPoint","urlTemplate":"https:\/\/portaltela.pt\/?s={search_term_string}"},"query-input":{"@type":"PropertyValueSpecification","valueRequired":true,"valueName":"search_term_string"}}],"inLanguage":"pt-PT"},{"@type":"Person","@id":"https:\/\/portaltela.pt\/#\/schema\/person\/c4278d4a6028830caff9ee44b42d32ed","name":"Telinha","image":{"@type":"ImageObject","inLanguage":"pt-PT","@id":"https:\/\/portaltela.pt\/s.01k8rhncp4jt1\/2025\/11\/talking-bot-125x125.png","url":"https:\/\/portaltela.pt\/s.01k8rhncp4jt1\/2025\/11\/talking-bot-125x125.png","contentUrl":"https:\/\/portaltela.pt\/s.01k8rhncp4jt1\/2025\/11\/talking-bot-125x125.png","caption":"Telinha"},"sameAs":["https:\/\/portaltela.pt\/"],"url":"https:\/\/portaltela.pt\/por\/367410592786\/"}]}},"_links":{"self":[{"href":"https:\/\/portaltela.pt\/api\/wp\/v2\/posts\/428693","targetHints":{"allow":["GET"]}}],"collection":[{"href":"https:\/\/portaltela.pt\/api\/wp\/v2\/posts"}],"about":[{"href":"https:\/\/portaltela.pt\/api\/wp\/v2\/types\/post"}],"author":[{"embeddable":true,"href":"https:\/\/portaltela.pt\/api\/wp\/v2\/users\/2"}],"replies":[{"embeddable":true,"href":"https:\/\/portaltela.pt\/api\/wp\/v2\/comments?post=428693"}],"version-history":[{"count":0,"href":"https:\/\/portaltela.pt\/api\/wp\/v2\/posts\/428693\/revisions"}],"wp:featuredmedia":[{"embeddable":true,"href":"https:\/\/portaltela.pt\/api\/wp\/v2\/media\/428695"}],"wp:attachment":[{"href":"https:\/\/portaltela.pt\/api\/wp\/v2\/media?parent=428693"}],"wp:term":[{"taxonomy":"category","embeddable":true,"href":"https:\/\/portaltela.pt\/api\/wp\/v2\/categories?post=428693"},{"taxonomy":"post_tag","embeddable":true,"href":"https:\/\/portaltela.pt\/api\/wp\/v2\/tags?post=428693"}],"curies":[{"name":"wp","href":"https:\/\/api.w.org\/{rel}","templated":true}]}}