{"id":428683,"date":"2026-04-01T03:17:25","date_gmt":"2026-04-01T06:17:25","guid":{"rendered":"https:\/\/portaltela.pt\/noticias\/2026\/04\/01\/declaracoes-do-irs-as-financas-iniciam-hoje-para-6-milhoes-de-agregados\/"},"modified":"2026-04-01T03:17:25","modified_gmt":"2026-04-01T06:17:25","slug":"declaracoes-do-irs-as-financas-iniciam-hoje-para-6-milhoes-de-agregados","status":"publish","type":"post","link":"https:\/\/portaltela.pt\/noticias\/2026\/04\/01\/declaracoes-do-irs-as-financas-iniciam-hoje-para-6-milhoes-de-agregados\/","title":{"rendered":"Declara\u00e7\u00f5es do IRS \u00e0s Finan\u00e7as iniciam hoje para 6 milh\u00f5es de agregados"},"content":{"rendered":"<p>A entrega das declara\u00e7\u00f5es do IRS relativas aos rendimentos de 2025 inicia-se hoje no Portal das Finan\u00e7as para mais de seis milh\u00f5es de agregados familiares. O prazo de submiss\u00e3o estende-se por tr\u00eas meses, entre 1 de abril e 30 de junho. O processo regular aplica-se a todos os tipos de rendimento, incluindo trabalho por conta de outrem, recibos verdes, pens\u00f5es e rendas.<\/p>\n<p>Este \u00e9 o momento em que cada contribuinte declara \u00e0 Autoridade Tribut\u00e1ria e Aduaneira (AT) os rendimentos auferidos no ano anterior, para que o fisco calcule o imposto real sobre a totalidade e efetue o acerto. A AT tem em conta as reten\u00e7\u00f5es na fonte j\u00e1 realizadas ao longo de 2025, que sofreram altera\u00e7\u00f5es ao longo do ano passado.<\/p>\n<p>Ao final do per\u00edodo, pode ocorrer reembolso, pagamento adicional de imposto ou nenhum valor a ajustar. As declara\u00e7\u00f5es recebidas pelo Portal das Finan\u00e7as entre 1 de abril e 30 de junho definem o saldo fiscal do agregado.<\/p>\n<h3>IRS Autom\u00e1tico e IRS Jovem<\/h3>\n<p>Ao longo dos tr\u00eas meses, o Portal das Finan\u00e7as dever\u00e1 receber mais de seis milh\u00f5es de declara\u00e7\u00f5es. O Governo prev\u00ea que o IRS Autom\u00e1tico, que j\u00e1 preenche parte do ficheiro, permita reembolsos em menos de duas semanas para quem use esse servi\u00e7o. Quem entregar pela via normal dever\u00e1 aguardar cerca de tr\u00eas a tr\u00eas semanas e meia.<\/p>\n<p>A novidade para 2025 \u00e9 a expans\u00e3o do IRS Autom\u00e1tico a trabalhadores abrangidos pelo IRS Jovem, ou seja, contribuintes at\u00e9 aos 35 anos. A expectativa aponta para cerca de dois milh\u00f5es de declara\u00e7\u00f5es com a participa\u00e7\u00e3o do IRS Autom\u00e1tico, incluindo mais de 200 mil do IRS Jovem.<\/p>\n<h3>Ponto de situa\u00e7\u00e3o e prazos<\/h3>\n<p>As altera\u00e7\u00f5es nas tabelas de reten\u00e7\u00e3o na fonte visam aproximar o imposto devido do efetivamente revertido ao longo do ano. O Governo afirma que isso n\u00e3o implica, necessariamente, reembolsos mais baixos, dado o conjunto de vari\u00e1veis em\u00e7\u00e3o fiscal. As reten\u00e7\u00f5es na fonte s\u00e3o apenas uma pe\u00e7a desse puzzle.<\/p>\n<p>A entrega \u00e9 efetuada exclusivamente de forma digital. O envio por Modelo 3 em papel deixou de ser permitido em reparti\u00e7\u00f5es de Finan\u00e7as. Trabalhadores sem acesso \u00e0 internet podem agendar atendimento para preenchimento assistido.<\/p>\n","protected":false},"excerpt":{"rendered":"<ul>\n<li>A entrega das declara\u00e7\u00f5es do IRS relativas aos rendimentos de 2025 come\u00e7a hoje no Portal das Finan\u00e7as, para mais de seis milh\u00f5es de agregados familiares, com prazo de tr\u00eas meses, de 1 de abril a 30 de junho.<\/li>\n<li>Abrangem todas as categorias de rendimento, seja trabalho por conta de outrem, recibos verdes, dupla atividade, pensionistas ou rendas; o fisco calcula o imposto final e faz o acerto.<\/li>\n<li>O resultado do acerto pode ser reembolso, pagamento adicional de imposto ou nenhum valor a pagar nem a receber.<\/li>\n<li>O IRS Autom\u00e1tico, com entrega mais r\u00e1pida, vai pela primeira vez abranger trabalhadores sob o IRS Jovem (at\u00e9 35 anos), prevendo-se cerca de dois milh\u00f5es de declara\u00e7\u00f5es via essa via.<\/li>\n<li>A entrega \u00e9 digital; quem n\u00e3o tiver acesso \u00e0 internet pode pedir apoio numa reparti\u00e7\u00e3o de Finan\u00e7as para preenchimento assistido. Os prazos m\u00e9dios de reembolso devem manter-se semelhantes aos do ano passado.<\/li>\n<\/ul>\n","protected":false},"author":2,"featured_media":428684,"comment_status":"closed","ping_status":"closed","sticky":false,"template":"","format":"standard","meta":{"footnotes":""},"categories":[6850,1],"tags":[2850,28,733,3613,2842,156],"class_list":["post-428683","post","type-post","status-publish","format-standard","has-post-thumbnail","hentry","category-financas","category-noticias","tag-autoridade-tributaria","tag-economia","tag-financas-publicas","tag-impostos","tag-renda","tag-rendimentos"],"yoast_head":"<!-- This site is optimized with the Yoast SEO plugin v27.2 - https:\/\/yoast.com\/product\/yoast-seo-wordpress\/ -->\n<title>Declara\u00e7\u00f5es do IRS \u00e0s Finan\u00e7as iniciam hoje para 6 milh\u00f5es de agregados - Portal Tela Portugal<\/title>\n<meta name=\"robots\" content=\"index, follow, max-snippet:-1, max-image-preview:large, max-video-preview:-1\" \/>\n<meta property=\"og:locale\" content=\"pt_PT\" \/>\n<meta property=\"og:type\" content=\"article\" \/>\n<meta property=\"og:title\" content=\"Declara\u00e7\u00f5es do IRS \u00e0s Finan\u00e7as iniciam hoje para 6 milh\u00f5es de agregados - Portal Tela Portugal\" \/>\n<meta property=\"og:description\" content=\"A entrega das declara\u00e7\u00f5es do IRS relativas aos rendimentos de 2025 come\u00e7a hoje no Portal das Finan\u00e7as, para mais de seis milh\u00f5es de agregados familiares, com prazo de tr\u00eas meses, de 1 de abril a 30 de junho. Abrangem todas as categorias de rendimento, seja trabalho por conta de outrem, recibos verdes, dupla atividade, pensionistas ou rendas; o fisco calcula o imposto final e faz o acerto. O resultado do acerto pode ser reembolso, pagamento adicional de imposto ou nenhum valor a pagar nem a receber. O IRS Autom\u00e1tico, com entrega mais r\u00e1pida, vai pela primeira vez abranger trabalhadores sob o IRS Jovem (at\u00e9 35 anos), prevendo-se cerca de dois milh\u00f5es de declara\u00e7\u00f5es via essa via. A entrega \u00e9 digital; quem n\u00e3o tiver acesso \u00e0 internet pode pedir apoio numa reparti\u00e7\u00e3o de Finan\u00e7as para preenchimento assistido. Os prazos m\u00e9dios de reembolso devem manter-se semelhantes aos do ano passado.\" \/>\n<meta property=\"og:url\" content=\"https:\/\/portaltela.pt\/noticias\/2026\/04\/01\/declaracoes-do-irs-as-financas-iniciam-hoje-para-6-milhoes-de-agregados\/\" \/>\n<meta property=\"og:site_name\" content=\"Portal Tela Portugal\" \/>\n<meta property=\"article:published_time\" content=\"2026-04-01T06:17:25+00:00\" \/>\n<meta name=\"author\" content=\"Telinha\" \/>\n<meta name=\"twitter:card\" content=\"summary_large_image\" \/>\n<meta name=\"twitter:label1\" content=\"Escrito por\" \/>\n\t<meta name=\"twitter:data1\" content=\"Telinha\" \/>\n\t<meta name=\"twitter:label2\" content=\"Tempo estimado de leitura\" \/>\n\t<meta name=\"twitter:data2\" content=\"2 minutos\" \/>\n<script type=\"application\/ld+json\" class=\"yoast-schema-graph\">{\"@context\":\"https:\/\/schema.org\",\"@graph\":[{\"@type\":\"Article\",\"@id\":\"https:\/\/portaltela.pt\/noticias\/2026\/04\/01\/declaracoes-do-irs-as-financas-iniciam-hoje-para-6-milhoes-de-agregados\/#article\",\"isPartOf\":{\"@id\":\"https:\/\/portaltela.pt\/noticias\/2026\/04\/01\/declaracoes-do-irs-as-financas-iniciam-hoje-para-6-milhoes-de-agregados\/\"},\"author\":{\"name\":\"Telinha\",\"@id\":\"https:\/\/portaltela.pt\/#\/schema\/person\/c4278d4a6028830caff9ee44b42d32ed\"},\"headline\":\"Declara\u00e7\u00f5es do IRS \u00e0s Finan\u00e7as iniciam hoje para 6 milh\u00f5es de agregados\",\"datePublished\":\"2026-04-01T06:17:25+00:00\",\"mainEntityOfPage\":{\"@id\":\"https:\/\/portaltela.pt\/noticias\/2026\/04\/01\/declaracoes-do-irs-as-financas-iniciam-hoje-para-6-milhoes-de-agregados\/\"},\"wordCount\":391,\"image\":{\"@id\":\"https:\/\/portaltela.pt\/noticias\/2026\/04\/01\/declaracoes-do-irs-as-financas-iniciam-hoje-para-6-milhoes-de-agregados\/#primaryimage\"},\"thumbnailUrl\":\"https:\/\/portaltela.pt\/s.01k8rhncp4jt1\/2026\/04\/img_1500x1000uu2025-10-09-16-19-05-2240449.jpg\",\"keywords\":[\"Autoridade Tribut\u00e1ria\",\"economia\",\"finan\u00e7as p\u00fablicas\",\"impostos\",\"renda\",\"rendimentos\"],\"articleSection\":[\"Finan\u00e7as\",\"Not\u00edcias\"],\"inLanguage\":\"pt-PT\"},{\"@type\":\"WebPage\",\"@id\":\"https:\/\/portaltela.pt\/noticias\/2026\/04\/01\/declaracoes-do-irs-as-financas-iniciam-hoje-para-6-milhoes-de-agregados\/\",\"url\":\"https:\/\/portaltela.pt\/noticias\/2026\/04\/01\/declaracoes-do-irs-as-financas-iniciam-hoje-para-6-milhoes-de-agregados\/\",\"name\":\"Declara\u00e7\u00f5es do IRS \u00e0s Finan\u00e7as iniciam hoje para 6 milh\u00f5es de agregados - Portal Tela Portugal\",\"isPartOf\":{\"@id\":\"https:\/\/portaltela.pt\/#website\"},\"primaryImageOfPage\":{\"@id\":\"https:\/\/portaltela.pt\/noticias\/2026\/04\/01\/declaracoes-do-irs-as-financas-iniciam-hoje-para-6-milhoes-de-agregados\/#primaryimage\"},\"image\":{\"@id\":\"https:\/\/portaltela.pt\/noticias\/2026\/04\/01\/declaracoes-do-irs-as-financas-iniciam-hoje-para-6-milhoes-de-agregados\/#primaryimage\"},\"thumbnailUrl\":\"https:\/\/portaltela.pt\/s.01k8rhncp4jt1\/2026\/04\/img_1500x1000uu2025-10-09-16-19-05-2240449.jpg\",\"datePublished\":\"2026-04-01T06:17:25+00:00\",\"author\":{\"@id\":\"https:\/\/portaltela.pt\/#\/schema\/person\/c4278d4a6028830caff9ee44b42d32ed\"},\"breadcrumb\":{\"@id\":\"https:\/\/portaltela.pt\/noticias\/2026\/04\/01\/declaracoes-do-irs-as-financas-iniciam-hoje-para-6-milhoes-de-agregados\/#breadcrumb\"},\"inLanguage\":\"pt-PT\",\"potentialAction\":[{\"@type\":\"ReadAction\",\"target\":[\"https:\/\/portaltela.pt\/noticias\/2026\/04\/01\/declaracoes-do-irs-as-financas-iniciam-hoje-para-6-milhoes-de-agregados\/\"]}]},{\"@type\":\"ImageObject\",\"inLanguage\":\"pt-PT\",\"@id\":\"https:\/\/portaltela.pt\/noticias\/2026\/04\/01\/declaracoes-do-irs-as-financas-iniciam-hoje-para-6-milhoes-de-agregados\/#primaryimage\",\"url\":\"https:\/\/portaltela.pt\/s.01k8rhncp4jt1\/2026\/04\/img_1500x1000uu2025-10-09-16-19-05-2240449.jpg\",\"contentUrl\":\"https:\/\/portaltela.pt\/s.01k8rhncp4jt1\/2026\/04\/img_1500x1000uu2025-10-09-16-19-05-2240449.jpg\",\"width\":796,\"height\":448,\"caption\":\"IRS\"},{\"@type\":\"BreadcrumbList\",\"@id\":\"https:\/\/portaltela.pt\/noticias\/2026\/04\/01\/declaracoes-do-irs-as-financas-iniciam-hoje-para-6-milhoes-de-agregados\/#breadcrumb\",\"itemListElement\":[{\"@type\":\"ListItem\",\"position\":1,\"name\":\"In\u00edcio\",\"item\":\"https:\/\/portaltela.pt\/\"},{\"@type\":\"ListItem\",\"position\":2,\"name\":\"Declara\u00e7\u00f5es do IRS \u00e0s Finan\u00e7as iniciam hoje para 6 milh\u00f5es de agregados\"}]},{\"@type\":\"WebSite\",\"@id\":\"https:\/\/portaltela.pt\/#website\",\"url\":\"https:\/\/portaltela.pt\/\",\"name\":\"Portal Tela Portugal\",\"description\":\"\",\"potentialAction\":[{\"@type\":\"SearchAction\",\"target\":{\"@type\":\"EntryPoint\",\"urlTemplate\":\"https:\/\/portaltela.pt\/?s={search_term_string}\"},\"query-input\":{\"@type\":\"PropertyValueSpecification\",\"valueRequired\":true,\"valueName\":\"search_term_string\"}}],\"inLanguage\":\"pt-PT\"},{\"@type\":\"Person\",\"@id\":\"https:\/\/portaltela.pt\/#\/schema\/person\/c4278d4a6028830caff9ee44b42d32ed\",\"name\":\"Telinha\",\"image\":{\"@type\":\"ImageObject\",\"inLanguage\":\"pt-PT\",\"@id\":\"https:\/\/portaltela.pt\/s.01k8rhncp4jt1\/2025\/11\/talking-bot-125x125.png\",\"url\":\"https:\/\/portaltela.pt\/s.01k8rhncp4jt1\/2025\/11\/talking-bot-125x125.png\",\"contentUrl\":\"https:\/\/portaltela.pt\/s.01k8rhncp4jt1\/2025\/11\/talking-bot-125x125.png\",\"caption\":\"Telinha\"},\"sameAs\":[\"https:\/\/portaltela.pt\/\"],\"url\":\"https:\/\/portaltela.pt\/por\/367410592786\/\"}]}<\/script>\n<!-- \/ Yoast SEO plugin. -->","yoast_head_json":{"title":"Declara\u00e7\u00f5es do IRS \u00e0s Finan\u00e7as iniciam hoje para 6 milh\u00f5es de agregados - Portal Tela Portugal","robots":{"index":"index","follow":"follow","max-snippet":"max-snippet:-1","max-image-preview":"max-image-preview:large","max-video-preview":"max-video-preview:-1"},"og_locale":"pt_PT","og_type":"article","og_title":"Declara\u00e7\u00f5es do IRS \u00e0s Finan\u00e7as iniciam hoje para 6 milh\u00f5es de agregados - Portal Tela Portugal","og_description":"A entrega das declara\u00e7\u00f5es do IRS relativas aos rendimentos de 2025 come\u00e7a hoje no Portal das Finan\u00e7as, para mais de seis milh\u00f5es de agregados familiares, com prazo de tr\u00eas meses, de 1 de abril a 30 de junho. Abrangem todas as categorias de rendimento, seja trabalho por conta de outrem, recibos verdes, dupla atividade, pensionistas ou rendas; o fisco calcula o imposto final e faz o acerto. O resultado do acerto pode ser reembolso, pagamento adicional de imposto ou nenhum valor a pagar nem a receber. O IRS Autom\u00e1tico, com entrega mais r\u00e1pida, vai pela primeira vez abranger trabalhadores sob o IRS Jovem (at\u00e9 35 anos), prevendo-se cerca de dois milh\u00f5es de declara\u00e7\u00f5es via essa via. A entrega \u00e9 digital; quem n\u00e3o tiver acesso \u00e0 internet pode pedir apoio numa reparti\u00e7\u00e3o de Finan\u00e7as para preenchimento assistido. Os prazos m\u00e9dios de reembolso devem manter-se semelhantes aos do ano passado.","og_url":"https:\/\/portaltela.pt\/noticias\/2026\/04\/01\/declaracoes-do-irs-as-financas-iniciam-hoje-para-6-milhoes-de-agregados\/","og_site_name":"Portal Tela Portugal","article_published_time":"2026-04-01T06:17:25+00:00","author":"Telinha","twitter_card":"summary_large_image","twitter_misc":{"Escrito por":"Telinha","Tempo estimado de leitura":"2 minutos"},"schema":{"@context":"https:\/\/schema.org","@graph":[{"@type":"Article","@id":"https:\/\/portaltela.pt\/noticias\/2026\/04\/01\/declaracoes-do-irs-as-financas-iniciam-hoje-para-6-milhoes-de-agregados\/#article","isPartOf":{"@id":"https:\/\/portaltela.pt\/noticias\/2026\/04\/01\/declaracoes-do-irs-as-financas-iniciam-hoje-para-6-milhoes-de-agregados\/"},"author":{"name":"Telinha","@id":"https:\/\/portaltela.pt\/#\/schema\/person\/c4278d4a6028830caff9ee44b42d32ed"},"headline":"Declara\u00e7\u00f5es do IRS \u00e0s Finan\u00e7as iniciam hoje para 6 milh\u00f5es de agregados","datePublished":"2026-04-01T06:17:25+00:00","mainEntityOfPage":{"@id":"https:\/\/portaltela.pt\/noticias\/2026\/04\/01\/declaracoes-do-irs-as-financas-iniciam-hoje-para-6-milhoes-de-agregados\/"},"wordCount":391,"image":{"@id":"https:\/\/portaltela.pt\/noticias\/2026\/04\/01\/declaracoes-do-irs-as-financas-iniciam-hoje-para-6-milhoes-de-agregados\/#primaryimage"},"thumbnailUrl":"https:\/\/portaltela.pt\/s.01k8rhncp4jt1\/2026\/04\/img_1500x1000uu2025-10-09-16-19-05-2240449.jpg","keywords":["Autoridade Tribut\u00e1ria","economia","finan\u00e7as p\u00fablicas","impostos","renda","rendimentos"],"articleSection":["Finan\u00e7as","Not\u00edcias"],"inLanguage":"pt-PT"},{"@type":"WebPage","@id":"https:\/\/portaltela.pt\/noticias\/2026\/04\/01\/declaracoes-do-irs-as-financas-iniciam-hoje-para-6-milhoes-de-agregados\/","url":"https:\/\/portaltela.pt\/noticias\/2026\/04\/01\/declaracoes-do-irs-as-financas-iniciam-hoje-para-6-milhoes-de-agregados\/","name":"Declara\u00e7\u00f5es do IRS \u00e0s Finan\u00e7as iniciam hoje para 6 milh\u00f5es de agregados - Portal Tela Portugal","isPartOf":{"@id":"https:\/\/portaltela.pt\/#website"},"primaryImageOfPage":{"@id":"https:\/\/portaltela.pt\/noticias\/2026\/04\/01\/declaracoes-do-irs-as-financas-iniciam-hoje-para-6-milhoes-de-agregados\/#primaryimage"},"image":{"@id":"https:\/\/portaltela.pt\/noticias\/2026\/04\/01\/declaracoes-do-irs-as-financas-iniciam-hoje-para-6-milhoes-de-agregados\/#primaryimage"},"thumbnailUrl":"https:\/\/portaltela.pt\/s.01k8rhncp4jt1\/2026\/04\/img_1500x1000uu2025-10-09-16-19-05-2240449.jpg","datePublished":"2026-04-01T06:17:25+00:00","author":{"@id":"https:\/\/portaltela.pt\/#\/schema\/person\/c4278d4a6028830caff9ee44b42d32ed"},"breadcrumb":{"@id":"https:\/\/portaltela.pt\/noticias\/2026\/04\/01\/declaracoes-do-irs-as-financas-iniciam-hoje-para-6-milhoes-de-agregados\/#breadcrumb"},"inLanguage":"pt-PT","potentialAction":[{"@type":"ReadAction","target":["https:\/\/portaltela.pt\/noticias\/2026\/04\/01\/declaracoes-do-irs-as-financas-iniciam-hoje-para-6-milhoes-de-agregados\/"]}]},{"@type":"ImageObject","inLanguage":"pt-PT","@id":"https:\/\/portaltela.pt\/noticias\/2026\/04\/01\/declaracoes-do-irs-as-financas-iniciam-hoje-para-6-milhoes-de-agregados\/#primaryimage","url":"https:\/\/portaltela.pt\/s.01k8rhncp4jt1\/2026\/04\/img_1500x1000uu2025-10-09-16-19-05-2240449.jpg","contentUrl":"https:\/\/portaltela.pt\/s.01k8rhncp4jt1\/2026\/04\/img_1500x1000uu2025-10-09-16-19-05-2240449.jpg","width":796,"height":448,"caption":"IRS"},{"@type":"BreadcrumbList","@id":"https:\/\/portaltela.pt\/noticias\/2026\/04\/01\/declaracoes-do-irs-as-financas-iniciam-hoje-para-6-milhoes-de-agregados\/#breadcrumb","itemListElement":[{"@type":"ListItem","position":1,"name":"In\u00edcio","item":"https:\/\/portaltela.pt\/"},{"@type":"ListItem","position":2,"name":"Declara\u00e7\u00f5es do IRS \u00e0s Finan\u00e7as iniciam hoje para 6 milh\u00f5es de agregados"}]},{"@type":"WebSite","@id":"https:\/\/portaltela.pt\/#website","url":"https:\/\/portaltela.pt\/","name":"Portal Tela Portugal","description":"","potentialAction":[{"@type":"SearchAction","target":{"@type":"EntryPoint","urlTemplate":"https:\/\/portaltela.pt\/?s={search_term_string}"},"query-input":{"@type":"PropertyValueSpecification","valueRequired":true,"valueName":"search_term_string"}}],"inLanguage":"pt-PT"},{"@type":"Person","@id":"https:\/\/portaltela.pt\/#\/schema\/person\/c4278d4a6028830caff9ee44b42d32ed","name":"Telinha","image":{"@type":"ImageObject","inLanguage":"pt-PT","@id":"https:\/\/portaltela.pt\/s.01k8rhncp4jt1\/2025\/11\/talking-bot-125x125.png","url":"https:\/\/portaltela.pt\/s.01k8rhncp4jt1\/2025\/11\/talking-bot-125x125.png","contentUrl":"https:\/\/portaltela.pt\/s.01k8rhncp4jt1\/2025\/11\/talking-bot-125x125.png","caption":"Telinha"},"sameAs":["https:\/\/portaltela.pt\/"],"url":"https:\/\/portaltela.pt\/por\/367410592786\/"}]}},"_links":{"self":[{"href":"https:\/\/portaltela.pt\/api\/wp\/v2\/posts\/428683","targetHints":{"allow":["GET"]}}],"collection":[{"href":"https:\/\/portaltela.pt\/api\/wp\/v2\/posts"}],"about":[{"href":"https:\/\/portaltela.pt\/api\/wp\/v2\/types\/post"}],"author":[{"embeddable":true,"href":"https:\/\/portaltela.pt\/api\/wp\/v2\/users\/2"}],"replies":[{"embeddable":true,"href":"https:\/\/portaltela.pt\/api\/wp\/v2\/comments?post=428683"}],"version-history":[{"count":0,"href":"https:\/\/portaltela.pt\/api\/wp\/v2\/posts\/428683\/revisions"}],"wp:featuredmedia":[{"embeddable":true,"href":"https:\/\/portaltela.pt\/api\/wp\/v2\/media\/428684"}],"wp:attachment":[{"href":"https:\/\/portaltela.pt\/api\/wp\/v2\/media?parent=428683"}],"wp:term":[{"taxonomy":"category","embeddable":true,"href":"https:\/\/portaltela.pt\/api\/wp\/v2\/categories?post=428683"},{"taxonomy":"post_tag","embeddable":true,"href":"https:\/\/portaltela.pt\/api\/wp\/v2\/tags?post=428683"}],"curies":[{"name":"wp","href":"https:\/\/api.w.org\/{rel}","templated":true}]}}