{"id":428681,"date":"2026-04-01T03:17:21","date_gmt":"2026-04-01T06:17:21","guid":{"rendered":"https:\/\/portaltela.pt\/noticias\/2026\/04\/01\/rubio-defende-reavaliacao-da-relacao-eua-nato-apos-fim-da-guerra-com-o-irao\/"},"modified":"2026-04-01T03:17:21","modified_gmt":"2026-04-01T06:17:21","slug":"rubio-defende-reavaliacao-da-relacao-eua-nato-apos-fim-da-guerra-com-o-irao","status":"publish","type":"post","link":"https:\/\/portaltela.pt\/noticias\/2026\/04\/01\/rubio-defende-reavaliacao-da-relacao-eua-nato-apos-fim-da-guerra-com-o-irao\/","title":{"rendered":"Rubio defende reavalia\u00e7\u00e3o da rela\u00e7\u00e3o EUA\u2013NATO ap\u00f3s fim da guerra com o Ir\u00e3o"},"content":{"rendered":"<p>Marco Rubio, chefe da diplomacia dos EUA, afirmou que \u00e9 preciso reavaliar a rela\u00e7\u00e3o com a NATO ap\u00f3s o fim da guerra com o Ir\u00e3o. O pr\u00f3prio secret\u00e1rio de Estado indicou que a decis\u00e3o caber\u00e1 ao Presidente Donald Trump. A declara\u00e7\u00e3o foi feita durante uma entrevista \u00e0 Fox News.<\/p>\n<p>Rubio indicou que, uma vez terminada a opera\u00e7\u00e3o, conv\u00e9m medir o valor da NATO para os EUA dentro da alian\u00e7a. A entrevista ocorreu na ter\u00e7a-feira, quando o foco tamb\u00e9m recaiu sobre a posi\u00e7\u00e3o de Washington perante os aliados europeus.<\/p>\n<p>Trump, na mesma jornada, criticou o apoio de alguns aliados europeus \u00e0 campanha militar contra o Ir\u00e3o e disse que n\u00e3o prev\u00ea intervir para desbloquear o Estreito de Ormuz. A posi\u00e7\u00e3o mostrou um contraste com o tom de coopera\u00e7\u00e3o transatl\u00e2ntica defendido anteriormente.<\/p>\n<p>Portugal ressaltou o papel da parceria transatl\u00e2ntica. O Departamento de Estado destacou a liga\u00e7\u00e3o econ\u00f4mica e de defesa com Portugal, em reuni\u00e3o entre Rubio e o ministro Paulo Rangel, com refor\u00e7o da coopera\u00e7\u00e3o bilateral.<\/p>\n<p>O Minist\u00e9rio dos Neg\u00f3cios Estrangeiros de Portugal informou que o telefonema abordou a situa\u00e7\u00e3o no M\u00e9dio Oriente e confirmou a import\u00e2ncia da rela\u00e7\u00e3o com os EUA. Tamb\u00e9m foi mencionada a coopera\u00e7\u00e3o econ\u00f3mica e de defesa entre ambos os pa\u00edses.<\/p>\n<p>Em 28 de fevereiro, os EUA e Israel iniciaram a\u00e7\u00f5es militares contra o Ir\u00e3o, com consequ\u00eancias em v\u00e1rias regi\u00f5es. Entre os afetados constam Emirados \u00c1rabes Unidos, Ar\u00e1bia Saudita, Qatar e Bahrein, entre outros.<\/p>\n<p>A Base das Lajes, nos A\u00e7ores, tem vindo a acolher voos de reabastecimento em opera\u00e7\u00f5es na regi\u00e3o. Portugal autorizou o uso da base condicionadamente, exigindo resposta proporcional e alvos militares claros. O governo e o primeiro-ministro tamb\u00e9m reiteraram conformidade com os pressupostos da autoriza\u00e7\u00e3o.<\/p>\n","protected":false},"excerpt":{"rendered":"<ul>\n<li>Marco Rubio afirmou que, ap\u00f3s o fim do conflito com o Ir\u00e3o, os EUA devem reexaminar a rela\u00e7\u00e3o com a NATO, cabendo ao Presidente decidir sobre o assunto.<\/li>\n<li>Donald Trump criticou aliados europeus por n\u00e3o apoiarem a campanha de bombardeamentos contra o Ir\u00e3o e disse que n\u00e3o interv\u00e9m para desbloquear o Estreito de Ormuz.<\/li>\n<li>Espanha proibiu os Estados Unidos de utilizarem bases no territ\u00f3rio e o espa\u00e7o a\u00e9reo espanhol para ataques ao Ir\u00e3o, considerando a a\u00e7\u00e3o como uma guerra ilegal.<\/li>\n<li>It\u00e1lia confirmou ter negado a aterragem de bombardeiros norte\u2011americanos numa base siciliana por n\u00e3o disporem das autoriza\u00e7\u00f5es necess\u00e1rias e por n\u00e3o cumprirem o tratado bilateral.<\/li>\n<li>Rubio agradeceu a coopera\u00e7\u00e3o econ\u00f3mica e de defesa entre Portugal e os EUA, destacando a solidez dos la\u00e7os transatl\u00e2nticos; Portugal reiterou a import\u00e2ncia da rela\u00e7\u00e3o bilateral.<\/li>\n<\/ul>\n","protected":false},"author":2,"featured_media":428682,"comment_status":"closed","ping_status":"closed","sticky":false,"template":"","format":"standard","meta":{"footnotes":""},"categories":[6814,1],"tags":[6761,256,1600,62,3153,27],"class_list":["post-428681","post","type-post","status-publish","format-standard","has-post-thumbnail","hentry","category-geopolitica","category-noticias","tag-base-das-lajes","tag-cooperacao-internacional","tag-estados-unidos","tag-guerra","tag-ira","tag-relacoes-internacionais"],"yoast_head":"<!-- This site is optimized with the Yoast SEO plugin v27.2 - https:\/\/yoast.com\/product\/yoast-seo-wordpress\/ -->\n<title>Rubio defende reavalia\u00e7\u00e3o da rela\u00e7\u00e3o EUA\u2013NATO ap\u00f3s fim da guerra com o Ir\u00e3o - Portal Tela Portugal<\/title>\n<meta name=\"robots\" content=\"index, follow, max-snippet:-1, max-image-preview:large, max-video-preview:-1\" \/>\n<meta property=\"og:locale\" content=\"pt_PT\" \/>\n<meta property=\"og:type\" content=\"article\" \/>\n<meta property=\"og:title\" content=\"Rubio defende reavalia\u00e7\u00e3o da rela\u00e7\u00e3o EUA\u2013NATO ap\u00f3s fim da guerra com o Ir\u00e3o - Portal Tela Portugal\" \/>\n<meta property=\"og:description\" content=\"Marco Rubio afirmou que, ap\u00f3s o fim do conflito com o Ir\u00e3o, os EUA devem reexaminar a rela\u00e7\u00e3o com a NATO, cabendo ao Presidente decidir sobre o assunto. Donald Trump criticou aliados europeus por n\u00e3o apoiarem a campanha de bombardeamentos contra o Ir\u00e3o e disse que n\u00e3o interv\u00e9m para desbloquear o Estreito de Ormuz. Espanha proibiu os Estados Unidos de utilizarem bases no territ\u00f3rio e o espa\u00e7o a\u00e9reo espanhol para ataques ao Ir\u00e3o, considerando a a\u00e7\u00e3o como uma guerra ilegal. It\u00e1lia confirmou ter negado a aterragem de bombardeiros norte\u2011americanos numa base siciliana por n\u00e3o disporem das autoriza\u00e7\u00f5es necess\u00e1rias e por n\u00e3o cumprirem o tratado bilateral. Rubio agradeceu a coopera\u00e7\u00e3o econ\u00f3mica e de defesa entre Portugal e os EUA, destacando a solidez dos la\u00e7os transatl\u00e2nticos; Portugal reiterou a import\u00e2ncia da rela\u00e7\u00e3o bilateral.\" \/>\n<meta property=\"og:url\" content=\"https:\/\/portaltela.pt\/noticias\/2026\/04\/01\/rubio-defende-reavaliacao-da-relacao-eua-nato-apos-fim-da-guerra-com-o-irao\/\" \/>\n<meta property=\"og:site_name\" content=\"Portal Tela Portugal\" \/>\n<meta property=\"article:published_time\" content=\"2026-04-01T06:17:21+00:00\" \/>\n<meta name=\"author\" content=\"Telinha\" \/>\n<meta name=\"twitter:card\" content=\"summary_large_image\" \/>\n<meta name=\"twitter:label1\" content=\"Escrito por\" \/>\n\t<meta name=\"twitter:data1\" content=\"Telinha\" \/>\n\t<meta name=\"twitter:label2\" content=\"Tempo estimado de leitura\" \/>\n\t<meta name=\"twitter:data2\" content=\"2 minutos\" \/>\n<script type=\"application\/ld+json\" class=\"yoast-schema-graph\">{\"@context\":\"https:\/\/schema.org\",\"@graph\":[{\"@type\":\"Article\",\"@id\":\"https:\/\/portaltela.pt\/noticias\/2026\/04\/01\/rubio-defende-reavaliacao-da-relacao-eua-nato-apos-fim-da-guerra-com-o-irao\/#article\",\"isPartOf\":{\"@id\":\"https:\/\/portaltela.pt\/noticias\/2026\/04\/01\/rubio-defende-reavaliacao-da-relacao-eua-nato-apos-fim-da-guerra-com-o-irao\/\"},\"author\":{\"name\":\"Telinha\",\"@id\":\"https:\/\/portaltela.pt\/#\/schema\/person\/c4278d4a6028830caff9ee44b42d32ed\"},\"headline\":\"Rubio defende reavalia\u00e7\u00e3o da rela\u00e7\u00e3o EUA\u2013NATO ap\u00f3s fim da guerra com o Ir\u00e3o\",\"datePublished\":\"2026-04-01T06:17:21+00:00\",\"mainEntityOfPage\":{\"@id\":\"https:\/\/portaltela.pt\/noticias\/2026\/04\/01\/rubio-defende-reavaliacao-da-relacao-eua-nato-apos-fim-da-guerra-com-o-irao\/\"},\"wordCount\":339,\"image\":{\"@id\":\"https:\/\/portaltela.pt\/noticias\/2026\/04\/01\/rubio-defende-reavaliacao-da-relacao-eua-nato-apos-fim-da-guerra-com-o-irao\/#primaryimage\"},\"thumbnailUrl\":\"https:\/\/portaltela.pt\/s.01k8rhncp4jt1\/2026\/04\/img_1500x1000uu2025-10-09-12-46-07-2240417.jpg\",\"keywords\":[\"Base das Lajes\",\"coopera\u00e7\u00e3o internacional\",\"Estados Unidos\",\"guerra\",\"Ir\u00e3\",\"rela\u00e7\u00f5es internacionais\"],\"articleSection\":[\"Geopol\u00edtica\",\"Not\u00edcias\"],\"inLanguage\":\"pt-PT\"},{\"@type\":\"WebPage\",\"@id\":\"https:\/\/portaltela.pt\/noticias\/2026\/04\/01\/rubio-defende-reavaliacao-da-relacao-eua-nato-apos-fim-da-guerra-com-o-irao\/\",\"url\":\"https:\/\/portaltela.pt\/noticias\/2026\/04\/01\/rubio-defende-reavaliacao-da-relacao-eua-nato-apos-fim-da-guerra-com-o-irao\/\",\"name\":\"Rubio defende reavalia\u00e7\u00e3o da rela\u00e7\u00e3o EUA\u2013NATO ap\u00f3s fim da guerra com o Ir\u00e3o - Portal Tela Portugal\",\"isPartOf\":{\"@id\":\"https:\/\/portaltela.pt\/#website\"},\"primaryImageOfPage\":{\"@id\":\"https:\/\/portaltela.pt\/noticias\/2026\/04\/01\/rubio-defende-reavaliacao-da-relacao-eua-nato-apos-fim-da-guerra-com-o-irao\/#primaryimage\"},\"image\":{\"@id\":\"https:\/\/portaltela.pt\/noticias\/2026\/04\/01\/rubio-defende-reavaliacao-da-relacao-eua-nato-apos-fim-da-guerra-com-o-irao\/#primaryimage\"},\"thumbnailUrl\":\"https:\/\/portaltela.pt\/s.01k8rhncp4jt1\/2026\/04\/img_1500x1000uu2025-10-09-12-46-07-2240417.jpg\",\"datePublished\":\"2026-04-01T06:17:21+00:00\",\"author\":{\"@id\":\"https:\/\/portaltela.pt\/#\/schema\/person\/c4278d4a6028830caff9ee44b42d32ed\"},\"breadcrumb\":{\"@id\":\"https:\/\/portaltela.pt\/noticias\/2026\/04\/01\/rubio-defende-reavaliacao-da-relacao-eua-nato-apos-fim-da-guerra-com-o-irao\/#breadcrumb\"},\"inLanguage\":\"pt-PT\",\"potentialAction\":[{\"@type\":\"ReadAction\",\"target\":[\"https:\/\/portaltela.pt\/noticias\/2026\/04\/01\/rubio-defende-reavaliacao-da-relacao-eua-nato-apos-fim-da-guerra-com-o-irao\/\"]}]},{\"@type\":\"ImageObject\",\"inLanguage\":\"pt-PT\",\"@id\":\"https:\/\/portaltela.pt\/noticias\/2026\/04\/01\/rubio-defende-reavaliacao-da-relacao-eua-nato-apos-fim-da-guerra-com-o-irao\/#primaryimage\",\"url\":\"https:\/\/portaltela.pt\/s.01k8rhncp4jt1\/2026\/04\/img_1500x1000uu2025-10-09-12-46-07-2240417.jpg\",\"contentUrl\":\"https:\/\/portaltela.pt\/s.01k8rhncp4jt1\/2026\/04\/img_1500x1000uu2025-10-09-12-46-07-2240417.jpg\",\"width\":796,\"height\":448,\"caption\":\"Marco Rubio examina notas durante evento\"},{\"@type\":\"BreadcrumbList\",\"@id\":\"https:\/\/portaltela.pt\/noticias\/2026\/04\/01\/rubio-defende-reavaliacao-da-relacao-eua-nato-apos-fim-da-guerra-com-o-irao\/#breadcrumb\",\"itemListElement\":[{\"@type\":\"ListItem\",\"position\":1,\"name\":\"In\u00edcio\",\"item\":\"https:\/\/portaltela.pt\/\"},{\"@type\":\"ListItem\",\"position\":2,\"name\":\"Rubio defende reavalia\u00e7\u00e3o da rela\u00e7\u00e3o EUA\u2013NATO ap\u00f3s fim da guerra com o Ir\u00e3o\"}]},{\"@type\":\"WebSite\",\"@id\":\"https:\/\/portaltela.pt\/#website\",\"url\":\"https:\/\/portaltela.pt\/\",\"name\":\"Portal Tela Portugal\",\"description\":\"\",\"potentialAction\":[{\"@type\":\"SearchAction\",\"target\":{\"@type\":\"EntryPoint\",\"urlTemplate\":\"https:\/\/portaltela.pt\/?s={search_term_string}\"},\"query-input\":{\"@type\":\"PropertyValueSpecification\",\"valueRequired\":true,\"valueName\":\"search_term_string\"}}],\"inLanguage\":\"pt-PT\"},{\"@type\":\"Person\",\"@id\":\"https:\/\/portaltela.pt\/#\/schema\/person\/c4278d4a6028830caff9ee44b42d32ed\",\"name\":\"Telinha\",\"image\":{\"@type\":\"ImageObject\",\"inLanguage\":\"pt-PT\",\"@id\":\"https:\/\/portaltela.pt\/s.01k8rhncp4jt1\/2025\/11\/talking-bot-125x125.png\",\"url\":\"https:\/\/portaltela.pt\/s.01k8rhncp4jt1\/2025\/11\/talking-bot-125x125.png\",\"contentUrl\":\"https:\/\/portaltela.pt\/s.01k8rhncp4jt1\/2025\/11\/talking-bot-125x125.png\",\"caption\":\"Telinha\"},\"sameAs\":[\"https:\/\/portaltela.pt\/\"],\"url\":\"https:\/\/portaltela.pt\/por\/367410592786\/\"}]}<\/script>\n<!-- \/ Yoast SEO plugin. -->","yoast_head_json":{"title":"Rubio defende reavalia\u00e7\u00e3o da rela\u00e7\u00e3o EUA\u2013NATO ap\u00f3s fim da guerra com o Ir\u00e3o - Portal Tela Portugal","robots":{"index":"index","follow":"follow","max-snippet":"max-snippet:-1","max-image-preview":"max-image-preview:large","max-video-preview":"max-video-preview:-1"},"og_locale":"pt_PT","og_type":"article","og_title":"Rubio defende reavalia\u00e7\u00e3o da rela\u00e7\u00e3o EUA\u2013NATO ap\u00f3s fim da guerra com o Ir\u00e3o - Portal Tela Portugal","og_description":"Marco Rubio afirmou que, ap\u00f3s o fim do conflito com o Ir\u00e3o, os EUA devem reexaminar a rela\u00e7\u00e3o com a NATO, cabendo ao Presidente decidir sobre o assunto. Donald Trump criticou aliados europeus por n\u00e3o apoiarem a campanha de bombardeamentos contra o Ir\u00e3o e disse que n\u00e3o interv\u00e9m para desbloquear o Estreito de Ormuz. Espanha proibiu os Estados Unidos de utilizarem bases no territ\u00f3rio e o espa\u00e7o a\u00e9reo espanhol para ataques ao Ir\u00e3o, considerando a a\u00e7\u00e3o como uma guerra ilegal. It\u00e1lia confirmou ter negado a aterragem de bombardeiros norte\u2011americanos numa base siciliana por n\u00e3o disporem das autoriza\u00e7\u00f5es necess\u00e1rias e por n\u00e3o cumprirem o tratado bilateral. Rubio agradeceu a coopera\u00e7\u00e3o econ\u00f3mica e de defesa entre Portugal e os EUA, destacando a solidez dos la\u00e7os transatl\u00e2nticos; Portugal reiterou a import\u00e2ncia da rela\u00e7\u00e3o bilateral.","og_url":"https:\/\/portaltela.pt\/noticias\/2026\/04\/01\/rubio-defende-reavaliacao-da-relacao-eua-nato-apos-fim-da-guerra-com-o-irao\/","og_site_name":"Portal Tela Portugal","article_published_time":"2026-04-01T06:17:21+00:00","author":"Telinha","twitter_card":"summary_large_image","twitter_misc":{"Escrito por":"Telinha","Tempo estimado de leitura":"2 minutos"},"schema":{"@context":"https:\/\/schema.org","@graph":[{"@type":"Article","@id":"https:\/\/portaltela.pt\/noticias\/2026\/04\/01\/rubio-defende-reavaliacao-da-relacao-eua-nato-apos-fim-da-guerra-com-o-irao\/#article","isPartOf":{"@id":"https:\/\/portaltela.pt\/noticias\/2026\/04\/01\/rubio-defende-reavaliacao-da-relacao-eua-nato-apos-fim-da-guerra-com-o-irao\/"},"author":{"name":"Telinha","@id":"https:\/\/portaltela.pt\/#\/schema\/person\/c4278d4a6028830caff9ee44b42d32ed"},"headline":"Rubio defende reavalia\u00e7\u00e3o da rela\u00e7\u00e3o EUA\u2013NATO ap\u00f3s fim da guerra com o Ir\u00e3o","datePublished":"2026-04-01T06:17:21+00:00","mainEntityOfPage":{"@id":"https:\/\/portaltela.pt\/noticias\/2026\/04\/01\/rubio-defende-reavaliacao-da-relacao-eua-nato-apos-fim-da-guerra-com-o-irao\/"},"wordCount":339,"image":{"@id":"https:\/\/portaltela.pt\/noticias\/2026\/04\/01\/rubio-defende-reavaliacao-da-relacao-eua-nato-apos-fim-da-guerra-com-o-irao\/#primaryimage"},"thumbnailUrl":"https:\/\/portaltela.pt\/s.01k8rhncp4jt1\/2026\/04\/img_1500x1000uu2025-10-09-12-46-07-2240417.jpg","keywords":["Base das Lajes","coopera\u00e7\u00e3o internacional","Estados Unidos","guerra","Ir\u00e3","rela\u00e7\u00f5es internacionais"],"articleSection":["Geopol\u00edtica","Not\u00edcias"],"inLanguage":"pt-PT"},{"@type":"WebPage","@id":"https:\/\/portaltela.pt\/noticias\/2026\/04\/01\/rubio-defende-reavaliacao-da-relacao-eua-nato-apos-fim-da-guerra-com-o-irao\/","url":"https:\/\/portaltela.pt\/noticias\/2026\/04\/01\/rubio-defende-reavaliacao-da-relacao-eua-nato-apos-fim-da-guerra-com-o-irao\/","name":"Rubio defende reavalia\u00e7\u00e3o da rela\u00e7\u00e3o EUA\u2013NATO ap\u00f3s fim da guerra com o Ir\u00e3o - Portal Tela Portugal","isPartOf":{"@id":"https:\/\/portaltela.pt\/#website"},"primaryImageOfPage":{"@id":"https:\/\/portaltela.pt\/noticias\/2026\/04\/01\/rubio-defende-reavaliacao-da-relacao-eua-nato-apos-fim-da-guerra-com-o-irao\/#primaryimage"},"image":{"@id":"https:\/\/portaltela.pt\/noticias\/2026\/04\/01\/rubio-defende-reavaliacao-da-relacao-eua-nato-apos-fim-da-guerra-com-o-irao\/#primaryimage"},"thumbnailUrl":"https:\/\/portaltela.pt\/s.01k8rhncp4jt1\/2026\/04\/img_1500x1000uu2025-10-09-12-46-07-2240417.jpg","datePublished":"2026-04-01T06:17:21+00:00","author":{"@id":"https:\/\/portaltela.pt\/#\/schema\/person\/c4278d4a6028830caff9ee44b42d32ed"},"breadcrumb":{"@id":"https:\/\/portaltela.pt\/noticias\/2026\/04\/01\/rubio-defende-reavaliacao-da-relacao-eua-nato-apos-fim-da-guerra-com-o-irao\/#breadcrumb"},"inLanguage":"pt-PT","potentialAction":[{"@type":"ReadAction","target":["https:\/\/portaltela.pt\/noticias\/2026\/04\/01\/rubio-defende-reavaliacao-da-relacao-eua-nato-apos-fim-da-guerra-com-o-irao\/"]}]},{"@type":"ImageObject","inLanguage":"pt-PT","@id":"https:\/\/portaltela.pt\/noticias\/2026\/04\/01\/rubio-defende-reavaliacao-da-relacao-eua-nato-apos-fim-da-guerra-com-o-irao\/#primaryimage","url":"https:\/\/portaltela.pt\/s.01k8rhncp4jt1\/2026\/04\/img_1500x1000uu2025-10-09-12-46-07-2240417.jpg","contentUrl":"https:\/\/portaltela.pt\/s.01k8rhncp4jt1\/2026\/04\/img_1500x1000uu2025-10-09-12-46-07-2240417.jpg","width":796,"height":448,"caption":"Marco Rubio examina notas durante evento"},{"@type":"BreadcrumbList","@id":"https:\/\/portaltela.pt\/noticias\/2026\/04\/01\/rubio-defende-reavaliacao-da-relacao-eua-nato-apos-fim-da-guerra-com-o-irao\/#breadcrumb","itemListElement":[{"@type":"ListItem","position":1,"name":"In\u00edcio","item":"https:\/\/portaltela.pt\/"},{"@type":"ListItem","position":2,"name":"Rubio defende reavalia\u00e7\u00e3o da rela\u00e7\u00e3o EUA\u2013NATO ap\u00f3s fim da guerra com o Ir\u00e3o"}]},{"@type":"WebSite","@id":"https:\/\/portaltela.pt\/#website","url":"https:\/\/portaltela.pt\/","name":"Portal Tela Portugal","description":"","potentialAction":[{"@type":"SearchAction","target":{"@type":"EntryPoint","urlTemplate":"https:\/\/portaltela.pt\/?s={search_term_string}"},"query-input":{"@type":"PropertyValueSpecification","valueRequired":true,"valueName":"search_term_string"}}],"inLanguage":"pt-PT"},{"@type":"Person","@id":"https:\/\/portaltela.pt\/#\/schema\/person\/c4278d4a6028830caff9ee44b42d32ed","name":"Telinha","image":{"@type":"ImageObject","inLanguage":"pt-PT","@id":"https:\/\/portaltela.pt\/s.01k8rhncp4jt1\/2025\/11\/talking-bot-125x125.png","url":"https:\/\/portaltela.pt\/s.01k8rhncp4jt1\/2025\/11\/talking-bot-125x125.png","contentUrl":"https:\/\/portaltela.pt\/s.01k8rhncp4jt1\/2025\/11\/talking-bot-125x125.png","caption":"Telinha"},"sameAs":["https:\/\/portaltela.pt\/"],"url":"https:\/\/portaltela.pt\/por\/367410592786\/"}]}},"_links":{"self":[{"href":"https:\/\/portaltela.pt\/api\/wp\/v2\/posts\/428681","targetHints":{"allow":["GET"]}}],"collection":[{"href":"https:\/\/portaltela.pt\/api\/wp\/v2\/posts"}],"about":[{"href":"https:\/\/portaltela.pt\/api\/wp\/v2\/types\/post"}],"author":[{"embeddable":true,"href":"https:\/\/portaltela.pt\/api\/wp\/v2\/users\/2"}],"replies":[{"embeddable":true,"href":"https:\/\/portaltela.pt\/api\/wp\/v2\/comments?post=428681"}],"version-history":[{"count":0,"href":"https:\/\/portaltela.pt\/api\/wp\/v2\/posts\/428681\/revisions"}],"wp:featuredmedia":[{"embeddable":true,"href":"https:\/\/portaltela.pt\/api\/wp\/v2\/media\/428682"}],"wp:attachment":[{"href":"https:\/\/portaltela.pt\/api\/wp\/v2\/media?parent=428681"}],"wp:term":[{"taxonomy":"category","embeddable":true,"href":"https:\/\/portaltela.pt\/api\/wp\/v2\/categories?post=428681"},{"taxonomy":"post_tag","embeddable":true,"href":"https:\/\/portaltela.pt\/api\/wp\/v2\/tags?post=428681"}],"curies":[{"name":"wp","href":"https:\/\/api.w.org\/{rel}","templated":true}]}}