{"id":428674,"date":"2026-04-01T03:17:15","date_gmt":"2026-04-01T06:17:15","guid":{"rendered":"https:\/\/portaltela.pt\/noticias\/2026\/04\/01\/cadeias-portuguesas-com-sobrelotacao-pela-primeira-vez-desde-2017\/"},"modified":"2026-04-01T03:17:15","modified_gmt":"2026-04-01T06:17:15","slug":"cadeias-portuguesas-com-sobrelotacao-pela-primeira-vez-desde-2017","status":"publish","type":"post","link":"https:\/\/portaltela.pt\/noticias\/2026\/04\/01\/cadeias-portuguesas-com-sobrelotacao-pela-primeira-vez-desde-2017\/","title":{"rendered":"Cadeias portuguesas com sobrelota\u00e7\u00e3o pela primeira vez desde 2017"},"content":{"rendered":"<p>O Relat\u00f3rio Anual de Seguran\u00e7a Interna (RASI) de 2025 confirma, pela primeira vez desde 2017, que as cadeias portuguesas voltaram a enfrentar sobrelota\u00e7\u00e3o. A taxa de ocupa\u00e7\u00e3o em 31 de Dezembro de 2025 era de 103,4%, registando um aumento de 6,6% face a 2024, conforme dados da Dire\u00e7\u00e3o-Geral de Reinser\u00e7\u00e3o e Servi\u00e7os Prisionais. No total, h\u00e1 776 reclusos a mais comparando com o ano anterior, impulsionado por uma subida de 2,3% dos presos preventivos.<\/p>\n<p>O relat\u00f3rio aponta ainda que, apesar do pico de ocupa\u00e7\u00e3o, n\u00e3o houve recondu\u00e7\u00e3o da situa\u00e7\u00e3o a um patamar de sobrelota\u00e7\u00e3o hist\u00f3rico nos \u00faltimos anos. O RASI destaca que a evolu\u00e7\u00e3o se compara com o fim de 2017, ano em que o problema voltou a ganhar relevo, e que houve per\u00edodos de redu\u00e7\u00e3o da ocupa\u00e7\u00e3o em d\u00e9cadas recentes. A Associa\u00e7\u00e3o Sindical de Chefias do Corpo da Guarda Prisional j\u00e1 tinha sinalizado diverg\u00eancias entre dados oficiais e a realidade em pris\u00f5es espec\u00edficas.<\/p>\n<p>No conjunto do sistema prisional, o RASI 2025 regista 64 \u00f3bitos de reclusos no ano passado, incluindo 14 suic\u00eddios, n\u00famero superior ao de 2024. O documento sublinha ainda que Portugal tem sido alvo de condena\u00e7\u00f5es no Tribunal Europeu dos Direitos Humanos por condi\u00e7\u00f5es das cadeias, com o problema descrito como sist\u00e9mico por decis\u00e3o de Estrasburgo.<\/p>\n<h3>Desempenho na seguran\u00e7a rodovi\u00e1ria<\/h3>\n<p>No que toca \u00e0 sinistralidade rodovi\u00e1ria, o relat\u00f3rio indica uma redu\u00e7\u00e3o de 46% nos atropelamentos mortais. Tamb\u00e9m houve uma descida de 6,1% no total de v\u00edtimas mortais dos acidentes de via\u00e7\u00e3o, para 448 \u00f3bitos em locais de acidente. O relat\u00f3rio aponta, por\u00e9m, um aumento de 23% no n\u00famero de condutores apanhados a conduzir com 1,2 g\/L de \u00e1lcool no sangue.<\/p>\n<p>Diz ainda que a escassez de equipamentos de fiscaliza\u00e7\u00e3o comprometeu a aquisi\u00e7\u00e3o de maisalcool\u00edmetros: apenas 85 foram comprados, em vez dos mil previstos. As autoridades t\u00eam vindo a enfatizar a necessidade de refor\u00e7ar a fiscaliza\u00e7\u00e3o para melhorar a seguran\u00e7a rodovi\u00e1ria.<\/p>\n","protected":false},"excerpt":{"rendered":"<ul>\n<li>O Relat\u00f3rio Anual de Seguran\u00e7a Interna de 2025 confirma, pela primeira vez desde 2017, sobrelota\u00e7\u00e3o nas cadeias portuguesas, com taxa de ocupa\u00e7\u00e3o de 103,4% a 31 de dezembro de 2025 (\u2191 6,6% face a 2024).<\/li>\n<li>Existem 776 reclusos a mais face ao ano anterior, com um aumento de 2,3% de presos preventivos, contribuindo para o agravamento do cen\u00e1rio prisional.<\/li>\n<li>A sobrelota\u00e7\u00e3o \u00e9 reconhecida no relat\u00f3rio, apesar de haver algumas pris\u00f5es com celas vagas; h\u00e1 cr\u00edticas de que os n\u00fameros podem n\u00e3o refletir totalmente a realidade.<\/li>\n<li>Na \u00e1rea rodovi\u00e1ria, ca\u00edram 46% os \u00f3bitos por atropelamento; os acidentes fatais diminu\u00edram 6,1%, contudo aumentou em 23% o n\u00famero de condutores apanhados com 1,2 gramas por litro de \u00e1lcool no sangue.<\/li>\n<li>Fiscaliza\u00e7\u00e3o mais fraca por falta de alcool\u00edmetros: foram adquiridos apenas 85 equipamento para testes de \u00e1lcool, em vez dos mil previstos, devido a problemas nos procedimentos concursais.<\/li>\n<\/ul>\n","protected":false},"author":2,"featured_media":428676,"comment_status":"closed","ping_status":"closed","sticky":false,"template":"","format":"standard","meta":{"footnotes":""},"categories":[6815,1],"tags":[6051,6026,1727,2633,4343,2761],"class_list":["post-428674","post","type-post","status-publish","format-standard","has-post-thumbnail","hentry","category-justica","category-noticias","tag-alcool","tag-cadeias","tag-conducao-sob-o-alcool","tag-direitos-humanos","tag-prisoes","tag-seguranca-rodoviaria"],"yoast_head":"<!-- This site is optimized with the Yoast SEO plugin v27.2 - https:\/\/yoast.com\/product\/yoast-seo-wordpress\/ -->\n<title>Cadeias portuguesas com sobrelota\u00e7\u00e3o pela primeira vez desde 2017 - Portal Tela Portugal<\/title>\n<meta name=\"robots\" content=\"index, follow, max-snippet:-1, max-image-preview:large, max-video-preview:-1\" \/>\n<meta property=\"og:locale\" content=\"pt_PT\" \/>\n<meta property=\"og:type\" content=\"article\" \/>\n<meta property=\"og:title\" content=\"Cadeias portuguesas com sobrelota\u00e7\u00e3o pela primeira vez desde 2017 - Portal Tela Portugal\" \/>\n<meta property=\"og:description\" content=\"O Relat\u00f3rio Anual de Seguran\u00e7a Interna de 2025 confirma, pela primeira vez desde 2017, sobrelota\u00e7\u00e3o nas cadeias portuguesas, com taxa de ocupa\u00e7\u00e3o de 103,4% a 31 de dezembro de 2025 (\u2191 6,6% face a 2024). Existem 776 reclusos a mais face ao ano anterior, com um aumento de 2,3% de presos preventivos, contribuindo para o agravamento do cen\u00e1rio prisional. A sobrelota\u00e7\u00e3o \u00e9 reconhecida no relat\u00f3rio, apesar de haver algumas pris\u00f5es com celas vagas; h\u00e1 cr\u00edticas de que os n\u00fameros podem n\u00e3o refletir totalmente a realidade. Na \u00e1rea rodovi\u00e1ria, ca\u00edram 46% os \u00f3bitos por atropelamento; os acidentes fatais diminu\u00edram 6,1%, contudo aumentou em 23% o n\u00famero de condutores apanhados com 1,2 gramas por litro de \u00e1lcool no sangue. Fiscaliza\u00e7\u00e3o mais fraca por falta de alcool\u00edmetros: foram adquiridos apenas 85 equipamento para testes de \u00e1lcool, em vez dos mil previstos, devido a problemas nos procedimentos concursais.\" \/>\n<meta property=\"og:url\" content=\"https:\/\/portaltela.pt\/noticias\/2026\/04\/01\/cadeias-portuguesas-com-sobrelotacao-pela-primeira-vez-desde-2017\/\" \/>\n<meta property=\"og:site_name\" content=\"Portal Tela Portugal\" \/>\n<meta property=\"article:published_time\" content=\"2026-04-01T06:17:15+00:00\" \/>\n<meta name=\"author\" content=\"Telinha\" \/>\n<meta name=\"twitter:card\" content=\"summary_large_image\" \/>\n<meta name=\"twitter:label1\" content=\"Escrito por\" \/>\n\t<meta name=\"twitter:data1\" content=\"Telinha\" \/>\n\t<meta name=\"twitter:label2\" content=\"Tempo estimado de leitura\" \/>\n\t<meta name=\"twitter:data2\" content=\"2 minutos\" \/>\n<script type=\"application\/ld+json\" class=\"yoast-schema-graph\">{\"@context\":\"https:\/\/schema.org\",\"@graph\":[{\"@type\":\"Article\",\"@id\":\"https:\/\/portaltela.pt\/noticias\/2026\/04\/01\/cadeias-portuguesas-com-sobrelotacao-pela-primeira-vez-desde-2017\/#article\",\"isPartOf\":{\"@id\":\"https:\/\/portaltela.pt\/noticias\/2026\/04\/01\/cadeias-portuguesas-com-sobrelotacao-pela-primeira-vez-desde-2017\/\"},\"author\":{\"name\":\"Telinha\",\"@id\":\"https:\/\/portaltela.pt\/#\/schema\/person\/c4278d4a6028830caff9ee44b42d32ed\"},\"headline\":\"Cadeias portuguesas com sobrelota\u00e7\u00e3o pela primeira vez desde 2017\",\"datePublished\":\"2026-04-01T06:17:15+00:00\",\"mainEntityOfPage\":{\"@id\":\"https:\/\/portaltela.pt\/noticias\/2026\/04\/01\/cadeias-portuguesas-com-sobrelotacao-pela-primeira-vez-desde-2017\/\"},\"wordCount\":350,\"image\":{\"@id\":\"https:\/\/portaltela.pt\/noticias\/2026\/04\/01\/cadeias-portuguesas-com-sobrelotacao-pela-primeira-vez-desde-2017\/#primaryimage\"},\"thumbnailUrl\":\"https:\/\/portaltela.pt\/s.01k8rhncp4jt1\/2026\/04\/2078351.jpg\",\"keywords\":[\"\u00e1lcool\",\"cadeias\",\"condu\u00e7\u00e3o sob o \u00e1lcool\",\"direitos humanos\",\"pris\u00f5es\",\"seguran\u00e7a rodovi\u00e1ria\"],\"articleSection\":[\"Justi\u00e7a\",\"Not\u00edcias\"],\"inLanguage\":\"pt-PT\"},{\"@type\":\"WebPage\",\"@id\":\"https:\/\/portaltela.pt\/noticias\/2026\/04\/01\/cadeias-portuguesas-com-sobrelotacao-pela-primeira-vez-desde-2017\/\",\"url\":\"https:\/\/portaltela.pt\/noticias\/2026\/04\/01\/cadeias-portuguesas-com-sobrelotacao-pela-primeira-vez-desde-2017\/\",\"name\":\"Cadeias portuguesas com sobrelota\u00e7\u00e3o pela primeira vez desde 2017 - Portal Tela Portugal\",\"isPartOf\":{\"@id\":\"https:\/\/portaltela.pt\/#website\"},\"primaryImageOfPage\":{\"@id\":\"https:\/\/portaltela.pt\/noticias\/2026\/04\/01\/cadeias-portuguesas-com-sobrelotacao-pela-primeira-vez-desde-2017\/#primaryimage\"},\"image\":{\"@id\":\"https:\/\/portaltela.pt\/noticias\/2026\/04\/01\/cadeias-portuguesas-com-sobrelotacao-pela-primeira-vez-desde-2017\/#primaryimage\"},\"thumbnailUrl\":\"https:\/\/portaltela.pt\/s.01k8rhncp4jt1\/2026\/04\/2078351.jpg\",\"datePublished\":\"2026-04-01T06:17:15+00:00\",\"author\":{\"@id\":\"https:\/\/portaltela.pt\/#\/schema\/person\/c4278d4a6028830caff9ee44b42d32ed\"},\"breadcrumb\":{\"@id\":\"https:\/\/portaltela.pt\/noticias\/2026\/04\/01\/cadeias-portuguesas-com-sobrelotacao-pela-primeira-vez-desde-2017\/#breadcrumb\"},\"inLanguage\":\"pt-PT\",\"potentialAction\":[{\"@type\":\"ReadAction\",\"target\":[\"https:\/\/portaltela.pt\/noticias\/2026\/04\/01\/cadeias-portuguesas-com-sobrelotacao-pela-primeira-vez-desde-2017\/\"]}]},{\"@type\":\"ImageObject\",\"inLanguage\":\"pt-PT\",\"@id\":\"https:\/\/portaltela.pt\/noticias\/2026\/04\/01\/cadeias-portuguesas-com-sobrelotacao-pela-primeira-vez-desde-2017\/#primaryimage\",\"url\":\"https:\/\/portaltela.pt\/s.01k8rhncp4jt1\/2026\/04\/2078351.jpg\",\"contentUrl\":\"https:\/\/portaltela.pt\/s.01k8rhncp4jt1\/2026\/04\/2078351.jpg\",\"width\":796,\"height\":448,\"caption\":\"Portugal tem sido repetidamente condenado pelo Tribunal Europeu dos Direitos Humanos por causa da falta de condi\u00e7\u00f5es das cadeias\"},{\"@type\":\"BreadcrumbList\",\"@id\":\"https:\/\/portaltela.pt\/noticias\/2026\/04\/01\/cadeias-portuguesas-com-sobrelotacao-pela-primeira-vez-desde-2017\/#breadcrumb\",\"itemListElement\":[{\"@type\":\"ListItem\",\"position\":1,\"name\":\"In\u00edcio\",\"item\":\"https:\/\/portaltela.pt\/\"},{\"@type\":\"ListItem\",\"position\":2,\"name\":\"Cadeias portuguesas com sobrelota\u00e7\u00e3o pela primeira vez desde 2017\"}]},{\"@type\":\"WebSite\",\"@id\":\"https:\/\/portaltela.pt\/#website\",\"url\":\"https:\/\/portaltela.pt\/\",\"name\":\"Portal Tela Portugal\",\"description\":\"\",\"potentialAction\":[{\"@type\":\"SearchAction\",\"target\":{\"@type\":\"EntryPoint\",\"urlTemplate\":\"https:\/\/portaltela.pt\/?s={search_term_string}\"},\"query-input\":{\"@type\":\"PropertyValueSpecification\",\"valueRequired\":true,\"valueName\":\"search_term_string\"}}],\"inLanguage\":\"pt-PT\"},{\"@type\":\"Person\",\"@id\":\"https:\/\/portaltela.pt\/#\/schema\/person\/c4278d4a6028830caff9ee44b42d32ed\",\"name\":\"Telinha\",\"image\":{\"@type\":\"ImageObject\",\"inLanguage\":\"pt-PT\",\"@id\":\"https:\/\/portaltela.pt\/s.01k8rhncp4jt1\/2025\/11\/talking-bot-125x125.png\",\"url\":\"https:\/\/portaltela.pt\/s.01k8rhncp4jt1\/2025\/11\/talking-bot-125x125.png\",\"contentUrl\":\"https:\/\/portaltela.pt\/s.01k8rhncp4jt1\/2025\/11\/talking-bot-125x125.png\",\"caption\":\"Telinha\"},\"sameAs\":[\"https:\/\/portaltela.pt\/\"],\"url\":\"https:\/\/portaltela.pt\/por\/367410592786\/\"}]}<\/script>\n<!-- \/ Yoast SEO plugin. -->","yoast_head_json":{"title":"Cadeias portuguesas com sobrelota\u00e7\u00e3o pela primeira vez desde 2017 - Portal Tela Portugal","robots":{"index":"index","follow":"follow","max-snippet":"max-snippet:-1","max-image-preview":"max-image-preview:large","max-video-preview":"max-video-preview:-1"},"og_locale":"pt_PT","og_type":"article","og_title":"Cadeias portuguesas com sobrelota\u00e7\u00e3o pela primeira vez desde 2017 - Portal Tela Portugal","og_description":"O Relat\u00f3rio Anual de Seguran\u00e7a Interna de 2025 confirma, pela primeira vez desde 2017, sobrelota\u00e7\u00e3o nas cadeias portuguesas, com taxa de ocupa\u00e7\u00e3o de 103,4% a 31 de dezembro de 2025 (\u2191 6,6% face a 2024). Existem 776 reclusos a mais face ao ano anterior, com um aumento de 2,3% de presos preventivos, contribuindo para o agravamento do cen\u00e1rio prisional. A sobrelota\u00e7\u00e3o \u00e9 reconhecida no relat\u00f3rio, apesar de haver algumas pris\u00f5es com celas vagas; h\u00e1 cr\u00edticas de que os n\u00fameros podem n\u00e3o refletir totalmente a realidade. Na \u00e1rea rodovi\u00e1ria, ca\u00edram 46% os \u00f3bitos por atropelamento; os acidentes fatais diminu\u00edram 6,1%, contudo aumentou em 23% o n\u00famero de condutores apanhados com 1,2 gramas por litro de \u00e1lcool no sangue. Fiscaliza\u00e7\u00e3o mais fraca por falta de alcool\u00edmetros: foram adquiridos apenas 85 equipamento para testes de \u00e1lcool, em vez dos mil previstos, devido a problemas nos procedimentos concursais.","og_url":"https:\/\/portaltela.pt\/noticias\/2026\/04\/01\/cadeias-portuguesas-com-sobrelotacao-pela-primeira-vez-desde-2017\/","og_site_name":"Portal Tela Portugal","article_published_time":"2026-04-01T06:17:15+00:00","author":"Telinha","twitter_card":"summary_large_image","twitter_misc":{"Escrito por":"Telinha","Tempo estimado de leitura":"2 minutos"},"schema":{"@context":"https:\/\/schema.org","@graph":[{"@type":"Article","@id":"https:\/\/portaltela.pt\/noticias\/2026\/04\/01\/cadeias-portuguesas-com-sobrelotacao-pela-primeira-vez-desde-2017\/#article","isPartOf":{"@id":"https:\/\/portaltela.pt\/noticias\/2026\/04\/01\/cadeias-portuguesas-com-sobrelotacao-pela-primeira-vez-desde-2017\/"},"author":{"name":"Telinha","@id":"https:\/\/portaltela.pt\/#\/schema\/person\/c4278d4a6028830caff9ee44b42d32ed"},"headline":"Cadeias portuguesas com sobrelota\u00e7\u00e3o pela primeira vez desde 2017","datePublished":"2026-04-01T06:17:15+00:00","mainEntityOfPage":{"@id":"https:\/\/portaltela.pt\/noticias\/2026\/04\/01\/cadeias-portuguesas-com-sobrelotacao-pela-primeira-vez-desde-2017\/"},"wordCount":350,"image":{"@id":"https:\/\/portaltela.pt\/noticias\/2026\/04\/01\/cadeias-portuguesas-com-sobrelotacao-pela-primeira-vez-desde-2017\/#primaryimage"},"thumbnailUrl":"https:\/\/portaltela.pt\/s.01k8rhncp4jt1\/2026\/04\/2078351.jpg","keywords":["\u00e1lcool","cadeias","condu\u00e7\u00e3o sob o \u00e1lcool","direitos humanos","pris\u00f5es","seguran\u00e7a rodovi\u00e1ria"],"articleSection":["Justi\u00e7a","Not\u00edcias"],"inLanguage":"pt-PT"},{"@type":"WebPage","@id":"https:\/\/portaltela.pt\/noticias\/2026\/04\/01\/cadeias-portuguesas-com-sobrelotacao-pela-primeira-vez-desde-2017\/","url":"https:\/\/portaltela.pt\/noticias\/2026\/04\/01\/cadeias-portuguesas-com-sobrelotacao-pela-primeira-vez-desde-2017\/","name":"Cadeias portuguesas com sobrelota\u00e7\u00e3o pela primeira vez desde 2017 - Portal Tela Portugal","isPartOf":{"@id":"https:\/\/portaltela.pt\/#website"},"primaryImageOfPage":{"@id":"https:\/\/portaltela.pt\/noticias\/2026\/04\/01\/cadeias-portuguesas-com-sobrelotacao-pela-primeira-vez-desde-2017\/#primaryimage"},"image":{"@id":"https:\/\/portaltela.pt\/noticias\/2026\/04\/01\/cadeias-portuguesas-com-sobrelotacao-pela-primeira-vez-desde-2017\/#primaryimage"},"thumbnailUrl":"https:\/\/portaltela.pt\/s.01k8rhncp4jt1\/2026\/04\/2078351.jpg","datePublished":"2026-04-01T06:17:15+00:00","author":{"@id":"https:\/\/portaltela.pt\/#\/schema\/person\/c4278d4a6028830caff9ee44b42d32ed"},"breadcrumb":{"@id":"https:\/\/portaltela.pt\/noticias\/2026\/04\/01\/cadeias-portuguesas-com-sobrelotacao-pela-primeira-vez-desde-2017\/#breadcrumb"},"inLanguage":"pt-PT","potentialAction":[{"@type":"ReadAction","target":["https:\/\/portaltela.pt\/noticias\/2026\/04\/01\/cadeias-portuguesas-com-sobrelotacao-pela-primeira-vez-desde-2017\/"]}]},{"@type":"ImageObject","inLanguage":"pt-PT","@id":"https:\/\/portaltela.pt\/noticias\/2026\/04\/01\/cadeias-portuguesas-com-sobrelotacao-pela-primeira-vez-desde-2017\/#primaryimage","url":"https:\/\/portaltela.pt\/s.01k8rhncp4jt1\/2026\/04\/2078351.jpg","contentUrl":"https:\/\/portaltela.pt\/s.01k8rhncp4jt1\/2026\/04\/2078351.jpg","width":796,"height":448,"caption":"Portugal tem sido repetidamente condenado pelo Tribunal Europeu dos Direitos Humanos por causa da falta de condi\u00e7\u00f5es das cadeias"},{"@type":"BreadcrumbList","@id":"https:\/\/portaltela.pt\/noticias\/2026\/04\/01\/cadeias-portuguesas-com-sobrelotacao-pela-primeira-vez-desde-2017\/#breadcrumb","itemListElement":[{"@type":"ListItem","position":1,"name":"In\u00edcio","item":"https:\/\/portaltela.pt\/"},{"@type":"ListItem","position":2,"name":"Cadeias portuguesas com sobrelota\u00e7\u00e3o pela primeira vez desde 2017"}]},{"@type":"WebSite","@id":"https:\/\/portaltela.pt\/#website","url":"https:\/\/portaltela.pt\/","name":"Portal Tela Portugal","description":"","potentialAction":[{"@type":"SearchAction","target":{"@type":"EntryPoint","urlTemplate":"https:\/\/portaltela.pt\/?s={search_term_string}"},"query-input":{"@type":"PropertyValueSpecification","valueRequired":true,"valueName":"search_term_string"}}],"inLanguage":"pt-PT"},{"@type":"Person","@id":"https:\/\/portaltela.pt\/#\/schema\/person\/c4278d4a6028830caff9ee44b42d32ed","name":"Telinha","image":{"@type":"ImageObject","inLanguage":"pt-PT","@id":"https:\/\/portaltela.pt\/s.01k8rhncp4jt1\/2025\/11\/talking-bot-125x125.png","url":"https:\/\/portaltela.pt\/s.01k8rhncp4jt1\/2025\/11\/talking-bot-125x125.png","contentUrl":"https:\/\/portaltela.pt\/s.01k8rhncp4jt1\/2025\/11\/talking-bot-125x125.png","caption":"Telinha"},"sameAs":["https:\/\/portaltela.pt\/"],"url":"https:\/\/portaltela.pt\/por\/367410592786\/"}]}},"_links":{"self":[{"href":"https:\/\/portaltela.pt\/api\/wp\/v2\/posts\/428674","targetHints":{"allow":["GET"]}}],"collection":[{"href":"https:\/\/portaltela.pt\/api\/wp\/v2\/posts"}],"about":[{"href":"https:\/\/portaltela.pt\/api\/wp\/v2\/types\/post"}],"author":[{"embeddable":true,"href":"https:\/\/portaltela.pt\/api\/wp\/v2\/users\/2"}],"replies":[{"embeddable":true,"href":"https:\/\/portaltela.pt\/api\/wp\/v2\/comments?post=428674"}],"version-history":[{"count":0,"href":"https:\/\/portaltela.pt\/api\/wp\/v2\/posts\/428674\/revisions"}],"wp:featuredmedia":[{"embeddable":true,"href":"https:\/\/portaltela.pt\/api\/wp\/v2\/media\/428676"}],"wp:attachment":[{"href":"https:\/\/portaltela.pt\/api\/wp\/v2\/media?parent=428674"}],"wp:term":[{"taxonomy":"category","embeddable":true,"href":"https:\/\/portaltela.pt\/api\/wp\/v2\/categories?post=428674"},{"taxonomy":"post_tag","embeddable":true,"href":"https:\/\/portaltela.pt\/api\/wp\/v2\/tags?post=428674"}],"curies":[{"name":"wp","href":"https:\/\/api.w.org\/{rel}","templated":true}]}}