{"id":428663,"date":"2026-04-01T03:17:05","date_gmt":"2026-04-01T06:17:05","guid":{"rendered":"https:\/\/portaltela.pt\/noticias\/2026\/04\/01\/voo-de-regresso-dos-humanos-a-lua-parte-nesta-quarta-feira\/"},"modified":"2026-04-01T03:17:05","modified_gmt":"2026-04-01T06:17:05","slug":"voo-de-regresso-dos-humanos-a-lua-parte-nesta-quarta-feira","status":"publish","type":"post","link":"https:\/\/portaltela.pt\/tecnologia\/2026\/04\/01\/voo-de-regresso-dos-humanos-a-lua-parte-nesta-quarta-feira\/","title":{"rendered":"Voo de regresso dos humanos \u00e0 Lua parte nesta quarta-feira"},"content":{"rendered":"<p>O fim do intervalo lunar aproxima-se com a miss\u00e3o Artemis II, destinada a levar pela primeira vez desde 1972 quatro astronautas a viajar para al\u00e9m da \u00f3rbita da Terra. A viagem n\u00e3o ter\u00e1 pouso na Lua, mas servir\u00e1 de ensaio para futuras miss\u00f5es e para tornar a Lua uma presen\u00e7a regular no espa\u00e7o humano.<\/p>\n<p>A partida ocorre no Centro Espacial Kennedy, na Florida. Se n\u00e3o houver imprevistos t\u00e9cnicos, o regresso come\u00e7a a partir das 23h24 de Portugal continental, marcado pela circum-navega\u00e7\u00e3o da Lua e pela observa\u00e7\u00e3o de um trajecto que pode abrir caminho a futuras alunagens.<\/p>\n<h3>Participantes e objetivo<\/h3>\n<p>A equipa envolve quatro astronautas, que percorrer\u00e3o a \u00f3rbita lunar sem aterrar. O objetivo \u00e9 testar sistemas, trajet\u00f3rias e opera\u00e7\u00f5es de voo em ambiente pr\u00f3ximo da Lua, preparando as pr\u00f3ximas miss\u00f5es tripuladas.<\/p>\n<h3>Perspectivas e contexto<\/h3>\n<p>A miss\u00e3o Artemis II surge como passagem para uma presen\u00e7a humana continuada no espa\u00e7o lunar, com planos de pousos subsequentes. O programa visa consolidar capacidades, coopera\u00e7\u00f5es internacionais e avan\u00e7os tecnol\u00f3gicos para explora\u00e7\u00e3o futura.<\/p>\n<h3>Desdobramentos previstos<\/h3>\n<p>Com o ensaio em curso, a NASA e parceiros contam com dados operacionais sobre navega\u00e7\u00e3o, comunica\u00e7\u00f5es e vida a bordo. Em caso de sucesso, as pr\u00f3ximas miss\u00f5es poder\u00e3o incluir pousos tripulados e instala\u00e7\u00f5es tempor\u00e1rias na superf\u00edcie lunar.<\/p>\n","protected":false},"excerpt":{"rendered":"<ul>\n<li>O voo de regresso da miss\u00e3o Artemis II parte nesta quarta-feira, encerrando mais de cinq\u00fcenta anos sem humanos na volta \u00e0 Lua.<\/li>\n<li>Quatro astronautas v\u00e3o viajar para al\u00e9m da \u00f3rbita terrestre numa circum-navega\u00e7\u00e3o da Lua, sem pouso.<\/li>\n<li>A miss\u00e3o tem como base o Centro Espacial Kennedy, na Florida.<\/li>\n<li>Se tudo decorrer sem imprevistos, o regresso ocorre \u00e0s 23h24 de Portugal continental nesta quarta-feira.<\/li>\n<li>No domingo, os astronautas circundam a Lua, encerrando o interl\u00fadio lunar.<\/li>\n<\/ul>\n","protected":false},"author":2,"featured_media":428665,"comment_status":"closed","ping_status":"closed","sticky":false,"template":"","format":"standard","meta":{"footnotes":""},"categories":[6716],"tags":[7186,256,5528,6232,4745,71],"class_list":["post-428663","post","type-post","status-publish","format-standard","has-post-thumbnail","hentry","category-tecnologia","tag-astronomia","tag-cooperacao-internacional","tag-exploracao","tag-nasa","tag-observacoes-internacionais","tag-viagens"],"yoast_head":"<!-- This site is optimized with the Yoast SEO plugin v27.2 - https:\/\/yoast.com\/product\/yoast-seo-wordpress\/ -->\n<title>Voo de regresso dos humanos \u00e0 Lua parte nesta quarta-feira - Portal Tela Portugal<\/title>\n<meta name=\"robots\" content=\"index, follow, max-snippet:-1, max-image-preview:large, max-video-preview:-1\" \/>\n<meta property=\"og:locale\" content=\"pt_PT\" \/>\n<meta property=\"og:type\" content=\"article\" \/>\n<meta property=\"og:title\" content=\"Voo de regresso dos humanos \u00e0 Lua parte nesta quarta-feira - Portal Tela Portugal\" \/>\n<meta property=\"og:description\" content=\"O voo de regresso da miss\u00e3o Artemis II parte nesta quarta-feira, encerrando mais de cinq\u00fcenta anos sem humanos na volta \u00e0 Lua. Quatro astronautas v\u00e3o viajar para al\u00e9m da \u00f3rbita terrestre numa circum-navega\u00e7\u00e3o da Lua, sem pouso. A miss\u00e3o tem como base o Centro Espacial Kennedy, na Florida. Se tudo decorrer sem imprevistos, o regresso ocorre \u00e0s 23h24 de Portugal continental nesta quarta-feira. No domingo, os astronautas circundam a Lua, encerrando o interl\u00fadio lunar.\" \/>\n<meta property=\"og:url\" content=\"https:\/\/portaltela.pt\/noticias\/2026\/04\/01\/voo-de-regresso-dos-humanos-a-lua-parte-nesta-quarta-feira\/\" \/>\n<meta property=\"og:site_name\" content=\"Portal Tela Portugal\" \/>\n<meta property=\"article:published_time\" content=\"2026-04-01T06:17:05+00:00\" \/>\n<meta name=\"author\" content=\"Telinha\" \/>\n<meta name=\"twitter:card\" content=\"summary_large_image\" \/>\n<meta name=\"twitter:label1\" content=\"Escrito por\" \/>\n\t<meta name=\"twitter:data1\" content=\"Telinha\" \/>\n\t<meta name=\"twitter:label2\" content=\"Tempo estimado de leitura\" \/>\n\t<meta name=\"twitter:data2\" content=\"1 minuto\" \/>\n<script type=\"application\/ld+json\" class=\"yoast-schema-graph\">{\"@context\":\"https:\/\/schema.org\",\"@graph\":[{\"@type\":\"Article\",\"@id\":\"https:\/\/portaltela.pt\/noticias\/2026\/04\/01\/voo-de-regresso-dos-humanos-a-lua-parte-nesta-quarta-feira\/#article\",\"isPartOf\":{\"@id\":\"https:\/\/portaltela.pt\/noticias\/2026\/04\/01\/voo-de-regresso-dos-humanos-a-lua-parte-nesta-quarta-feira\/\"},\"author\":{\"name\":\"Telinha\",\"@id\":\"https:\/\/portaltela.pt\/#\/schema\/person\/c4278d4a6028830caff9ee44b42d32ed\"},\"headline\":\"Voo de regresso dos humanos \u00e0 Lua parte nesta quarta-feira\",\"datePublished\":\"2026-04-01T06:17:05+00:00\",\"mainEntityOfPage\":{\"@id\":\"https:\/\/portaltela.pt\/noticias\/2026\/04\/01\/voo-de-regresso-dos-humanos-a-lua-parte-nesta-quarta-feira\/\"},\"wordCount\":245,\"image\":{\"@id\":\"https:\/\/portaltela.pt\/noticias\/2026\/04\/01\/voo-de-regresso-dos-humanos-a-lua-parte-nesta-quarta-feira\/#primaryimage\"},\"thumbnailUrl\":\"https:\/\/portaltela.pt\/s.01k8rhncp4jt1\/2026\/04\/2078204.jpg\",\"keywords\":[\"astronomia\",\"coopera\u00e7\u00e3o internacional\",\"explora\u00e7\u00e3o\",\"NASA\",\"observa\u00e7\u00f5es internacionais\",\"viagens\"],\"articleSection\":[\"Tecnologia\"],\"inLanguage\":\"pt-PT\"},{\"@type\":\"WebPage\",\"@id\":\"https:\/\/portaltela.pt\/noticias\/2026\/04\/01\/voo-de-regresso-dos-humanos-a-lua-parte-nesta-quarta-feira\/\",\"url\":\"https:\/\/portaltela.pt\/noticias\/2026\/04\/01\/voo-de-regresso-dos-humanos-a-lua-parte-nesta-quarta-feira\/\",\"name\":\"Voo de regresso dos humanos \u00e0 Lua parte nesta quarta-feira - Portal Tela Portugal\",\"isPartOf\":{\"@id\":\"https:\/\/portaltela.pt\/#website\"},\"primaryImageOfPage\":{\"@id\":\"https:\/\/portaltela.pt\/noticias\/2026\/04\/01\/voo-de-regresso-dos-humanos-a-lua-parte-nesta-quarta-feira\/#primaryimage\"},\"image\":{\"@id\":\"https:\/\/portaltela.pt\/noticias\/2026\/04\/01\/voo-de-regresso-dos-humanos-a-lua-parte-nesta-quarta-feira\/#primaryimage\"},\"thumbnailUrl\":\"https:\/\/portaltela.pt\/s.01k8rhncp4jt1\/2026\/04\/2078204.jpg\",\"datePublished\":\"2026-04-01T06:17:05+00:00\",\"author\":{\"@id\":\"https:\/\/portaltela.pt\/#\/schema\/person\/c4278d4a6028830caff9ee44b42d32ed\"},\"breadcrumb\":{\"@id\":\"https:\/\/portaltela.pt\/noticias\/2026\/04\/01\/voo-de-regresso-dos-humanos-a-lua-parte-nesta-quarta-feira\/#breadcrumb\"},\"inLanguage\":\"pt-PT\",\"potentialAction\":[{\"@type\":\"ReadAction\",\"target\":[\"https:\/\/portaltela.pt\/noticias\/2026\/04\/01\/voo-de-regresso-dos-humanos-a-lua-parte-nesta-quarta-feira\/\"]}]},{\"@type\":\"ImageObject\",\"inLanguage\":\"pt-PT\",\"@id\":\"https:\/\/portaltela.pt\/noticias\/2026\/04\/01\/voo-de-regresso-dos-humanos-a-lua-parte-nesta-quarta-feira\/#primaryimage\",\"url\":\"https:\/\/portaltela.pt\/s.01k8rhncp4jt1\/2026\/04\/2078204.jpg\",\"contentUrl\":\"https:\/\/portaltela.pt\/s.01k8rhncp4jt1\/2026\/04\/2078204.jpg\",\"width\":796,\"height\":448,\"caption\":\"Os quatro astronautas que viajar\u00e3o at\u00e9 \u00e0 Lua: Reid Wiseman, Victor Glover, Christina Koch e Jeremy Hansen (da esquerda para a direita)\"},{\"@type\":\"BreadcrumbList\",\"@id\":\"https:\/\/portaltela.pt\/noticias\/2026\/04\/01\/voo-de-regresso-dos-humanos-a-lua-parte-nesta-quarta-feira\/#breadcrumb\",\"itemListElement\":[{\"@type\":\"ListItem\",\"position\":1,\"name\":\"In\u00edcio\",\"item\":\"https:\/\/portaltela.pt\/\"},{\"@type\":\"ListItem\",\"position\":2,\"name\":\"Voo de regresso dos humanos \u00e0 Lua parte nesta quarta-feira\"}]},{\"@type\":\"WebSite\",\"@id\":\"https:\/\/portaltela.pt\/#website\",\"url\":\"https:\/\/portaltela.pt\/\",\"name\":\"Portal Tela Portugal\",\"description\":\"\",\"potentialAction\":[{\"@type\":\"SearchAction\",\"target\":{\"@type\":\"EntryPoint\",\"urlTemplate\":\"https:\/\/portaltela.pt\/?s={search_term_string}\"},\"query-input\":{\"@type\":\"PropertyValueSpecification\",\"valueRequired\":true,\"valueName\":\"search_term_string\"}}],\"inLanguage\":\"pt-PT\"},{\"@type\":\"Person\",\"@id\":\"https:\/\/portaltela.pt\/#\/schema\/person\/c4278d4a6028830caff9ee44b42d32ed\",\"name\":\"Telinha\",\"image\":{\"@type\":\"ImageObject\",\"inLanguage\":\"pt-PT\",\"@id\":\"https:\/\/portaltela.pt\/s.01k8rhncp4jt1\/2025\/11\/talking-bot-125x125.png\",\"url\":\"https:\/\/portaltela.pt\/s.01k8rhncp4jt1\/2025\/11\/talking-bot-125x125.png\",\"contentUrl\":\"https:\/\/portaltela.pt\/s.01k8rhncp4jt1\/2025\/11\/talking-bot-125x125.png\",\"caption\":\"Telinha\"},\"sameAs\":[\"https:\/\/portaltela.pt\/\"],\"url\":\"https:\/\/portaltela.pt\/por\/367410592786\/\"}]}<\/script>\n<!-- \/ Yoast SEO plugin. -->","yoast_head_json":{"title":"Voo de regresso dos humanos \u00e0 Lua parte nesta quarta-feira - Portal Tela Portugal","robots":{"index":"index","follow":"follow","max-snippet":"max-snippet:-1","max-image-preview":"max-image-preview:large","max-video-preview":"max-video-preview:-1"},"og_locale":"pt_PT","og_type":"article","og_title":"Voo de regresso dos humanos \u00e0 Lua parte nesta quarta-feira - Portal Tela Portugal","og_description":"O voo de regresso da miss\u00e3o Artemis II parte nesta quarta-feira, encerrando mais de cinq\u00fcenta anos sem humanos na volta \u00e0 Lua. Quatro astronautas v\u00e3o viajar para al\u00e9m da \u00f3rbita terrestre numa circum-navega\u00e7\u00e3o da Lua, sem pouso. A miss\u00e3o tem como base o Centro Espacial Kennedy, na Florida. Se tudo decorrer sem imprevistos, o regresso ocorre \u00e0s 23h24 de Portugal continental nesta quarta-feira. No domingo, os astronautas circundam a Lua, encerrando o interl\u00fadio lunar.","og_url":"https:\/\/portaltela.pt\/noticias\/2026\/04\/01\/voo-de-regresso-dos-humanos-a-lua-parte-nesta-quarta-feira\/","og_site_name":"Portal Tela Portugal","article_published_time":"2026-04-01T06:17:05+00:00","author":"Telinha","twitter_card":"summary_large_image","twitter_misc":{"Escrito por":"Telinha","Tempo estimado de leitura":"1 minuto"},"schema":{"@context":"https:\/\/schema.org","@graph":[{"@type":"Article","@id":"https:\/\/portaltela.pt\/noticias\/2026\/04\/01\/voo-de-regresso-dos-humanos-a-lua-parte-nesta-quarta-feira\/#article","isPartOf":{"@id":"https:\/\/portaltela.pt\/noticias\/2026\/04\/01\/voo-de-regresso-dos-humanos-a-lua-parte-nesta-quarta-feira\/"},"author":{"name":"Telinha","@id":"https:\/\/portaltela.pt\/#\/schema\/person\/c4278d4a6028830caff9ee44b42d32ed"},"headline":"Voo de regresso dos humanos \u00e0 Lua parte nesta quarta-feira","datePublished":"2026-04-01T06:17:05+00:00","mainEntityOfPage":{"@id":"https:\/\/portaltela.pt\/noticias\/2026\/04\/01\/voo-de-regresso-dos-humanos-a-lua-parte-nesta-quarta-feira\/"},"wordCount":245,"image":{"@id":"https:\/\/portaltela.pt\/noticias\/2026\/04\/01\/voo-de-regresso-dos-humanos-a-lua-parte-nesta-quarta-feira\/#primaryimage"},"thumbnailUrl":"https:\/\/portaltela.pt\/s.01k8rhncp4jt1\/2026\/04\/2078204.jpg","keywords":["astronomia","coopera\u00e7\u00e3o internacional","explora\u00e7\u00e3o","NASA","observa\u00e7\u00f5es internacionais","viagens"],"articleSection":["Tecnologia"],"inLanguage":"pt-PT"},{"@type":"WebPage","@id":"https:\/\/portaltela.pt\/noticias\/2026\/04\/01\/voo-de-regresso-dos-humanos-a-lua-parte-nesta-quarta-feira\/","url":"https:\/\/portaltela.pt\/noticias\/2026\/04\/01\/voo-de-regresso-dos-humanos-a-lua-parte-nesta-quarta-feira\/","name":"Voo de regresso dos humanos \u00e0 Lua parte nesta quarta-feira - Portal Tela Portugal","isPartOf":{"@id":"https:\/\/portaltela.pt\/#website"},"primaryImageOfPage":{"@id":"https:\/\/portaltela.pt\/noticias\/2026\/04\/01\/voo-de-regresso-dos-humanos-a-lua-parte-nesta-quarta-feira\/#primaryimage"},"image":{"@id":"https:\/\/portaltela.pt\/noticias\/2026\/04\/01\/voo-de-regresso-dos-humanos-a-lua-parte-nesta-quarta-feira\/#primaryimage"},"thumbnailUrl":"https:\/\/portaltela.pt\/s.01k8rhncp4jt1\/2026\/04\/2078204.jpg","datePublished":"2026-04-01T06:17:05+00:00","author":{"@id":"https:\/\/portaltela.pt\/#\/schema\/person\/c4278d4a6028830caff9ee44b42d32ed"},"breadcrumb":{"@id":"https:\/\/portaltela.pt\/noticias\/2026\/04\/01\/voo-de-regresso-dos-humanos-a-lua-parte-nesta-quarta-feira\/#breadcrumb"},"inLanguage":"pt-PT","potentialAction":[{"@type":"ReadAction","target":["https:\/\/portaltela.pt\/noticias\/2026\/04\/01\/voo-de-regresso-dos-humanos-a-lua-parte-nesta-quarta-feira\/"]}]},{"@type":"ImageObject","inLanguage":"pt-PT","@id":"https:\/\/portaltela.pt\/noticias\/2026\/04\/01\/voo-de-regresso-dos-humanos-a-lua-parte-nesta-quarta-feira\/#primaryimage","url":"https:\/\/portaltela.pt\/s.01k8rhncp4jt1\/2026\/04\/2078204.jpg","contentUrl":"https:\/\/portaltela.pt\/s.01k8rhncp4jt1\/2026\/04\/2078204.jpg","width":796,"height":448,"caption":"Os quatro astronautas que viajar\u00e3o at\u00e9 \u00e0 Lua: Reid Wiseman, Victor Glover, Christina Koch e Jeremy Hansen (da esquerda para a direita)"},{"@type":"BreadcrumbList","@id":"https:\/\/portaltela.pt\/noticias\/2026\/04\/01\/voo-de-regresso-dos-humanos-a-lua-parte-nesta-quarta-feira\/#breadcrumb","itemListElement":[{"@type":"ListItem","position":1,"name":"In\u00edcio","item":"https:\/\/portaltela.pt\/"},{"@type":"ListItem","position":2,"name":"Voo de regresso dos humanos \u00e0 Lua parte nesta quarta-feira"}]},{"@type":"WebSite","@id":"https:\/\/portaltela.pt\/#website","url":"https:\/\/portaltela.pt\/","name":"Portal Tela Portugal","description":"","potentialAction":[{"@type":"SearchAction","target":{"@type":"EntryPoint","urlTemplate":"https:\/\/portaltela.pt\/?s={search_term_string}"},"query-input":{"@type":"PropertyValueSpecification","valueRequired":true,"valueName":"search_term_string"}}],"inLanguage":"pt-PT"},{"@type":"Person","@id":"https:\/\/portaltela.pt\/#\/schema\/person\/c4278d4a6028830caff9ee44b42d32ed","name":"Telinha","image":{"@type":"ImageObject","inLanguage":"pt-PT","@id":"https:\/\/portaltela.pt\/s.01k8rhncp4jt1\/2025\/11\/talking-bot-125x125.png","url":"https:\/\/portaltela.pt\/s.01k8rhncp4jt1\/2025\/11\/talking-bot-125x125.png","contentUrl":"https:\/\/portaltela.pt\/s.01k8rhncp4jt1\/2025\/11\/talking-bot-125x125.png","caption":"Telinha"},"sameAs":["https:\/\/portaltela.pt\/"],"url":"https:\/\/portaltela.pt\/por\/367410592786\/"}]}},"_links":{"self":[{"href":"https:\/\/portaltela.pt\/api\/wp\/v2\/posts\/428663","targetHints":{"allow":["GET"]}}],"collection":[{"href":"https:\/\/portaltela.pt\/api\/wp\/v2\/posts"}],"about":[{"href":"https:\/\/portaltela.pt\/api\/wp\/v2\/types\/post"}],"author":[{"embeddable":true,"href":"https:\/\/portaltela.pt\/api\/wp\/v2\/users\/2"}],"replies":[{"embeddable":true,"href":"https:\/\/portaltela.pt\/api\/wp\/v2\/comments?post=428663"}],"version-history":[{"count":0,"href":"https:\/\/portaltela.pt\/api\/wp\/v2\/posts\/428663\/revisions"}],"wp:featuredmedia":[{"embeddable":true,"href":"https:\/\/portaltela.pt\/api\/wp\/v2\/media\/428665"}],"wp:attachment":[{"href":"https:\/\/portaltela.pt\/api\/wp\/v2\/media?parent=428663"}],"wp:term":[{"taxonomy":"category","embeddable":true,"href":"https:\/\/portaltela.pt\/api\/wp\/v2\/categories?post=428663"},{"taxonomy":"post_tag","embeddable":true,"href":"https:\/\/portaltela.pt\/api\/wp\/v2\/tags?post=428663"}],"curies":[{"name":"wp","href":"https:\/\/api.w.org\/{rel}","templated":true}]}}