{"id":428661,"date":"2026-04-01T03:16:50","date_gmt":"2026-04-01T06:16:50","guid":{"rendered":"https:\/\/portaltela.pt\/noticias\/2026\/04\/01\/centeno-reformou-se-mas-mantem-assento-no-banco-de-portugal\/"},"modified":"2026-04-01T03:16:50","modified_gmt":"2026-04-01T06:16:50","slug":"centeno-reformou-se-mas-mantem-assento-no-banco-de-portugal","status":"publish","type":"post","link":"https:\/\/portaltela.pt\/noticias\/economia\/2026\/04\/01\/centeno-reformou-se-mas-mantem-assento-no-banco-de-portugal\/","title":{"rendered":"Centeno reformou-se, mas mant\u00e9m assento no Banco de Portugal"},"content":{"rendered":"<p>M\u00e1rio Centeno, j\u00e1 reformado antecipadamente do Banco de Portugal, mant\u00e9m assento no conselho consultivo da institui\u00e7\u00e3o. A presen\u00e7a dele n\u00e3o depende da atividade executiva na Autoridade Monet\u00e1ria.<\/p>\n<p>A decis\u00e3o de reforma foi comunicada recentemente, mas o ex-governador permanece ligado ao \u00f3rg\u00e3o de consultoria. O papel atual dele \u00e9 institucional, sem fun\u00e7\u00f5es operacionais no dia a dia do banco.<\/p>\n<p>O caso envolve tamb\u00e9m Santos Pereira, que explicou a sa\u00edda prevista para esta quarta-feira no Parlamento, apontando a natureza da transi\u00e7\u00e3o e o enquadramento do antigo ministro das Finan\u00e7as.<\/p>\n<h3>Contexto e enquadramento institucional<\/h3>\n<p>Centeno integra o conselho consultivo, descrito como uma esp\u00e9cie de Conselho de Estado da autoridade banc\u00e1ria, onde ex-dirigentes podem partilhar perspetivas sem exercer poder decis\u00f3rio direto.<\/p>\n<p>A manuten\u00e7\u00e3o do v\u00ednculo \u00e9 apresentada como uma participa\u00e7\u00e3o formal, n\u00e3o implicando retorno \u00e0 gest\u00e3o executiva. O Banco de Portugal n\u00e3o divulga detalhes sobre atividades futuras do ex-governador.<\/p>\n<p>O parlamento e o banco aguardam esclarecimentos sobre o papel e as eventuais implica\u00e7\u00f5es administrativas, mantendo o foco na estabilidade regulat\u00f3ria e na transpar\u00eancia institucional.<\/p>\n","protected":false},"excerpt":{"rendered":"<ul>\n<li>M\u00e1rio Centeno, reformado antecipadamente do Banco de Portugal, mant\u00e9m assento no conselho consultivo da institui\u00e7\u00e3o.<\/li>\n<li>Embora reformado, o ex-governador pode continuar a ter voz sobre o destino da autoridade banc\u00e1ria atrav\u00e9s deste \u00f3rg\u00e3o.<\/li>\n<li>O conselho consultivo \u00e9 descrito como uma esp\u00e9cie de Conselho de Estado da institui\u00e7\u00e3o.<\/li>\n<li>Santos Pereira explica a sa\u00edda de Centeno na tarde desta quarta-feira, no Parlamento.<\/li>\n<\/ul>\n","protected":false},"author":2,"featured_media":428662,"comment_status":"closed","ping_status":"closed","sticky":false,"template":"","format":"standard","meta":{"footnotes":""},"categories":[2,6850],"tags":[4365,552,34,2832,1014,5708],"class_list":["post-428661","post","type-post","status-publish","format-standard","has-post-thumbnail","hentry","category-economia","category-financas","tag-banco-de-portugal","tag-conselho-de-administracao","tag-governo","tag-politica","tag-portugal","tag-transparencia-publica"],"yoast_head":"<!-- This site is optimized with the Yoast SEO plugin v27.2 - https:\/\/yoast.com\/product\/yoast-seo-wordpress\/ -->\n<title>Centeno reformou-se, mas mant\u00e9m assento no Banco de Portugal - Portal Tela Portugal<\/title>\n<meta name=\"robots\" content=\"index, follow, max-snippet:-1, max-image-preview:large, max-video-preview:-1\" \/>\n<meta property=\"og:locale\" content=\"pt_PT\" \/>\n<meta property=\"og:type\" content=\"article\" \/>\n<meta property=\"og:title\" content=\"Centeno reformou-se, mas mant\u00e9m assento no Banco de Portugal - Portal Tela Portugal\" \/>\n<meta property=\"og:description\" content=\"M\u00e1rio Centeno, reformado antecipadamente do Banco de Portugal, mant\u00e9m assento no conselho consultivo da institui\u00e7\u00e3o. Embora reformado, o ex-governador pode continuar a ter voz sobre o destino da autoridade banc\u00e1ria atrav\u00e9s deste \u00f3rg\u00e3o. O conselho consultivo \u00e9 descrito como uma esp\u00e9cie de Conselho de Estado da institui\u00e7\u00e3o. Santos Pereira explica a sa\u00edda de Centeno na tarde desta quarta-feira, no Parlamento.\" \/>\n<meta property=\"og:url\" content=\"https:\/\/portaltela.pt\/noticias\/2026\/04\/01\/centeno-reformou-se-mas-mantem-assento-no-banco-de-portugal\/\" \/>\n<meta property=\"og:site_name\" content=\"Portal Tela Portugal\" \/>\n<meta property=\"article:published_time\" content=\"2026-04-01T06:16:50+00:00\" \/>\n<meta name=\"author\" content=\"Telinha\" \/>\n<meta name=\"twitter:card\" content=\"summary_large_image\" \/>\n<meta name=\"twitter:label1\" content=\"Escrito por\" \/>\n\t<meta name=\"twitter:data1\" content=\"Telinha\" \/>\n\t<meta name=\"twitter:label2\" content=\"Tempo estimado de leitura\" \/>\n\t<meta name=\"twitter:data2\" content=\"1 minuto\" \/>\n<script type=\"application\/ld+json\" class=\"yoast-schema-graph\">{\"@context\":\"https:\/\/schema.org\",\"@graph\":[{\"@type\":\"Article\",\"@id\":\"https:\/\/portaltela.pt\/noticias\/2026\/04\/01\/centeno-reformou-se-mas-mantem-assento-no-banco-de-portugal\/#article\",\"isPartOf\":{\"@id\":\"https:\/\/portaltela.pt\/noticias\/2026\/04\/01\/centeno-reformou-se-mas-mantem-assento-no-banco-de-portugal\/\"},\"author\":{\"name\":\"Telinha\",\"@id\":\"https:\/\/portaltela.pt\/#\/schema\/person\/c4278d4a6028830caff9ee44b42d32ed\"},\"headline\":\"Centeno reformou-se, mas mant\u00e9m assento no Banco de Portugal\",\"datePublished\":\"2026-04-01T06:16:50+00:00\",\"mainEntityOfPage\":{\"@id\":\"https:\/\/portaltela.pt\/noticias\/2026\/04\/01\/centeno-reformou-se-mas-mantem-assento-no-banco-de-portugal\/\"},\"wordCount\":202,\"image\":{\"@id\":\"https:\/\/portaltela.pt\/noticias\/2026\/04\/01\/centeno-reformou-se-mas-mantem-assento-no-banco-de-portugal\/#primaryimage\"},\"thumbnailUrl\":\"https:\/\/portaltela.pt\/s.01k8rhncp4jt1\/2026\/04\/2078236.jpg\",\"keywords\":[\"Banco de Portugal\",\"Conselho de Administra\u00e7\u00e3o\",\"governo\",\"pol\u00edtica\",\"Portugal\",\"transpar\u00eancia p\u00fablica\"],\"articleSection\":[\"Economia\",\"Finan\u00e7as\"],\"inLanguage\":\"pt-PT\"},{\"@type\":\"WebPage\",\"@id\":\"https:\/\/portaltela.pt\/noticias\/2026\/04\/01\/centeno-reformou-se-mas-mantem-assento-no-banco-de-portugal\/\",\"url\":\"https:\/\/portaltela.pt\/noticias\/2026\/04\/01\/centeno-reformou-se-mas-mantem-assento-no-banco-de-portugal\/\",\"name\":\"Centeno reformou-se, mas mant\u00e9m assento no Banco de Portugal - Portal Tela Portugal\",\"isPartOf\":{\"@id\":\"https:\/\/portaltela.pt\/#website\"},\"primaryImageOfPage\":{\"@id\":\"https:\/\/portaltela.pt\/noticias\/2026\/04\/01\/centeno-reformou-se-mas-mantem-assento-no-banco-de-portugal\/#primaryimage\"},\"image\":{\"@id\":\"https:\/\/portaltela.pt\/noticias\/2026\/04\/01\/centeno-reformou-se-mas-mantem-assento-no-banco-de-portugal\/#primaryimage\"},\"thumbnailUrl\":\"https:\/\/portaltela.pt\/s.01k8rhncp4jt1\/2026\/04\/2078236.jpg\",\"datePublished\":\"2026-04-01T06:16:50+00:00\",\"author\":{\"@id\":\"https:\/\/portaltela.pt\/#\/schema\/person\/c4278d4a6028830caff9ee44b42d32ed\"},\"breadcrumb\":{\"@id\":\"https:\/\/portaltela.pt\/noticias\/2026\/04\/01\/centeno-reformou-se-mas-mantem-assento-no-banco-de-portugal\/#breadcrumb\"},\"inLanguage\":\"pt-PT\",\"potentialAction\":[{\"@type\":\"ReadAction\",\"target\":[\"https:\/\/portaltela.pt\/noticias\/2026\/04\/01\/centeno-reformou-se-mas-mantem-assento-no-banco-de-portugal\/\"]}]},{\"@type\":\"ImageObject\",\"inLanguage\":\"pt-PT\",\"@id\":\"https:\/\/portaltela.pt\/noticias\/2026\/04\/01\/centeno-reformou-se-mas-mantem-assento-no-banco-de-portugal\/#primaryimage\",\"url\":\"https:\/\/portaltela.pt\/s.01k8rhncp4jt1\/2026\/04\/2078236.jpg\",\"contentUrl\":\"https:\/\/portaltela.pt\/s.01k8rhncp4jt1\/2026\/04\/2078236.jpg\",\"width\":796,\"height\":448,\"caption\":\"Governador do Banco de Portugal, \u00c1lvaro Santos Pereira, tem de responder sobre pens\u00e3o de Centeno aos deputados\"},{\"@type\":\"BreadcrumbList\",\"@id\":\"https:\/\/portaltela.pt\/noticias\/2026\/04\/01\/centeno-reformou-se-mas-mantem-assento-no-banco-de-portugal\/#breadcrumb\",\"itemListElement\":[{\"@type\":\"ListItem\",\"position\":1,\"name\":\"In\u00edcio\",\"item\":\"https:\/\/portaltela.pt\/\"},{\"@type\":\"ListItem\",\"position\":2,\"name\":\"Centeno reformou-se, mas mant\u00e9m assento no Banco de Portugal\"}]},{\"@type\":\"WebSite\",\"@id\":\"https:\/\/portaltela.pt\/#website\",\"url\":\"https:\/\/portaltela.pt\/\",\"name\":\"Portal Tela Portugal\",\"description\":\"\",\"potentialAction\":[{\"@type\":\"SearchAction\",\"target\":{\"@type\":\"EntryPoint\",\"urlTemplate\":\"https:\/\/portaltela.pt\/?s={search_term_string}\"},\"query-input\":{\"@type\":\"PropertyValueSpecification\",\"valueRequired\":true,\"valueName\":\"search_term_string\"}}],\"inLanguage\":\"pt-PT\"},{\"@type\":\"Person\",\"@id\":\"https:\/\/portaltela.pt\/#\/schema\/person\/c4278d4a6028830caff9ee44b42d32ed\",\"name\":\"Telinha\",\"image\":{\"@type\":\"ImageObject\",\"inLanguage\":\"pt-PT\",\"@id\":\"https:\/\/portaltela.pt\/s.01k8rhncp4jt1\/2025\/11\/talking-bot-125x125.png\",\"url\":\"https:\/\/portaltela.pt\/s.01k8rhncp4jt1\/2025\/11\/talking-bot-125x125.png\",\"contentUrl\":\"https:\/\/portaltela.pt\/s.01k8rhncp4jt1\/2025\/11\/talking-bot-125x125.png\",\"caption\":\"Telinha\"},\"sameAs\":[\"https:\/\/portaltela.pt\/\"],\"url\":\"https:\/\/portaltela.pt\/por\/367410592786\/\"}]}<\/script>\n<!-- \/ Yoast SEO plugin. -->","yoast_head_json":{"title":"Centeno reformou-se, mas mant\u00e9m assento no Banco de Portugal - Portal Tela Portugal","robots":{"index":"index","follow":"follow","max-snippet":"max-snippet:-1","max-image-preview":"max-image-preview:large","max-video-preview":"max-video-preview:-1"},"og_locale":"pt_PT","og_type":"article","og_title":"Centeno reformou-se, mas mant\u00e9m assento no Banco de Portugal - Portal Tela Portugal","og_description":"M\u00e1rio Centeno, reformado antecipadamente do Banco de Portugal, mant\u00e9m assento no conselho consultivo da institui\u00e7\u00e3o. Embora reformado, o ex-governador pode continuar a ter voz sobre o destino da autoridade banc\u00e1ria atrav\u00e9s deste \u00f3rg\u00e3o. O conselho consultivo \u00e9 descrito como uma esp\u00e9cie de Conselho de Estado da institui\u00e7\u00e3o. Santos Pereira explica a sa\u00edda de Centeno na tarde desta quarta-feira, no Parlamento.","og_url":"https:\/\/portaltela.pt\/noticias\/2026\/04\/01\/centeno-reformou-se-mas-mantem-assento-no-banco-de-portugal\/","og_site_name":"Portal Tela Portugal","article_published_time":"2026-04-01T06:16:50+00:00","author":"Telinha","twitter_card":"summary_large_image","twitter_misc":{"Escrito por":"Telinha","Tempo estimado de leitura":"1 minuto"},"schema":{"@context":"https:\/\/schema.org","@graph":[{"@type":"Article","@id":"https:\/\/portaltela.pt\/noticias\/2026\/04\/01\/centeno-reformou-se-mas-mantem-assento-no-banco-de-portugal\/#article","isPartOf":{"@id":"https:\/\/portaltela.pt\/noticias\/2026\/04\/01\/centeno-reformou-se-mas-mantem-assento-no-banco-de-portugal\/"},"author":{"name":"Telinha","@id":"https:\/\/portaltela.pt\/#\/schema\/person\/c4278d4a6028830caff9ee44b42d32ed"},"headline":"Centeno reformou-se, mas mant\u00e9m assento no Banco de Portugal","datePublished":"2026-04-01T06:16:50+00:00","mainEntityOfPage":{"@id":"https:\/\/portaltela.pt\/noticias\/2026\/04\/01\/centeno-reformou-se-mas-mantem-assento-no-banco-de-portugal\/"},"wordCount":202,"image":{"@id":"https:\/\/portaltela.pt\/noticias\/2026\/04\/01\/centeno-reformou-se-mas-mantem-assento-no-banco-de-portugal\/#primaryimage"},"thumbnailUrl":"https:\/\/portaltela.pt\/s.01k8rhncp4jt1\/2026\/04\/2078236.jpg","keywords":["Banco de Portugal","Conselho de Administra\u00e7\u00e3o","governo","pol\u00edtica","Portugal","transpar\u00eancia p\u00fablica"],"articleSection":["Economia","Finan\u00e7as"],"inLanguage":"pt-PT"},{"@type":"WebPage","@id":"https:\/\/portaltela.pt\/noticias\/2026\/04\/01\/centeno-reformou-se-mas-mantem-assento-no-banco-de-portugal\/","url":"https:\/\/portaltela.pt\/noticias\/2026\/04\/01\/centeno-reformou-se-mas-mantem-assento-no-banco-de-portugal\/","name":"Centeno reformou-se, mas mant\u00e9m assento no Banco de Portugal - Portal Tela Portugal","isPartOf":{"@id":"https:\/\/portaltela.pt\/#website"},"primaryImageOfPage":{"@id":"https:\/\/portaltela.pt\/noticias\/2026\/04\/01\/centeno-reformou-se-mas-mantem-assento-no-banco-de-portugal\/#primaryimage"},"image":{"@id":"https:\/\/portaltela.pt\/noticias\/2026\/04\/01\/centeno-reformou-se-mas-mantem-assento-no-banco-de-portugal\/#primaryimage"},"thumbnailUrl":"https:\/\/portaltela.pt\/s.01k8rhncp4jt1\/2026\/04\/2078236.jpg","datePublished":"2026-04-01T06:16:50+00:00","author":{"@id":"https:\/\/portaltela.pt\/#\/schema\/person\/c4278d4a6028830caff9ee44b42d32ed"},"breadcrumb":{"@id":"https:\/\/portaltela.pt\/noticias\/2026\/04\/01\/centeno-reformou-se-mas-mantem-assento-no-banco-de-portugal\/#breadcrumb"},"inLanguage":"pt-PT","potentialAction":[{"@type":"ReadAction","target":["https:\/\/portaltela.pt\/noticias\/2026\/04\/01\/centeno-reformou-se-mas-mantem-assento-no-banco-de-portugal\/"]}]},{"@type":"ImageObject","inLanguage":"pt-PT","@id":"https:\/\/portaltela.pt\/noticias\/2026\/04\/01\/centeno-reformou-se-mas-mantem-assento-no-banco-de-portugal\/#primaryimage","url":"https:\/\/portaltela.pt\/s.01k8rhncp4jt1\/2026\/04\/2078236.jpg","contentUrl":"https:\/\/portaltela.pt\/s.01k8rhncp4jt1\/2026\/04\/2078236.jpg","width":796,"height":448,"caption":"Governador do Banco de Portugal, \u00c1lvaro Santos Pereira, tem de responder sobre pens\u00e3o de Centeno aos deputados"},{"@type":"BreadcrumbList","@id":"https:\/\/portaltela.pt\/noticias\/2026\/04\/01\/centeno-reformou-se-mas-mantem-assento-no-banco-de-portugal\/#breadcrumb","itemListElement":[{"@type":"ListItem","position":1,"name":"In\u00edcio","item":"https:\/\/portaltela.pt\/"},{"@type":"ListItem","position":2,"name":"Centeno reformou-se, mas mant\u00e9m assento no Banco de Portugal"}]},{"@type":"WebSite","@id":"https:\/\/portaltela.pt\/#website","url":"https:\/\/portaltela.pt\/","name":"Portal Tela Portugal","description":"","potentialAction":[{"@type":"SearchAction","target":{"@type":"EntryPoint","urlTemplate":"https:\/\/portaltela.pt\/?s={search_term_string}"},"query-input":{"@type":"PropertyValueSpecification","valueRequired":true,"valueName":"search_term_string"}}],"inLanguage":"pt-PT"},{"@type":"Person","@id":"https:\/\/portaltela.pt\/#\/schema\/person\/c4278d4a6028830caff9ee44b42d32ed","name":"Telinha","image":{"@type":"ImageObject","inLanguage":"pt-PT","@id":"https:\/\/portaltela.pt\/s.01k8rhncp4jt1\/2025\/11\/talking-bot-125x125.png","url":"https:\/\/portaltela.pt\/s.01k8rhncp4jt1\/2025\/11\/talking-bot-125x125.png","contentUrl":"https:\/\/portaltela.pt\/s.01k8rhncp4jt1\/2025\/11\/talking-bot-125x125.png","caption":"Telinha"},"sameAs":["https:\/\/portaltela.pt\/"],"url":"https:\/\/portaltela.pt\/por\/367410592786\/"}]}},"_links":{"self":[{"href":"https:\/\/portaltela.pt\/api\/wp\/v2\/posts\/428661","targetHints":{"allow":["GET"]}}],"collection":[{"href":"https:\/\/portaltela.pt\/api\/wp\/v2\/posts"}],"about":[{"href":"https:\/\/portaltela.pt\/api\/wp\/v2\/types\/post"}],"author":[{"embeddable":true,"href":"https:\/\/portaltela.pt\/api\/wp\/v2\/users\/2"}],"replies":[{"embeddable":true,"href":"https:\/\/portaltela.pt\/api\/wp\/v2\/comments?post=428661"}],"version-history":[{"count":0,"href":"https:\/\/portaltela.pt\/api\/wp\/v2\/posts\/428661\/revisions"}],"wp:featuredmedia":[{"embeddable":true,"href":"https:\/\/portaltela.pt\/api\/wp\/v2\/media\/428662"}],"wp:attachment":[{"href":"https:\/\/portaltela.pt\/api\/wp\/v2\/media?parent=428661"}],"wp:term":[{"taxonomy":"category","embeddable":true,"href":"https:\/\/portaltela.pt\/api\/wp\/v2\/categories?post=428661"},{"taxonomy":"post_tag","embeddable":true,"href":"https:\/\/portaltela.pt\/api\/wp\/v2\/tags?post=428661"}],"curies":[{"name":"wp","href":"https:\/\/api.w.org\/{rel}","templated":true}]}}