{"id":428631,"date":"2026-04-01T02:32:01","date_gmt":"2026-04-01T05:32:01","guid":{"rendered":"https:\/\/portaltela.pt\/noticias\/2026\/04\/01\/europa-rede-eletrica-nao-acompanha-o-crescimento-das-renovaveis\/"},"modified":"2026-04-01T02:32:01","modified_gmt":"2026-04-01T05:32:01","slug":"europa-rede-eletrica-nao-acompanha-o-crescimento-das-renovaveis","status":"publish","type":"post","link":"https:\/\/portaltela.pt\/energia\/2026\/04\/01\/europa-rede-eletrica-nao-acompanha-o-crescimento-das-renovaveis\/","title":{"rendered":"Europa: rede el\u00e9trica n\u00e3o acompanha o crescimento das renov\u00e1veis"},"content":{"rendered":"<p>A rede el\u00e9trica europeia enfrenta gargalos que comprometem o avan\u00e7o das renov\u00e1veis. Um relat\u00f3rio da Ember alerta que mais de 120 GW de nova capacidade verde podem ficar encalhados pela insufici\u00eancia de infraestruturas para ligar \u00e0 rede.<\/p>\n<p>A an\u00e1lise indica que metade dos operadores de rede t\u00eam capacidade insuficiente para ligar projetos de energia e\u00f3lica, solar e at\u00e9 instala\u00e7\u00f5es dom\u00e9sticas de pain\u00e9is solares. O problema agrava-se num cen\u00e1rio de infla\u00e7\u00e3o energ\u00e9tica e volatilidade.<\/p>\n<p>Entre os pa\u00edses mais afetados surgem \u00c1ustria, Bulg\u00e1ria, Let\u00f3nia, Pa\u00edses Baixos, Pol\u00f3nia, Portugal, Rom\u00e9nia e Eslov\u00e1quia. Contudo, grandes sistemas como Alemanha e It\u00e1lia n\u00e3o divulgam dados, sugerindo que a extens\u00e3o pode ser maior.<\/p>\n<h3>Gargalos, impacto e prazos<\/h3>\n<p>Os entraves n\u00e3o afetam apenas grandes parques; afetam tamb\u00e9m instala\u00e7\u00f5es de telhados, com estimativas de risco para mais de 2\/3 dos projetos at\u00e9 2030 nos 17 pa\u00edses com dados dispon\u00edveis. A falta de rede pode atrasar 16 GW de solares de telhados, afetando mais de 1,5 milh\u00f5es de lares.<\/p>\n<p>No geral, a capacidade de rede dispon\u00edvel para nova procura de eletricidade varia entre pa\u00edses. Em seis dos oito mercado avaliados, h\u00e1 espa\u00e7o suficiente para que at\u00e9 um ter\u00e7o dos lares liguem bombas de calor novas. Pol\u00f3nia e Espanha enfrentam limita\u00e7\u00f5es mais acentuadas.<\/p>\n<h3>Contexto econ\u00f3mico e solu\u00e7\u00f5es<\/h3>\n<p>Especialistas descrevem o problema como urgente, numa altura de guerra no M\u00e9dio Oriente que eleva pre\u00e7os do petr\u00f3leo e do g\u00e1s. Segundo Elisabeth Cremona, da Ember, as redes s\u00e3o cruciais para substituir combust\u00edveis f\u00f3sseis e proteger fam\u00edlias da volatilidade.<\/p>\n<p>O investimento na rede europeia cresceu quase 50% nos \u00faltimos cinco anos, mas continua abaixo do necess\u00e1rio. Um relat\u00f3rio de 2025 aponta custos de congest\u00e3o pr\u00f3ximos de 9 mil milh\u00f5es de euros em 2024, com 72 TWh de energia, principalmente renov\u00e1vel, cortados por gargalos.<\/p>\n<h3>Perspetivas e medidas em curso<\/h3>\n<p>Alguns pa\u00edses j\u00e1 testam abordagens para reduzir o desequil\u00edbrio entre produ\u00e7\u00e3o e escoamento. No Reino Unido, um projeto-piloto oferece eletricidade com desconto ou gratuita em dias de vento para evitar desligar turbinas.<\/p>\n<p>Especialistas defendem que solu\u00e7\u00f5es permanentes s\u00e3o fundamentais para estimular a eletrifica\u00e7\u00e3o, incluindo ve\u00edculos el\u00e9tricos, bombas de calor e baterias, reduzindo a necessidade de combust\u00edveis f\u00f3sseis importados.<\/p>\n<p>A Ember sublinha que, sem ampliar a capacidade de rede, a transi\u00e7\u00e3o energ\u00e9tica pode perder impulso diante dos custos elevados e da volatilidade de pre\u00e7os, colocando em causa metas de independ\u00eancia energ\u00e9tica na pr\u00e1tica.<\/p>\n","protected":false},"excerpt":{"rendered":"<ul>\n<li>Um relat\u00f3rio da Ember indica que a rede el\u00e9trica europeia \u00e9 insuficiente para ligar mais de 120 GW de nova capacidade renov\u00e1vel, com metade dos operadores de rede sem capacidade suficiente para os pr\u00f3ximos projetos de e\u00f3lica e solar.<\/li>\n<li>As restri\u00e7\u00f5es mais graves foram identificadas na \u00c1ustria, Bulg\u00e1ria, Let\u00f3nia, Pa\u00edses Baixos, Pol\u00f3nia, Portugal, Rom\u00e9nia e Eslov\u00e1quia, embora a falta de dados na Alemanha e na It\u00e1lia sugira que o problema pode ser mais amplo.<\/li>\n<li>Em dezoito pa\u00edses que reportam dados, mais de dois ter\u00e7os dos novos projetos de grande escala at\u00e9 2030 em e\u00f3lica e solar est\u00e3o em risco; nos 17 pa\u00edses que divulgam capacidade, 16 GW de instala\u00e7\u00f5es solares em telhados tamb\u00e9m podem ficar atrasadas, afetando mais de 1,5 milh\u00f5es de lares.<\/li>\n<li>A insufici\u00eancia de rede resulta ainda em custos de gest\u00e3o de congest\u00e3o elevados (cerca de 9 mil milh\u00f5es de euros em 2024) e em cortes de energia renov\u00e1vel, equivalentes a 72 terawatts-hora, o consumo anual da \u00c1ustria.<\/li>\n<li>Em partes da Europa, redes j\u00e1 s\u00e3o capazes de acolher parte da procura respons\u00e1vel pela eletrifica\u00e7\u00e3o de habita\u00e7\u00f5es (por exemplo, at\u00e9 um ter\u00e7o dos lares podem ligar uma nova bomba de calor em seis dos oito pa\u00edses que divulgam dados), mas pa\u00edses como a Pol\u00f3nia e a Espanha enfrentam limita\u00e7\u00f5es mais fortes.<\/li>\n<\/ul>\n","protected":false},"author":2,"featured_media":428632,"comment_status":"closed","ping_status":"closed","sticky":false,"template":"","format":"standard","meta":{"footnotes":""},"categories":[6806],"tags":[6007,174,2729,2487,1014,4327],"class_list":["post-428631","post","type-post","status-publish","format-standard","has-post-thumbnail","hentry","category-energia","tag-congestoes","tag-energia","tag-energia-renovavel","tag-europa","tag-portugal","tag-rede-eletrica"],"yoast_head":"<!-- This site is optimized with the Yoast SEO plugin v27.2 - https:\/\/yoast.com\/product\/yoast-seo-wordpress\/ -->\n<title>Europa: rede el\u00e9trica n\u00e3o acompanha o crescimento das renov\u00e1veis - Portal Tela Portugal<\/title>\n<meta name=\"robots\" content=\"index, follow, max-snippet:-1, max-image-preview:large, max-video-preview:-1\" \/>\n<meta property=\"og:locale\" content=\"pt_PT\" \/>\n<meta property=\"og:type\" content=\"article\" \/>\n<meta property=\"og:title\" content=\"Europa: rede el\u00e9trica n\u00e3o acompanha o crescimento das renov\u00e1veis - Portal Tela Portugal\" \/>\n<meta property=\"og:description\" content=\"Um relat\u00f3rio da Ember indica que a rede el\u00e9trica europeia \u00e9 insuficiente para ligar mais de 120 GW de nova capacidade renov\u00e1vel, com metade dos operadores de rede sem capacidade suficiente para os pr\u00f3ximos projetos de e\u00f3lica e solar. As restri\u00e7\u00f5es mais graves foram identificadas na \u00c1ustria, Bulg\u00e1ria, Let\u00f3nia, Pa\u00edses Baixos, Pol\u00f3nia, Portugal, Rom\u00e9nia e Eslov\u00e1quia, embora a falta de dados na Alemanha e na It\u00e1lia sugira que o problema pode ser mais amplo. Em dezoito pa\u00edses que reportam dados, mais de dois ter\u00e7os dos novos projetos de grande escala at\u00e9 2030 em e\u00f3lica e solar est\u00e3o em risco; nos 17 pa\u00edses que divulgam capacidade, 16 GW de instala\u00e7\u00f5es solares em telhados tamb\u00e9m podem ficar atrasadas, afetando mais de 1,5 milh\u00f5es de lares. A insufici\u00eancia de rede resulta ainda em custos de gest\u00e3o de congest\u00e3o elevados (cerca de 9 mil milh\u00f5es de euros em 2024) e em cortes de energia renov\u00e1vel, equivalentes a 72 terawatts-hora, o consumo anual da \u00c1ustria. Em partes da Europa, redes j\u00e1 s\u00e3o capazes de acolher parte da procura respons\u00e1vel pela eletrifica\u00e7\u00e3o de habita\u00e7\u00f5es (por exemplo, at\u00e9 um ter\u00e7o dos lares podem ligar uma nova bomba de calor em seis dos oito pa\u00edses que divulgam dados), mas pa\u00edses como a Pol\u00f3nia e a Espanha enfrentam limita\u00e7\u00f5es mais fortes.\" \/>\n<meta property=\"og:url\" content=\"https:\/\/portaltela.pt\/noticias\/2026\/04\/01\/europa-rede-eletrica-nao-acompanha-o-crescimento-das-renovaveis\/\" \/>\n<meta property=\"og:site_name\" content=\"Portal Tela Portugal\" \/>\n<meta property=\"article:published_time\" content=\"2026-04-01T05:32:01+00:00\" \/>\n<meta name=\"author\" content=\"Telinha\" \/>\n<meta name=\"twitter:card\" content=\"summary_large_image\" \/>\n<meta name=\"twitter:label1\" content=\"Escrito por\" \/>\n\t<meta name=\"twitter:data1\" content=\"Telinha\" \/>\n\t<meta name=\"twitter:label2\" content=\"Tempo estimado de leitura\" \/>\n\t<meta name=\"twitter:data2\" content=\"2 minutos\" \/>\n<script type=\"application\/ld+json\" class=\"yoast-schema-graph\">{\"@context\":\"https:\/\/schema.org\",\"@graph\":[{\"@type\":\"Article\",\"@id\":\"https:\/\/portaltela.pt\/noticias\/2026\/04\/01\/europa-rede-eletrica-nao-acompanha-o-crescimento-das-renovaveis\/#article\",\"isPartOf\":{\"@id\":\"https:\/\/portaltela.pt\/noticias\/2026\/04\/01\/europa-rede-eletrica-nao-acompanha-o-crescimento-das-renovaveis\/\"},\"author\":{\"name\":\"Telinha\",\"@id\":\"https:\/\/portaltela.pt\/#\/schema\/person\/c4278d4a6028830caff9ee44b42d32ed\"},\"headline\":\"Europa: rede el\u00e9trica n\u00e3o acompanha o crescimento das renov\u00e1veis\",\"datePublished\":\"2026-04-01T05:32:01+00:00\",\"mainEntityOfPage\":{\"@id\":\"https:\/\/portaltela.pt\/noticias\/2026\/04\/01\/europa-rede-eletrica-nao-acompanha-o-crescimento-das-renovaveis\/\"},\"wordCount\":454,\"image\":{\"@id\":\"https:\/\/portaltela.pt\/noticias\/2026\/04\/01\/europa-rede-eletrica-nao-acompanha-o-crescimento-das-renovaveis\/#primaryimage\"},\"thumbnailUrl\":\"https:\/\/portaltela.pt\/s.01k8rhncp4jt1\/2026\/04\/1536x864_cmsv2_21032dbb-727d-5e15-bd2e-d97c3469da08-9705664.jpg\",\"keywords\":[\"congest\u00f5es\",\"energia\",\"energia renov\u00e1vel\",\"Europa\",\"Portugal\",\"rede el\u00e9trica\"],\"articleSection\":[\"Energia\"],\"inLanguage\":\"pt-PT\"},{\"@type\":\"WebPage\",\"@id\":\"https:\/\/portaltela.pt\/noticias\/2026\/04\/01\/europa-rede-eletrica-nao-acompanha-o-crescimento-das-renovaveis\/\",\"url\":\"https:\/\/portaltela.pt\/noticias\/2026\/04\/01\/europa-rede-eletrica-nao-acompanha-o-crescimento-das-renovaveis\/\",\"name\":\"Europa: rede el\u00e9trica n\u00e3o acompanha o crescimento das renov\u00e1veis - Portal Tela Portugal\",\"isPartOf\":{\"@id\":\"https:\/\/portaltela.pt\/#website\"},\"primaryImageOfPage\":{\"@id\":\"https:\/\/portaltela.pt\/noticias\/2026\/04\/01\/europa-rede-eletrica-nao-acompanha-o-crescimento-das-renovaveis\/#primaryimage\"},\"image\":{\"@id\":\"https:\/\/portaltela.pt\/noticias\/2026\/04\/01\/europa-rede-eletrica-nao-acompanha-o-crescimento-das-renovaveis\/#primaryimage\"},\"thumbnailUrl\":\"https:\/\/portaltela.pt\/s.01k8rhncp4jt1\/2026\/04\/1536x864_cmsv2_21032dbb-727d-5e15-bd2e-d97c3469da08-9705664.jpg\",\"datePublished\":\"2026-04-01T05:32:01+00:00\",\"author\":{\"@id\":\"https:\/\/portaltela.pt\/#\/schema\/person\/c4278d4a6028830caff9ee44b42d32ed\"},\"breadcrumb\":{\"@id\":\"https:\/\/portaltela.pt\/noticias\/2026\/04\/01\/europa-rede-eletrica-nao-acompanha-o-crescimento-das-renovaveis\/#breadcrumb\"},\"inLanguage\":\"pt-PT\",\"potentialAction\":[{\"@type\":\"ReadAction\",\"target\":[\"https:\/\/portaltela.pt\/noticias\/2026\/04\/01\/europa-rede-eletrica-nao-acompanha-o-crescimento-das-renovaveis\/\"]}]},{\"@type\":\"ImageObject\",\"inLanguage\":\"pt-PT\",\"@id\":\"https:\/\/portaltela.pt\/noticias\/2026\/04\/01\/europa-rede-eletrica-nao-acompanha-o-crescimento-das-renovaveis\/#primaryimage\",\"url\":\"https:\/\/portaltela.pt\/s.01k8rhncp4jt1\/2026\/04\/1536x864_cmsv2_21032dbb-727d-5e15-bd2e-d97c3469da08-9705664.jpg\",\"contentUrl\":\"https:\/\/portaltela.pt\/s.01k8rhncp4jt1\/2026\/04\/1536x864_cmsv2_21032dbb-727d-5e15-bd2e-d97c3469da08-9705664.jpg\",\"width\":796,\"height\":448,\"caption\":\"Aerogeradores funcionam ao nascer do sol no parque solar Klettwitz Nord, perto de Klettwitz, Alemanha, quarta-feira, 16 de outubro de 2024\"},{\"@type\":\"BreadcrumbList\",\"@id\":\"https:\/\/portaltela.pt\/noticias\/2026\/04\/01\/europa-rede-eletrica-nao-acompanha-o-crescimento-das-renovaveis\/#breadcrumb\",\"itemListElement\":[{\"@type\":\"ListItem\",\"position\":1,\"name\":\"In\u00edcio\",\"item\":\"https:\/\/portaltela.pt\/\"},{\"@type\":\"ListItem\",\"position\":2,\"name\":\"Europa: rede el\u00e9trica n\u00e3o acompanha o crescimento das renov\u00e1veis\"}]},{\"@type\":\"WebSite\",\"@id\":\"https:\/\/portaltela.pt\/#website\",\"url\":\"https:\/\/portaltela.pt\/\",\"name\":\"Portal Tela Portugal\",\"description\":\"\",\"potentialAction\":[{\"@type\":\"SearchAction\",\"target\":{\"@type\":\"EntryPoint\",\"urlTemplate\":\"https:\/\/portaltela.pt\/?s={search_term_string}\"},\"query-input\":{\"@type\":\"PropertyValueSpecification\",\"valueRequired\":true,\"valueName\":\"search_term_string\"}}],\"inLanguage\":\"pt-PT\"},{\"@type\":\"Person\",\"@id\":\"https:\/\/portaltela.pt\/#\/schema\/person\/c4278d4a6028830caff9ee44b42d32ed\",\"name\":\"Telinha\",\"image\":{\"@type\":\"ImageObject\",\"inLanguage\":\"pt-PT\",\"@id\":\"https:\/\/portaltela.pt\/s.01k8rhncp4jt1\/2025\/11\/talking-bot-125x125.png\",\"url\":\"https:\/\/portaltela.pt\/s.01k8rhncp4jt1\/2025\/11\/talking-bot-125x125.png\",\"contentUrl\":\"https:\/\/portaltela.pt\/s.01k8rhncp4jt1\/2025\/11\/talking-bot-125x125.png\",\"caption\":\"Telinha\"},\"sameAs\":[\"https:\/\/portaltela.pt\/\"],\"url\":\"https:\/\/portaltela.pt\/por\/367410592786\/\"}]}<\/script>\n<!-- \/ Yoast SEO plugin. -->","yoast_head_json":{"title":"Europa: rede el\u00e9trica n\u00e3o acompanha o crescimento das renov\u00e1veis - Portal Tela Portugal","robots":{"index":"index","follow":"follow","max-snippet":"max-snippet:-1","max-image-preview":"max-image-preview:large","max-video-preview":"max-video-preview:-1"},"og_locale":"pt_PT","og_type":"article","og_title":"Europa: rede el\u00e9trica n\u00e3o acompanha o crescimento das renov\u00e1veis - Portal Tela Portugal","og_description":"Um relat\u00f3rio da Ember indica que a rede el\u00e9trica europeia \u00e9 insuficiente para ligar mais de 120 GW de nova capacidade renov\u00e1vel, com metade dos operadores de rede sem capacidade suficiente para os pr\u00f3ximos projetos de e\u00f3lica e solar. As restri\u00e7\u00f5es mais graves foram identificadas na \u00c1ustria, Bulg\u00e1ria, Let\u00f3nia, Pa\u00edses Baixos, Pol\u00f3nia, Portugal, Rom\u00e9nia e Eslov\u00e1quia, embora a falta de dados na Alemanha e na It\u00e1lia sugira que o problema pode ser mais amplo. Em dezoito pa\u00edses que reportam dados, mais de dois ter\u00e7os dos novos projetos de grande escala at\u00e9 2030 em e\u00f3lica e solar est\u00e3o em risco; nos 17 pa\u00edses que divulgam capacidade, 16 GW de instala\u00e7\u00f5es solares em telhados tamb\u00e9m podem ficar atrasadas, afetando mais de 1,5 milh\u00f5es de lares. A insufici\u00eancia de rede resulta ainda em custos de gest\u00e3o de congest\u00e3o elevados (cerca de 9 mil milh\u00f5es de euros em 2024) e em cortes de energia renov\u00e1vel, equivalentes a 72 terawatts-hora, o consumo anual da \u00c1ustria. Em partes da Europa, redes j\u00e1 s\u00e3o capazes de acolher parte da procura respons\u00e1vel pela eletrifica\u00e7\u00e3o de habita\u00e7\u00f5es (por exemplo, at\u00e9 um ter\u00e7o dos lares podem ligar uma nova bomba de calor em seis dos oito pa\u00edses que divulgam dados), mas pa\u00edses como a Pol\u00f3nia e a Espanha enfrentam limita\u00e7\u00f5es mais fortes.","og_url":"https:\/\/portaltela.pt\/noticias\/2026\/04\/01\/europa-rede-eletrica-nao-acompanha-o-crescimento-das-renovaveis\/","og_site_name":"Portal Tela Portugal","article_published_time":"2026-04-01T05:32:01+00:00","author":"Telinha","twitter_card":"summary_large_image","twitter_misc":{"Escrito por":"Telinha","Tempo estimado de leitura":"2 minutos"},"schema":{"@context":"https:\/\/schema.org","@graph":[{"@type":"Article","@id":"https:\/\/portaltela.pt\/noticias\/2026\/04\/01\/europa-rede-eletrica-nao-acompanha-o-crescimento-das-renovaveis\/#article","isPartOf":{"@id":"https:\/\/portaltela.pt\/noticias\/2026\/04\/01\/europa-rede-eletrica-nao-acompanha-o-crescimento-das-renovaveis\/"},"author":{"name":"Telinha","@id":"https:\/\/portaltela.pt\/#\/schema\/person\/c4278d4a6028830caff9ee44b42d32ed"},"headline":"Europa: rede el\u00e9trica n\u00e3o acompanha o crescimento das renov\u00e1veis","datePublished":"2026-04-01T05:32:01+00:00","mainEntityOfPage":{"@id":"https:\/\/portaltela.pt\/noticias\/2026\/04\/01\/europa-rede-eletrica-nao-acompanha-o-crescimento-das-renovaveis\/"},"wordCount":454,"image":{"@id":"https:\/\/portaltela.pt\/noticias\/2026\/04\/01\/europa-rede-eletrica-nao-acompanha-o-crescimento-das-renovaveis\/#primaryimage"},"thumbnailUrl":"https:\/\/portaltela.pt\/s.01k8rhncp4jt1\/2026\/04\/1536x864_cmsv2_21032dbb-727d-5e15-bd2e-d97c3469da08-9705664.jpg","keywords":["congest\u00f5es","energia","energia renov\u00e1vel","Europa","Portugal","rede el\u00e9trica"],"articleSection":["Energia"],"inLanguage":"pt-PT"},{"@type":"WebPage","@id":"https:\/\/portaltela.pt\/noticias\/2026\/04\/01\/europa-rede-eletrica-nao-acompanha-o-crescimento-das-renovaveis\/","url":"https:\/\/portaltela.pt\/noticias\/2026\/04\/01\/europa-rede-eletrica-nao-acompanha-o-crescimento-das-renovaveis\/","name":"Europa: rede el\u00e9trica n\u00e3o acompanha o crescimento das renov\u00e1veis - Portal Tela Portugal","isPartOf":{"@id":"https:\/\/portaltela.pt\/#website"},"primaryImageOfPage":{"@id":"https:\/\/portaltela.pt\/noticias\/2026\/04\/01\/europa-rede-eletrica-nao-acompanha-o-crescimento-das-renovaveis\/#primaryimage"},"image":{"@id":"https:\/\/portaltela.pt\/noticias\/2026\/04\/01\/europa-rede-eletrica-nao-acompanha-o-crescimento-das-renovaveis\/#primaryimage"},"thumbnailUrl":"https:\/\/portaltela.pt\/s.01k8rhncp4jt1\/2026\/04\/1536x864_cmsv2_21032dbb-727d-5e15-bd2e-d97c3469da08-9705664.jpg","datePublished":"2026-04-01T05:32:01+00:00","author":{"@id":"https:\/\/portaltela.pt\/#\/schema\/person\/c4278d4a6028830caff9ee44b42d32ed"},"breadcrumb":{"@id":"https:\/\/portaltela.pt\/noticias\/2026\/04\/01\/europa-rede-eletrica-nao-acompanha-o-crescimento-das-renovaveis\/#breadcrumb"},"inLanguage":"pt-PT","potentialAction":[{"@type":"ReadAction","target":["https:\/\/portaltela.pt\/noticias\/2026\/04\/01\/europa-rede-eletrica-nao-acompanha-o-crescimento-das-renovaveis\/"]}]},{"@type":"ImageObject","inLanguage":"pt-PT","@id":"https:\/\/portaltela.pt\/noticias\/2026\/04\/01\/europa-rede-eletrica-nao-acompanha-o-crescimento-das-renovaveis\/#primaryimage","url":"https:\/\/portaltela.pt\/s.01k8rhncp4jt1\/2026\/04\/1536x864_cmsv2_21032dbb-727d-5e15-bd2e-d97c3469da08-9705664.jpg","contentUrl":"https:\/\/portaltela.pt\/s.01k8rhncp4jt1\/2026\/04\/1536x864_cmsv2_21032dbb-727d-5e15-bd2e-d97c3469da08-9705664.jpg","width":796,"height":448,"caption":"Aerogeradores funcionam ao nascer do sol no parque solar Klettwitz Nord, perto de Klettwitz, Alemanha, quarta-feira, 16 de outubro de 2024"},{"@type":"BreadcrumbList","@id":"https:\/\/portaltela.pt\/noticias\/2026\/04\/01\/europa-rede-eletrica-nao-acompanha-o-crescimento-das-renovaveis\/#breadcrumb","itemListElement":[{"@type":"ListItem","position":1,"name":"In\u00edcio","item":"https:\/\/portaltela.pt\/"},{"@type":"ListItem","position":2,"name":"Europa: rede el\u00e9trica n\u00e3o acompanha o crescimento das renov\u00e1veis"}]},{"@type":"WebSite","@id":"https:\/\/portaltela.pt\/#website","url":"https:\/\/portaltela.pt\/","name":"Portal Tela Portugal","description":"","potentialAction":[{"@type":"SearchAction","target":{"@type":"EntryPoint","urlTemplate":"https:\/\/portaltela.pt\/?s={search_term_string}"},"query-input":{"@type":"PropertyValueSpecification","valueRequired":true,"valueName":"search_term_string"}}],"inLanguage":"pt-PT"},{"@type":"Person","@id":"https:\/\/portaltela.pt\/#\/schema\/person\/c4278d4a6028830caff9ee44b42d32ed","name":"Telinha","image":{"@type":"ImageObject","inLanguage":"pt-PT","@id":"https:\/\/portaltela.pt\/s.01k8rhncp4jt1\/2025\/11\/talking-bot-125x125.png","url":"https:\/\/portaltela.pt\/s.01k8rhncp4jt1\/2025\/11\/talking-bot-125x125.png","contentUrl":"https:\/\/portaltela.pt\/s.01k8rhncp4jt1\/2025\/11\/talking-bot-125x125.png","caption":"Telinha"},"sameAs":["https:\/\/portaltela.pt\/"],"url":"https:\/\/portaltela.pt\/por\/367410592786\/"}]}},"_links":{"self":[{"href":"https:\/\/portaltela.pt\/api\/wp\/v2\/posts\/428631","targetHints":{"allow":["GET"]}}],"collection":[{"href":"https:\/\/portaltela.pt\/api\/wp\/v2\/posts"}],"about":[{"href":"https:\/\/portaltela.pt\/api\/wp\/v2\/types\/post"}],"author":[{"embeddable":true,"href":"https:\/\/portaltela.pt\/api\/wp\/v2\/users\/2"}],"replies":[{"embeddable":true,"href":"https:\/\/portaltela.pt\/api\/wp\/v2\/comments?post=428631"}],"version-history":[{"count":0,"href":"https:\/\/portaltela.pt\/api\/wp\/v2\/posts\/428631\/revisions"}],"wp:featuredmedia":[{"embeddable":true,"href":"https:\/\/portaltela.pt\/api\/wp\/v2\/media\/428632"}],"wp:attachment":[{"href":"https:\/\/portaltela.pt\/api\/wp\/v2\/media?parent=428631"}],"wp:term":[{"taxonomy":"category","embeddable":true,"href":"https:\/\/portaltela.pt\/api\/wp\/v2\/categories?post=428631"},{"taxonomy":"post_tag","embeddable":true,"href":"https:\/\/portaltela.pt\/api\/wp\/v2\/tags?post=428631"}],"curies":[{"name":"wp","href":"https:\/\/api.w.org\/{rel}","templated":true}]}}