{"id":428611,"date":"2026-03-31T19:11:00","date_gmt":"2026-03-31T22:11:00","guid":{"rendered":"https:\/\/portaltela.pt\/noticias\/2026\/03\/31\/prisoes-atingem-capacidade-maxima-em-2025-pela-primeira-vez-em-seis-anos-2\/"},"modified":"2026-03-31T19:11:00","modified_gmt":"2026-03-31T22:11:00","slug":"prisoes-atingem-capacidade-maxima-em-2025-pela-primeira-vez-em-seis-anos-2","status":"publish","type":"post","link":"https:\/\/portaltela.pt\/noticias\/2026\/03\/31\/prisoes-atingem-capacidade-maxima-em-2025-pela-primeira-vez-em-seis-anos-2\/","title":{"rendered":"Pris\u00f5es atingem capacidade m\u00e1xima em 2025 pela primeira vez em seis anos"},"content":{"rendered":"<p>Pris\u00f5es atingiram em 2025 a capacidade m\u00e1xima pela primeira vez em seis anos, segundo a not\u00edcia publicada pelo portal Lusa. O texto dispon\u00edvel neste resumo n\u00e3o detalha os locais ou as entidades espec\u00edficas envolvidas.<\/p>\n<p>O conte\u00fado completo est\u00e1 reservado a subscritores, tornando indispon\u00edveis neste momento os dados sobre onde ocorreu, quem est\u00e1 envolvido ou as raz\u00f5es espec\u00edficas para a situa\u00e7\u00e3o. Mant\u00eam-se, contudo, os elementos centrais da informa\u00e7\u00e3o.<\/p>\n<p>Dado o acesso restrito, n\u00e3o \u00e9 poss\u00edvel confirmar detalhes adicionais neste resumo. O portal respons\u00e1vel aponta para a publica\u00e7\u00e3o completa para quem possuir acesso.<\/p>\n","protected":false},"excerpt":{"rendered":"<ul>\n<li>Pris\u00f5es atingiram em 2025 a capacidade m\u00e1xima pela primeira vez em seis anos.<\/li>\n<li>O marco reflecte ocupa\u00e7\u00e3o prisional completa pela primeira vez desde h\u00e1 seis anos.<\/li>\n<li>O conte\u00fado completo da not\u00edcia est\u00e1 dispon\u00edvel apenas para subscritores.<\/li>\n<li>Fonte: Lusa.<\/li>\n<\/ul>\n","protected":false},"author":2,"featured_media":428612,"comment_status":"closed","ping_status":"closed","sticky":false,"template":"","format":"standard","meta":{"footnotes":""},"categories":[6815,1],"tags":[147,5656,2633,4343,4536,250],"class_list":["post-428611","post","type-post","status-publish","format-standard","has-post-thumbnail","hentry","category-justica","category-noticias","tag-crime","tag-criminalidade","tag-direitos-humanos","tag-prisoes","tag-seguranca","tag-seguranca-publica"],"yoast_head":"<!-- This site is optimized with the Yoast SEO plugin v27.2 - https:\/\/yoast.com\/product\/yoast-seo-wordpress\/ -->\n<title>Pris\u00f5es atingem capacidade m\u00e1xima em 2025 pela primeira vez em seis anos - Portal Tela Portugal<\/title>\n<meta name=\"robots\" content=\"index, follow, max-snippet:-1, max-image-preview:large, max-video-preview:-1\" \/>\n<meta property=\"og:locale\" content=\"pt_PT\" \/>\n<meta property=\"og:type\" content=\"article\" \/>\n<meta property=\"og:title\" content=\"Pris\u00f5es atingem capacidade m\u00e1xima em 2025 pela primeira vez em seis anos - Portal Tela Portugal\" \/>\n<meta property=\"og:description\" content=\"Pris\u00f5es atingiram em 2025 a capacidade m\u00e1xima pela primeira vez em seis anos. O marco reflecte ocupa\u00e7\u00e3o prisional completa pela primeira vez desde h\u00e1 seis anos. O conte\u00fado completo da not\u00edcia est\u00e1 dispon\u00edvel apenas para subscritores. Fonte: Lusa.\" \/>\n<meta property=\"og:url\" content=\"https:\/\/portaltela.pt\/noticias\/2026\/03\/31\/prisoes-atingem-capacidade-maxima-em-2025-pela-primeira-vez-em-seis-anos-2\/\" \/>\n<meta property=\"og:site_name\" content=\"Portal Tela Portugal\" \/>\n<meta property=\"article:published_time\" content=\"2026-03-31T22:11:00+00:00\" \/>\n<meta name=\"author\" content=\"Telinha\" \/>\n<meta name=\"twitter:card\" content=\"summary_large_image\" \/>\n<meta name=\"twitter:label1\" content=\"Escrito por\" \/>\n\t<meta name=\"twitter:data1\" content=\"Telinha\" \/>\n\t<meta name=\"twitter:label2\" content=\"Tempo estimado de leitura\" \/>\n\t<meta name=\"twitter:data2\" content=\"1 minuto\" \/>\n<script type=\"application\/ld+json\" class=\"yoast-schema-graph\">{\"@context\":\"https:\/\/schema.org\",\"@graph\":[{\"@type\":\"Article\",\"@id\":\"https:\/\/portaltela.pt\/noticias\/2026\/03\/31\/prisoes-atingem-capacidade-maxima-em-2025-pela-primeira-vez-em-seis-anos-2\/#article\",\"isPartOf\":{\"@id\":\"https:\/\/portaltela.pt\/noticias\/2026\/03\/31\/prisoes-atingem-capacidade-maxima-em-2025-pela-primeira-vez-em-seis-anos-2\/\"},\"author\":{\"name\":\"Telinha\",\"@id\":\"https:\/\/portaltela.pt\/#\/schema\/person\/c4278d4a6028830caff9ee44b42d32ed\"},\"headline\":\"Pris\u00f5es atingem capacidade m\u00e1xima em 2025 pela primeira vez em seis anos\",\"datePublished\":\"2026-03-31T22:11:00+00:00\",\"mainEntityOfPage\":{\"@id\":\"https:\/\/portaltela.pt\/noticias\/2026\/03\/31\/prisoes-atingem-capacidade-maxima-em-2025-pela-primeira-vez-em-seis-anos-2\/\"},\"wordCount\":119,\"image\":{\"@id\":\"https:\/\/portaltela.pt\/noticias\/2026\/03\/31\/prisoes-atingem-capacidade-maxima-em-2025-pela-primeira-vez-em-seis-anos-2\/#primaryimage\"},\"thumbnailUrl\":\"https:\/\/portaltela.pt\/s.01k8rhncp4jt1\/2026\/03\/CACHE_780X1200_ANALOG_WATERMARKED_25524931_1650406_28022019022521.jpg\",\"keywords\":[\"crime\",\"criminalidade\",\"direitos humanos\",\"pris\u00f5es\",\"seguran\u00e7a\",\"seguran\u00e7a p\u00fablica\"],\"articleSection\":[\"Justi\u00e7a\",\"Not\u00edcias\"],\"inLanguage\":\"pt-PT\"},{\"@type\":\"WebPage\",\"@id\":\"https:\/\/portaltela.pt\/noticias\/2026\/03\/31\/prisoes-atingem-capacidade-maxima-em-2025-pela-primeira-vez-em-seis-anos-2\/\",\"url\":\"https:\/\/portaltela.pt\/noticias\/2026\/03\/31\/prisoes-atingem-capacidade-maxima-em-2025-pela-primeira-vez-em-seis-anos-2\/\",\"name\":\"Pris\u00f5es atingem capacidade m\u00e1xima em 2025 pela primeira vez em seis anos - Portal Tela Portugal\",\"isPartOf\":{\"@id\":\"https:\/\/portaltela.pt\/#website\"},\"primaryImageOfPage\":{\"@id\":\"https:\/\/portaltela.pt\/noticias\/2026\/03\/31\/prisoes-atingem-capacidade-maxima-em-2025-pela-primeira-vez-em-seis-anos-2\/#primaryimage\"},\"image\":{\"@id\":\"https:\/\/portaltela.pt\/noticias\/2026\/03\/31\/prisoes-atingem-capacidade-maxima-em-2025-pela-primeira-vez-em-seis-anos-2\/#primaryimage\"},\"thumbnailUrl\":\"https:\/\/portaltela.pt\/s.01k8rhncp4jt1\/2026\/03\/CACHE_780X1200_ANALOG_WATERMARKED_25524931_1650406_28022019022521.jpg\",\"datePublished\":\"2026-03-31T22:11:00+00:00\",\"author\":{\"@id\":\"https:\/\/portaltela.pt\/#\/schema\/person\/c4278d4a6028830caff9ee44b42d32ed\"},\"breadcrumb\":{\"@id\":\"https:\/\/portaltela.pt\/noticias\/2026\/03\/31\/prisoes-atingem-capacidade-maxima-em-2025-pela-primeira-vez-em-seis-anos-2\/#breadcrumb\"},\"inLanguage\":\"pt-PT\",\"potentialAction\":[{\"@type\":\"ReadAction\",\"target\":[\"https:\/\/portaltela.pt\/noticias\/2026\/03\/31\/prisoes-atingem-capacidade-maxima-em-2025-pela-primeira-vez-em-seis-anos-2\/\"]}]},{\"@type\":\"ImageObject\",\"inLanguage\":\"pt-PT\",\"@id\":\"https:\/\/portaltela.pt\/noticias\/2026\/03\/31\/prisoes-atingem-capacidade-maxima-em-2025-pela-primeira-vez-em-seis-anos-2\/#primaryimage\",\"url\":\"https:\/\/portaltela.pt\/s.01k8rhncp4jt1\/2026\/03\/CACHE_780X1200_ANALOG_WATERMARKED_25524931_1650406_28022019022521.jpg\",\"contentUrl\":\"https:\/\/portaltela.pt\/s.01k8rhncp4jt1\/2026\/03\/CACHE_780X1200_ANALOG_WATERMARKED_25524931_1650406_28022019022521.jpg\",\"width\":768,\"height\":512,\"caption\":\"Pris\u00f5es atingiram em 2025 capacidade m\u00e1xima pela primeira vez em seis anos\"},{\"@type\":\"BreadcrumbList\",\"@id\":\"https:\/\/portaltela.pt\/noticias\/2026\/03\/31\/prisoes-atingem-capacidade-maxima-em-2025-pela-primeira-vez-em-seis-anos-2\/#breadcrumb\",\"itemListElement\":[{\"@type\":\"ListItem\",\"position\":1,\"name\":\"In\u00edcio\",\"item\":\"https:\/\/portaltela.pt\/\"},{\"@type\":\"ListItem\",\"position\":2,\"name\":\"Pris\u00f5es atingem capacidade m\u00e1xima em 2025 pela primeira vez em seis anos\"}]},{\"@type\":\"WebSite\",\"@id\":\"https:\/\/portaltela.pt\/#website\",\"url\":\"https:\/\/portaltela.pt\/\",\"name\":\"Portal Tela Portugal\",\"description\":\"\",\"potentialAction\":[{\"@type\":\"SearchAction\",\"target\":{\"@type\":\"EntryPoint\",\"urlTemplate\":\"https:\/\/portaltela.pt\/?s={search_term_string}\"},\"query-input\":{\"@type\":\"PropertyValueSpecification\",\"valueRequired\":true,\"valueName\":\"search_term_string\"}}],\"inLanguage\":\"pt-PT\"},{\"@type\":\"Person\",\"@id\":\"https:\/\/portaltela.pt\/#\/schema\/person\/c4278d4a6028830caff9ee44b42d32ed\",\"name\":\"Telinha\",\"image\":{\"@type\":\"ImageObject\",\"inLanguage\":\"pt-PT\",\"@id\":\"https:\/\/portaltela.pt\/s.01k8rhncp4jt1\/2025\/11\/talking-bot-125x125.png\",\"url\":\"https:\/\/portaltela.pt\/s.01k8rhncp4jt1\/2025\/11\/talking-bot-125x125.png\",\"contentUrl\":\"https:\/\/portaltela.pt\/s.01k8rhncp4jt1\/2025\/11\/talking-bot-125x125.png\",\"caption\":\"Telinha\"},\"sameAs\":[\"https:\/\/portaltela.pt\/\"],\"url\":\"https:\/\/portaltela.pt\/por\/367410592786\/\"}]}<\/script>\n<!-- \/ Yoast SEO plugin. -->","yoast_head_json":{"title":"Pris\u00f5es atingem capacidade m\u00e1xima em 2025 pela primeira vez em seis anos - Portal Tela Portugal","robots":{"index":"index","follow":"follow","max-snippet":"max-snippet:-1","max-image-preview":"max-image-preview:large","max-video-preview":"max-video-preview:-1"},"og_locale":"pt_PT","og_type":"article","og_title":"Pris\u00f5es atingem capacidade m\u00e1xima em 2025 pela primeira vez em seis anos - Portal Tela Portugal","og_description":"Pris\u00f5es atingiram em 2025 a capacidade m\u00e1xima pela primeira vez em seis anos. O marco reflecte ocupa\u00e7\u00e3o prisional completa pela primeira vez desde h\u00e1 seis anos. O conte\u00fado completo da not\u00edcia est\u00e1 dispon\u00edvel apenas para subscritores. Fonte: Lusa.","og_url":"https:\/\/portaltela.pt\/noticias\/2026\/03\/31\/prisoes-atingem-capacidade-maxima-em-2025-pela-primeira-vez-em-seis-anos-2\/","og_site_name":"Portal Tela Portugal","article_published_time":"2026-03-31T22:11:00+00:00","author":"Telinha","twitter_card":"summary_large_image","twitter_misc":{"Escrito por":"Telinha","Tempo estimado de leitura":"1 minuto"},"schema":{"@context":"https:\/\/schema.org","@graph":[{"@type":"Article","@id":"https:\/\/portaltela.pt\/noticias\/2026\/03\/31\/prisoes-atingem-capacidade-maxima-em-2025-pela-primeira-vez-em-seis-anos-2\/#article","isPartOf":{"@id":"https:\/\/portaltela.pt\/noticias\/2026\/03\/31\/prisoes-atingem-capacidade-maxima-em-2025-pela-primeira-vez-em-seis-anos-2\/"},"author":{"name":"Telinha","@id":"https:\/\/portaltela.pt\/#\/schema\/person\/c4278d4a6028830caff9ee44b42d32ed"},"headline":"Pris\u00f5es atingem capacidade m\u00e1xima em 2025 pela primeira vez em seis anos","datePublished":"2026-03-31T22:11:00+00:00","mainEntityOfPage":{"@id":"https:\/\/portaltela.pt\/noticias\/2026\/03\/31\/prisoes-atingem-capacidade-maxima-em-2025-pela-primeira-vez-em-seis-anos-2\/"},"wordCount":119,"image":{"@id":"https:\/\/portaltela.pt\/noticias\/2026\/03\/31\/prisoes-atingem-capacidade-maxima-em-2025-pela-primeira-vez-em-seis-anos-2\/#primaryimage"},"thumbnailUrl":"https:\/\/portaltela.pt\/s.01k8rhncp4jt1\/2026\/03\/CACHE_780X1200_ANALOG_WATERMARKED_25524931_1650406_28022019022521.jpg","keywords":["crime","criminalidade","direitos humanos","pris\u00f5es","seguran\u00e7a","seguran\u00e7a p\u00fablica"],"articleSection":["Justi\u00e7a","Not\u00edcias"],"inLanguage":"pt-PT"},{"@type":"WebPage","@id":"https:\/\/portaltela.pt\/noticias\/2026\/03\/31\/prisoes-atingem-capacidade-maxima-em-2025-pela-primeira-vez-em-seis-anos-2\/","url":"https:\/\/portaltela.pt\/noticias\/2026\/03\/31\/prisoes-atingem-capacidade-maxima-em-2025-pela-primeira-vez-em-seis-anos-2\/","name":"Pris\u00f5es atingem capacidade m\u00e1xima em 2025 pela primeira vez em seis anos - Portal Tela Portugal","isPartOf":{"@id":"https:\/\/portaltela.pt\/#website"},"primaryImageOfPage":{"@id":"https:\/\/portaltela.pt\/noticias\/2026\/03\/31\/prisoes-atingem-capacidade-maxima-em-2025-pela-primeira-vez-em-seis-anos-2\/#primaryimage"},"image":{"@id":"https:\/\/portaltela.pt\/noticias\/2026\/03\/31\/prisoes-atingem-capacidade-maxima-em-2025-pela-primeira-vez-em-seis-anos-2\/#primaryimage"},"thumbnailUrl":"https:\/\/portaltela.pt\/s.01k8rhncp4jt1\/2026\/03\/CACHE_780X1200_ANALOG_WATERMARKED_25524931_1650406_28022019022521.jpg","datePublished":"2026-03-31T22:11:00+00:00","author":{"@id":"https:\/\/portaltela.pt\/#\/schema\/person\/c4278d4a6028830caff9ee44b42d32ed"},"breadcrumb":{"@id":"https:\/\/portaltela.pt\/noticias\/2026\/03\/31\/prisoes-atingem-capacidade-maxima-em-2025-pela-primeira-vez-em-seis-anos-2\/#breadcrumb"},"inLanguage":"pt-PT","potentialAction":[{"@type":"ReadAction","target":["https:\/\/portaltela.pt\/noticias\/2026\/03\/31\/prisoes-atingem-capacidade-maxima-em-2025-pela-primeira-vez-em-seis-anos-2\/"]}]},{"@type":"ImageObject","inLanguage":"pt-PT","@id":"https:\/\/portaltela.pt\/noticias\/2026\/03\/31\/prisoes-atingem-capacidade-maxima-em-2025-pela-primeira-vez-em-seis-anos-2\/#primaryimage","url":"https:\/\/portaltela.pt\/s.01k8rhncp4jt1\/2026\/03\/CACHE_780X1200_ANALOG_WATERMARKED_25524931_1650406_28022019022521.jpg","contentUrl":"https:\/\/portaltela.pt\/s.01k8rhncp4jt1\/2026\/03\/CACHE_780X1200_ANALOG_WATERMARKED_25524931_1650406_28022019022521.jpg","width":768,"height":512,"caption":"Pris\u00f5es atingiram em 2025 capacidade m\u00e1xima pela primeira vez em seis anos"},{"@type":"BreadcrumbList","@id":"https:\/\/portaltela.pt\/noticias\/2026\/03\/31\/prisoes-atingem-capacidade-maxima-em-2025-pela-primeira-vez-em-seis-anos-2\/#breadcrumb","itemListElement":[{"@type":"ListItem","position":1,"name":"In\u00edcio","item":"https:\/\/portaltela.pt\/"},{"@type":"ListItem","position":2,"name":"Pris\u00f5es atingem capacidade m\u00e1xima em 2025 pela primeira vez em seis anos"}]},{"@type":"WebSite","@id":"https:\/\/portaltela.pt\/#website","url":"https:\/\/portaltela.pt\/","name":"Portal Tela Portugal","description":"","potentialAction":[{"@type":"SearchAction","target":{"@type":"EntryPoint","urlTemplate":"https:\/\/portaltela.pt\/?s={search_term_string}"},"query-input":{"@type":"PropertyValueSpecification","valueRequired":true,"valueName":"search_term_string"}}],"inLanguage":"pt-PT"},{"@type":"Person","@id":"https:\/\/portaltela.pt\/#\/schema\/person\/c4278d4a6028830caff9ee44b42d32ed","name":"Telinha","image":{"@type":"ImageObject","inLanguage":"pt-PT","@id":"https:\/\/portaltela.pt\/s.01k8rhncp4jt1\/2025\/11\/talking-bot-125x125.png","url":"https:\/\/portaltela.pt\/s.01k8rhncp4jt1\/2025\/11\/talking-bot-125x125.png","contentUrl":"https:\/\/portaltela.pt\/s.01k8rhncp4jt1\/2025\/11\/talking-bot-125x125.png","caption":"Telinha"},"sameAs":["https:\/\/portaltela.pt\/"],"url":"https:\/\/portaltela.pt\/por\/367410592786\/"}]}},"_links":{"self":[{"href":"https:\/\/portaltela.pt\/api\/wp\/v2\/posts\/428611","targetHints":{"allow":["GET"]}}],"collection":[{"href":"https:\/\/portaltela.pt\/api\/wp\/v2\/posts"}],"about":[{"href":"https:\/\/portaltela.pt\/api\/wp\/v2\/types\/post"}],"author":[{"embeddable":true,"href":"https:\/\/portaltela.pt\/api\/wp\/v2\/users\/2"}],"replies":[{"embeddable":true,"href":"https:\/\/portaltela.pt\/api\/wp\/v2\/comments?post=428611"}],"version-history":[{"count":0,"href":"https:\/\/portaltela.pt\/api\/wp\/v2\/posts\/428611\/revisions"}],"wp:featuredmedia":[{"embeddable":true,"href":"https:\/\/portaltela.pt\/api\/wp\/v2\/media\/428612"}],"wp:attachment":[{"href":"https:\/\/portaltela.pt\/api\/wp\/v2\/media?parent=428611"}],"wp:term":[{"taxonomy":"category","embeddable":true,"href":"https:\/\/portaltela.pt\/api\/wp\/v2\/categories?post=428611"},{"taxonomy":"post_tag","embeddable":true,"href":"https:\/\/portaltela.pt\/api\/wp\/v2\/tags?post=428611"}],"curies":[{"name":"wp","href":"https:\/\/api.w.org\/{rel}","templated":true}]}}