{"id":428590,"date":"2026-03-31T22:17:11","date_gmt":"2026-04-01T01:17:11","guid":{"rendered":"https:\/\/portaltela.pt\/noticias\/2026\/03\/31\/tiger-woods-afasta-se-para-focar-na-saude-apos-acidente-e-detencao\/"},"modified":"2026-03-31T22:17:11","modified_gmt":"2026-04-01T01:17:11","slug":"tiger-woods-afasta-se-para-focar-na-saude-apos-acidente-e-detencao","status":"publish","type":"post","link":"https:\/\/portaltela.pt\/desporto\/futebol\/2026\/03\/31\/tiger-woods-afasta-se-para-focar-na-saude-apos-acidente-e-detencao\/","title":{"rendered":"Tiger Woods afasta-se para focar na sa\u00fade ap\u00f3s acidente e deten\u00e7\u00e3o"},"content":{"rendered":"<p>Tiger Woods afastou-se dos holofotes para se concentrar na sa\u00fade, ap\u00f3s a deten\u00e7\u00e3o na Florida na semana passada por condu\u00e7\u00e3o sob o efeito do \u00e1lcool. O incidente ocorreu junto da resid\u00eancia do golfista em Jupiter Island, quando bateu num reboque puxado por uma carrinha de carga aberta.<\/p>\n<p>O acidente ocorreu na sexta-feira passada. Woods encontrava-se sob efeito de \u00e1lcool e transportava analg\u00e9sicos opioides. A pol\u00edcia indicou que o jogador alegou estar a olhar para o telem\u00f3vel e a mudar de esta\u00e7\u00e3o de r\u00e1dio no momento da colis\u00e3o. N\u00e3o houve feridos.<\/p>\n<p>Numa comunica\u00e7\u00e3o divulgada na ter\u00e7a-feira, Woods reconheceu a gravidade da situa\u00e7\u00e3o e anunciou um afastamento para tratamento. O objetivo \u00e9 recuperar a sa\u00fade e permitir um regresso mais s\u00f3lido, tanto a n\u00edvel pessoal como profissional, pedindo privacidade \u00e0 fam\u00edlia.<\/p>\n<h3>Deten\u00e7\u00e3o e acusa\u00e7\u00f5es<\/h3>\n<p>Woods foi acusado de condu\u00e7\u00e3o sob o efeito do \u00e1lcool com danos materiais e de se recusar a realizar o teste do alcool\u00edmetro, ap\u00f3s o exame ter dado negativo para \u00e1lcool. Entre as acusa\u00e7\u00f5es, consta tamb\u00e9m a recusa de fazer o teste \u00e0 urina. O golfista pagou fian\u00e7a e foi libertado na noite de sexta-feira.<\/p>\n<p>O caso seguiu para o Tribunal do Circuito de Martin, onde Woods declarou-se inocente. A audi\u00eancia de instru\u00e7\u00e3o e julgamento foi anulada, estando marcado um julgamento por j\u00fari. Woods j\u00e1 teve les\u00f5es graves na perna em 2021, em um acidente na Calif\u00f3rnia.<\/p>\n","protected":false},"excerpt":{"rendered":"<ul>\n<li>O golfista Tiger Woods anunciou afastar-se dos holofotes para tratar da sua sa\u00fade, ap\u00f3s a deten\u00e7\u00e3o na Florida por condu\u00e7\u00e3o sob o efeito do \u00e1lcool.<\/li>\n<li>O acidente ocorreu na pasada sexta-feira, perto de casa em Jupiter Island, quando Woods embateu num reboque puxado por uma carrinha de caixa aberta; estava embriagado e transportava analg\u00e9sicos opi\u00f3ides.<\/li>\n<li>Woods afirmou-se inocente das acusa\u00e7\u00f5es de condu\u00e7\u00e3o sob o efeito do \u00e1lcool e disse estar a mirar no telem\u00f3vel e a mudar de esta\u00e7\u00e3o de r\u00e1dio no momento da colis\u00e3o.<\/li>\n<li>Em comunicado, Woods disse que vai procurar tratamento e concentrar-se na sua sa\u00fade para regressar mais saud\u00e1vel, mais forte e mais focado, pedindo privacidade \u00e0 fam\u00edlia.<\/li>\n<li>Woods foi acusado de suspeita de condu\u00e7\u00e3o sob o efeito do \u00e1lcool com danos materiais e de recusa do teste de \u00e1lcool, pagou fian\u00e7a, foi libertado e declarou-se inocente no Tribunal do Circuito de Martin, rejeitando a audi\u00eancia de instru\u00e7\u00e3o e pedindo julgamento por j\u00fari.<\/li>\n<\/ul>\n","protected":false},"author":2,"featured_media":428592,"comment_status":"closed","ping_status":"closed","sticky":false,"template":"","format":"standard","meta":{"footnotes":""},"categories":[21,24],"tags":[5487,3259,2074,147,4139,172],"class_list":["post-428590","post","type-post","status-publish","format-standard","has-post-thumbnail","hentry","category-desporto","category-futebol","tag-acidente","tag-celebidades","tag-conducao-sob-o-efeito-de-alcool","tag-crime","tag-detencao","tag-saude"],"yoast_head":"<!-- This site is optimized with the Yoast SEO plugin v27.2 - https:\/\/yoast.com\/product\/yoast-seo-wordpress\/ -->\n<title>Tiger Woods afasta-se para focar na sa\u00fade ap\u00f3s acidente e deten\u00e7\u00e3o - Portal Tela Portugal<\/title>\n<meta name=\"robots\" content=\"index, follow, max-snippet:-1, max-image-preview:large, max-video-preview:-1\" \/>\n<meta property=\"og:locale\" content=\"pt_PT\" \/>\n<meta property=\"og:type\" content=\"article\" \/>\n<meta property=\"og:title\" content=\"Tiger Woods afasta-se para focar na sa\u00fade ap\u00f3s acidente e deten\u00e7\u00e3o - Portal Tela Portugal\" \/>\n<meta property=\"og:description\" content=\"O golfista Tiger Woods anunciou afastar-se dos holofotes para tratar da sua sa\u00fade, ap\u00f3s a deten\u00e7\u00e3o na Florida por condu\u00e7\u00e3o sob o efeito do \u00e1lcool. O acidente ocorreu na pasada sexta-feira, perto de casa em Jupiter Island, quando Woods embateu num reboque puxado por uma carrinha de caixa aberta; estava embriagado e transportava analg\u00e9sicos opi\u00f3ides. Woods afirmou-se inocente das acusa\u00e7\u00f5es de condu\u00e7\u00e3o sob o efeito do \u00e1lcool e disse estar a mirar no telem\u00f3vel e a mudar de esta\u00e7\u00e3o de r\u00e1dio no momento da colis\u00e3o. Em comunicado, Woods disse que vai procurar tratamento e concentrar-se na sua sa\u00fade para regressar mais saud\u00e1vel, mais forte e mais focado, pedindo privacidade \u00e0 fam\u00edlia. Woods foi acusado de suspeita de condu\u00e7\u00e3o sob o efeito do \u00e1lcool com danos materiais e de recusa do teste de \u00e1lcool, pagou fian\u00e7a, foi libertado e declarou-se inocente no Tribunal do Circuito de Martin, rejeitando a audi\u00eancia de instru\u00e7\u00e3o e pedindo julgamento por j\u00fari.\" \/>\n<meta property=\"og:url\" content=\"https:\/\/portaltela.pt\/noticias\/2026\/03\/31\/tiger-woods-afasta-se-para-focar-na-saude-apos-acidente-e-detencao\/\" \/>\n<meta property=\"og:site_name\" content=\"Portal Tela Portugal\" \/>\n<meta property=\"article:published_time\" content=\"2026-04-01T01:17:11+00:00\" \/>\n<meta name=\"author\" content=\"Telinha\" \/>\n<meta name=\"twitter:card\" content=\"summary_large_image\" \/>\n<meta name=\"twitter:label1\" content=\"Escrito por\" \/>\n\t<meta name=\"twitter:data1\" content=\"Telinha\" \/>\n\t<meta name=\"twitter:label2\" content=\"Tempo estimado de leitura\" \/>\n\t<meta name=\"twitter:data2\" content=\"1 minuto\" \/>\n<script type=\"application\/ld+json\" class=\"yoast-schema-graph\">{\"@context\":\"https:\/\/schema.org\",\"@graph\":[{\"@type\":\"Article\",\"@id\":\"https:\/\/portaltela.pt\/noticias\/2026\/03\/31\/tiger-woods-afasta-se-para-focar-na-saude-apos-acidente-e-detencao\/#article\",\"isPartOf\":{\"@id\":\"https:\/\/portaltela.pt\/noticias\/2026\/03\/31\/tiger-woods-afasta-se-para-focar-na-saude-apos-acidente-e-detencao\/\"},\"author\":{\"name\":\"Telinha\",\"@id\":\"https:\/\/portaltela.pt\/#\/schema\/person\/c4278d4a6028830caff9ee44b42d32ed\"},\"headline\":\"Tiger Woods afasta-se para focar na sa\u00fade ap\u00f3s acidente e deten\u00e7\u00e3o\",\"datePublished\":\"2026-04-01T01:17:11+00:00\",\"mainEntityOfPage\":{\"@id\":\"https:\/\/portaltela.pt\/noticias\/2026\/03\/31\/tiger-woods-afasta-se-para-focar-na-saude-apos-acidente-e-detencao\/\"},\"wordCount\":271,\"image\":{\"@id\":\"https:\/\/portaltela.pt\/noticias\/2026\/03\/31\/tiger-woods-afasta-se-para-focar-na-saude-apos-acidente-e-detencao\/#primaryimage\"},\"thumbnailUrl\":\"https:\/\/portaltela.pt\/s.01k8rhncp4jt1\/2026\/03\/image-1921.jpg\",\"keywords\":[\"acidente\",\"celebidades\",\"condu\u00e7\u00e3o sob o efeito de \u00e1lcool\",\"crime\",\"deten\u00e7\u00e3o\",\"sa\u00fade\"],\"articleSection\":[\"Desporto\",\"Futebol\"],\"inLanguage\":\"pt-PT\"},{\"@type\":\"WebPage\",\"@id\":\"https:\/\/portaltela.pt\/noticias\/2026\/03\/31\/tiger-woods-afasta-se-para-focar-na-saude-apos-acidente-e-detencao\/\",\"url\":\"https:\/\/portaltela.pt\/noticias\/2026\/03\/31\/tiger-woods-afasta-se-para-focar-na-saude-apos-acidente-e-detencao\/\",\"name\":\"Tiger Woods afasta-se para focar na sa\u00fade ap\u00f3s acidente e deten\u00e7\u00e3o - Portal Tela Portugal\",\"isPartOf\":{\"@id\":\"https:\/\/portaltela.pt\/#website\"},\"primaryImageOfPage\":{\"@id\":\"https:\/\/portaltela.pt\/noticias\/2026\/03\/31\/tiger-woods-afasta-se-para-focar-na-saude-apos-acidente-e-detencao\/#primaryimage\"},\"image\":{\"@id\":\"https:\/\/portaltela.pt\/noticias\/2026\/03\/31\/tiger-woods-afasta-se-para-focar-na-saude-apos-acidente-e-detencao\/#primaryimage\"},\"thumbnailUrl\":\"https:\/\/portaltela.pt\/s.01k8rhncp4jt1\/2026\/03\/image-1921.jpg\",\"datePublished\":\"2026-04-01T01:17:11+00:00\",\"author\":{\"@id\":\"https:\/\/portaltela.pt\/#\/schema\/person\/c4278d4a6028830caff9ee44b42d32ed\"},\"breadcrumb\":{\"@id\":\"https:\/\/portaltela.pt\/noticias\/2026\/03\/31\/tiger-woods-afasta-se-para-focar-na-saude-apos-acidente-e-detencao\/#breadcrumb\"},\"inLanguage\":\"pt-PT\",\"potentialAction\":[{\"@type\":\"ReadAction\",\"target\":[\"https:\/\/portaltela.pt\/noticias\/2026\/03\/31\/tiger-woods-afasta-se-para-focar-na-saude-apos-acidente-e-detencao\/\"]}]},{\"@type\":\"ImageObject\",\"inLanguage\":\"pt-PT\",\"@id\":\"https:\/\/portaltela.pt\/noticias\/2026\/03\/31\/tiger-woods-afasta-se-para-focar-na-saude-apos-acidente-e-detencao\/#primaryimage\",\"url\":\"https:\/\/portaltela.pt\/s.01k8rhncp4jt1\/2026\/03\/image-1921.jpg\",\"contentUrl\":\"https:\/\/portaltela.pt\/s.01k8rhncp4jt1\/2026\/03\/image-1921.jpg\",\"width\":796,\"height\":448,\"caption\":\"Imagem de contexto do artigo Tiger Woods afasta-se para se concentrar na sua sa\u00fade ap\u00f3s acidente e deten\u00e7\u00e3o\"},{\"@type\":\"BreadcrumbList\",\"@id\":\"https:\/\/portaltela.pt\/noticias\/2026\/03\/31\/tiger-woods-afasta-se-para-focar-na-saude-apos-acidente-e-detencao\/#breadcrumb\",\"itemListElement\":[{\"@type\":\"ListItem\",\"position\":1,\"name\":\"In\u00edcio\",\"item\":\"https:\/\/portaltela.pt\/\"},{\"@type\":\"ListItem\",\"position\":2,\"name\":\"Tiger Woods afasta-se para focar na sa\u00fade ap\u00f3s acidente e deten\u00e7\u00e3o\"}]},{\"@type\":\"WebSite\",\"@id\":\"https:\/\/portaltela.pt\/#website\",\"url\":\"https:\/\/portaltela.pt\/\",\"name\":\"Portal Tela Portugal\",\"description\":\"\",\"potentialAction\":[{\"@type\":\"SearchAction\",\"target\":{\"@type\":\"EntryPoint\",\"urlTemplate\":\"https:\/\/portaltela.pt\/?s={search_term_string}\"},\"query-input\":{\"@type\":\"PropertyValueSpecification\",\"valueRequired\":true,\"valueName\":\"search_term_string\"}}],\"inLanguage\":\"pt-PT\"},{\"@type\":\"Person\",\"@id\":\"https:\/\/portaltela.pt\/#\/schema\/person\/c4278d4a6028830caff9ee44b42d32ed\",\"name\":\"Telinha\",\"image\":{\"@type\":\"ImageObject\",\"inLanguage\":\"pt-PT\",\"@id\":\"https:\/\/portaltela.pt\/s.01k8rhncp4jt1\/2025\/11\/talking-bot-125x125.png\",\"url\":\"https:\/\/portaltela.pt\/s.01k8rhncp4jt1\/2025\/11\/talking-bot-125x125.png\",\"contentUrl\":\"https:\/\/portaltela.pt\/s.01k8rhncp4jt1\/2025\/11\/talking-bot-125x125.png\",\"caption\":\"Telinha\"},\"sameAs\":[\"https:\/\/portaltela.pt\/\"],\"url\":\"https:\/\/portaltela.pt\/por\/367410592786\/\"}]}<\/script>\n<!-- \/ Yoast SEO plugin. -->","yoast_head_json":{"title":"Tiger Woods afasta-se para focar na sa\u00fade ap\u00f3s acidente e deten\u00e7\u00e3o - Portal Tela Portugal","robots":{"index":"index","follow":"follow","max-snippet":"max-snippet:-1","max-image-preview":"max-image-preview:large","max-video-preview":"max-video-preview:-1"},"og_locale":"pt_PT","og_type":"article","og_title":"Tiger Woods afasta-se para focar na sa\u00fade ap\u00f3s acidente e deten\u00e7\u00e3o - Portal Tela Portugal","og_description":"O golfista Tiger Woods anunciou afastar-se dos holofotes para tratar da sua sa\u00fade, ap\u00f3s a deten\u00e7\u00e3o na Florida por condu\u00e7\u00e3o sob o efeito do \u00e1lcool. O acidente ocorreu na pasada sexta-feira, perto de casa em Jupiter Island, quando Woods embateu num reboque puxado por uma carrinha de caixa aberta; estava embriagado e transportava analg\u00e9sicos opi\u00f3ides. Woods afirmou-se inocente das acusa\u00e7\u00f5es de condu\u00e7\u00e3o sob o efeito do \u00e1lcool e disse estar a mirar no telem\u00f3vel e a mudar de esta\u00e7\u00e3o de r\u00e1dio no momento da colis\u00e3o. Em comunicado, Woods disse que vai procurar tratamento e concentrar-se na sua sa\u00fade para regressar mais saud\u00e1vel, mais forte e mais focado, pedindo privacidade \u00e0 fam\u00edlia. Woods foi acusado de suspeita de condu\u00e7\u00e3o sob o efeito do \u00e1lcool com danos materiais e de recusa do teste de \u00e1lcool, pagou fian\u00e7a, foi libertado e declarou-se inocente no Tribunal do Circuito de Martin, rejeitando a audi\u00eancia de instru\u00e7\u00e3o e pedindo julgamento por j\u00fari.","og_url":"https:\/\/portaltela.pt\/noticias\/2026\/03\/31\/tiger-woods-afasta-se-para-focar-na-saude-apos-acidente-e-detencao\/","og_site_name":"Portal Tela Portugal","article_published_time":"2026-04-01T01:17:11+00:00","author":"Telinha","twitter_card":"summary_large_image","twitter_misc":{"Escrito por":"Telinha","Tempo estimado de leitura":"1 minuto"},"schema":{"@context":"https:\/\/schema.org","@graph":[{"@type":"Article","@id":"https:\/\/portaltela.pt\/noticias\/2026\/03\/31\/tiger-woods-afasta-se-para-focar-na-saude-apos-acidente-e-detencao\/#article","isPartOf":{"@id":"https:\/\/portaltela.pt\/noticias\/2026\/03\/31\/tiger-woods-afasta-se-para-focar-na-saude-apos-acidente-e-detencao\/"},"author":{"name":"Telinha","@id":"https:\/\/portaltela.pt\/#\/schema\/person\/c4278d4a6028830caff9ee44b42d32ed"},"headline":"Tiger Woods afasta-se para focar na sa\u00fade ap\u00f3s acidente e deten\u00e7\u00e3o","datePublished":"2026-04-01T01:17:11+00:00","mainEntityOfPage":{"@id":"https:\/\/portaltela.pt\/noticias\/2026\/03\/31\/tiger-woods-afasta-se-para-focar-na-saude-apos-acidente-e-detencao\/"},"wordCount":271,"image":{"@id":"https:\/\/portaltela.pt\/noticias\/2026\/03\/31\/tiger-woods-afasta-se-para-focar-na-saude-apos-acidente-e-detencao\/#primaryimage"},"thumbnailUrl":"https:\/\/portaltela.pt\/s.01k8rhncp4jt1\/2026\/03\/image-1921.jpg","keywords":["acidente","celebidades","condu\u00e7\u00e3o sob o efeito de \u00e1lcool","crime","deten\u00e7\u00e3o","sa\u00fade"],"articleSection":["Desporto","Futebol"],"inLanguage":"pt-PT"},{"@type":"WebPage","@id":"https:\/\/portaltela.pt\/noticias\/2026\/03\/31\/tiger-woods-afasta-se-para-focar-na-saude-apos-acidente-e-detencao\/","url":"https:\/\/portaltela.pt\/noticias\/2026\/03\/31\/tiger-woods-afasta-se-para-focar-na-saude-apos-acidente-e-detencao\/","name":"Tiger Woods afasta-se para focar na sa\u00fade ap\u00f3s acidente e deten\u00e7\u00e3o - Portal Tela Portugal","isPartOf":{"@id":"https:\/\/portaltela.pt\/#website"},"primaryImageOfPage":{"@id":"https:\/\/portaltela.pt\/noticias\/2026\/03\/31\/tiger-woods-afasta-se-para-focar-na-saude-apos-acidente-e-detencao\/#primaryimage"},"image":{"@id":"https:\/\/portaltela.pt\/noticias\/2026\/03\/31\/tiger-woods-afasta-se-para-focar-na-saude-apos-acidente-e-detencao\/#primaryimage"},"thumbnailUrl":"https:\/\/portaltela.pt\/s.01k8rhncp4jt1\/2026\/03\/image-1921.jpg","datePublished":"2026-04-01T01:17:11+00:00","author":{"@id":"https:\/\/portaltela.pt\/#\/schema\/person\/c4278d4a6028830caff9ee44b42d32ed"},"breadcrumb":{"@id":"https:\/\/portaltela.pt\/noticias\/2026\/03\/31\/tiger-woods-afasta-se-para-focar-na-saude-apos-acidente-e-detencao\/#breadcrumb"},"inLanguage":"pt-PT","potentialAction":[{"@type":"ReadAction","target":["https:\/\/portaltela.pt\/noticias\/2026\/03\/31\/tiger-woods-afasta-se-para-focar-na-saude-apos-acidente-e-detencao\/"]}]},{"@type":"ImageObject","inLanguage":"pt-PT","@id":"https:\/\/portaltela.pt\/noticias\/2026\/03\/31\/tiger-woods-afasta-se-para-focar-na-saude-apos-acidente-e-detencao\/#primaryimage","url":"https:\/\/portaltela.pt\/s.01k8rhncp4jt1\/2026\/03\/image-1921.jpg","contentUrl":"https:\/\/portaltela.pt\/s.01k8rhncp4jt1\/2026\/03\/image-1921.jpg","width":796,"height":448,"caption":"Imagem de contexto do artigo Tiger Woods afasta-se para se concentrar na sua sa\u00fade ap\u00f3s acidente e deten\u00e7\u00e3o"},{"@type":"BreadcrumbList","@id":"https:\/\/portaltela.pt\/noticias\/2026\/03\/31\/tiger-woods-afasta-se-para-focar-na-saude-apos-acidente-e-detencao\/#breadcrumb","itemListElement":[{"@type":"ListItem","position":1,"name":"In\u00edcio","item":"https:\/\/portaltela.pt\/"},{"@type":"ListItem","position":2,"name":"Tiger Woods afasta-se para focar na sa\u00fade ap\u00f3s acidente e deten\u00e7\u00e3o"}]},{"@type":"WebSite","@id":"https:\/\/portaltela.pt\/#website","url":"https:\/\/portaltela.pt\/","name":"Portal Tela Portugal","description":"","potentialAction":[{"@type":"SearchAction","target":{"@type":"EntryPoint","urlTemplate":"https:\/\/portaltela.pt\/?s={search_term_string}"},"query-input":{"@type":"PropertyValueSpecification","valueRequired":true,"valueName":"search_term_string"}}],"inLanguage":"pt-PT"},{"@type":"Person","@id":"https:\/\/portaltela.pt\/#\/schema\/person\/c4278d4a6028830caff9ee44b42d32ed","name":"Telinha","image":{"@type":"ImageObject","inLanguage":"pt-PT","@id":"https:\/\/portaltela.pt\/s.01k8rhncp4jt1\/2025\/11\/talking-bot-125x125.png","url":"https:\/\/portaltela.pt\/s.01k8rhncp4jt1\/2025\/11\/talking-bot-125x125.png","contentUrl":"https:\/\/portaltela.pt\/s.01k8rhncp4jt1\/2025\/11\/talking-bot-125x125.png","caption":"Telinha"},"sameAs":["https:\/\/portaltela.pt\/"],"url":"https:\/\/portaltela.pt\/por\/367410592786\/"}]}},"_links":{"self":[{"href":"https:\/\/portaltela.pt\/api\/wp\/v2\/posts\/428590","targetHints":{"allow":["GET"]}}],"collection":[{"href":"https:\/\/portaltela.pt\/api\/wp\/v2\/posts"}],"about":[{"href":"https:\/\/portaltela.pt\/api\/wp\/v2\/types\/post"}],"author":[{"embeddable":true,"href":"https:\/\/portaltela.pt\/api\/wp\/v2\/users\/2"}],"replies":[{"embeddable":true,"href":"https:\/\/portaltela.pt\/api\/wp\/v2\/comments?post=428590"}],"version-history":[{"count":0,"href":"https:\/\/portaltela.pt\/api\/wp\/v2\/posts\/428590\/revisions"}],"wp:featuredmedia":[{"embeddable":true,"href":"https:\/\/portaltela.pt\/api\/wp\/v2\/media\/428592"}],"wp:attachment":[{"href":"https:\/\/portaltela.pt\/api\/wp\/v2\/media?parent=428590"}],"wp:term":[{"taxonomy":"category","embeddable":true,"href":"https:\/\/portaltela.pt\/api\/wp\/v2\/categories?post=428590"},{"taxonomy":"post_tag","embeddable":true,"href":"https:\/\/portaltela.pt\/api\/wp\/v2\/tags?post=428590"}],"curies":[{"name":"wp","href":"https:\/\/api.w.org\/{rel}","templated":true}]}}