{"id":428562,"date":"2026-03-31T21:47:22","date_gmt":"2026-04-01T00:47:22","guid":{"rendered":"https:\/\/portaltela.pt\/noticias\/2026\/03\/31\/portugal-vence-escocia-por-3-0-e-aponta-futuro-a-partir-do-zero\/"},"modified":"2026-03-31T21:47:22","modified_gmt":"2026-04-01T00:47:22","slug":"portugal-vence-escocia-por-3-0-e-aponta-futuro-a-partir-do-zero","status":"publish","type":"post","link":"https:\/\/portaltela.pt\/desporto\/futebol\/2026\/03\/31\/portugal-vence-escocia-por-3-0-e-aponta-futuro-a-partir-do-zero\/","title":{"rendered":"Portugal vence Esc\u00f3cia por 3-0 e aponta futuro a partir do zero"},"content":{"rendered":"<p>A sele\u00e7\u00e3o de sub-21 de Portugal venceu a Esc\u00f3cia por 3-0, em jogo de qualifica\u00e7\u00e3o para o Europeu. O triunfo aproxima o conjunto nacional do objetivo de apuramento, com uma exibi\u00e7\u00e3o tranquila e s\u00f3lida no plano defensivo.<\/p>\n<p>A equipa foi montada pelo treinador Lu\u00eds Freire, que tem orientado o grupo com uma abordagem pragm\u00e1tica. Destaque para os golos marcados por Roger Fernandes, o que assegura o dom\u00ednio na partida.<\/p>\n<p>O resultado coloca Portugal perto de confirmar o apuramento, com a equipa a manter a porta inviolada e a marcar de forma constante ao longo do encontro.<\/p>\n<h3>Situa\u00e7\u00e3o de apuramento<\/h3>\n<p>A vit\u00f3ria permite manter o avan\u00e7o no grupo e refor\u00e7a a posi\u00e7\u00e3o de Portugal na corrida ao Europeu sub-21. O percurso seguinte depende do desempenho nas pr\u00f3ximas jornadas de qualifica\u00e7\u00e3o.<\/p>\n","protected":false},"excerpt":{"rendered":"<ul>\n<li>A sele\u00e7\u00e3o de sub-21 de Portugal venceu a Esc\u00f3cia por 3-0, em jogo com boa exibi\u00e7\u00e3o e tranquilidade.<\/li>\n<li>O triunfo coloca a equipa a um passo de se apurar para o Europeu.<\/li>\n<li>O progresso \u00e9 atribu\u00eddo ao trabalho de Lu\u00eds Freire na montagem da equipa.<\/li>\n<li>O objetivo central \u00e9 voltar a marcar sem sofrer golos.<\/li>\n<li>O tom da partida manteve-se sereno e inequ\u00edvoco, refletindo o bom momento da equipa.<\/li>\n<\/ul>\n","protected":false},"author":2,"featured_media":428569,"comment_status":"closed","ping_status":"closed","sticky":false,"template":"","format":"standard","meta":{"footnotes":""},"categories":[21,24],"tags":[32,198,1014,5754,1253,2057],"class_list":["post-428562","post","type-post","status-publish","format-standard","has-post-thumbnail","hentry","category-desporto","category-futebol","tag-futebol","tag-golos","tag-portugal","tag-roger-fernandes","tag-selecao","tag-selecao-nacional"],"yoast_head":"<!-- This site is optimized with the Yoast SEO plugin v27.2 - https:\/\/yoast.com\/product\/yoast-seo-wordpress\/ -->\n<title>Portugal vence Esc\u00f3cia por 3-0 e aponta futuro a partir do zero - Portal Tela Portugal<\/title>\n<meta name=\"robots\" content=\"index, follow, max-snippet:-1, max-image-preview:large, max-video-preview:-1\" \/>\n<meta property=\"og:locale\" content=\"pt_PT\" \/>\n<meta property=\"og:type\" content=\"article\" \/>\n<meta property=\"og:title\" content=\"Portugal vence Esc\u00f3cia por 3-0 e aponta futuro a partir do zero - Portal Tela Portugal\" \/>\n<meta property=\"og:description\" content=\"A sele\u00e7\u00e3o de sub-21 de Portugal venceu a Esc\u00f3cia por 3-0, em jogo com boa exibi\u00e7\u00e3o e tranquilidade. O triunfo coloca a equipa a um passo de se apurar para o Europeu. O progresso \u00e9 atribu\u00eddo ao trabalho de Lu\u00eds Freire na montagem da equipa. O objetivo central \u00e9 voltar a marcar sem sofrer golos. O tom da partida manteve-se sereno e inequ\u00edvoco, refletindo o bom momento da equipa.\" \/>\n<meta property=\"og:url\" content=\"https:\/\/portaltela.pt\/noticias\/2026\/03\/31\/portugal-vence-escocia-por-3-0-e-aponta-futuro-a-partir-do-zero\/\" \/>\n<meta property=\"og:site_name\" content=\"Portal Tela Portugal\" \/>\n<meta property=\"article:published_time\" content=\"2026-04-01T00:47:22+00:00\" \/>\n<meta name=\"author\" content=\"Telinha\" \/>\n<meta name=\"twitter:card\" content=\"summary_large_image\" \/>\n<meta name=\"twitter:label1\" content=\"Escrito por\" \/>\n\t<meta name=\"twitter:data1\" content=\"Telinha\" \/>\n\t<meta name=\"twitter:label2\" content=\"Tempo estimado de leitura\" \/>\n\t<meta name=\"twitter:data2\" content=\"1 minuto\" \/>\n<script type=\"application\/ld+json\" class=\"yoast-schema-graph\">{\"@context\":\"https:\/\/schema.org\",\"@graph\":[{\"@type\":\"Article\",\"@id\":\"https:\/\/portaltela.pt\/noticias\/2026\/03\/31\/portugal-vence-escocia-por-3-0-e-aponta-futuro-a-partir-do-zero\/#article\",\"isPartOf\":{\"@id\":\"https:\/\/portaltela.pt\/noticias\/2026\/03\/31\/portugal-vence-escocia-por-3-0-e-aponta-futuro-a-partir-do-zero\/\"},\"author\":{\"name\":\"Telinha\",\"@id\":\"https:\/\/portaltela.pt\/#\/schema\/person\/c4278d4a6028830caff9ee44b42d32ed\"},\"headline\":\"Portugal vence Esc\u00f3cia por 3-0 e aponta futuro a partir do zero\",\"datePublished\":\"2026-04-01T00:47:22+00:00\",\"mainEntityOfPage\":{\"@id\":\"https:\/\/portaltela.pt\/noticias\/2026\/03\/31\/portugal-vence-escocia-por-3-0-e-aponta-futuro-a-partir-do-zero\/\"},\"wordCount\":157,\"image\":{\"@id\":\"https:\/\/portaltela.pt\/noticias\/2026\/03\/31\/portugal-vence-escocia-por-3-0-e-aponta-futuro-a-partir-do-zero\/#primaryimage\"},\"thumbnailUrl\":\"https:\/\/portaltela.pt\/s.01k8rhncp4jt1\/2026\/03\/img_920x518uu2026-04-01-01-04-32-2430401.jpg\",\"keywords\":[\"futebol\",\"golos\",\"Portugal\",\"Roger Fernandes\",\"Sele\u00e7\u00e3o\",\"Sele\u00e7\u00e3o Nacional\"],\"articleSection\":[\"Desporto\",\"Futebol\"],\"inLanguage\":\"pt-PT\"},{\"@type\":\"WebPage\",\"@id\":\"https:\/\/portaltela.pt\/noticias\/2026\/03\/31\/portugal-vence-escocia-por-3-0-e-aponta-futuro-a-partir-do-zero\/\",\"url\":\"https:\/\/portaltela.pt\/noticias\/2026\/03\/31\/portugal-vence-escocia-por-3-0-e-aponta-futuro-a-partir-do-zero\/\",\"name\":\"Portugal vence Esc\u00f3cia por 3-0 e aponta futuro a partir do zero - Portal Tela Portugal\",\"isPartOf\":{\"@id\":\"https:\/\/portaltela.pt\/#website\"},\"primaryImageOfPage\":{\"@id\":\"https:\/\/portaltela.pt\/noticias\/2026\/03\/31\/portugal-vence-escocia-por-3-0-e-aponta-futuro-a-partir-do-zero\/#primaryimage\"},\"image\":{\"@id\":\"https:\/\/portaltela.pt\/noticias\/2026\/03\/31\/portugal-vence-escocia-por-3-0-e-aponta-futuro-a-partir-do-zero\/#primaryimage\"},\"thumbnailUrl\":\"https:\/\/portaltela.pt\/s.01k8rhncp4jt1\/2026\/03\/img_920x518uu2026-04-01-01-04-32-2430401.jpg\",\"datePublished\":\"2026-04-01T00:47:22+00:00\",\"author\":{\"@id\":\"https:\/\/portaltela.pt\/#\/schema\/person\/c4278d4a6028830caff9ee44b42d32ed\"},\"breadcrumb\":{\"@id\":\"https:\/\/portaltela.pt\/noticias\/2026\/03\/31\/portugal-vence-escocia-por-3-0-e-aponta-futuro-a-partir-do-zero\/#breadcrumb\"},\"inLanguage\":\"pt-PT\",\"potentialAction\":[{\"@type\":\"ReadAction\",\"target\":[\"https:\/\/portaltela.pt\/noticias\/2026\/03\/31\/portugal-vence-escocia-por-3-0-e-aponta-futuro-a-partir-do-zero\/\"]}]},{\"@type\":\"ImageObject\",\"inLanguage\":\"pt-PT\",\"@id\":\"https:\/\/portaltela.pt\/noticias\/2026\/03\/31\/portugal-vence-escocia-por-3-0-e-aponta-futuro-a-partir-do-zero\/#primaryimage\",\"url\":\"https:\/\/portaltela.pt\/s.01k8rhncp4jt1\/2026\/03\/img_920x518uu2026-04-01-01-04-32-2430401.jpg\",\"contentUrl\":\"https:\/\/portaltela.pt\/s.01k8rhncp4jt1\/2026\/03\/img_920x518uu2026-04-01-01-04-32-2430401.jpg\",\"width\":796,\"height\":448,\"caption\":\"Roger Fernandes festeja golo pela sele\u00e7\u00e3o sub-21 de Portugal\"},{\"@type\":\"BreadcrumbList\",\"@id\":\"https:\/\/portaltela.pt\/noticias\/2026\/03\/31\/portugal-vence-escocia-por-3-0-e-aponta-futuro-a-partir-do-zero\/#breadcrumb\",\"itemListElement\":[{\"@type\":\"ListItem\",\"position\":1,\"name\":\"In\u00edcio\",\"item\":\"https:\/\/portaltela.pt\/\"},{\"@type\":\"ListItem\",\"position\":2,\"name\":\"Portugal vence Esc\u00f3cia por 3-0 e aponta futuro a partir do zero\"}]},{\"@type\":\"WebSite\",\"@id\":\"https:\/\/portaltela.pt\/#website\",\"url\":\"https:\/\/portaltela.pt\/\",\"name\":\"Portal Tela Portugal\",\"description\":\"\",\"potentialAction\":[{\"@type\":\"SearchAction\",\"target\":{\"@type\":\"EntryPoint\",\"urlTemplate\":\"https:\/\/portaltela.pt\/?s={search_term_string}\"},\"query-input\":{\"@type\":\"PropertyValueSpecification\",\"valueRequired\":true,\"valueName\":\"search_term_string\"}}],\"inLanguage\":\"pt-PT\"},{\"@type\":\"Person\",\"@id\":\"https:\/\/portaltela.pt\/#\/schema\/person\/c4278d4a6028830caff9ee44b42d32ed\",\"name\":\"Telinha\",\"image\":{\"@type\":\"ImageObject\",\"inLanguage\":\"pt-PT\",\"@id\":\"https:\/\/portaltela.pt\/s.01k8rhncp4jt1\/2025\/11\/talking-bot-125x125.png\",\"url\":\"https:\/\/portaltela.pt\/s.01k8rhncp4jt1\/2025\/11\/talking-bot-125x125.png\",\"contentUrl\":\"https:\/\/portaltela.pt\/s.01k8rhncp4jt1\/2025\/11\/talking-bot-125x125.png\",\"caption\":\"Telinha\"},\"sameAs\":[\"https:\/\/portaltela.pt\/\"],\"url\":\"https:\/\/portaltela.pt\/por\/367410592786\/\"}]}<\/script>\n<!-- \/ Yoast SEO plugin. -->","yoast_head_json":{"title":"Portugal vence Esc\u00f3cia por 3-0 e aponta futuro a partir do zero - Portal Tela Portugal","robots":{"index":"index","follow":"follow","max-snippet":"max-snippet:-1","max-image-preview":"max-image-preview:large","max-video-preview":"max-video-preview:-1"},"og_locale":"pt_PT","og_type":"article","og_title":"Portugal vence Esc\u00f3cia por 3-0 e aponta futuro a partir do zero - Portal Tela Portugal","og_description":"A sele\u00e7\u00e3o de sub-21 de Portugal venceu a Esc\u00f3cia por 3-0, em jogo com boa exibi\u00e7\u00e3o e tranquilidade. O triunfo coloca a equipa a um passo de se apurar para o Europeu. O progresso \u00e9 atribu\u00eddo ao trabalho de Lu\u00eds Freire na montagem da equipa. O objetivo central \u00e9 voltar a marcar sem sofrer golos. O tom da partida manteve-se sereno e inequ\u00edvoco, refletindo o bom momento da equipa.","og_url":"https:\/\/portaltela.pt\/noticias\/2026\/03\/31\/portugal-vence-escocia-por-3-0-e-aponta-futuro-a-partir-do-zero\/","og_site_name":"Portal Tela Portugal","article_published_time":"2026-04-01T00:47:22+00:00","author":"Telinha","twitter_card":"summary_large_image","twitter_misc":{"Escrito por":"Telinha","Tempo estimado de leitura":"1 minuto"},"schema":{"@context":"https:\/\/schema.org","@graph":[{"@type":"Article","@id":"https:\/\/portaltela.pt\/noticias\/2026\/03\/31\/portugal-vence-escocia-por-3-0-e-aponta-futuro-a-partir-do-zero\/#article","isPartOf":{"@id":"https:\/\/portaltela.pt\/noticias\/2026\/03\/31\/portugal-vence-escocia-por-3-0-e-aponta-futuro-a-partir-do-zero\/"},"author":{"name":"Telinha","@id":"https:\/\/portaltela.pt\/#\/schema\/person\/c4278d4a6028830caff9ee44b42d32ed"},"headline":"Portugal vence Esc\u00f3cia por 3-0 e aponta futuro a partir do zero","datePublished":"2026-04-01T00:47:22+00:00","mainEntityOfPage":{"@id":"https:\/\/portaltela.pt\/noticias\/2026\/03\/31\/portugal-vence-escocia-por-3-0-e-aponta-futuro-a-partir-do-zero\/"},"wordCount":157,"image":{"@id":"https:\/\/portaltela.pt\/noticias\/2026\/03\/31\/portugal-vence-escocia-por-3-0-e-aponta-futuro-a-partir-do-zero\/#primaryimage"},"thumbnailUrl":"https:\/\/portaltela.pt\/s.01k8rhncp4jt1\/2026\/03\/img_920x518uu2026-04-01-01-04-32-2430401.jpg","keywords":["futebol","golos","Portugal","Roger Fernandes","Sele\u00e7\u00e3o","Sele\u00e7\u00e3o Nacional"],"articleSection":["Desporto","Futebol"],"inLanguage":"pt-PT"},{"@type":"WebPage","@id":"https:\/\/portaltela.pt\/noticias\/2026\/03\/31\/portugal-vence-escocia-por-3-0-e-aponta-futuro-a-partir-do-zero\/","url":"https:\/\/portaltela.pt\/noticias\/2026\/03\/31\/portugal-vence-escocia-por-3-0-e-aponta-futuro-a-partir-do-zero\/","name":"Portugal vence Esc\u00f3cia por 3-0 e aponta futuro a partir do zero - Portal Tela Portugal","isPartOf":{"@id":"https:\/\/portaltela.pt\/#website"},"primaryImageOfPage":{"@id":"https:\/\/portaltela.pt\/noticias\/2026\/03\/31\/portugal-vence-escocia-por-3-0-e-aponta-futuro-a-partir-do-zero\/#primaryimage"},"image":{"@id":"https:\/\/portaltela.pt\/noticias\/2026\/03\/31\/portugal-vence-escocia-por-3-0-e-aponta-futuro-a-partir-do-zero\/#primaryimage"},"thumbnailUrl":"https:\/\/portaltela.pt\/s.01k8rhncp4jt1\/2026\/03\/img_920x518uu2026-04-01-01-04-32-2430401.jpg","datePublished":"2026-04-01T00:47:22+00:00","author":{"@id":"https:\/\/portaltela.pt\/#\/schema\/person\/c4278d4a6028830caff9ee44b42d32ed"},"breadcrumb":{"@id":"https:\/\/portaltela.pt\/noticias\/2026\/03\/31\/portugal-vence-escocia-por-3-0-e-aponta-futuro-a-partir-do-zero\/#breadcrumb"},"inLanguage":"pt-PT","potentialAction":[{"@type":"ReadAction","target":["https:\/\/portaltela.pt\/noticias\/2026\/03\/31\/portugal-vence-escocia-por-3-0-e-aponta-futuro-a-partir-do-zero\/"]}]},{"@type":"ImageObject","inLanguage":"pt-PT","@id":"https:\/\/portaltela.pt\/noticias\/2026\/03\/31\/portugal-vence-escocia-por-3-0-e-aponta-futuro-a-partir-do-zero\/#primaryimage","url":"https:\/\/portaltela.pt\/s.01k8rhncp4jt1\/2026\/03\/img_920x518uu2026-04-01-01-04-32-2430401.jpg","contentUrl":"https:\/\/portaltela.pt\/s.01k8rhncp4jt1\/2026\/03\/img_920x518uu2026-04-01-01-04-32-2430401.jpg","width":796,"height":448,"caption":"Roger Fernandes festeja golo pela sele\u00e7\u00e3o sub-21 de Portugal"},{"@type":"BreadcrumbList","@id":"https:\/\/portaltela.pt\/noticias\/2026\/03\/31\/portugal-vence-escocia-por-3-0-e-aponta-futuro-a-partir-do-zero\/#breadcrumb","itemListElement":[{"@type":"ListItem","position":1,"name":"In\u00edcio","item":"https:\/\/portaltela.pt\/"},{"@type":"ListItem","position":2,"name":"Portugal vence Esc\u00f3cia por 3-0 e aponta futuro a partir do zero"}]},{"@type":"WebSite","@id":"https:\/\/portaltela.pt\/#website","url":"https:\/\/portaltela.pt\/","name":"Portal Tela Portugal","description":"","potentialAction":[{"@type":"SearchAction","target":{"@type":"EntryPoint","urlTemplate":"https:\/\/portaltela.pt\/?s={search_term_string}"},"query-input":{"@type":"PropertyValueSpecification","valueRequired":true,"valueName":"search_term_string"}}],"inLanguage":"pt-PT"},{"@type":"Person","@id":"https:\/\/portaltela.pt\/#\/schema\/person\/c4278d4a6028830caff9ee44b42d32ed","name":"Telinha","image":{"@type":"ImageObject","inLanguage":"pt-PT","@id":"https:\/\/portaltela.pt\/s.01k8rhncp4jt1\/2025\/11\/talking-bot-125x125.png","url":"https:\/\/portaltela.pt\/s.01k8rhncp4jt1\/2025\/11\/talking-bot-125x125.png","contentUrl":"https:\/\/portaltela.pt\/s.01k8rhncp4jt1\/2025\/11\/talking-bot-125x125.png","caption":"Telinha"},"sameAs":["https:\/\/portaltela.pt\/"],"url":"https:\/\/portaltela.pt\/por\/367410592786\/"}]}},"_links":{"self":[{"href":"https:\/\/portaltela.pt\/api\/wp\/v2\/posts\/428562","targetHints":{"allow":["GET"]}}],"collection":[{"href":"https:\/\/portaltela.pt\/api\/wp\/v2\/posts"}],"about":[{"href":"https:\/\/portaltela.pt\/api\/wp\/v2\/types\/post"}],"author":[{"embeddable":true,"href":"https:\/\/portaltela.pt\/api\/wp\/v2\/users\/2"}],"replies":[{"embeddable":true,"href":"https:\/\/portaltela.pt\/api\/wp\/v2\/comments?post=428562"}],"version-history":[{"count":0,"href":"https:\/\/portaltela.pt\/api\/wp\/v2\/posts\/428562\/revisions"}],"wp:featuredmedia":[{"embeddable":true,"href":"https:\/\/portaltela.pt\/api\/wp\/v2\/media\/428569"}],"wp:attachment":[{"href":"https:\/\/portaltela.pt\/api\/wp\/v2\/media?parent=428562"}],"wp:term":[{"taxonomy":"category","embeddable":true,"href":"https:\/\/portaltela.pt\/api\/wp\/v2\/categories?post=428562"},{"taxonomy":"post_tag","embeddable":true,"href":"https:\/\/portaltela.pt\/api\/wp\/v2\/tags?post=428562"}],"curies":[{"name":"wp","href":"https:\/\/api.w.org\/{rel}","templated":true}]}}