{"id":428561,"date":"2026-03-31T21:47:21","date_gmt":"2026-04-01T00:47:21","guid":{"rendered":"https:\/\/portaltela.pt\/noticias\/2026\/03\/31\/guerra-no-irao-eleva-precos-da-habitacao-e-prestacoes-de-credito\/"},"modified":"2026-03-31T21:47:21","modified_gmt":"2026-04-01T00:47:21","slug":"guerra-no-irao-eleva-precos-da-habitacao-e-prestacoes-de-credito","status":"publish","type":"post","link":"https:\/\/portaltela.pt\/noticias\/economia\/2026\/03\/31\/guerra-no-irao-eleva-precos-da-habitacao-e-prestacoes-de-credito\/","title":{"rendered":"Guerra no Ir\u00e3o eleva pre\u00e7os da habita\u00e7\u00e3o e presta\u00e7\u00f5es de cr\u00e9dito"},"content":{"rendered":"<p>O INE aponta que a infla\u00e7\u00e3o de mar\u00e7o em Portugal atingiu 2,7%, refletindo o impacto da guerra no Ir\u00e3o nos pre\u00e7os. O aumento \u00e9 o primeiro efeito sentido pelos portugueses.<\/p>\n<p>O primeiro efeito foi nos combust\u00edveis, com a infla\u00e7\u00e3o a prejudicar o custo de vida. A seguir, o agravamento dever\u00e1 impactar as presta\u00e7\u00f5es do cr\u00e9dito \u00e0 habita\u00e7\u00e3o, segundo a Deco Proteste.<\/p>\n<p>As fam\u00edlias devem enfrentar aumentos em todas as maturidades do cr\u00e9dito, com subidas estimadas entre 5 e 18 euros mensais. O efeito ser\u00e1 sentido j\u00e1 este m\u00eas, conforme o estudo da Deco Proteste.<\/p>\n<h3>Impacto no cr\u00e9dito \u00e0 habita\u00e7\u00e3o<\/h3>\n<p>Estima-se que as presta\u00e7\u00f5es subam de forma generalizada, independentemente do prazo contratado. A Deco Proteste sublinha que a evolu\u00e7\u00e3o depende das margens, \u00edndices de refer\u00eancia e da periodicidade de reajuste dos contratos.<\/p>\n<p>Este cen\u00e1rio acrescenta press\u00e3o aos or\u00e7amentos familiares, numa altura em que a infla\u00e7\u00e3o se mant\u00e9m elevada. O governo ainda n\u00e3o anunciou medidas espec\u00edficas para mitigar o impacto sobre as fam\u00edlias na leitura deste fen\u00f3meno.<\/p>\n","protected":false},"excerpt":{"rendered":"<ul>\n<li>A guerra no Ir\u00e3o ajudou a aumentar os pre\u00e7os dos combust\u00edveis e a infla\u00e7\u00e3o de mar\u00e7o.<\/li>\n<li>O Instituto Nacional de Estat\u00edstica aponta uma infla\u00e7\u00e3o de mar\u00e7o de 2,7% (primeiro c\u00e1lculo).<\/li>\n<li>As presta\u00e7\u00f5es do cr\u00e9dito \u00e0 habita\u00e7\u00e3o v\u00e3o subir este m\u00eas, em todos os prazos.<\/li>\n<li>A Deco Proteste estima aumentos entre cerca de 5 euros e 18 euros, conforme o tipo de opera\u00e7\u00e3o.<\/li>\n<li>Os aumentos afetam os encargos mensais dos consumidores com cr\u00e9dito \u00e0 habita\u00e7\u00e3o, segundo as proje\u00e7\u00f5es da Deco Proteste.<\/li>\n<\/ul>\n","protected":false},"author":2,"featured_media":428571,"comment_status":"closed","ping_status":"closed","sticky":false,"template":"","format":"standard","meta":{"footnotes":""},"categories":[2,6850],"tags":[6115,2323,150,1676,7296],"class_list":["post-428561","post","type-post","status-publish","format-standard","has-post-thumbnail","hentry","category-economia","category-financas","tag-_economia","tag-credito-habitacao","tag-habitacao","tag-inflacao","tag-precos"],"yoast_head":"<!-- This site is optimized with the Yoast SEO plugin v27.2 - https:\/\/yoast.com\/product\/yoast-seo-wordpress\/ -->\n<title>Guerra no Ir\u00e3o eleva pre\u00e7os da habita\u00e7\u00e3o e presta\u00e7\u00f5es de cr\u00e9dito - Portal Tela Portugal<\/title>\n<meta name=\"robots\" content=\"index, follow, max-snippet:-1, max-image-preview:large, max-video-preview:-1\" \/>\n<meta property=\"og:locale\" content=\"pt_PT\" \/>\n<meta property=\"og:type\" content=\"article\" \/>\n<meta property=\"og:title\" content=\"Guerra no Ir\u00e3o eleva pre\u00e7os da habita\u00e7\u00e3o e presta\u00e7\u00f5es de cr\u00e9dito - Portal Tela Portugal\" \/>\n<meta property=\"og:description\" content=\"A guerra no Ir\u00e3o ajudou a aumentar os pre\u00e7os dos combust\u00edveis e a infla\u00e7\u00e3o de mar\u00e7o. O Instituto Nacional de Estat\u00edstica aponta uma infla\u00e7\u00e3o de mar\u00e7o de 2,7% (primeiro c\u00e1lculo). As presta\u00e7\u00f5es do cr\u00e9dito \u00e0 habita\u00e7\u00e3o v\u00e3o subir este m\u00eas, em todos os prazos. A Deco Proteste estima aumentos entre cerca de 5 euros e 18 euros, conforme o tipo de opera\u00e7\u00e3o. Os aumentos afetam os encargos mensais dos consumidores com cr\u00e9dito \u00e0 habita\u00e7\u00e3o, segundo as proje\u00e7\u00f5es da Deco Proteste.\" \/>\n<meta property=\"og:url\" content=\"https:\/\/portaltela.pt\/noticias\/2026\/03\/31\/guerra-no-irao-eleva-precos-da-habitacao-e-prestacoes-de-credito\/\" \/>\n<meta property=\"og:site_name\" content=\"Portal Tela Portugal\" \/>\n<meta property=\"article:published_time\" content=\"2026-04-01T00:47:21+00:00\" \/>\n<meta name=\"author\" content=\"Telinha\" \/>\n<meta name=\"twitter:card\" content=\"summary_large_image\" \/>\n<meta name=\"twitter:label1\" content=\"Escrito por\" \/>\n\t<meta name=\"twitter:data1\" content=\"Telinha\" \/>\n\t<meta name=\"twitter:label2\" content=\"Tempo estimado de leitura\" \/>\n\t<meta name=\"twitter:data2\" content=\"1 minuto\" \/>\n<script type=\"application\/ld+json\" class=\"yoast-schema-graph\">{\"@context\":\"https:\/\/schema.org\",\"@graph\":[{\"@type\":\"Article\",\"@id\":\"https:\/\/portaltela.pt\/noticias\/2026\/03\/31\/guerra-no-irao-eleva-precos-da-habitacao-e-prestacoes-de-credito\/#article\",\"isPartOf\":{\"@id\":\"https:\/\/portaltela.pt\/noticias\/2026\/03\/31\/guerra-no-irao-eleva-precos-da-habitacao-e-prestacoes-de-credito\/\"},\"author\":{\"name\":\"Telinha\",\"@id\":\"https:\/\/portaltela.pt\/#\/schema\/person\/c4278d4a6028830caff9ee44b42d32ed\"},\"headline\":\"Guerra no Ir\u00e3o eleva pre\u00e7os da habita\u00e7\u00e3o e presta\u00e7\u00f5es de cr\u00e9dito\",\"datePublished\":\"2026-04-01T00:47:21+00:00\",\"mainEntityOfPage\":{\"@id\":\"https:\/\/portaltela.pt\/noticias\/2026\/03\/31\/guerra-no-irao-eleva-precos-da-habitacao-e-prestacoes-de-credito\/\"},\"wordCount\":201,\"image\":{\"@id\":\"https:\/\/portaltela.pt\/noticias\/2026\/03\/31\/guerra-no-irao-eleva-precos-da-habitacao-e-prestacoes-de-credito\/#primaryimage\"},\"thumbnailUrl\":\"https:\/\/portaltela.pt\/s.01k8rhncp4jt1\/2026\/03\/img_1280x721uu2026-03-31-22-51-47-2275967.jpg\",\"keywords\":[\"_economia\",\"Cr\u00e9dito Habita\u00e7\u00e3o\",\"habita\u00e7\u00e3o\",\"infla\u00e7\u00e3o\",\"pre\u00e7os\"],\"articleSection\":[\"Economia\",\"Finan\u00e7as\"],\"inLanguage\":\"pt-PT\"},{\"@type\":\"WebPage\",\"@id\":\"https:\/\/portaltela.pt\/noticias\/2026\/03\/31\/guerra-no-irao-eleva-precos-da-habitacao-e-prestacoes-de-credito\/\",\"url\":\"https:\/\/portaltela.pt\/noticias\/2026\/03\/31\/guerra-no-irao-eleva-precos-da-habitacao-e-prestacoes-de-credito\/\",\"name\":\"Guerra no Ir\u00e3o eleva pre\u00e7os da habita\u00e7\u00e3o e presta\u00e7\u00f5es de cr\u00e9dito - Portal Tela Portugal\",\"isPartOf\":{\"@id\":\"https:\/\/portaltela.pt\/#website\"},\"primaryImageOfPage\":{\"@id\":\"https:\/\/portaltela.pt\/noticias\/2026\/03\/31\/guerra-no-irao-eleva-precos-da-habitacao-e-prestacoes-de-credito\/#primaryimage\"},\"image\":{\"@id\":\"https:\/\/portaltela.pt\/noticias\/2026\/03\/31\/guerra-no-irao-eleva-precos-da-habitacao-e-prestacoes-de-credito\/#primaryimage\"},\"thumbnailUrl\":\"https:\/\/portaltela.pt\/s.01k8rhncp4jt1\/2026\/03\/img_1280x721uu2026-03-31-22-51-47-2275967.jpg\",\"datePublished\":\"2026-04-01T00:47:21+00:00\",\"author\":{\"@id\":\"https:\/\/portaltela.pt\/#\/schema\/person\/c4278d4a6028830caff9ee44b42d32ed\"},\"breadcrumb\":{\"@id\":\"https:\/\/portaltela.pt\/noticias\/2026\/03\/31\/guerra-no-irao-eleva-precos-da-habitacao-e-prestacoes-de-credito\/#breadcrumb\"},\"inLanguage\":\"pt-PT\",\"potentialAction\":[{\"@type\":\"ReadAction\",\"target\":[\"https:\/\/portaltela.pt\/noticias\/2026\/03\/31\/guerra-no-irao-eleva-precos-da-habitacao-e-prestacoes-de-credito\/\"]}]},{\"@type\":\"ImageObject\",\"inLanguage\":\"pt-PT\",\"@id\":\"https:\/\/portaltela.pt\/noticias\/2026\/03\/31\/guerra-no-irao-eleva-precos-da-habitacao-e-prestacoes-de-credito\/#primaryimage\",\"url\":\"https:\/\/portaltela.pt\/s.01k8rhncp4jt1\/2026\/03\/img_1280x721uu2026-03-31-22-51-47-2275967.jpg\",\"contentUrl\":\"https:\/\/portaltela.pt\/s.01k8rhncp4jt1\/2026\/03\/img_1280x721uu2026-03-31-22-51-47-2275967.jpg\",\"width\":796,\"height\":448,\"caption\":\"Guerra no Ir\u00e3o dispara pre\u00e7os e presta\u00e7\u00e3o da casa. Saiba quanto vai pagar a mais no cr\u00e9dito \u00e0 habita\u00e7\u00e3o\"},{\"@type\":\"BreadcrumbList\",\"@id\":\"https:\/\/portaltela.pt\/noticias\/2026\/03\/31\/guerra-no-irao-eleva-precos-da-habitacao-e-prestacoes-de-credito\/#breadcrumb\",\"itemListElement\":[{\"@type\":\"ListItem\",\"position\":1,\"name\":\"In\u00edcio\",\"item\":\"https:\/\/portaltela.pt\/\"},{\"@type\":\"ListItem\",\"position\":2,\"name\":\"Guerra no Ir\u00e3o eleva pre\u00e7os da habita\u00e7\u00e3o e presta\u00e7\u00f5es de cr\u00e9dito\"}]},{\"@type\":\"WebSite\",\"@id\":\"https:\/\/portaltela.pt\/#website\",\"url\":\"https:\/\/portaltela.pt\/\",\"name\":\"Portal Tela Portugal\",\"description\":\"\",\"potentialAction\":[{\"@type\":\"SearchAction\",\"target\":{\"@type\":\"EntryPoint\",\"urlTemplate\":\"https:\/\/portaltela.pt\/?s={search_term_string}\"},\"query-input\":{\"@type\":\"PropertyValueSpecification\",\"valueRequired\":true,\"valueName\":\"search_term_string\"}}],\"inLanguage\":\"pt-PT\"},{\"@type\":\"Person\",\"@id\":\"https:\/\/portaltela.pt\/#\/schema\/person\/c4278d4a6028830caff9ee44b42d32ed\",\"name\":\"Telinha\",\"image\":{\"@type\":\"ImageObject\",\"inLanguage\":\"pt-PT\",\"@id\":\"https:\/\/portaltela.pt\/s.01k8rhncp4jt1\/2025\/11\/talking-bot-125x125.png\",\"url\":\"https:\/\/portaltela.pt\/s.01k8rhncp4jt1\/2025\/11\/talking-bot-125x125.png\",\"contentUrl\":\"https:\/\/portaltela.pt\/s.01k8rhncp4jt1\/2025\/11\/talking-bot-125x125.png\",\"caption\":\"Telinha\"},\"sameAs\":[\"https:\/\/portaltela.pt\/\"],\"url\":\"https:\/\/portaltela.pt\/por\/367410592786\/\"}]}<\/script>\n<!-- \/ Yoast SEO plugin. -->","yoast_head_json":{"title":"Guerra no Ir\u00e3o eleva pre\u00e7os da habita\u00e7\u00e3o e presta\u00e7\u00f5es de cr\u00e9dito - Portal Tela Portugal","robots":{"index":"index","follow":"follow","max-snippet":"max-snippet:-1","max-image-preview":"max-image-preview:large","max-video-preview":"max-video-preview:-1"},"og_locale":"pt_PT","og_type":"article","og_title":"Guerra no Ir\u00e3o eleva pre\u00e7os da habita\u00e7\u00e3o e presta\u00e7\u00f5es de cr\u00e9dito - Portal Tela Portugal","og_description":"A guerra no Ir\u00e3o ajudou a aumentar os pre\u00e7os dos combust\u00edveis e a infla\u00e7\u00e3o de mar\u00e7o. O Instituto Nacional de Estat\u00edstica aponta uma infla\u00e7\u00e3o de mar\u00e7o de 2,7% (primeiro c\u00e1lculo). As presta\u00e7\u00f5es do cr\u00e9dito \u00e0 habita\u00e7\u00e3o v\u00e3o subir este m\u00eas, em todos os prazos. A Deco Proteste estima aumentos entre cerca de 5 euros e 18 euros, conforme o tipo de opera\u00e7\u00e3o. Os aumentos afetam os encargos mensais dos consumidores com cr\u00e9dito \u00e0 habita\u00e7\u00e3o, segundo as proje\u00e7\u00f5es da Deco Proteste.","og_url":"https:\/\/portaltela.pt\/noticias\/2026\/03\/31\/guerra-no-irao-eleva-precos-da-habitacao-e-prestacoes-de-credito\/","og_site_name":"Portal Tela Portugal","article_published_time":"2026-04-01T00:47:21+00:00","author":"Telinha","twitter_card":"summary_large_image","twitter_misc":{"Escrito por":"Telinha","Tempo estimado de leitura":"1 minuto"},"schema":{"@context":"https:\/\/schema.org","@graph":[{"@type":"Article","@id":"https:\/\/portaltela.pt\/noticias\/2026\/03\/31\/guerra-no-irao-eleva-precos-da-habitacao-e-prestacoes-de-credito\/#article","isPartOf":{"@id":"https:\/\/portaltela.pt\/noticias\/2026\/03\/31\/guerra-no-irao-eleva-precos-da-habitacao-e-prestacoes-de-credito\/"},"author":{"name":"Telinha","@id":"https:\/\/portaltela.pt\/#\/schema\/person\/c4278d4a6028830caff9ee44b42d32ed"},"headline":"Guerra no Ir\u00e3o eleva pre\u00e7os da habita\u00e7\u00e3o e presta\u00e7\u00f5es de cr\u00e9dito","datePublished":"2026-04-01T00:47:21+00:00","mainEntityOfPage":{"@id":"https:\/\/portaltela.pt\/noticias\/2026\/03\/31\/guerra-no-irao-eleva-precos-da-habitacao-e-prestacoes-de-credito\/"},"wordCount":201,"image":{"@id":"https:\/\/portaltela.pt\/noticias\/2026\/03\/31\/guerra-no-irao-eleva-precos-da-habitacao-e-prestacoes-de-credito\/#primaryimage"},"thumbnailUrl":"https:\/\/portaltela.pt\/s.01k8rhncp4jt1\/2026\/03\/img_1280x721uu2026-03-31-22-51-47-2275967.jpg","keywords":["_economia","Cr\u00e9dito Habita\u00e7\u00e3o","habita\u00e7\u00e3o","infla\u00e7\u00e3o","pre\u00e7os"],"articleSection":["Economia","Finan\u00e7as"],"inLanguage":"pt-PT"},{"@type":"WebPage","@id":"https:\/\/portaltela.pt\/noticias\/2026\/03\/31\/guerra-no-irao-eleva-precos-da-habitacao-e-prestacoes-de-credito\/","url":"https:\/\/portaltela.pt\/noticias\/2026\/03\/31\/guerra-no-irao-eleva-precos-da-habitacao-e-prestacoes-de-credito\/","name":"Guerra no Ir\u00e3o eleva pre\u00e7os da habita\u00e7\u00e3o e presta\u00e7\u00f5es de cr\u00e9dito - Portal Tela Portugal","isPartOf":{"@id":"https:\/\/portaltela.pt\/#website"},"primaryImageOfPage":{"@id":"https:\/\/portaltela.pt\/noticias\/2026\/03\/31\/guerra-no-irao-eleva-precos-da-habitacao-e-prestacoes-de-credito\/#primaryimage"},"image":{"@id":"https:\/\/portaltela.pt\/noticias\/2026\/03\/31\/guerra-no-irao-eleva-precos-da-habitacao-e-prestacoes-de-credito\/#primaryimage"},"thumbnailUrl":"https:\/\/portaltela.pt\/s.01k8rhncp4jt1\/2026\/03\/img_1280x721uu2026-03-31-22-51-47-2275967.jpg","datePublished":"2026-04-01T00:47:21+00:00","author":{"@id":"https:\/\/portaltela.pt\/#\/schema\/person\/c4278d4a6028830caff9ee44b42d32ed"},"breadcrumb":{"@id":"https:\/\/portaltela.pt\/noticias\/2026\/03\/31\/guerra-no-irao-eleva-precos-da-habitacao-e-prestacoes-de-credito\/#breadcrumb"},"inLanguage":"pt-PT","potentialAction":[{"@type":"ReadAction","target":["https:\/\/portaltela.pt\/noticias\/2026\/03\/31\/guerra-no-irao-eleva-precos-da-habitacao-e-prestacoes-de-credito\/"]}]},{"@type":"ImageObject","inLanguage":"pt-PT","@id":"https:\/\/portaltela.pt\/noticias\/2026\/03\/31\/guerra-no-irao-eleva-precos-da-habitacao-e-prestacoes-de-credito\/#primaryimage","url":"https:\/\/portaltela.pt\/s.01k8rhncp4jt1\/2026\/03\/img_1280x721uu2026-03-31-22-51-47-2275967.jpg","contentUrl":"https:\/\/portaltela.pt\/s.01k8rhncp4jt1\/2026\/03\/img_1280x721uu2026-03-31-22-51-47-2275967.jpg","width":796,"height":448,"caption":"Guerra no Ir\u00e3o dispara pre\u00e7os e presta\u00e7\u00e3o da casa. Saiba quanto vai pagar a mais no cr\u00e9dito \u00e0 habita\u00e7\u00e3o"},{"@type":"BreadcrumbList","@id":"https:\/\/portaltela.pt\/noticias\/2026\/03\/31\/guerra-no-irao-eleva-precos-da-habitacao-e-prestacoes-de-credito\/#breadcrumb","itemListElement":[{"@type":"ListItem","position":1,"name":"In\u00edcio","item":"https:\/\/portaltela.pt\/"},{"@type":"ListItem","position":2,"name":"Guerra no Ir\u00e3o eleva pre\u00e7os da habita\u00e7\u00e3o e presta\u00e7\u00f5es de cr\u00e9dito"}]},{"@type":"WebSite","@id":"https:\/\/portaltela.pt\/#website","url":"https:\/\/portaltela.pt\/","name":"Portal Tela Portugal","description":"","potentialAction":[{"@type":"SearchAction","target":{"@type":"EntryPoint","urlTemplate":"https:\/\/portaltela.pt\/?s={search_term_string}"},"query-input":{"@type":"PropertyValueSpecification","valueRequired":true,"valueName":"search_term_string"}}],"inLanguage":"pt-PT"},{"@type":"Person","@id":"https:\/\/portaltela.pt\/#\/schema\/person\/c4278d4a6028830caff9ee44b42d32ed","name":"Telinha","image":{"@type":"ImageObject","inLanguage":"pt-PT","@id":"https:\/\/portaltela.pt\/s.01k8rhncp4jt1\/2025\/11\/talking-bot-125x125.png","url":"https:\/\/portaltela.pt\/s.01k8rhncp4jt1\/2025\/11\/talking-bot-125x125.png","contentUrl":"https:\/\/portaltela.pt\/s.01k8rhncp4jt1\/2025\/11\/talking-bot-125x125.png","caption":"Telinha"},"sameAs":["https:\/\/portaltela.pt\/"],"url":"https:\/\/portaltela.pt\/por\/367410592786\/"}]}},"_links":{"self":[{"href":"https:\/\/portaltela.pt\/api\/wp\/v2\/posts\/428561","targetHints":{"allow":["GET"]}}],"collection":[{"href":"https:\/\/portaltela.pt\/api\/wp\/v2\/posts"}],"about":[{"href":"https:\/\/portaltela.pt\/api\/wp\/v2\/types\/post"}],"author":[{"embeddable":true,"href":"https:\/\/portaltela.pt\/api\/wp\/v2\/users\/2"}],"replies":[{"embeddable":true,"href":"https:\/\/portaltela.pt\/api\/wp\/v2\/comments?post=428561"}],"version-history":[{"count":0,"href":"https:\/\/portaltela.pt\/api\/wp\/v2\/posts\/428561\/revisions"}],"wp:featuredmedia":[{"embeddable":true,"href":"https:\/\/portaltela.pt\/api\/wp\/v2\/media\/428571"}],"wp:attachment":[{"href":"https:\/\/portaltela.pt\/api\/wp\/v2\/media?parent=428561"}],"wp:term":[{"taxonomy":"category","embeddable":true,"href":"https:\/\/portaltela.pt\/api\/wp\/v2\/categories?post=428561"},{"taxonomy":"post_tag","embeddable":true,"href":"https:\/\/portaltela.pt\/api\/wp\/v2\/tags?post=428561"}],"curies":[{"name":"wp","href":"https:\/\/api.w.org\/{rel}","templated":true}]}}