{"id":428554,"date":"2026-03-31T21:32:23","date_gmt":"2026-04-01T00:32:23","guid":{"rendered":"https:\/\/portaltela.pt\/noticias\/2026\/03\/31\/nomeacoes-na-gnr-provocam-revolta-interna\/"},"modified":"2026-03-31T21:32:23","modified_gmt":"2026-04-01T00:32:23","slug":"nomeacoes-na-gnr-provocam-revolta-interna","status":"publish","type":"post","link":"https:\/\/portaltela.pt\/seguranca\/2026\/03\/31\/nomeacoes-na-gnr-provocam-revolta-interna\/","title":{"rendered":"Nomea\u00e7\u00f5es na GNR provocam revolta interna"},"content":{"rendered":"<p>O que deveria ser uma excep\u00e7\u00e3o, segundo as principais associa\u00e7\u00f5es sindicais da GNR, tornou-se uma pr\u00e1tica constante: nomea\u00e7\u00f5es de militares por escolha direta do comando-geral, em detrimento de concursos. A decis\u00e3o tem gerado resist\u00eancia entre oficiais.<\/p>\n<p>A Associa\u00e7\u00e3o Nacional de Oficiais da Guarda (ANOG) enviou uma den\u00fancia ao ministro da Administra\u00e7\u00e3o Interna, Lu\u00eds Neves, solicitando uma inspe\u00e7\u00e3o \u00e0 pol\u00edtica interna de nomea\u00e7\u00f5es. A entidade aponta a exist\u00eancia de ind\u00edcios de favorecimento e afirma que o modelo atual fragiliza a meritocracia.<\/p>\n<h3>Pedido de inqu\u00e9rito<\/h3>\n<p>Segundo a ANOG, a pr\u00e1tica repetida de nomea\u00e7\u00f5es diretas estaria a influenciar a carreira de muitos militares, agravando descontentamento e d\u00favidas sobre transpar\u00eancia. O minist\u00e9rio n\u00e3o divulgou at\u00e9 ao momento resolu\u00e7\u00e3o p\u00fablica sobre o assunto, e nem se sabem detalhes sobre os casos em an\u00e1lise.<\/p>\n<p>As associa\u00e7\u00f5es sindicais consideram essencial reverter o modelo para concursos p\u00fablicos, assegurando processos mais objetivos. A GNR n\u00e3o confirmou nem comentou as alega\u00e7\u00f5es, mantendo o sil\u00eancio institucional enquanto decorre o inqu\u00e9rito solicitado.<\/p>\n","protected":false},"excerpt":{"rendered":"<ul>\n<li>Oficiais da Guarda Nacional Republicana contestam a pol\u00edtica de nomea\u00e7\u00f5es por escolha directa do comando geral.<\/li>\n<li>Alegam que, em vez de concursos, h\u00e1 prefer\u00eancia por nomea\u00e7\u00f5es diretas, o que gerou revolta interna.<\/li>\n<li>Pedem a abertura de um inqu\u00e9rito para investigar suspeitas de \u201ccompadrio\u201d nas nomea\u00e7\u00f5es.<\/li>\n<li>A den\u00fancia foi enviada pela Associa\u00e7\u00e3o Nacional de Oficiais da Guarda (ANOG) ao ministro da Administra\u00e7\u00e3o Interna, Lu\u00eds Neves.<\/li>\n<li>O objetivo \u00e9 inspeccionar a pol\u00edtica interna de nomea\u00e7\u00f5es e assegurar transpar\u00eancia nos procedimentos.<\/li>\n<\/ul>\n","protected":false},"author":2,"featured_media":428556,"comment_status":"closed","ping_status":"closed","sticky":false,"template":"","format":"standard","meta":{"footnotes":""},"categories":[6815,6779],"tags":[5798,4121,1380,4523,250,5196],"class_list":["post-428554","post","type-post","status-publish","format-standard","has-post-thumbnail","hentry","category-justica","category-seguranca","tag-administracao-interna","tag-concursos","tag-gnr","tag-nomeacoes","tag-seguranca-publica","tag-servico-publico"],"yoast_head":"<!-- This site is optimized with the Yoast SEO plugin v27.2 - https:\/\/yoast.com\/product\/yoast-seo-wordpress\/ -->\n<title>Nomea\u00e7\u00f5es na GNR provocam revolta interna - Portal Tela Portugal<\/title>\n<meta name=\"robots\" content=\"index, follow, max-snippet:-1, max-image-preview:large, max-video-preview:-1\" \/>\n<meta property=\"og:locale\" content=\"pt_PT\" \/>\n<meta property=\"og:type\" content=\"article\" \/>\n<meta property=\"og:title\" content=\"Nomea\u00e7\u00f5es na GNR provocam revolta interna - Portal Tela Portugal\" \/>\n<meta property=\"og:description\" content=\"Oficiais da Guarda Nacional Republicana contestam a pol\u00edtica de nomea\u00e7\u00f5es por escolha directa do comando geral. Alegam que, em vez de concursos, h\u00e1 prefer\u00eancia por nomea\u00e7\u00f5es diretas, o que gerou revolta interna. Pedem a abertura de um inqu\u00e9rito para investigar suspeitas de \u201ccompadrio\u201d nas nomea\u00e7\u00f5es. A den\u00fancia foi enviada pela Associa\u00e7\u00e3o Nacional de Oficiais da Guarda (ANOG) ao ministro da Administra\u00e7\u00e3o Interna, Lu\u00eds Neves. O objetivo \u00e9 inspeccionar a pol\u00edtica interna de nomea\u00e7\u00f5es e assegurar transpar\u00eancia nos procedimentos.\" \/>\n<meta property=\"og:url\" content=\"https:\/\/portaltela.pt\/noticias\/2026\/03\/31\/nomeacoes-na-gnr-provocam-revolta-interna\/\" \/>\n<meta property=\"og:site_name\" content=\"Portal Tela Portugal\" \/>\n<meta property=\"article:published_time\" content=\"2026-04-01T00:32:23+00:00\" \/>\n<meta name=\"author\" content=\"Telinha\" \/>\n<meta name=\"twitter:card\" content=\"summary_large_image\" \/>\n<meta name=\"twitter:label1\" content=\"Escrito por\" \/>\n\t<meta name=\"twitter:data1\" content=\"Telinha\" \/>\n\t<meta name=\"twitter:label2\" content=\"Tempo estimado de leitura\" \/>\n\t<meta name=\"twitter:data2\" content=\"1 minuto\" \/>\n<script type=\"application\/ld+json\" class=\"yoast-schema-graph\">{\"@context\":\"https:\/\/schema.org\",\"@graph\":[{\"@type\":\"Article\",\"@id\":\"https:\/\/portaltela.pt\/noticias\/2026\/03\/31\/nomeacoes-na-gnr-provocam-revolta-interna\/#article\",\"isPartOf\":{\"@id\":\"https:\/\/portaltela.pt\/noticias\/2026\/03\/31\/nomeacoes-na-gnr-provocam-revolta-interna\/\"},\"author\":{\"name\":\"Telinha\",\"@id\":\"https:\/\/portaltela.pt\/#\/schema\/person\/c4278d4a6028830caff9ee44b42d32ed\"},\"headline\":\"Nomea\u00e7\u00f5es na GNR provocam revolta interna\",\"datePublished\":\"2026-04-01T00:32:23+00:00\",\"mainEntityOfPage\":{\"@id\":\"https:\/\/portaltela.pt\/noticias\/2026\/03\/31\/nomeacoes-na-gnr-provocam-revolta-interna\/\"},\"wordCount\":197,\"image\":{\"@id\":\"https:\/\/portaltela.pt\/noticias\/2026\/03\/31\/nomeacoes-na-gnr-provocam-revolta-interna\/#primaryimage\"},\"thumbnailUrl\":\"https:\/\/portaltela.pt\/s.01k8rhncp4jt1\/2026\/03\/img_1500x1000uu2024-01-11-21-48-18-1538252.jpg\",\"keywords\":[\"Administra\u00e7\u00e3o Interna\",\"concursos\",\"GNR\",\"nomea\u00e7\u00f5es\",\"seguran\u00e7a p\u00fablica\",\"servi\u00e7o p\u00fablico\"],\"articleSection\":[\"Justi\u00e7a\",\"Seguran\u00e7a\"],\"inLanguage\":\"pt-PT\"},{\"@type\":\"WebPage\",\"@id\":\"https:\/\/portaltela.pt\/noticias\/2026\/03\/31\/nomeacoes-na-gnr-provocam-revolta-interna\/\",\"url\":\"https:\/\/portaltela.pt\/noticias\/2026\/03\/31\/nomeacoes-na-gnr-provocam-revolta-interna\/\",\"name\":\"Nomea\u00e7\u00f5es na GNR provocam revolta interna - Portal Tela Portugal\",\"isPartOf\":{\"@id\":\"https:\/\/portaltela.pt\/#website\"},\"primaryImageOfPage\":{\"@id\":\"https:\/\/portaltela.pt\/noticias\/2026\/03\/31\/nomeacoes-na-gnr-provocam-revolta-interna\/#primaryimage\"},\"image\":{\"@id\":\"https:\/\/portaltela.pt\/noticias\/2026\/03\/31\/nomeacoes-na-gnr-provocam-revolta-interna\/#primaryimage\"},\"thumbnailUrl\":\"https:\/\/portaltela.pt\/s.01k8rhncp4jt1\/2026\/03\/img_1500x1000uu2024-01-11-21-48-18-1538252.jpg\",\"datePublished\":\"2026-04-01T00:32:23+00:00\",\"author\":{\"@id\":\"https:\/\/portaltela.pt\/#\/schema\/person\/c4278d4a6028830caff9ee44b42d32ed\"},\"breadcrumb\":{\"@id\":\"https:\/\/portaltela.pt\/noticias\/2026\/03\/31\/nomeacoes-na-gnr-provocam-revolta-interna\/#breadcrumb\"},\"inLanguage\":\"pt-PT\",\"potentialAction\":[{\"@type\":\"ReadAction\",\"target\":[\"https:\/\/portaltela.pt\/noticias\/2026\/03\/31\/nomeacoes-na-gnr-provocam-revolta-interna\/\"]}]},{\"@type\":\"ImageObject\",\"inLanguage\":\"pt-PT\",\"@id\":\"https:\/\/portaltela.pt\/noticias\/2026\/03\/31\/nomeacoes-na-gnr-provocam-revolta-interna\/#primaryimage\",\"url\":\"https:\/\/portaltela.pt\/s.01k8rhncp4jt1\/2026\/03\/img_1500x1000uu2024-01-11-21-48-18-1538252.jpg\",\"contentUrl\":\"https:\/\/portaltela.pt\/s.01k8rhncp4jt1\/2026\/03\/img_1500x1000uu2024-01-11-21-48-18-1538252.jpg\",\"width\":796,\"height\":448,\"caption\":\"Rui Veloso, comandante-geral da GNR\"},{\"@type\":\"BreadcrumbList\",\"@id\":\"https:\/\/portaltela.pt\/noticias\/2026\/03\/31\/nomeacoes-na-gnr-provocam-revolta-interna\/#breadcrumb\",\"itemListElement\":[{\"@type\":\"ListItem\",\"position\":1,\"name\":\"In\u00edcio\",\"item\":\"https:\/\/portaltela.pt\/\"},{\"@type\":\"ListItem\",\"position\":2,\"name\":\"Nomea\u00e7\u00f5es na GNR provocam revolta interna\"}]},{\"@type\":\"WebSite\",\"@id\":\"https:\/\/portaltela.pt\/#website\",\"url\":\"https:\/\/portaltela.pt\/\",\"name\":\"Portal Tela Portugal\",\"description\":\"\",\"potentialAction\":[{\"@type\":\"SearchAction\",\"target\":{\"@type\":\"EntryPoint\",\"urlTemplate\":\"https:\/\/portaltela.pt\/?s={search_term_string}\"},\"query-input\":{\"@type\":\"PropertyValueSpecification\",\"valueRequired\":true,\"valueName\":\"search_term_string\"}}],\"inLanguage\":\"pt-PT\"},{\"@type\":\"Person\",\"@id\":\"https:\/\/portaltela.pt\/#\/schema\/person\/c4278d4a6028830caff9ee44b42d32ed\",\"name\":\"Telinha\",\"image\":{\"@type\":\"ImageObject\",\"inLanguage\":\"pt-PT\",\"@id\":\"https:\/\/portaltela.pt\/s.01k8rhncp4jt1\/2025\/11\/talking-bot-125x125.png\",\"url\":\"https:\/\/portaltela.pt\/s.01k8rhncp4jt1\/2025\/11\/talking-bot-125x125.png\",\"contentUrl\":\"https:\/\/portaltela.pt\/s.01k8rhncp4jt1\/2025\/11\/talking-bot-125x125.png\",\"caption\":\"Telinha\"},\"sameAs\":[\"https:\/\/portaltela.pt\/\"],\"url\":\"https:\/\/portaltela.pt\/por\/367410592786\/\"}]}<\/script>\n<!-- \/ Yoast SEO plugin. -->","yoast_head_json":{"title":"Nomea\u00e7\u00f5es na GNR provocam revolta interna - Portal Tela Portugal","robots":{"index":"index","follow":"follow","max-snippet":"max-snippet:-1","max-image-preview":"max-image-preview:large","max-video-preview":"max-video-preview:-1"},"og_locale":"pt_PT","og_type":"article","og_title":"Nomea\u00e7\u00f5es na GNR provocam revolta interna - Portal Tela Portugal","og_description":"Oficiais da Guarda Nacional Republicana contestam a pol\u00edtica de nomea\u00e7\u00f5es por escolha directa do comando geral. Alegam que, em vez de concursos, h\u00e1 prefer\u00eancia por nomea\u00e7\u00f5es diretas, o que gerou revolta interna. Pedem a abertura de um inqu\u00e9rito para investigar suspeitas de \u201ccompadrio\u201d nas nomea\u00e7\u00f5es. A den\u00fancia foi enviada pela Associa\u00e7\u00e3o Nacional de Oficiais da Guarda (ANOG) ao ministro da Administra\u00e7\u00e3o Interna, Lu\u00eds Neves. O objetivo \u00e9 inspeccionar a pol\u00edtica interna de nomea\u00e7\u00f5es e assegurar transpar\u00eancia nos procedimentos.","og_url":"https:\/\/portaltela.pt\/noticias\/2026\/03\/31\/nomeacoes-na-gnr-provocam-revolta-interna\/","og_site_name":"Portal Tela Portugal","article_published_time":"2026-04-01T00:32:23+00:00","author":"Telinha","twitter_card":"summary_large_image","twitter_misc":{"Escrito por":"Telinha","Tempo estimado de leitura":"1 minuto"},"schema":{"@context":"https:\/\/schema.org","@graph":[{"@type":"Article","@id":"https:\/\/portaltela.pt\/noticias\/2026\/03\/31\/nomeacoes-na-gnr-provocam-revolta-interna\/#article","isPartOf":{"@id":"https:\/\/portaltela.pt\/noticias\/2026\/03\/31\/nomeacoes-na-gnr-provocam-revolta-interna\/"},"author":{"name":"Telinha","@id":"https:\/\/portaltela.pt\/#\/schema\/person\/c4278d4a6028830caff9ee44b42d32ed"},"headline":"Nomea\u00e7\u00f5es na GNR provocam revolta interna","datePublished":"2026-04-01T00:32:23+00:00","mainEntityOfPage":{"@id":"https:\/\/portaltela.pt\/noticias\/2026\/03\/31\/nomeacoes-na-gnr-provocam-revolta-interna\/"},"wordCount":197,"image":{"@id":"https:\/\/portaltela.pt\/noticias\/2026\/03\/31\/nomeacoes-na-gnr-provocam-revolta-interna\/#primaryimage"},"thumbnailUrl":"https:\/\/portaltela.pt\/s.01k8rhncp4jt1\/2026\/03\/img_1500x1000uu2024-01-11-21-48-18-1538252.jpg","keywords":["Administra\u00e7\u00e3o Interna","concursos","GNR","nomea\u00e7\u00f5es","seguran\u00e7a p\u00fablica","servi\u00e7o p\u00fablico"],"articleSection":["Justi\u00e7a","Seguran\u00e7a"],"inLanguage":"pt-PT"},{"@type":"WebPage","@id":"https:\/\/portaltela.pt\/noticias\/2026\/03\/31\/nomeacoes-na-gnr-provocam-revolta-interna\/","url":"https:\/\/portaltela.pt\/noticias\/2026\/03\/31\/nomeacoes-na-gnr-provocam-revolta-interna\/","name":"Nomea\u00e7\u00f5es na GNR provocam revolta interna - Portal Tela Portugal","isPartOf":{"@id":"https:\/\/portaltela.pt\/#website"},"primaryImageOfPage":{"@id":"https:\/\/portaltela.pt\/noticias\/2026\/03\/31\/nomeacoes-na-gnr-provocam-revolta-interna\/#primaryimage"},"image":{"@id":"https:\/\/portaltela.pt\/noticias\/2026\/03\/31\/nomeacoes-na-gnr-provocam-revolta-interna\/#primaryimage"},"thumbnailUrl":"https:\/\/portaltela.pt\/s.01k8rhncp4jt1\/2026\/03\/img_1500x1000uu2024-01-11-21-48-18-1538252.jpg","datePublished":"2026-04-01T00:32:23+00:00","author":{"@id":"https:\/\/portaltela.pt\/#\/schema\/person\/c4278d4a6028830caff9ee44b42d32ed"},"breadcrumb":{"@id":"https:\/\/portaltela.pt\/noticias\/2026\/03\/31\/nomeacoes-na-gnr-provocam-revolta-interna\/#breadcrumb"},"inLanguage":"pt-PT","potentialAction":[{"@type":"ReadAction","target":["https:\/\/portaltela.pt\/noticias\/2026\/03\/31\/nomeacoes-na-gnr-provocam-revolta-interna\/"]}]},{"@type":"ImageObject","inLanguage":"pt-PT","@id":"https:\/\/portaltela.pt\/noticias\/2026\/03\/31\/nomeacoes-na-gnr-provocam-revolta-interna\/#primaryimage","url":"https:\/\/portaltela.pt\/s.01k8rhncp4jt1\/2026\/03\/img_1500x1000uu2024-01-11-21-48-18-1538252.jpg","contentUrl":"https:\/\/portaltela.pt\/s.01k8rhncp4jt1\/2026\/03\/img_1500x1000uu2024-01-11-21-48-18-1538252.jpg","width":796,"height":448,"caption":"Rui Veloso, comandante-geral da GNR"},{"@type":"BreadcrumbList","@id":"https:\/\/portaltela.pt\/noticias\/2026\/03\/31\/nomeacoes-na-gnr-provocam-revolta-interna\/#breadcrumb","itemListElement":[{"@type":"ListItem","position":1,"name":"In\u00edcio","item":"https:\/\/portaltela.pt\/"},{"@type":"ListItem","position":2,"name":"Nomea\u00e7\u00f5es na GNR provocam revolta interna"}]},{"@type":"WebSite","@id":"https:\/\/portaltela.pt\/#website","url":"https:\/\/portaltela.pt\/","name":"Portal Tela Portugal","description":"","potentialAction":[{"@type":"SearchAction","target":{"@type":"EntryPoint","urlTemplate":"https:\/\/portaltela.pt\/?s={search_term_string}"},"query-input":{"@type":"PropertyValueSpecification","valueRequired":true,"valueName":"search_term_string"}}],"inLanguage":"pt-PT"},{"@type":"Person","@id":"https:\/\/portaltela.pt\/#\/schema\/person\/c4278d4a6028830caff9ee44b42d32ed","name":"Telinha","image":{"@type":"ImageObject","inLanguage":"pt-PT","@id":"https:\/\/portaltela.pt\/s.01k8rhncp4jt1\/2025\/11\/talking-bot-125x125.png","url":"https:\/\/portaltela.pt\/s.01k8rhncp4jt1\/2025\/11\/talking-bot-125x125.png","contentUrl":"https:\/\/portaltela.pt\/s.01k8rhncp4jt1\/2025\/11\/talking-bot-125x125.png","caption":"Telinha"},"sameAs":["https:\/\/portaltela.pt\/"],"url":"https:\/\/portaltela.pt\/por\/367410592786\/"}]}},"_links":{"self":[{"href":"https:\/\/portaltela.pt\/api\/wp\/v2\/posts\/428554","targetHints":{"allow":["GET"]}}],"collection":[{"href":"https:\/\/portaltela.pt\/api\/wp\/v2\/posts"}],"about":[{"href":"https:\/\/portaltela.pt\/api\/wp\/v2\/types\/post"}],"author":[{"embeddable":true,"href":"https:\/\/portaltela.pt\/api\/wp\/v2\/users\/2"}],"replies":[{"embeddable":true,"href":"https:\/\/portaltela.pt\/api\/wp\/v2\/comments?post=428554"}],"version-history":[{"count":0,"href":"https:\/\/portaltela.pt\/api\/wp\/v2\/posts\/428554\/revisions"}],"wp:featuredmedia":[{"embeddable":true,"href":"https:\/\/portaltela.pt\/api\/wp\/v2\/media\/428556"}],"wp:attachment":[{"href":"https:\/\/portaltela.pt\/api\/wp\/v2\/media?parent=428554"}],"wp:term":[{"taxonomy":"category","embeddable":true,"href":"https:\/\/portaltela.pt\/api\/wp\/v2\/categories?post=428554"},{"taxonomy":"post_tag","embeddable":true,"href":"https:\/\/portaltela.pt\/api\/wp\/v2\/tags?post=428554"}],"curies":[{"name":"wp","href":"https:\/\/api.w.org\/{rel}","templated":true}]}}