{"id":428552,"date":"2026-03-31T21:32:18","date_gmt":"2026-04-01T00:32:18","guid":{"rendered":"https:\/\/portaltela.pt\/noticias\/2026\/03\/31\/mae-e-filha-morrem-envenenadas-por-toxina-letal-nao-foi-intoxicacao-alimentar\/"},"modified":"2026-03-31T21:32:18","modified_gmt":"2026-04-01T00:32:18","slug":"mae-e-filha-morrem-envenenadas-por-toxina-letal-nao-foi-intoxicacao-alimentar","status":"publish","type":"post","link":"https:\/\/portaltela.pt\/policia\/2026\/03\/31\/mae-e-filha-morrem-envenenadas-por-toxina-letal-nao-foi-intoxicacao-alimentar\/","title":{"rendered":"M\u00e3e e filha morrem envenenadas por toxina letal; n\u00e3o foi intoxica\u00e7\u00e3o alimentar"},"content":{"rendered":"<p>As autoridades italianas abriram uma investiga\u00e7\u00e3o por homic\u00eddio ap\u00f3s a morte de uma m\u00e3e e da filha adolescente, ocorrida no ano passado, em Pietracatella. Os \u00f3bitos surgiram ap\u00f3s um almo\u00e7o pr\u00e9-natal\u00edcio, levando a fam\u00edlia a uma sequ\u00eancia de complica\u00e7\u00f5es m\u00e9dicas.<\/p>\n<p>Sara Di Vita, 15 anos, e Antonella Di Ielsi, 50, sentiram-se mal ap\u00f3s o encontro familiar na cidade natal, a cerca de 260 quil\u00f3metros a sudeste de Roma. O pai, Gianni Di Ielsi, antigo presidente da C\u00e2mara de Pietracatella, tamb\u00e9m foi hospitalizado, mas recuperou.<\/p>\n<p>Inicialmente, os m\u00e9dicos encontraram sinais de intoxica\u00e7\u00e3o alimentar, com suspeitas de peixe ou cogumelos como origem. M\u00e3e e filha receberam alta hospitalar antes de sofrerem nova deteriora\u00e7\u00e3o cl\u00ednica.<\/p>\n<p>Vincenzo Cuzzone, chefe da unidade de cuidados intensivos do hospital Cardarelli, indicou que a insufici\u00eancia hep\u00e1tica surgiu primeiro, evoluindo rapidamente para fal\u00eancia m\u00faltipla de \u00f3rg\u00e3os. A morte das duas mulheres desencadeou investiga\u00e7\u00f5es anteriores por poss\u00edvel neglig\u00eancia m\u00e9dica.<\/p>\n<p>A reconstitui\u00e7\u00e3o forense evoluiu com testes realizados em It\u00e1lia e na Su\u00ed\u00e7a, que identificaram a presen\u00e7a de ricina, uma toxina de produ\u00e7\u00e3o natural nas sementes de r\u00edcino. O envenenamento por ricina pode causar fal\u00eancia org\u00e2nica em poucas horas.<\/p>\n<p>Os investigadores passaram a considerar um duplo homic\u00eddio premeditado, em vez de falha cl\u00ednica, com a an\u00e1lise de amostras ainda em curso para confirmar as vias de exposi\u00e7\u00e3o. N\u00e3o h\u00e1 ant\u00eddoto conhecido para a ricina.<\/p>\n","protected":false},"excerpt":{"rendered":"<ul>\n<li>Autoridades italianas abriram uma investiga\u00e7\u00e3o de homic\u00eddio ap\u00f3s a morte de Sara Di Vita, de 15 anos, e de Antonella Di Ielsi, de 50, ocorrida ap\u00f3s um almo\u00e7o pr\u00e9-natal\u00edcio em Pietracatella, a duzentos e sessenta quil\u00f4metros a sudeste de Roma.<\/li>\n<li>O pai, Gianni, antigo presidente da C\u00e2mara de Pietracatella, tamb\u00e9m foi hospitalizado, mas recuperou; a filha mais velha do casal n\u00e3o estava presente nesse dia.<\/li>\n<li>Inicialmente, os m\u00e9dicos atribuiraram os sintomas a uma intoxica\u00e7\u00e3o alimentar e deram alta \u00e0 m\u00e3e e \u00e0 filha; posteriormente, os sinais agravaram-se e ambas foram readmitidas.<\/li>\n<li>O hospital Cardarelli, em Campobasso, informou que a insufici\u00eancia hep\u00e1tica surgiu primeiro, seguida de fal\u00eancia m\u00faltipla de \u00f3rg\u00e3os \u201ca uma velocidade verdadeiramente sem precedentes\u201d.<\/li>\n<li>A investiga\u00e7\u00e3o passou a considerar um duplo homic\u00eddio premeditado ap\u00f3s exames na It\u00e1lia e na Su\u00ed\u00e7a revelarem a presen\u00e7a de ricina, uma toxina mortal sem ant\u00eddoto.<\/li>\n<\/ul>\n","protected":false},"author":2,"featured_media":428557,"comment_status":"closed","ping_status":"closed","sticky":false,"template":"","format":"standard","meta":{"footnotes":""},"categories":[6907,6781],"tags":[177,1345,3276,217,1857,6990],"class_list":["post-428552","post","type-post","status-publish","format-standard","has-post-thumbnail","hentry","category-crime","category-policia","tag-crimes","tag-homicidio","tag-intoxicacao","tag-investigacao-criminal","tag-italia","tag-negligencia"],"yoast_head":"<!-- This site is optimized with the Yoast SEO plugin v27.2 - https:\/\/yoast.com\/product\/yoast-seo-wordpress\/ -->\n<title>M\u00e3e e filha morrem envenenadas por toxina letal; n\u00e3o foi intoxica\u00e7\u00e3o alimentar - Portal Tela Portugal<\/title>\n<meta name=\"robots\" content=\"index, follow, max-snippet:-1, max-image-preview:large, max-video-preview:-1\" \/>\n<meta property=\"og:locale\" content=\"pt_PT\" \/>\n<meta property=\"og:type\" content=\"article\" \/>\n<meta property=\"og:title\" content=\"M\u00e3e e filha morrem envenenadas por toxina letal; n\u00e3o foi intoxica\u00e7\u00e3o alimentar - Portal Tela Portugal\" \/>\n<meta property=\"og:description\" content=\"Autoridades italianas abriram uma investiga\u00e7\u00e3o de homic\u00eddio ap\u00f3s a morte de Sara Di Vita, de 15 anos, e de Antonella Di Ielsi, de 50, ocorrida ap\u00f3s um almo\u00e7o pr\u00e9-natal\u00edcio em Pietracatella, a duzentos e sessenta quil\u00f4metros a sudeste de Roma. O pai, Gianni, antigo presidente da C\u00e2mara de Pietracatella, tamb\u00e9m foi hospitalizado, mas recuperou; a filha mais velha do casal n\u00e3o estava presente nesse dia. Inicialmente, os m\u00e9dicos atribuiraram os sintomas a uma intoxica\u00e7\u00e3o alimentar e deram alta \u00e0 m\u00e3e e \u00e0 filha; posteriormente, os sinais agravaram-se e ambas foram readmitidas. O hospital Cardarelli, em Campobasso, informou que a insufici\u00eancia hep\u00e1tica surgiu primeiro, seguida de fal\u00eancia m\u00faltipla de \u00f3rg\u00e3os \u201ca uma velocidade verdadeiramente sem precedentes\u201d. A investiga\u00e7\u00e3o passou a considerar um duplo homic\u00eddio premeditado ap\u00f3s exames na It\u00e1lia e na Su\u00ed\u00e7a revelarem a presen\u00e7a de ricina, uma toxina mortal sem ant\u00eddoto.\" \/>\n<meta property=\"og:url\" content=\"https:\/\/portaltela.pt\/noticias\/2026\/03\/31\/mae-e-filha-morrem-envenenadas-por-toxina-letal-nao-foi-intoxicacao-alimentar\/\" \/>\n<meta property=\"og:site_name\" content=\"Portal Tela Portugal\" \/>\n<meta property=\"article:published_time\" content=\"2026-04-01T00:32:18+00:00\" \/>\n<meta name=\"author\" content=\"Telinha\" \/>\n<meta name=\"twitter:card\" content=\"summary_large_image\" \/>\n<meta name=\"twitter:label1\" content=\"Escrito por\" \/>\n\t<meta name=\"twitter:data1\" content=\"Telinha\" \/>\n\t<meta name=\"twitter:label2\" content=\"Tempo estimado de leitura\" \/>\n\t<meta name=\"twitter:data2\" content=\"1 minuto\" \/>\n<script type=\"application\/ld+json\" class=\"yoast-schema-graph\">{\"@context\":\"https:\/\/schema.org\",\"@graph\":[{\"@type\":\"Article\",\"@id\":\"https:\/\/portaltela.pt\/noticias\/2026\/03\/31\/mae-e-filha-morrem-envenenadas-por-toxina-letal-nao-foi-intoxicacao-alimentar\/#article\",\"isPartOf\":{\"@id\":\"https:\/\/portaltela.pt\/noticias\/2026\/03\/31\/mae-e-filha-morrem-envenenadas-por-toxina-letal-nao-foi-intoxicacao-alimentar\/\"},\"author\":{\"name\":\"Telinha\",\"@id\":\"https:\/\/portaltela.pt\/#\/schema\/person\/c4278d4a6028830caff9ee44b42d32ed\"},\"headline\":\"M\u00e3e e filha morrem envenenadas por toxina letal; n\u00e3o foi intoxica\u00e7\u00e3o alimentar\",\"datePublished\":\"2026-04-01T00:32:18+00:00\",\"mainEntityOfPage\":{\"@id\":\"https:\/\/portaltela.pt\/noticias\/2026\/03\/31\/mae-e-filha-morrem-envenenadas-por-toxina-letal-nao-foi-intoxicacao-alimentar\/\"},\"wordCount\":278,\"image\":{\"@id\":\"https:\/\/portaltela.pt\/noticias\/2026\/03\/31\/mae-e-filha-morrem-envenenadas-por-toxina-letal-nao-foi-intoxicacao-alimentar\/#primaryimage\"},\"thumbnailUrl\":\"https:\/\/portaltela.pt\/s.01k8rhncp4jt1\/2026\/03\/image-1918.jpg\",\"keywords\":[\"crimes\",\"homic\u00eddio\",\"intoxica\u00e7\u00e3o\",\"investiga\u00e7\u00e3o criminal\",\"It\u00e1lia\",\"neglig\u00eancia\"],\"articleSection\":[\"Crime\",\"Pol\u00edcia\"],\"inLanguage\":\"pt-PT\"},{\"@type\":\"WebPage\",\"@id\":\"https:\/\/portaltela.pt\/noticias\/2026\/03\/31\/mae-e-filha-morrem-envenenadas-por-toxina-letal-nao-foi-intoxicacao-alimentar\/\",\"url\":\"https:\/\/portaltela.pt\/noticias\/2026\/03\/31\/mae-e-filha-morrem-envenenadas-por-toxina-letal-nao-foi-intoxicacao-alimentar\/\",\"name\":\"M\u00e3e e filha morrem envenenadas por toxina letal; n\u00e3o foi intoxica\u00e7\u00e3o alimentar - Portal Tela Portugal\",\"isPartOf\":{\"@id\":\"https:\/\/portaltela.pt\/#website\"},\"primaryImageOfPage\":{\"@id\":\"https:\/\/portaltela.pt\/noticias\/2026\/03\/31\/mae-e-filha-morrem-envenenadas-por-toxina-letal-nao-foi-intoxicacao-alimentar\/#primaryimage\"},\"image\":{\"@id\":\"https:\/\/portaltela.pt\/noticias\/2026\/03\/31\/mae-e-filha-morrem-envenenadas-por-toxina-letal-nao-foi-intoxicacao-alimentar\/#primaryimage\"},\"thumbnailUrl\":\"https:\/\/portaltela.pt\/s.01k8rhncp4jt1\/2026\/03\/image-1918.jpg\",\"datePublished\":\"2026-04-01T00:32:18+00:00\",\"author\":{\"@id\":\"https:\/\/portaltela.pt\/#\/schema\/person\/c4278d4a6028830caff9ee44b42d32ed\"},\"breadcrumb\":{\"@id\":\"https:\/\/portaltela.pt\/noticias\/2026\/03\/31\/mae-e-filha-morrem-envenenadas-por-toxina-letal-nao-foi-intoxicacao-alimentar\/#breadcrumb\"},\"inLanguage\":\"pt-PT\",\"potentialAction\":[{\"@type\":\"ReadAction\",\"target\":[\"https:\/\/portaltela.pt\/noticias\/2026\/03\/31\/mae-e-filha-morrem-envenenadas-por-toxina-letal-nao-foi-intoxicacao-alimentar\/\"]}]},{\"@type\":\"ImageObject\",\"inLanguage\":\"pt-PT\",\"@id\":\"https:\/\/portaltela.pt\/noticias\/2026\/03\/31\/mae-e-filha-morrem-envenenadas-por-toxina-letal-nao-foi-intoxicacao-alimentar\/#primaryimage\",\"url\":\"https:\/\/portaltela.pt\/s.01k8rhncp4jt1\/2026\/03\/image-1918.jpg\",\"contentUrl\":\"https:\/\/portaltela.pt\/s.01k8rhncp4jt1\/2026\/03\/image-1918.jpg\",\"width\":796,\"height\":448,\"caption\":\"M\u00e3e e filha morreram ap\u00f3s fal\u00eancia m\u00faltipla de \u00f3rg\u00e3os\"},{\"@type\":\"BreadcrumbList\",\"@id\":\"https:\/\/portaltela.pt\/noticias\/2026\/03\/31\/mae-e-filha-morrem-envenenadas-por-toxina-letal-nao-foi-intoxicacao-alimentar\/#breadcrumb\",\"itemListElement\":[{\"@type\":\"ListItem\",\"position\":1,\"name\":\"In\u00edcio\",\"item\":\"https:\/\/portaltela.pt\/\"},{\"@type\":\"ListItem\",\"position\":2,\"name\":\"M\u00e3e e filha morrem envenenadas por toxina letal; n\u00e3o foi intoxica\u00e7\u00e3o alimentar\"}]},{\"@type\":\"WebSite\",\"@id\":\"https:\/\/portaltela.pt\/#website\",\"url\":\"https:\/\/portaltela.pt\/\",\"name\":\"Portal Tela Portugal\",\"description\":\"\",\"potentialAction\":[{\"@type\":\"SearchAction\",\"target\":{\"@type\":\"EntryPoint\",\"urlTemplate\":\"https:\/\/portaltela.pt\/?s={search_term_string}\"},\"query-input\":{\"@type\":\"PropertyValueSpecification\",\"valueRequired\":true,\"valueName\":\"search_term_string\"}}],\"inLanguage\":\"pt-PT\"},{\"@type\":\"Person\",\"@id\":\"https:\/\/portaltela.pt\/#\/schema\/person\/c4278d4a6028830caff9ee44b42d32ed\",\"name\":\"Telinha\",\"image\":{\"@type\":\"ImageObject\",\"inLanguage\":\"pt-PT\",\"@id\":\"https:\/\/portaltela.pt\/s.01k8rhncp4jt1\/2025\/11\/talking-bot-125x125.png\",\"url\":\"https:\/\/portaltela.pt\/s.01k8rhncp4jt1\/2025\/11\/talking-bot-125x125.png\",\"contentUrl\":\"https:\/\/portaltela.pt\/s.01k8rhncp4jt1\/2025\/11\/talking-bot-125x125.png\",\"caption\":\"Telinha\"},\"sameAs\":[\"https:\/\/portaltela.pt\/\"],\"url\":\"https:\/\/portaltela.pt\/por\/367410592786\/\"}]}<\/script>\n<!-- \/ Yoast SEO plugin. -->","yoast_head_json":{"title":"M\u00e3e e filha morrem envenenadas por toxina letal; n\u00e3o foi intoxica\u00e7\u00e3o alimentar - Portal Tela Portugal","robots":{"index":"index","follow":"follow","max-snippet":"max-snippet:-1","max-image-preview":"max-image-preview:large","max-video-preview":"max-video-preview:-1"},"og_locale":"pt_PT","og_type":"article","og_title":"M\u00e3e e filha morrem envenenadas por toxina letal; n\u00e3o foi intoxica\u00e7\u00e3o alimentar - Portal Tela Portugal","og_description":"Autoridades italianas abriram uma investiga\u00e7\u00e3o de homic\u00eddio ap\u00f3s a morte de Sara Di Vita, de 15 anos, e de Antonella Di Ielsi, de 50, ocorrida ap\u00f3s um almo\u00e7o pr\u00e9-natal\u00edcio em Pietracatella, a duzentos e sessenta quil\u00f4metros a sudeste de Roma. O pai, Gianni, antigo presidente da C\u00e2mara de Pietracatella, tamb\u00e9m foi hospitalizado, mas recuperou; a filha mais velha do casal n\u00e3o estava presente nesse dia. Inicialmente, os m\u00e9dicos atribuiraram os sintomas a uma intoxica\u00e7\u00e3o alimentar e deram alta \u00e0 m\u00e3e e \u00e0 filha; posteriormente, os sinais agravaram-se e ambas foram readmitidas. O hospital Cardarelli, em Campobasso, informou que a insufici\u00eancia hep\u00e1tica surgiu primeiro, seguida de fal\u00eancia m\u00faltipla de \u00f3rg\u00e3os \u201ca uma velocidade verdadeiramente sem precedentes\u201d. A investiga\u00e7\u00e3o passou a considerar um duplo homic\u00eddio premeditado ap\u00f3s exames na It\u00e1lia e na Su\u00ed\u00e7a revelarem a presen\u00e7a de ricina, uma toxina mortal sem ant\u00eddoto.","og_url":"https:\/\/portaltela.pt\/noticias\/2026\/03\/31\/mae-e-filha-morrem-envenenadas-por-toxina-letal-nao-foi-intoxicacao-alimentar\/","og_site_name":"Portal Tela Portugal","article_published_time":"2026-04-01T00:32:18+00:00","author":"Telinha","twitter_card":"summary_large_image","twitter_misc":{"Escrito por":"Telinha","Tempo estimado de leitura":"1 minuto"},"schema":{"@context":"https:\/\/schema.org","@graph":[{"@type":"Article","@id":"https:\/\/portaltela.pt\/noticias\/2026\/03\/31\/mae-e-filha-morrem-envenenadas-por-toxina-letal-nao-foi-intoxicacao-alimentar\/#article","isPartOf":{"@id":"https:\/\/portaltela.pt\/noticias\/2026\/03\/31\/mae-e-filha-morrem-envenenadas-por-toxina-letal-nao-foi-intoxicacao-alimentar\/"},"author":{"name":"Telinha","@id":"https:\/\/portaltela.pt\/#\/schema\/person\/c4278d4a6028830caff9ee44b42d32ed"},"headline":"M\u00e3e e filha morrem envenenadas por toxina letal; n\u00e3o foi intoxica\u00e7\u00e3o alimentar","datePublished":"2026-04-01T00:32:18+00:00","mainEntityOfPage":{"@id":"https:\/\/portaltela.pt\/noticias\/2026\/03\/31\/mae-e-filha-morrem-envenenadas-por-toxina-letal-nao-foi-intoxicacao-alimentar\/"},"wordCount":278,"image":{"@id":"https:\/\/portaltela.pt\/noticias\/2026\/03\/31\/mae-e-filha-morrem-envenenadas-por-toxina-letal-nao-foi-intoxicacao-alimentar\/#primaryimage"},"thumbnailUrl":"https:\/\/portaltela.pt\/s.01k8rhncp4jt1\/2026\/03\/image-1918.jpg","keywords":["crimes","homic\u00eddio","intoxica\u00e7\u00e3o","investiga\u00e7\u00e3o criminal","It\u00e1lia","neglig\u00eancia"],"articleSection":["Crime","Pol\u00edcia"],"inLanguage":"pt-PT"},{"@type":"WebPage","@id":"https:\/\/portaltela.pt\/noticias\/2026\/03\/31\/mae-e-filha-morrem-envenenadas-por-toxina-letal-nao-foi-intoxicacao-alimentar\/","url":"https:\/\/portaltela.pt\/noticias\/2026\/03\/31\/mae-e-filha-morrem-envenenadas-por-toxina-letal-nao-foi-intoxicacao-alimentar\/","name":"M\u00e3e e filha morrem envenenadas por toxina letal; n\u00e3o foi intoxica\u00e7\u00e3o alimentar - Portal Tela Portugal","isPartOf":{"@id":"https:\/\/portaltela.pt\/#website"},"primaryImageOfPage":{"@id":"https:\/\/portaltela.pt\/noticias\/2026\/03\/31\/mae-e-filha-morrem-envenenadas-por-toxina-letal-nao-foi-intoxicacao-alimentar\/#primaryimage"},"image":{"@id":"https:\/\/portaltela.pt\/noticias\/2026\/03\/31\/mae-e-filha-morrem-envenenadas-por-toxina-letal-nao-foi-intoxicacao-alimentar\/#primaryimage"},"thumbnailUrl":"https:\/\/portaltela.pt\/s.01k8rhncp4jt1\/2026\/03\/image-1918.jpg","datePublished":"2026-04-01T00:32:18+00:00","author":{"@id":"https:\/\/portaltela.pt\/#\/schema\/person\/c4278d4a6028830caff9ee44b42d32ed"},"breadcrumb":{"@id":"https:\/\/portaltela.pt\/noticias\/2026\/03\/31\/mae-e-filha-morrem-envenenadas-por-toxina-letal-nao-foi-intoxicacao-alimentar\/#breadcrumb"},"inLanguage":"pt-PT","potentialAction":[{"@type":"ReadAction","target":["https:\/\/portaltela.pt\/noticias\/2026\/03\/31\/mae-e-filha-morrem-envenenadas-por-toxina-letal-nao-foi-intoxicacao-alimentar\/"]}]},{"@type":"ImageObject","inLanguage":"pt-PT","@id":"https:\/\/portaltela.pt\/noticias\/2026\/03\/31\/mae-e-filha-morrem-envenenadas-por-toxina-letal-nao-foi-intoxicacao-alimentar\/#primaryimage","url":"https:\/\/portaltela.pt\/s.01k8rhncp4jt1\/2026\/03\/image-1918.jpg","contentUrl":"https:\/\/portaltela.pt\/s.01k8rhncp4jt1\/2026\/03\/image-1918.jpg","width":796,"height":448,"caption":"M\u00e3e e filha morreram ap\u00f3s fal\u00eancia m\u00faltipla de \u00f3rg\u00e3os"},{"@type":"BreadcrumbList","@id":"https:\/\/portaltela.pt\/noticias\/2026\/03\/31\/mae-e-filha-morrem-envenenadas-por-toxina-letal-nao-foi-intoxicacao-alimentar\/#breadcrumb","itemListElement":[{"@type":"ListItem","position":1,"name":"In\u00edcio","item":"https:\/\/portaltela.pt\/"},{"@type":"ListItem","position":2,"name":"M\u00e3e e filha morrem envenenadas por toxina letal; n\u00e3o foi intoxica\u00e7\u00e3o alimentar"}]},{"@type":"WebSite","@id":"https:\/\/portaltela.pt\/#website","url":"https:\/\/portaltela.pt\/","name":"Portal Tela Portugal","description":"","potentialAction":[{"@type":"SearchAction","target":{"@type":"EntryPoint","urlTemplate":"https:\/\/portaltela.pt\/?s={search_term_string}"},"query-input":{"@type":"PropertyValueSpecification","valueRequired":true,"valueName":"search_term_string"}}],"inLanguage":"pt-PT"},{"@type":"Person","@id":"https:\/\/portaltela.pt\/#\/schema\/person\/c4278d4a6028830caff9ee44b42d32ed","name":"Telinha","image":{"@type":"ImageObject","inLanguage":"pt-PT","@id":"https:\/\/portaltela.pt\/s.01k8rhncp4jt1\/2025\/11\/talking-bot-125x125.png","url":"https:\/\/portaltela.pt\/s.01k8rhncp4jt1\/2025\/11\/talking-bot-125x125.png","contentUrl":"https:\/\/portaltela.pt\/s.01k8rhncp4jt1\/2025\/11\/talking-bot-125x125.png","caption":"Telinha"},"sameAs":["https:\/\/portaltela.pt\/"],"url":"https:\/\/portaltela.pt\/por\/367410592786\/"}]}},"_links":{"self":[{"href":"https:\/\/portaltela.pt\/api\/wp\/v2\/posts\/428552","targetHints":{"allow":["GET"]}}],"collection":[{"href":"https:\/\/portaltela.pt\/api\/wp\/v2\/posts"}],"about":[{"href":"https:\/\/portaltela.pt\/api\/wp\/v2\/types\/post"}],"author":[{"embeddable":true,"href":"https:\/\/portaltela.pt\/api\/wp\/v2\/users\/2"}],"replies":[{"embeddable":true,"href":"https:\/\/portaltela.pt\/api\/wp\/v2\/comments?post=428552"}],"version-history":[{"count":0,"href":"https:\/\/portaltela.pt\/api\/wp\/v2\/posts\/428552\/revisions"}],"wp:featuredmedia":[{"embeddable":true,"href":"https:\/\/portaltela.pt\/api\/wp\/v2\/media\/428557"}],"wp:attachment":[{"href":"https:\/\/portaltela.pt\/api\/wp\/v2\/media?parent=428552"}],"wp:term":[{"taxonomy":"category","embeddable":true,"href":"https:\/\/portaltela.pt\/api\/wp\/v2\/categories?post=428552"},{"taxonomy":"post_tag","embeddable":true,"href":"https:\/\/portaltela.pt\/api\/wp\/v2\/tags?post=428552"}],"curies":[{"name":"wp","href":"https:\/\/api.w.org\/{rel}","templated":true}]}}