{"id":428533,"date":"2026-03-30T21:41:00","date_gmt":"2026-03-31T00:41:00","guid":{"rendered":"https:\/\/portaltela.pt\/noticias\/2026\/03\/30\/venda-do-estadio-de-san-siro-esta-a-ser-alvo-de-investigacao\/"},"modified":"2026-03-30T21:41:00","modified_gmt":"2026-03-31T00:41:00","slug":"venda-do-estadio-de-san-siro-esta-a-ser-alvo-de-investigacao","status":"publish","type":"post","link":"https:\/\/portaltela.pt\/noticias\/2026\/03\/30\/venda-do-estadio-de-san-siro-esta-a-ser-alvo-de-investigacao\/","title":{"rendered":"Venda do est\u00e1dio de San Siro est\u00e1 a ser alvo de investiga\u00e7\u00e3o"},"content":{"rendered":"<p>O processo de venda do est\u00e1dio de San Siro, da autarquia de Mil\u00e3o \u00e0 Inter e ao Milan, est\u00e1 a ser alvo de investiga\u00e7\u00e3o por suposta manipula\u00e7\u00e3o de licita\u00e7\u00f5es. Nove pessoas est\u00e3o sob escrut\u00ednio ap\u00f3s buscas realizadas pela pol\u00edcia financeira.<\/p>\n<p>Entre os investigados aparecem o ex-CEO da Inter, Alessandro Antonello, representantes de ambos os clubes e o diretor-geral da autarquia de Mil\u00e3o, Christian Malangone, considerado pr\u00f3ximo do prefeito Giuseppe Sala. As buscas decorreram na cidade e na empresa que gere o complexo.<\/p>\n<p>As suspeitas concentram-se na venda de 28 hectares de terreno p\u00fablico, onde fica o est\u00e1dio, por 197 milh\u00f5es de euros conclu\u00edda no final de setembro. A venda prev\u00ea demolir o local para ceder espa\u00e7o a um est\u00e1dio novo de 70 mil lugares.<\/p>\n<p>Inter e Milan planeiam edificar um novo est\u00e1dio no terreno, situado a oeste da atual arena. Os investigadores questionam se autoridades municipais favoreceram interesses privados e recorreram a uma lei para simplificar a constru\u00e7\u00e3o, visando construtoras espec\u00edficas.<\/p>\n<p>A investiga\u00e7\u00e3o sobre a venda insere-se num contexto mais amplo de alegadas irregularidades no planeamento urbano de Mil\u00e3o. O caso j\u00e1 envolveu o ex-secret\u00e1rio de Urbanismo Giancarlo Tancredi, cuja deten\u00e7\u00e3o de meia-ano atr\u00e1s foi revogada pelo Supremo em dezembro, mas que volta a constar como investigado pelo Minist\u00e9rio P\u00fablico de Mil\u00e3o.<\/p>\n","protected":false},"excerpt":{"rendered":"<ul>\n<li>O processo de venda do est\u00e1dio de San Siro pela autarquia de Mil\u00e3o est\u00e1 a ser investigado por suposta manipula\u00e7\u00e3o das licita\u00e7\u00f5es.<\/li>\n<li>Nove pessoas est\u00e3o sob investiga\u00e7\u00e3o, com buscas na autarquia de Mil\u00e3o e na empresa que gere o San Siro; entre os investigados est\u00e3o o ex-CEO da Inter, Alessandro Antonello, representantes de ambos os clubes e o diretor-geral da autarquia, Christian Malangone.<\/li>\n<li>Alegam-se favorecimentos privados na venda de 28 hectares de terreno p\u00fablico, por 197 milh\u00f5es de euros, onde fica o est\u00e1dio.<\/li>\n<li>Inter e Milan planeiam demolir San Siro para construir um novo est\u00e1dio com capacidade para 70 mil espectadores, no terreno a oeste da atual arena.<\/li>\n<li>A investiga\u00e7\u00e3o insere-se numa apura\u00e7\u00e3o mais ampla sobre corrup\u00e7\u00e3o no planeamento urbano de Mil\u00e3o; o ex-secret\u00e1rio de Urbanismo, Giancarlo Tancredi, volta a estar sob investiga\u00e7\u00e3o.<\/li>\n<\/ul>\n","protected":false},"author":2,"featured_media":428534,"comment_status":"closed","ping_status":"closed","sticky":false,"template":"","format":"standard","meta":{"footnotes":""},"categories":[6815,1],"tags":[2120,83,147,2119,5706,3148],"class_list":["post-428533","post","type-post","status-publish","format-standard","has-post-thumbnail","hentry","category-justica","category-noticias","tag-ac-milan","tag-corrupcao","tag-crime","tag-inter-de-milao","tag-licenciamentos","tag-planeamento-urbano"],"yoast_head":"<!-- This site is optimized with the Yoast SEO plugin v27.2 - https:\/\/yoast.com\/product\/yoast-seo-wordpress\/ -->\n<title>Venda do est\u00e1dio de San Siro est\u00e1 a ser alvo de investiga\u00e7\u00e3o - Portal Tela Portugal<\/title>\n<meta name=\"robots\" content=\"index, follow, max-snippet:-1, max-image-preview:large, max-video-preview:-1\" \/>\n<meta property=\"og:locale\" content=\"pt_PT\" \/>\n<meta property=\"og:type\" content=\"article\" \/>\n<meta property=\"og:title\" content=\"Venda do est\u00e1dio de San Siro est\u00e1 a ser alvo de investiga\u00e7\u00e3o - Portal Tela Portugal\" \/>\n<meta property=\"og:description\" content=\"O processo de venda do est\u00e1dio de San Siro pela autarquia de Mil\u00e3o est\u00e1 a ser investigado por suposta manipula\u00e7\u00e3o das licita\u00e7\u00f5es. Nove pessoas est\u00e3o sob investiga\u00e7\u00e3o, com buscas na autarquia de Mil\u00e3o e na empresa que gere o San Siro; entre os investigados est\u00e3o o ex-CEO da Inter, Alessandro Antonello, representantes de ambos os clubes e o diretor-geral da autarquia, Christian Malangone. Alegam-se favorecimentos privados na venda de 28 hectares de terreno p\u00fablico, por 197 milh\u00f5es de euros, onde fica o est\u00e1dio. Inter e Milan planeiam demolir San Siro para construir um novo est\u00e1dio com capacidade para 70 mil espectadores, no terreno a oeste da atual arena. A investiga\u00e7\u00e3o insere-se numa apura\u00e7\u00e3o mais ampla sobre corrup\u00e7\u00e3o no planeamento urbano de Mil\u00e3o; o ex-secret\u00e1rio de Urbanismo, Giancarlo Tancredi, volta a estar sob investiga\u00e7\u00e3o.\" \/>\n<meta property=\"og:url\" content=\"https:\/\/portaltela.pt\/noticias\/2026\/03\/30\/venda-do-estadio-de-san-siro-esta-a-ser-alvo-de-investigacao\/\" \/>\n<meta property=\"og:site_name\" content=\"Portal Tela Portugal\" \/>\n<meta property=\"article:published_time\" content=\"2026-03-31T00:41:00+00:00\" \/>\n<meta name=\"author\" content=\"Telinha\" \/>\n<meta name=\"twitter:card\" content=\"summary_large_image\" \/>\n<meta name=\"twitter:label1\" content=\"Escrito por\" \/>\n\t<meta name=\"twitter:data1\" content=\"Telinha\" \/>\n\t<meta name=\"twitter:label2\" content=\"Tempo estimado de leitura\" \/>\n\t<meta name=\"twitter:data2\" content=\"1 minuto\" \/>\n<script type=\"application\/ld+json\" class=\"yoast-schema-graph\">{\"@context\":\"https:\/\/schema.org\",\"@graph\":[{\"@type\":\"Article\",\"@id\":\"https:\/\/portaltela.pt\/noticias\/2026\/03\/30\/venda-do-estadio-de-san-siro-esta-a-ser-alvo-de-investigacao\/#article\",\"isPartOf\":{\"@id\":\"https:\/\/portaltela.pt\/noticias\/2026\/03\/30\/venda-do-estadio-de-san-siro-esta-a-ser-alvo-de-investigacao\/\"},\"author\":{\"name\":\"Telinha\",\"@id\":\"https:\/\/portaltela.pt\/#\/schema\/person\/c4278d4a6028830caff9ee44b42d32ed\"},\"headline\":\"Venda do est\u00e1dio de San Siro est\u00e1 a ser alvo de investiga\u00e7\u00e3o\",\"datePublished\":\"2026-03-31T00:41:00+00:00\",\"mainEntityOfPage\":{\"@id\":\"https:\/\/portaltela.pt\/noticias\/2026\/03\/30\/venda-do-estadio-de-san-siro-esta-a-ser-alvo-de-investigacao\/\"},\"wordCount\":250,\"image\":{\"@id\":\"https:\/\/portaltela.pt\/noticias\/2026\/03\/30\/venda-do-estadio-de-san-siro-esta-a-ser-alvo-de-investigacao\/#primaryimage\"},\"thumbnailUrl\":\"https:\/\/portaltela.pt\/s.01k8rhncp4jt1\/2026\/03\/image-1915.jpg\",\"keywords\":[\"AC Milan\",\"corrup\u00e7\u00e3o\",\"crime\",\"Inter de Mil\u00e3o\",\"licenciamentos\",\"planeamento urbano\"],\"articleSection\":[\"Justi\u00e7a\",\"Not\u00edcias\"],\"inLanguage\":\"pt-PT\"},{\"@type\":\"WebPage\",\"@id\":\"https:\/\/portaltela.pt\/noticias\/2026\/03\/30\/venda-do-estadio-de-san-siro-esta-a-ser-alvo-de-investigacao\/\",\"url\":\"https:\/\/portaltela.pt\/noticias\/2026\/03\/30\/venda-do-estadio-de-san-siro-esta-a-ser-alvo-de-investigacao\/\",\"name\":\"Venda do est\u00e1dio de San Siro est\u00e1 a ser alvo de investiga\u00e7\u00e3o - Portal Tela Portugal\",\"isPartOf\":{\"@id\":\"https:\/\/portaltela.pt\/#website\"},\"primaryImageOfPage\":{\"@id\":\"https:\/\/portaltela.pt\/noticias\/2026\/03\/30\/venda-do-estadio-de-san-siro-esta-a-ser-alvo-de-investigacao\/#primaryimage\"},\"image\":{\"@id\":\"https:\/\/portaltela.pt\/noticias\/2026\/03\/30\/venda-do-estadio-de-san-siro-esta-a-ser-alvo-de-investigacao\/#primaryimage\"},\"thumbnailUrl\":\"https:\/\/portaltela.pt\/s.01k8rhncp4jt1\/2026\/03\/image-1915.jpg\",\"datePublished\":\"2026-03-31T00:41:00+00:00\",\"author\":{\"@id\":\"https:\/\/portaltela.pt\/#\/schema\/person\/c4278d4a6028830caff9ee44b42d32ed\"},\"breadcrumb\":{\"@id\":\"https:\/\/portaltela.pt\/noticias\/2026\/03\/30\/venda-do-estadio-de-san-siro-esta-a-ser-alvo-de-investigacao\/#breadcrumb\"},\"inLanguage\":\"pt-PT\",\"potentialAction\":[{\"@type\":\"ReadAction\",\"target\":[\"https:\/\/portaltela.pt\/noticias\/2026\/03\/30\/venda-do-estadio-de-san-siro-esta-a-ser-alvo-de-investigacao\/\"]}]},{\"@type\":\"ImageObject\",\"inLanguage\":\"pt-PT\",\"@id\":\"https:\/\/portaltela.pt\/noticias\/2026\/03\/30\/venda-do-estadio-de-san-siro-esta-a-ser-alvo-de-investigacao\/#primaryimage\",\"url\":\"https:\/\/portaltela.pt\/s.01k8rhncp4jt1\/2026\/03\/image-1915.jpg\",\"contentUrl\":\"https:\/\/portaltela.pt\/s.01k8rhncp4jt1\/2026\/03\/image-1915.jpg\",\"width\":796,\"height\":448,\"caption\":\"Foto: Stefano Rellandini\/AFP\"},{\"@type\":\"BreadcrumbList\",\"@id\":\"https:\/\/portaltela.pt\/noticias\/2026\/03\/30\/venda-do-estadio-de-san-siro-esta-a-ser-alvo-de-investigacao\/#breadcrumb\",\"itemListElement\":[{\"@type\":\"ListItem\",\"position\":1,\"name\":\"In\u00edcio\",\"item\":\"https:\/\/portaltela.pt\/\"},{\"@type\":\"ListItem\",\"position\":2,\"name\":\"Venda do est\u00e1dio de San Siro est\u00e1 a ser alvo de investiga\u00e7\u00e3o\"}]},{\"@type\":\"WebSite\",\"@id\":\"https:\/\/portaltela.pt\/#website\",\"url\":\"https:\/\/portaltela.pt\/\",\"name\":\"Portal Tela Portugal\",\"description\":\"\",\"potentialAction\":[{\"@type\":\"SearchAction\",\"target\":{\"@type\":\"EntryPoint\",\"urlTemplate\":\"https:\/\/portaltela.pt\/?s={search_term_string}\"},\"query-input\":{\"@type\":\"PropertyValueSpecification\",\"valueRequired\":true,\"valueName\":\"search_term_string\"}}],\"inLanguage\":\"pt-PT\"},{\"@type\":\"Person\",\"@id\":\"https:\/\/portaltela.pt\/#\/schema\/person\/c4278d4a6028830caff9ee44b42d32ed\",\"name\":\"Telinha\",\"image\":{\"@type\":\"ImageObject\",\"inLanguage\":\"pt-PT\",\"@id\":\"https:\/\/portaltela.pt\/s.01k8rhncp4jt1\/2025\/11\/talking-bot-125x125.png\",\"url\":\"https:\/\/portaltela.pt\/s.01k8rhncp4jt1\/2025\/11\/talking-bot-125x125.png\",\"contentUrl\":\"https:\/\/portaltela.pt\/s.01k8rhncp4jt1\/2025\/11\/talking-bot-125x125.png\",\"caption\":\"Telinha\"},\"sameAs\":[\"https:\/\/portaltela.pt\/\"],\"url\":\"https:\/\/portaltela.pt\/por\/367410592786\/\"}]}<\/script>\n<!-- \/ Yoast SEO plugin. -->","yoast_head_json":{"title":"Venda do est\u00e1dio de San Siro est\u00e1 a ser alvo de investiga\u00e7\u00e3o - Portal Tela Portugal","robots":{"index":"index","follow":"follow","max-snippet":"max-snippet:-1","max-image-preview":"max-image-preview:large","max-video-preview":"max-video-preview:-1"},"og_locale":"pt_PT","og_type":"article","og_title":"Venda do est\u00e1dio de San Siro est\u00e1 a ser alvo de investiga\u00e7\u00e3o - Portal Tela Portugal","og_description":"O processo de venda do est\u00e1dio de San Siro pela autarquia de Mil\u00e3o est\u00e1 a ser investigado por suposta manipula\u00e7\u00e3o das licita\u00e7\u00f5es. Nove pessoas est\u00e3o sob investiga\u00e7\u00e3o, com buscas na autarquia de Mil\u00e3o e na empresa que gere o San Siro; entre os investigados est\u00e3o o ex-CEO da Inter, Alessandro Antonello, representantes de ambos os clubes e o diretor-geral da autarquia, Christian Malangone. Alegam-se favorecimentos privados na venda de 28 hectares de terreno p\u00fablico, por 197 milh\u00f5es de euros, onde fica o est\u00e1dio. Inter e Milan planeiam demolir San Siro para construir um novo est\u00e1dio com capacidade para 70 mil espectadores, no terreno a oeste da atual arena. A investiga\u00e7\u00e3o insere-se numa apura\u00e7\u00e3o mais ampla sobre corrup\u00e7\u00e3o no planeamento urbano de Mil\u00e3o; o ex-secret\u00e1rio de Urbanismo, Giancarlo Tancredi, volta a estar sob investiga\u00e7\u00e3o.","og_url":"https:\/\/portaltela.pt\/noticias\/2026\/03\/30\/venda-do-estadio-de-san-siro-esta-a-ser-alvo-de-investigacao\/","og_site_name":"Portal Tela Portugal","article_published_time":"2026-03-31T00:41:00+00:00","author":"Telinha","twitter_card":"summary_large_image","twitter_misc":{"Escrito por":"Telinha","Tempo estimado de leitura":"1 minuto"},"schema":{"@context":"https:\/\/schema.org","@graph":[{"@type":"Article","@id":"https:\/\/portaltela.pt\/noticias\/2026\/03\/30\/venda-do-estadio-de-san-siro-esta-a-ser-alvo-de-investigacao\/#article","isPartOf":{"@id":"https:\/\/portaltela.pt\/noticias\/2026\/03\/30\/venda-do-estadio-de-san-siro-esta-a-ser-alvo-de-investigacao\/"},"author":{"name":"Telinha","@id":"https:\/\/portaltela.pt\/#\/schema\/person\/c4278d4a6028830caff9ee44b42d32ed"},"headline":"Venda do est\u00e1dio de San Siro est\u00e1 a ser alvo de investiga\u00e7\u00e3o","datePublished":"2026-03-31T00:41:00+00:00","mainEntityOfPage":{"@id":"https:\/\/portaltela.pt\/noticias\/2026\/03\/30\/venda-do-estadio-de-san-siro-esta-a-ser-alvo-de-investigacao\/"},"wordCount":250,"image":{"@id":"https:\/\/portaltela.pt\/noticias\/2026\/03\/30\/venda-do-estadio-de-san-siro-esta-a-ser-alvo-de-investigacao\/#primaryimage"},"thumbnailUrl":"https:\/\/portaltela.pt\/s.01k8rhncp4jt1\/2026\/03\/image-1915.jpg","keywords":["AC Milan","corrup\u00e7\u00e3o","crime","Inter de Mil\u00e3o","licenciamentos","planeamento urbano"],"articleSection":["Justi\u00e7a","Not\u00edcias"],"inLanguage":"pt-PT"},{"@type":"WebPage","@id":"https:\/\/portaltela.pt\/noticias\/2026\/03\/30\/venda-do-estadio-de-san-siro-esta-a-ser-alvo-de-investigacao\/","url":"https:\/\/portaltela.pt\/noticias\/2026\/03\/30\/venda-do-estadio-de-san-siro-esta-a-ser-alvo-de-investigacao\/","name":"Venda do est\u00e1dio de San Siro est\u00e1 a ser alvo de investiga\u00e7\u00e3o - Portal Tela Portugal","isPartOf":{"@id":"https:\/\/portaltela.pt\/#website"},"primaryImageOfPage":{"@id":"https:\/\/portaltela.pt\/noticias\/2026\/03\/30\/venda-do-estadio-de-san-siro-esta-a-ser-alvo-de-investigacao\/#primaryimage"},"image":{"@id":"https:\/\/portaltela.pt\/noticias\/2026\/03\/30\/venda-do-estadio-de-san-siro-esta-a-ser-alvo-de-investigacao\/#primaryimage"},"thumbnailUrl":"https:\/\/portaltela.pt\/s.01k8rhncp4jt1\/2026\/03\/image-1915.jpg","datePublished":"2026-03-31T00:41:00+00:00","author":{"@id":"https:\/\/portaltela.pt\/#\/schema\/person\/c4278d4a6028830caff9ee44b42d32ed"},"breadcrumb":{"@id":"https:\/\/portaltela.pt\/noticias\/2026\/03\/30\/venda-do-estadio-de-san-siro-esta-a-ser-alvo-de-investigacao\/#breadcrumb"},"inLanguage":"pt-PT","potentialAction":[{"@type":"ReadAction","target":["https:\/\/portaltela.pt\/noticias\/2026\/03\/30\/venda-do-estadio-de-san-siro-esta-a-ser-alvo-de-investigacao\/"]}]},{"@type":"ImageObject","inLanguage":"pt-PT","@id":"https:\/\/portaltela.pt\/noticias\/2026\/03\/30\/venda-do-estadio-de-san-siro-esta-a-ser-alvo-de-investigacao\/#primaryimage","url":"https:\/\/portaltela.pt\/s.01k8rhncp4jt1\/2026\/03\/image-1915.jpg","contentUrl":"https:\/\/portaltela.pt\/s.01k8rhncp4jt1\/2026\/03\/image-1915.jpg","width":796,"height":448,"caption":"Foto: Stefano Rellandini\/AFP"},{"@type":"BreadcrumbList","@id":"https:\/\/portaltela.pt\/noticias\/2026\/03\/30\/venda-do-estadio-de-san-siro-esta-a-ser-alvo-de-investigacao\/#breadcrumb","itemListElement":[{"@type":"ListItem","position":1,"name":"In\u00edcio","item":"https:\/\/portaltela.pt\/"},{"@type":"ListItem","position":2,"name":"Venda do est\u00e1dio de San Siro est\u00e1 a ser alvo de investiga\u00e7\u00e3o"}]},{"@type":"WebSite","@id":"https:\/\/portaltela.pt\/#website","url":"https:\/\/portaltela.pt\/","name":"Portal Tela Portugal","description":"","potentialAction":[{"@type":"SearchAction","target":{"@type":"EntryPoint","urlTemplate":"https:\/\/portaltela.pt\/?s={search_term_string}"},"query-input":{"@type":"PropertyValueSpecification","valueRequired":true,"valueName":"search_term_string"}}],"inLanguage":"pt-PT"},{"@type":"Person","@id":"https:\/\/portaltela.pt\/#\/schema\/person\/c4278d4a6028830caff9ee44b42d32ed","name":"Telinha","image":{"@type":"ImageObject","inLanguage":"pt-PT","@id":"https:\/\/portaltela.pt\/s.01k8rhncp4jt1\/2025\/11\/talking-bot-125x125.png","url":"https:\/\/portaltela.pt\/s.01k8rhncp4jt1\/2025\/11\/talking-bot-125x125.png","contentUrl":"https:\/\/portaltela.pt\/s.01k8rhncp4jt1\/2025\/11\/talking-bot-125x125.png","caption":"Telinha"},"sameAs":["https:\/\/portaltela.pt\/"],"url":"https:\/\/portaltela.pt\/por\/367410592786\/"}]}},"_links":{"self":[{"href":"https:\/\/portaltela.pt\/api\/wp\/v2\/posts\/428533","targetHints":{"allow":["GET"]}}],"collection":[{"href":"https:\/\/portaltela.pt\/api\/wp\/v2\/posts"}],"about":[{"href":"https:\/\/portaltela.pt\/api\/wp\/v2\/types\/post"}],"author":[{"embeddable":true,"href":"https:\/\/portaltela.pt\/api\/wp\/v2\/users\/2"}],"replies":[{"embeddable":true,"href":"https:\/\/portaltela.pt\/api\/wp\/v2\/comments?post=428533"}],"version-history":[{"count":0,"href":"https:\/\/portaltela.pt\/api\/wp\/v2\/posts\/428533\/revisions"}],"wp:featuredmedia":[{"embeddable":true,"href":"https:\/\/portaltela.pt\/api\/wp\/v2\/media\/428534"}],"wp:attachment":[{"href":"https:\/\/portaltela.pt\/api\/wp\/v2\/media?parent=428533"}],"wp:term":[{"taxonomy":"category","embeddable":true,"href":"https:\/\/portaltela.pt\/api\/wp\/v2\/categories?post=428533"},{"taxonomy":"post_tag","embeddable":true,"href":"https:\/\/portaltela.pt\/api\/wp\/v2\/tags?post=428533"}],"curies":[{"name":"wp","href":"https:\/\/api.w.org\/{rel}","templated":true}]}}