{"id":428531,"date":"2026-03-31T20:47:12","date_gmt":"2026-03-31T23:47:12","guid":{"rendered":"https:\/\/portaltela.pt\/noticias\/2026\/03\/31\/herve-renard-deixa-a-arabia-saudita-e-pode-orientar-o-gana-no-mundial\/"},"modified":"2026-03-31T20:47:12","modified_gmt":"2026-03-31T23:47:12","slug":"herve-renard-deixa-a-arabia-saudita-e-pode-orientar-o-gana-no-mundial","status":"publish","type":"post","link":"https:\/\/portaltela.pt\/desporto\/futebol\/2026\/03\/31\/herve-renard-deixa-a-arabia-saudita-e-pode-orientar-o-gana-no-mundial\/","title":{"rendered":"Herv\u00e9 Renard deixa a Ar\u00e1bia Saudita e pode orientar o Gana no Mundial"},"content":{"rendered":"<p>Herv\u00e9 Renard pode deixar a Ar\u00e1bia Saudita a pouco mais de dois meses do Mundial de 2026. O t\u00e9cnico franc\u00eas est\u00e1 pr\u00f3ximo de abandonar o comando, segundo o L&#8217;\u00c9quipe, por decis\u00e3o pr\u00f3pria. O objetivo poder\u00e1 passar por orientar outra sele\u00e7\u00e3o no torneio.<\/p>\n<p>O jornal aponta que Renard \u00e9 o principal candidato a treinar o Ghana, depois de Otto Addo ter sido despedido 72 dias antes do in\u00edcio do Mundial. A mudan\u00e7a depender\u00e1 de acordos entre as partes e da da disponibilidade do treinador.<\/p>\n<h3>Situa\u00e7\u00e3o em aberto: futuro no Mundial<\/h3>\n<p>A Ar\u00e1bia Saudita prepara-se para a sua s\u00e9tima presen\u00e7a na fase final de uma Copa do Mundo. Caso n\u00e3o haja altera\u00e7\u00f5es, o pa\u00eds tamb\u00e9m assegura a participa\u00e7\u00e3o na edi\u00e7\u00e3o de 2034, que ser\u00e1 realizada em casa.<\/p>\n<h3>Contexto recente e pr\u00f3ximos passos<\/h3>\n<p>Renard j\u00e1 conduziu a Ar\u00e1bia Saudita \u00e0 vit\u00f3ria hist\u00f3rica sobre a Argentina na abertura do Mundial 2022, e reteve o apuramento para o Mundial deste ver\u00e3o. A decis\u00e3o final sobre o treinador ser\u00e1 comunicada pelas partes envolvidas ap\u00f3s negocia\u00e7\u00f5es.<\/p>\n","protected":false},"excerpt":{"rendered":"<ul>\n<li>Herv\u00e9 Renard est\u00e1 perto de abandonar o comando t\u00e9cnico da sele\u00e7\u00e3o da Ar\u00e1bia Saudita, segundo o L&#8217;\u00c9quipe.<\/li>\n<li>O treinador franc\u00eas de 57 anos \u00e9 o principal candidato a orientar o Gana, ap\u00f3s a dispensa de Otto Addo 72 dias antes do Mundial.<\/li>\n<li>A Ar\u00e1bia Saudita prepara\u2011se para a sua 7.\u00aa participa\u00e7\u00e3o numa fase final de um Mundial, com o Mundial de 2026 a arrancar a 11 de junho e a terminar a 19 de julho.<\/li>\n<li>Se seguir para o Gana, Renard pode conduzir uma sele\u00e7\u00e3o presente no Mundial de 2026.<\/li>\n<li>A confirma\u00e7\u00e3o depende de desenvolvimentos formais e de decis\u00f5es das federa\u00e7\u00f5es envolvidas.<\/li>\n<\/ul>\n","protected":false},"author":2,"featured_media":428532,"comment_status":"closed","ping_status":"closed","sticky":false,"template":"","format":"standard","meta":{"footnotes":""},"categories":[21,24],"tags":[6367,6335,32,3338,2057,2477],"class_list":["post-428531","post","type-post","status-publish","format-standard","has-post-thumbnail","hentry","category-desporto","category-futebol","tag-copa2026","tag-a-arabia","tag-futebol","tag-futebol-internacional","tag-selecao-nacional","tag-treinadores"],"yoast_head":"<!-- This site is optimized with the Yoast SEO plugin v27.2 - https:\/\/yoast.com\/product\/yoast-seo-wordpress\/ -->\n<title>Herv\u00e9 Renard deixa a Ar\u00e1bia Saudita e pode orientar o Gana no Mundial - Portal Tela Portugal<\/title>\n<meta name=\"robots\" content=\"index, follow, max-snippet:-1, max-image-preview:large, max-video-preview:-1\" \/>\n<meta property=\"og:locale\" content=\"pt_PT\" \/>\n<meta property=\"og:type\" content=\"article\" \/>\n<meta property=\"og:title\" content=\"Herv\u00e9 Renard deixa a Ar\u00e1bia Saudita e pode orientar o Gana no Mundial - Portal Tela Portugal\" \/>\n<meta property=\"og:description\" content=\"Herv\u00e9 Renard est\u00e1 perto de abandonar o comando t\u00e9cnico da sele\u00e7\u00e3o da Ar\u00e1bia Saudita, segundo o L&#039;\u00c9quipe. O treinador franc\u00eas de 57 anos \u00e9 o principal candidato a orientar o Gana, ap\u00f3s a dispensa de Otto Addo 72 dias antes do Mundial. A Ar\u00e1bia Saudita prepara\u2011se para a sua 7.\u00aa participa\u00e7\u00e3o numa fase final de um Mundial, com o Mundial de 2026 a arrancar a 11 de junho e a terminar a 19 de julho. Se seguir para o Gana, Renard pode conduzir uma sele\u00e7\u00e3o presente no Mundial de 2026. A confirma\u00e7\u00e3o depende de desenvolvimentos formais e de decis\u00f5es das federa\u00e7\u00f5es envolvidas.\" \/>\n<meta property=\"og:url\" content=\"https:\/\/portaltela.pt\/noticias\/2026\/03\/31\/herve-renard-deixa-a-arabia-saudita-e-pode-orientar-o-gana-no-mundial\/\" \/>\n<meta property=\"og:site_name\" content=\"Portal Tela Portugal\" \/>\n<meta property=\"article:published_time\" content=\"2026-03-31T23:47:12+00:00\" \/>\n<meta name=\"author\" content=\"Telinha\" \/>\n<meta name=\"twitter:card\" content=\"summary_large_image\" \/>\n<meta name=\"twitter:label1\" content=\"Escrito por\" \/>\n\t<meta name=\"twitter:data1\" content=\"Telinha\" \/>\n\t<meta name=\"twitter:label2\" content=\"Tempo estimado de leitura\" \/>\n\t<meta name=\"twitter:data2\" content=\"1 minuto\" \/>\n<script type=\"application\/ld+json\" class=\"yoast-schema-graph\">{\"@context\":\"https:\/\/schema.org\",\"@graph\":[{\"@type\":\"Article\",\"@id\":\"https:\/\/portaltela.pt\/noticias\/2026\/03\/31\/herve-renard-deixa-a-arabia-saudita-e-pode-orientar-o-gana-no-mundial\/#article\",\"isPartOf\":{\"@id\":\"https:\/\/portaltela.pt\/noticias\/2026\/03\/31\/herve-renard-deixa-a-arabia-saudita-e-pode-orientar-o-gana-no-mundial\/\"},\"author\":{\"name\":\"Telinha\",\"@id\":\"https:\/\/portaltela.pt\/#\/schema\/person\/c4278d4a6028830caff9ee44b42d32ed\"},\"headline\":\"Herv\u00e9 Renard deixa a Ar\u00e1bia Saudita e pode orientar o Gana no Mundial\",\"datePublished\":\"2026-03-31T23:47:12+00:00\",\"mainEntityOfPage\":{\"@id\":\"https:\/\/portaltela.pt\/noticias\/2026\/03\/31\/herve-renard-deixa-a-arabia-saudita-e-pode-orientar-o-gana-no-mundial\/\"},\"wordCount\":205,\"image\":{\"@id\":\"https:\/\/portaltela.pt\/noticias\/2026\/03\/31\/herve-renard-deixa-a-arabia-saudita-e-pode-orientar-o-gana-no-mundial\/#primaryimage\"},\"thumbnailUrl\":\"https:\/\/portaltela.pt\/s.01k8rhncp4jt1\/2026\/03\/img_1200x721uu2026-04-01-00-34-10-2430396.jpg\",\"keywords\":[\"#copa2026\",\"a ar\u00e1bia\",\"futebol\",\"futebol internacional\",\"Sele\u00e7\u00e3o Nacional\",\"treinadores\"],\"articleSection\":[\"Desporto\",\"Futebol\"],\"inLanguage\":\"pt-PT\"},{\"@type\":\"WebPage\",\"@id\":\"https:\/\/portaltela.pt\/noticias\/2026\/03\/31\/herve-renard-deixa-a-arabia-saudita-e-pode-orientar-o-gana-no-mundial\/\",\"url\":\"https:\/\/portaltela.pt\/noticias\/2026\/03\/31\/herve-renard-deixa-a-arabia-saudita-e-pode-orientar-o-gana-no-mundial\/\",\"name\":\"Herv\u00e9 Renard deixa a Ar\u00e1bia Saudita e pode orientar o Gana no Mundial - Portal Tela Portugal\",\"isPartOf\":{\"@id\":\"https:\/\/portaltela.pt\/#website\"},\"primaryImageOfPage\":{\"@id\":\"https:\/\/portaltela.pt\/noticias\/2026\/03\/31\/herve-renard-deixa-a-arabia-saudita-e-pode-orientar-o-gana-no-mundial\/#primaryimage\"},\"image\":{\"@id\":\"https:\/\/portaltela.pt\/noticias\/2026\/03\/31\/herve-renard-deixa-a-arabia-saudita-e-pode-orientar-o-gana-no-mundial\/#primaryimage\"},\"thumbnailUrl\":\"https:\/\/portaltela.pt\/s.01k8rhncp4jt1\/2026\/03\/img_1200x721uu2026-04-01-00-34-10-2430396.jpg\",\"datePublished\":\"2026-03-31T23:47:12+00:00\",\"author\":{\"@id\":\"https:\/\/portaltela.pt\/#\/schema\/person\/c4278d4a6028830caff9ee44b42d32ed\"},\"breadcrumb\":{\"@id\":\"https:\/\/portaltela.pt\/noticias\/2026\/03\/31\/herve-renard-deixa-a-arabia-saudita-e-pode-orientar-o-gana-no-mundial\/#breadcrumb\"},\"inLanguage\":\"pt-PT\",\"potentialAction\":[{\"@type\":\"ReadAction\",\"target\":[\"https:\/\/portaltela.pt\/noticias\/2026\/03\/31\/herve-renard-deixa-a-arabia-saudita-e-pode-orientar-o-gana-no-mundial\/\"]}]},{\"@type\":\"ImageObject\",\"inLanguage\":\"pt-PT\",\"@id\":\"https:\/\/portaltela.pt\/noticias\/2026\/03\/31\/herve-renard-deixa-a-arabia-saudita-e-pode-orientar-o-gana-no-mundial\/#primaryimage\",\"url\":\"https:\/\/portaltela.pt\/s.01k8rhncp4jt1\/2026\/03\/img_1200x721uu2026-04-01-00-34-10-2430396.jpg\",\"contentUrl\":\"https:\/\/portaltela.pt\/s.01k8rhncp4jt1\/2026\/03\/img_1200x721uu2026-04-01-00-34-10-2430396.jpg\",\"width\":796,\"height\":448,\"caption\":\"Herv\u00e9 Renard, selecionador da Ar\u00e1bia Saudita\"},{\"@type\":\"BreadcrumbList\",\"@id\":\"https:\/\/portaltela.pt\/noticias\/2026\/03\/31\/herve-renard-deixa-a-arabia-saudita-e-pode-orientar-o-gana-no-mundial\/#breadcrumb\",\"itemListElement\":[{\"@type\":\"ListItem\",\"position\":1,\"name\":\"In\u00edcio\",\"item\":\"https:\/\/portaltela.pt\/\"},{\"@type\":\"ListItem\",\"position\":2,\"name\":\"Herv\u00e9 Renard deixa a Ar\u00e1bia Saudita e pode orientar o Gana no Mundial\"}]},{\"@type\":\"WebSite\",\"@id\":\"https:\/\/portaltela.pt\/#website\",\"url\":\"https:\/\/portaltela.pt\/\",\"name\":\"Portal Tela Portugal\",\"description\":\"\",\"potentialAction\":[{\"@type\":\"SearchAction\",\"target\":{\"@type\":\"EntryPoint\",\"urlTemplate\":\"https:\/\/portaltela.pt\/?s={search_term_string}\"},\"query-input\":{\"@type\":\"PropertyValueSpecification\",\"valueRequired\":true,\"valueName\":\"search_term_string\"}}],\"inLanguage\":\"pt-PT\"},{\"@type\":\"Person\",\"@id\":\"https:\/\/portaltela.pt\/#\/schema\/person\/c4278d4a6028830caff9ee44b42d32ed\",\"name\":\"Telinha\",\"image\":{\"@type\":\"ImageObject\",\"inLanguage\":\"pt-PT\",\"@id\":\"https:\/\/portaltela.pt\/s.01k8rhncp4jt1\/2025\/11\/talking-bot-125x125.png\",\"url\":\"https:\/\/portaltela.pt\/s.01k8rhncp4jt1\/2025\/11\/talking-bot-125x125.png\",\"contentUrl\":\"https:\/\/portaltela.pt\/s.01k8rhncp4jt1\/2025\/11\/talking-bot-125x125.png\",\"caption\":\"Telinha\"},\"sameAs\":[\"https:\/\/portaltela.pt\/\"],\"url\":\"https:\/\/portaltela.pt\/por\/367410592786\/\"}]}<\/script>\n<!-- \/ Yoast SEO plugin. -->","yoast_head_json":{"title":"Herv\u00e9 Renard deixa a Ar\u00e1bia Saudita e pode orientar o Gana no Mundial - Portal Tela Portugal","robots":{"index":"index","follow":"follow","max-snippet":"max-snippet:-1","max-image-preview":"max-image-preview:large","max-video-preview":"max-video-preview:-1"},"og_locale":"pt_PT","og_type":"article","og_title":"Herv\u00e9 Renard deixa a Ar\u00e1bia Saudita e pode orientar o Gana no Mundial - Portal Tela Portugal","og_description":"Herv\u00e9 Renard est\u00e1 perto de abandonar o comando t\u00e9cnico da sele\u00e7\u00e3o da Ar\u00e1bia Saudita, segundo o L'\u00c9quipe. O treinador franc\u00eas de 57 anos \u00e9 o principal candidato a orientar o Gana, ap\u00f3s a dispensa de Otto Addo 72 dias antes do Mundial. A Ar\u00e1bia Saudita prepara\u2011se para a sua 7.\u00aa participa\u00e7\u00e3o numa fase final de um Mundial, com o Mundial de 2026 a arrancar a 11 de junho e a terminar a 19 de julho. Se seguir para o Gana, Renard pode conduzir uma sele\u00e7\u00e3o presente no Mundial de 2026. A confirma\u00e7\u00e3o depende de desenvolvimentos formais e de decis\u00f5es das federa\u00e7\u00f5es envolvidas.","og_url":"https:\/\/portaltela.pt\/noticias\/2026\/03\/31\/herve-renard-deixa-a-arabia-saudita-e-pode-orientar-o-gana-no-mundial\/","og_site_name":"Portal Tela Portugal","article_published_time":"2026-03-31T23:47:12+00:00","author":"Telinha","twitter_card":"summary_large_image","twitter_misc":{"Escrito por":"Telinha","Tempo estimado de leitura":"1 minuto"},"schema":{"@context":"https:\/\/schema.org","@graph":[{"@type":"Article","@id":"https:\/\/portaltela.pt\/noticias\/2026\/03\/31\/herve-renard-deixa-a-arabia-saudita-e-pode-orientar-o-gana-no-mundial\/#article","isPartOf":{"@id":"https:\/\/portaltela.pt\/noticias\/2026\/03\/31\/herve-renard-deixa-a-arabia-saudita-e-pode-orientar-o-gana-no-mundial\/"},"author":{"name":"Telinha","@id":"https:\/\/portaltela.pt\/#\/schema\/person\/c4278d4a6028830caff9ee44b42d32ed"},"headline":"Herv\u00e9 Renard deixa a Ar\u00e1bia Saudita e pode orientar o Gana no Mundial","datePublished":"2026-03-31T23:47:12+00:00","mainEntityOfPage":{"@id":"https:\/\/portaltela.pt\/noticias\/2026\/03\/31\/herve-renard-deixa-a-arabia-saudita-e-pode-orientar-o-gana-no-mundial\/"},"wordCount":205,"image":{"@id":"https:\/\/portaltela.pt\/noticias\/2026\/03\/31\/herve-renard-deixa-a-arabia-saudita-e-pode-orientar-o-gana-no-mundial\/#primaryimage"},"thumbnailUrl":"https:\/\/portaltela.pt\/s.01k8rhncp4jt1\/2026\/03\/img_1200x721uu2026-04-01-00-34-10-2430396.jpg","keywords":["#copa2026","a ar\u00e1bia","futebol","futebol internacional","Sele\u00e7\u00e3o Nacional","treinadores"],"articleSection":["Desporto","Futebol"],"inLanguage":"pt-PT"},{"@type":"WebPage","@id":"https:\/\/portaltela.pt\/noticias\/2026\/03\/31\/herve-renard-deixa-a-arabia-saudita-e-pode-orientar-o-gana-no-mundial\/","url":"https:\/\/portaltela.pt\/noticias\/2026\/03\/31\/herve-renard-deixa-a-arabia-saudita-e-pode-orientar-o-gana-no-mundial\/","name":"Herv\u00e9 Renard deixa a Ar\u00e1bia Saudita e pode orientar o Gana no Mundial - Portal Tela Portugal","isPartOf":{"@id":"https:\/\/portaltela.pt\/#website"},"primaryImageOfPage":{"@id":"https:\/\/portaltela.pt\/noticias\/2026\/03\/31\/herve-renard-deixa-a-arabia-saudita-e-pode-orientar-o-gana-no-mundial\/#primaryimage"},"image":{"@id":"https:\/\/portaltela.pt\/noticias\/2026\/03\/31\/herve-renard-deixa-a-arabia-saudita-e-pode-orientar-o-gana-no-mundial\/#primaryimage"},"thumbnailUrl":"https:\/\/portaltela.pt\/s.01k8rhncp4jt1\/2026\/03\/img_1200x721uu2026-04-01-00-34-10-2430396.jpg","datePublished":"2026-03-31T23:47:12+00:00","author":{"@id":"https:\/\/portaltela.pt\/#\/schema\/person\/c4278d4a6028830caff9ee44b42d32ed"},"breadcrumb":{"@id":"https:\/\/portaltela.pt\/noticias\/2026\/03\/31\/herve-renard-deixa-a-arabia-saudita-e-pode-orientar-o-gana-no-mundial\/#breadcrumb"},"inLanguage":"pt-PT","potentialAction":[{"@type":"ReadAction","target":["https:\/\/portaltela.pt\/noticias\/2026\/03\/31\/herve-renard-deixa-a-arabia-saudita-e-pode-orientar-o-gana-no-mundial\/"]}]},{"@type":"ImageObject","inLanguage":"pt-PT","@id":"https:\/\/portaltela.pt\/noticias\/2026\/03\/31\/herve-renard-deixa-a-arabia-saudita-e-pode-orientar-o-gana-no-mundial\/#primaryimage","url":"https:\/\/portaltela.pt\/s.01k8rhncp4jt1\/2026\/03\/img_1200x721uu2026-04-01-00-34-10-2430396.jpg","contentUrl":"https:\/\/portaltela.pt\/s.01k8rhncp4jt1\/2026\/03\/img_1200x721uu2026-04-01-00-34-10-2430396.jpg","width":796,"height":448,"caption":"Herv\u00e9 Renard, selecionador da Ar\u00e1bia Saudita"},{"@type":"BreadcrumbList","@id":"https:\/\/portaltela.pt\/noticias\/2026\/03\/31\/herve-renard-deixa-a-arabia-saudita-e-pode-orientar-o-gana-no-mundial\/#breadcrumb","itemListElement":[{"@type":"ListItem","position":1,"name":"In\u00edcio","item":"https:\/\/portaltela.pt\/"},{"@type":"ListItem","position":2,"name":"Herv\u00e9 Renard deixa a Ar\u00e1bia Saudita e pode orientar o Gana no Mundial"}]},{"@type":"WebSite","@id":"https:\/\/portaltela.pt\/#website","url":"https:\/\/portaltela.pt\/","name":"Portal Tela Portugal","description":"","potentialAction":[{"@type":"SearchAction","target":{"@type":"EntryPoint","urlTemplate":"https:\/\/portaltela.pt\/?s={search_term_string}"},"query-input":{"@type":"PropertyValueSpecification","valueRequired":true,"valueName":"search_term_string"}}],"inLanguage":"pt-PT"},{"@type":"Person","@id":"https:\/\/portaltela.pt\/#\/schema\/person\/c4278d4a6028830caff9ee44b42d32ed","name":"Telinha","image":{"@type":"ImageObject","inLanguage":"pt-PT","@id":"https:\/\/portaltela.pt\/s.01k8rhncp4jt1\/2025\/11\/talking-bot-125x125.png","url":"https:\/\/portaltela.pt\/s.01k8rhncp4jt1\/2025\/11\/talking-bot-125x125.png","contentUrl":"https:\/\/portaltela.pt\/s.01k8rhncp4jt1\/2025\/11\/talking-bot-125x125.png","caption":"Telinha"},"sameAs":["https:\/\/portaltela.pt\/"],"url":"https:\/\/portaltela.pt\/por\/367410592786\/"}]}},"_links":{"self":[{"href":"https:\/\/portaltela.pt\/api\/wp\/v2\/posts\/428531","targetHints":{"allow":["GET"]}}],"collection":[{"href":"https:\/\/portaltela.pt\/api\/wp\/v2\/posts"}],"about":[{"href":"https:\/\/portaltela.pt\/api\/wp\/v2\/types\/post"}],"author":[{"embeddable":true,"href":"https:\/\/portaltela.pt\/api\/wp\/v2\/users\/2"}],"replies":[{"embeddable":true,"href":"https:\/\/portaltela.pt\/api\/wp\/v2\/comments?post=428531"}],"version-history":[{"count":0,"href":"https:\/\/portaltela.pt\/api\/wp\/v2\/posts\/428531\/revisions"}],"wp:featuredmedia":[{"embeddable":true,"href":"https:\/\/portaltela.pt\/api\/wp\/v2\/media\/428532"}],"wp:attachment":[{"href":"https:\/\/portaltela.pt\/api\/wp\/v2\/media?parent=428531"}],"wp:term":[{"taxonomy":"category","embeddable":true,"href":"https:\/\/portaltela.pt\/api\/wp\/v2\/categories?post=428531"},{"taxonomy":"post_tag","embeddable":true,"href":"https:\/\/portaltela.pt\/api\/wp\/v2\/tags?post=428531"}],"curies":[{"name":"wp","href":"https:\/\/api.w.org\/{rel}","templated":true}]}}