{"id":428511,"date":"2026-03-31T20:17:12","date_gmt":"2026-03-31T23:17:12","guid":{"rendered":"https:\/\/portaltela.pt\/noticias\/2026\/03\/31\/can-2025-marrocos-desvaloriza-o-trofeu-e-foca-se-no-mundial-de-2026\/"},"modified":"2026-03-31T20:17:12","modified_gmt":"2026-03-31T23:17:12","slug":"can-2025-marrocos-desvaloriza-o-trofeu-e-foca-se-no-mundial-de-2026","status":"publish","type":"post","link":"https:\/\/portaltela.pt\/desporto\/futebol\/2026\/03\/31\/can-2025-marrocos-desvaloriza-o-trofeu-e-foca-se-no-mundial-de-2026\/","title":{"rendered":"CAN 2025: Marrocos desvaloriza o trof\u00e9u e foca-se no Mundial de 2026"},"content":{"rendered":"<p>O selecionador de Marrocos, Mohamed Ouahbi, afirmou que o foco da equipa est\u00e1 no Mundial de 2026, minimizando a controv\u00e9rsia sobre a CAN 2025. Depois de vencer o Paraguai por 2-1, em Lens, o t\u00e9cnico descartou a disputa judicial do Senegal junto do TAS e manteve a confian\u00e7a na FRMF.<\/p>\n<p>Ouahbi explicou que o grupo de trabalho est\u00e1 sob prote\u00e7\u00e3o da Federa\u00e7\u00e3o e que o objetivo imediato \u00e9 preparar a equipa para o pr\u00f3ximo Mundial, sem deixar que o lit\u00edgio afete o trabalho di\u00e1rio. O treinador preferiu n\u00e3o comentar a decis\u00e3o da CAF sobre a final da CAN.<\/p>\n<p>A CAN 2025 tornou-se tema de discuss\u00e3o ap\u00f3s o Senegal reclamar o trof\u00e9u, alegando abandono de jogo. Mesmo assim, Ouahbi garantiu que o ambiente na sele\u00e7\u00e3o marroquina n\u00e3o se alterou durante o processo de prepara\u00e7\u00e3o.<\/p>\n<p>A vit\u00f3ria sobre o Paraguai ocorreu no Est\u00e1dio Bollaert-Delelis, em Lens. No final do encontro, adeptos marroquinos cantaram a vit\u00f3ria como campe\u00f5es africanos, enquanto o Senegal manteve a sua posi\u00e7\u00e3o de que venceu no campo, por 1-0.<\/p>\n<p>Enquanto o Senegal recorre para o TAS e a CAF confirmou o castigo de derrota por 3-0 na final, o foco de Marrocos permanece na fase preparat\u00f3ria para o Mundial 2026, conforme reiterado pela comiss\u00e3o t\u00e9cnica.<\/p>\n","protected":false},"excerpt":{"rendered":"<ul>\n<li>O selecionador de Marrocos, Mohamed Ouahbi, disse que a equipa est\u00e1 focada no Mundial\u20192026, desvalorizando a controv\u00e9rsia sobre a CAN\u20192025.<\/li>\n<li>Ap\u00f3s o triunfo por 2-1 frente ao Paraguai, em Lens, Ouahbi afirmou estar confiante e sob prote\u00e7\u00e3o da Real Federa\u00e7\u00e3o Marroquina de Futebol (FRMF).<\/li>\n<li>Refor\u00e7ou que o grupo est\u00e1 a preparar-se para o Mundial e n\u00e3o comentou a decis\u00e3o da CAF, que puniu o Senegal com derrota por 3-0.<\/li>\n<li>Garantiu que os 10 dias de treino n\u00e3o incomodaram a equipa.<\/li>\n<li>No Est\u00e1dio Bollaert, adeptos marroquinos celebraram com c\u00e2nticos de \u201ccampe\u00f5es africanos\u201d, enquanto o Senegal continua a reivindicar o trof\u00e9u.<\/li>\n<\/ul>\n","protected":false},"author":2,"featured_media":428515,"comment_status":"closed","ping_status":"closed","sticky":false,"template":"","format":"standard","meta":{"footnotes":""},"categories":[21,24],"tags":[7348,32,3338,1015,2057,1883],"class_list":["post-428511","post","type-post","status-publish","format-standard","has-post-thumbnail","hentry","category-desporto","category-futebol","tag-caf","tag-futebol","tag-futebol-internacional","tag-marrocos","tag-selecao-nacional","tag-senegal"],"yoast_head":"<!-- This site is optimized with the Yoast SEO plugin v27.2 - https:\/\/yoast.com\/product\/yoast-seo-wordpress\/ -->\n<title>CAN 2025: Marrocos desvaloriza o trof\u00e9u e foca-se no Mundial de 2026 - Portal Tela Portugal<\/title>\n<meta name=\"robots\" content=\"index, follow, max-snippet:-1, max-image-preview:large, max-video-preview:-1\" \/>\n<meta property=\"og:locale\" content=\"pt_PT\" \/>\n<meta property=\"og:type\" content=\"article\" \/>\n<meta property=\"og:title\" content=\"CAN 2025: Marrocos desvaloriza o trof\u00e9u e foca-se no Mundial de 2026 - Portal Tela Portugal\" \/>\n<meta property=\"og:description\" content=\"O selecionador de Marrocos, Mohamed Ouahbi, disse que a equipa est\u00e1 focada no Mundial\u20192026, desvalorizando a controv\u00e9rsia sobre a CAN\u20192025. Ap\u00f3s o triunfo por 2-1 frente ao Paraguai, em Lens, Ouahbi afirmou estar confiante e sob prote\u00e7\u00e3o da Real Federa\u00e7\u00e3o Marroquina de Futebol (FRMF). Refor\u00e7ou que o grupo est\u00e1 a preparar-se para o Mundial e n\u00e3o comentou a decis\u00e3o da CAF, que puniu o Senegal com derrota por 3-0. Garantiu que os 10 dias de treino n\u00e3o incomodaram a equipa. No Est\u00e1dio Bollaert, adeptos marroquinos celebraram com c\u00e2nticos de \u201ccampe\u00f5es africanos\u201d, enquanto o Senegal continua a reivindicar o trof\u00e9u.\" \/>\n<meta property=\"og:url\" content=\"https:\/\/portaltela.pt\/noticias\/2026\/03\/31\/can-2025-marrocos-desvaloriza-o-trofeu-e-foca-se-no-mundial-de-2026\/\" \/>\n<meta property=\"og:site_name\" content=\"Portal Tela Portugal\" \/>\n<meta property=\"article:published_time\" content=\"2026-03-31T23:17:12+00:00\" \/>\n<meta name=\"author\" content=\"Telinha\" \/>\n<meta name=\"twitter:card\" content=\"summary_large_image\" \/>\n<meta name=\"twitter:label1\" content=\"Escrito por\" \/>\n\t<meta name=\"twitter:data1\" content=\"Telinha\" \/>\n\t<meta name=\"twitter:label2\" content=\"Tempo estimado de leitura\" \/>\n\t<meta name=\"twitter:data2\" content=\"1 minuto\" \/>\n<script type=\"application\/ld+json\" class=\"yoast-schema-graph\">{\"@context\":\"https:\/\/schema.org\",\"@graph\":[{\"@type\":\"Article\",\"@id\":\"https:\/\/portaltela.pt\/noticias\/2026\/03\/31\/can-2025-marrocos-desvaloriza-o-trofeu-e-foca-se-no-mundial-de-2026\/#article\",\"isPartOf\":{\"@id\":\"https:\/\/portaltela.pt\/noticias\/2026\/03\/31\/can-2025-marrocos-desvaloriza-o-trofeu-e-foca-se-no-mundial-de-2026\/\"},\"author\":{\"name\":\"Telinha\",\"@id\":\"https:\/\/portaltela.pt\/#\/schema\/person\/c4278d4a6028830caff9ee44b42d32ed\"},\"headline\":\"CAN 2025: Marrocos desvaloriza o trof\u00e9u e foca-se no Mundial de 2026\",\"datePublished\":\"2026-03-31T23:17:12+00:00\",\"mainEntityOfPage\":{\"@id\":\"https:\/\/portaltela.pt\/noticias\/2026\/03\/31\/can-2025-marrocos-desvaloriza-o-trofeu-e-foca-se-no-mundial-de-2026\/\"},\"wordCount\":236,\"image\":{\"@id\":\"https:\/\/portaltela.pt\/noticias\/2026\/03\/31\/can-2025-marrocos-desvaloriza-o-trofeu-e-foca-se-no-mundial-de-2026\/#primaryimage\"},\"thumbnailUrl\":\"https:\/\/portaltela.pt\/s.01k8rhncp4jt1\/2026\/03\/img_920x518uu2026-03-24-16-02-15-2429127.jpg\",\"keywords\":[\"CAF\",\"futebol\",\"futebol internacional\",\"Marrocos\",\"Sele\u00e7\u00e3o Nacional\",\"Senegal\"],\"articleSection\":[\"Desporto\",\"Futebol\"],\"inLanguage\":\"pt-PT\"},{\"@type\":\"WebPage\",\"@id\":\"https:\/\/portaltela.pt\/noticias\/2026\/03\/31\/can-2025-marrocos-desvaloriza-o-trofeu-e-foca-se-no-mundial-de-2026\/\",\"url\":\"https:\/\/portaltela.pt\/noticias\/2026\/03\/31\/can-2025-marrocos-desvaloriza-o-trofeu-e-foca-se-no-mundial-de-2026\/\",\"name\":\"CAN 2025: Marrocos desvaloriza o trof\u00e9u e foca-se no Mundial de 2026 - Portal Tela Portugal\",\"isPartOf\":{\"@id\":\"https:\/\/portaltela.pt\/#website\"},\"primaryImageOfPage\":{\"@id\":\"https:\/\/portaltela.pt\/noticias\/2026\/03\/31\/can-2025-marrocos-desvaloriza-o-trofeu-e-foca-se-no-mundial-de-2026\/#primaryimage\"},\"image\":{\"@id\":\"https:\/\/portaltela.pt\/noticias\/2026\/03\/31\/can-2025-marrocos-desvaloriza-o-trofeu-e-foca-se-no-mundial-de-2026\/#primaryimage\"},\"thumbnailUrl\":\"https:\/\/portaltela.pt\/s.01k8rhncp4jt1\/2026\/03\/img_920x518uu2026-03-24-16-02-15-2429127.jpg\",\"datePublished\":\"2026-03-31T23:17:12+00:00\",\"author\":{\"@id\":\"https:\/\/portaltela.pt\/#\/schema\/person\/c4278d4a6028830caff9ee44b42d32ed\"},\"breadcrumb\":{\"@id\":\"https:\/\/portaltela.pt\/noticias\/2026\/03\/31\/can-2025-marrocos-desvaloriza-o-trofeu-e-foca-se-no-mundial-de-2026\/#breadcrumb\"},\"inLanguage\":\"pt-PT\",\"potentialAction\":[{\"@type\":\"ReadAction\",\"target\":[\"https:\/\/portaltela.pt\/noticias\/2026\/03\/31\/can-2025-marrocos-desvaloriza-o-trofeu-e-foca-se-no-mundial-de-2026\/\"]}]},{\"@type\":\"ImageObject\",\"inLanguage\":\"pt-PT\",\"@id\":\"https:\/\/portaltela.pt\/noticias\/2026\/03\/31\/can-2025-marrocos-desvaloriza-o-trofeu-e-foca-se-no-mundial-de-2026\/#primaryimage\",\"url\":\"https:\/\/portaltela.pt\/s.01k8rhncp4jt1\/2026\/03\/img_920x518uu2026-03-24-16-02-15-2429127.jpg\",\"contentUrl\":\"https:\/\/portaltela.pt\/s.01k8rhncp4jt1\/2026\/03\/img_920x518uu2026-03-24-16-02-15-2429127.jpg\",\"width\":796,\"height\":448,\"caption\":\"Idrissa Gueye comenta decis\u00e3o da CAF sobre a CAN e defende o desempenho do Senegal\"},{\"@type\":\"BreadcrumbList\",\"@id\":\"https:\/\/portaltela.pt\/noticias\/2026\/03\/31\/can-2025-marrocos-desvaloriza-o-trofeu-e-foca-se-no-mundial-de-2026\/#breadcrumb\",\"itemListElement\":[{\"@type\":\"ListItem\",\"position\":1,\"name\":\"In\u00edcio\",\"item\":\"https:\/\/portaltela.pt\/\"},{\"@type\":\"ListItem\",\"position\":2,\"name\":\"CAN 2025: Marrocos desvaloriza o trof\u00e9u e foca-se no Mundial de 2026\"}]},{\"@type\":\"WebSite\",\"@id\":\"https:\/\/portaltela.pt\/#website\",\"url\":\"https:\/\/portaltela.pt\/\",\"name\":\"Portal Tela Portugal\",\"description\":\"\",\"potentialAction\":[{\"@type\":\"SearchAction\",\"target\":{\"@type\":\"EntryPoint\",\"urlTemplate\":\"https:\/\/portaltela.pt\/?s={search_term_string}\"},\"query-input\":{\"@type\":\"PropertyValueSpecification\",\"valueRequired\":true,\"valueName\":\"search_term_string\"}}],\"inLanguage\":\"pt-PT\"},{\"@type\":\"Person\",\"@id\":\"https:\/\/portaltela.pt\/#\/schema\/person\/c4278d4a6028830caff9ee44b42d32ed\",\"name\":\"Telinha\",\"image\":{\"@type\":\"ImageObject\",\"inLanguage\":\"pt-PT\",\"@id\":\"https:\/\/portaltela.pt\/s.01k8rhncp4jt1\/2025\/11\/talking-bot-125x125.png\",\"url\":\"https:\/\/portaltela.pt\/s.01k8rhncp4jt1\/2025\/11\/talking-bot-125x125.png\",\"contentUrl\":\"https:\/\/portaltela.pt\/s.01k8rhncp4jt1\/2025\/11\/talking-bot-125x125.png\",\"caption\":\"Telinha\"},\"sameAs\":[\"https:\/\/portaltela.pt\/\"],\"url\":\"https:\/\/portaltela.pt\/por\/367410592786\/\"}]}<\/script>\n<!-- \/ Yoast SEO plugin. -->","yoast_head_json":{"title":"CAN 2025: Marrocos desvaloriza o trof\u00e9u e foca-se no Mundial de 2026 - Portal Tela Portugal","robots":{"index":"index","follow":"follow","max-snippet":"max-snippet:-1","max-image-preview":"max-image-preview:large","max-video-preview":"max-video-preview:-1"},"og_locale":"pt_PT","og_type":"article","og_title":"CAN 2025: Marrocos desvaloriza o trof\u00e9u e foca-se no Mundial de 2026 - Portal Tela Portugal","og_description":"O selecionador de Marrocos, Mohamed Ouahbi, disse que a equipa est\u00e1 focada no Mundial\u20192026, desvalorizando a controv\u00e9rsia sobre a CAN\u20192025. Ap\u00f3s o triunfo por 2-1 frente ao Paraguai, em Lens, Ouahbi afirmou estar confiante e sob prote\u00e7\u00e3o da Real Federa\u00e7\u00e3o Marroquina de Futebol (FRMF). Refor\u00e7ou que o grupo est\u00e1 a preparar-se para o Mundial e n\u00e3o comentou a decis\u00e3o da CAF, que puniu o Senegal com derrota por 3-0. Garantiu que os 10 dias de treino n\u00e3o incomodaram a equipa. No Est\u00e1dio Bollaert, adeptos marroquinos celebraram com c\u00e2nticos de \u201ccampe\u00f5es africanos\u201d, enquanto o Senegal continua a reivindicar o trof\u00e9u.","og_url":"https:\/\/portaltela.pt\/noticias\/2026\/03\/31\/can-2025-marrocos-desvaloriza-o-trofeu-e-foca-se-no-mundial-de-2026\/","og_site_name":"Portal Tela Portugal","article_published_time":"2026-03-31T23:17:12+00:00","author":"Telinha","twitter_card":"summary_large_image","twitter_misc":{"Escrito por":"Telinha","Tempo estimado de leitura":"1 minuto"},"schema":{"@context":"https:\/\/schema.org","@graph":[{"@type":"Article","@id":"https:\/\/portaltela.pt\/noticias\/2026\/03\/31\/can-2025-marrocos-desvaloriza-o-trofeu-e-foca-se-no-mundial-de-2026\/#article","isPartOf":{"@id":"https:\/\/portaltela.pt\/noticias\/2026\/03\/31\/can-2025-marrocos-desvaloriza-o-trofeu-e-foca-se-no-mundial-de-2026\/"},"author":{"name":"Telinha","@id":"https:\/\/portaltela.pt\/#\/schema\/person\/c4278d4a6028830caff9ee44b42d32ed"},"headline":"CAN 2025: Marrocos desvaloriza o trof\u00e9u e foca-se no Mundial de 2026","datePublished":"2026-03-31T23:17:12+00:00","mainEntityOfPage":{"@id":"https:\/\/portaltela.pt\/noticias\/2026\/03\/31\/can-2025-marrocos-desvaloriza-o-trofeu-e-foca-se-no-mundial-de-2026\/"},"wordCount":236,"image":{"@id":"https:\/\/portaltela.pt\/noticias\/2026\/03\/31\/can-2025-marrocos-desvaloriza-o-trofeu-e-foca-se-no-mundial-de-2026\/#primaryimage"},"thumbnailUrl":"https:\/\/portaltela.pt\/s.01k8rhncp4jt1\/2026\/03\/img_920x518uu2026-03-24-16-02-15-2429127.jpg","keywords":["CAF","futebol","futebol internacional","Marrocos","Sele\u00e7\u00e3o Nacional","Senegal"],"articleSection":["Desporto","Futebol"],"inLanguage":"pt-PT"},{"@type":"WebPage","@id":"https:\/\/portaltela.pt\/noticias\/2026\/03\/31\/can-2025-marrocos-desvaloriza-o-trofeu-e-foca-se-no-mundial-de-2026\/","url":"https:\/\/portaltela.pt\/noticias\/2026\/03\/31\/can-2025-marrocos-desvaloriza-o-trofeu-e-foca-se-no-mundial-de-2026\/","name":"CAN 2025: Marrocos desvaloriza o trof\u00e9u e foca-se no Mundial de 2026 - Portal Tela Portugal","isPartOf":{"@id":"https:\/\/portaltela.pt\/#website"},"primaryImageOfPage":{"@id":"https:\/\/portaltela.pt\/noticias\/2026\/03\/31\/can-2025-marrocos-desvaloriza-o-trofeu-e-foca-se-no-mundial-de-2026\/#primaryimage"},"image":{"@id":"https:\/\/portaltela.pt\/noticias\/2026\/03\/31\/can-2025-marrocos-desvaloriza-o-trofeu-e-foca-se-no-mundial-de-2026\/#primaryimage"},"thumbnailUrl":"https:\/\/portaltela.pt\/s.01k8rhncp4jt1\/2026\/03\/img_920x518uu2026-03-24-16-02-15-2429127.jpg","datePublished":"2026-03-31T23:17:12+00:00","author":{"@id":"https:\/\/portaltela.pt\/#\/schema\/person\/c4278d4a6028830caff9ee44b42d32ed"},"breadcrumb":{"@id":"https:\/\/portaltela.pt\/noticias\/2026\/03\/31\/can-2025-marrocos-desvaloriza-o-trofeu-e-foca-se-no-mundial-de-2026\/#breadcrumb"},"inLanguage":"pt-PT","potentialAction":[{"@type":"ReadAction","target":["https:\/\/portaltela.pt\/noticias\/2026\/03\/31\/can-2025-marrocos-desvaloriza-o-trofeu-e-foca-se-no-mundial-de-2026\/"]}]},{"@type":"ImageObject","inLanguage":"pt-PT","@id":"https:\/\/portaltela.pt\/noticias\/2026\/03\/31\/can-2025-marrocos-desvaloriza-o-trofeu-e-foca-se-no-mundial-de-2026\/#primaryimage","url":"https:\/\/portaltela.pt\/s.01k8rhncp4jt1\/2026\/03\/img_920x518uu2026-03-24-16-02-15-2429127.jpg","contentUrl":"https:\/\/portaltela.pt\/s.01k8rhncp4jt1\/2026\/03\/img_920x518uu2026-03-24-16-02-15-2429127.jpg","width":796,"height":448,"caption":"Idrissa Gueye comenta decis\u00e3o da CAF sobre a CAN e defende o desempenho do Senegal"},{"@type":"BreadcrumbList","@id":"https:\/\/portaltela.pt\/noticias\/2026\/03\/31\/can-2025-marrocos-desvaloriza-o-trofeu-e-foca-se-no-mundial-de-2026\/#breadcrumb","itemListElement":[{"@type":"ListItem","position":1,"name":"In\u00edcio","item":"https:\/\/portaltela.pt\/"},{"@type":"ListItem","position":2,"name":"CAN 2025: Marrocos desvaloriza o trof\u00e9u e foca-se no Mundial de 2026"}]},{"@type":"WebSite","@id":"https:\/\/portaltela.pt\/#website","url":"https:\/\/portaltela.pt\/","name":"Portal Tela Portugal","description":"","potentialAction":[{"@type":"SearchAction","target":{"@type":"EntryPoint","urlTemplate":"https:\/\/portaltela.pt\/?s={search_term_string}"},"query-input":{"@type":"PropertyValueSpecification","valueRequired":true,"valueName":"search_term_string"}}],"inLanguage":"pt-PT"},{"@type":"Person","@id":"https:\/\/portaltela.pt\/#\/schema\/person\/c4278d4a6028830caff9ee44b42d32ed","name":"Telinha","image":{"@type":"ImageObject","inLanguage":"pt-PT","@id":"https:\/\/portaltela.pt\/s.01k8rhncp4jt1\/2025\/11\/talking-bot-125x125.png","url":"https:\/\/portaltela.pt\/s.01k8rhncp4jt1\/2025\/11\/talking-bot-125x125.png","contentUrl":"https:\/\/portaltela.pt\/s.01k8rhncp4jt1\/2025\/11\/talking-bot-125x125.png","caption":"Telinha"},"sameAs":["https:\/\/portaltela.pt\/"],"url":"https:\/\/portaltela.pt\/por\/367410592786\/"}]}},"_links":{"self":[{"href":"https:\/\/portaltela.pt\/api\/wp\/v2\/posts\/428511","targetHints":{"allow":["GET"]}}],"collection":[{"href":"https:\/\/portaltela.pt\/api\/wp\/v2\/posts"}],"about":[{"href":"https:\/\/portaltela.pt\/api\/wp\/v2\/types\/post"}],"author":[{"embeddable":true,"href":"https:\/\/portaltela.pt\/api\/wp\/v2\/users\/2"}],"replies":[{"embeddable":true,"href":"https:\/\/portaltela.pt\/api\/wp\/v2\/comments?post=428511"}],"version-history":[{"count":0,"href":"https:\/\/portaltela.pt\/api\/wp\/v2\/posts\/428511\/revisions"}],"wp:featuredmedia":[{"embeddable":true,"href":"https:\/\/portaltela.pt\/api\/wp\/v2\/media\/428515"}],"wp:attachment":[{"href":"https:\/\/portaltela.pt\/api\/wp\/v2\/media?parent=428511"}],"wp:term":[{"taxonomy":"category","embeddable":true,"href":"https:\/\/portaltela.pt\/api\/wp\/v2\/categories?post=428511"},{"taxonomy":"post_tag","embeddable":true,"href":"https:\/\/portaltela.pt\/api\/wp\/v2\/tags?post=428511"}],"curies":[{"name":"wp","href":"https:\/\/api.w.org\/{rel}","templated":true}]}}