{"id":428507,"date":"2026-03-31T20:09:00","date_gmt":"2026-03-31T23:09:00","guid":{"rendered":"https:\/\/portaltela.pt\/noticias\/2026\/03\/31\/aviao-militar-russo-despenha-se-na-crimeia-com-29-a-bordo-sem-sobreviventes\/"},"modified":"2026-03-31T20:09:00","modified_gmt":"2026-03-31T23:09:00","slug":"aviao-militar-russo-despenha-se-na-crimeia-com-29-a-bordo-sem-sobreviventes","status":"publish","type":"post","link":"https:\/\/portaltela.pt\/noticias\/2026\/03\/31\/aviao-militar-russo-despenha-se-na-crimeia-com-29-a-bordo-sem-sobreviventes\/","title":{"rendered":"Avi\u00e3o militar russo despenha-se na Crimeia com 29 a bordo, sem sobreviventes"},"content":{"rendered":"<p>Um avi\u00e3o militar russo An-26 despenhou-se na Crimeia, com 29 pessoas a bordo. O acidente ocorreu na tarde de 31 de mar\u00e7o, durante um voo programado sobre a pen\u00ednsula.<\/p>\n<p>Segundo o Minist\u00e9rio da Defesa, o contacto com a aeronave foi perdido por volta das 18:00, hora de Moscovo. A equipa de busca localizou o local da queda.<\/p>\n<p>As informa\u00e7\u00f5es indicam que morreram seis tripulantes e 23 passageiros no impacto. N\u00e3o foram encontrados sinais de impacto externo nos destro\u00e7os.<\/p>\n<p>A fonte militar apontou que uma falha t\u00e9cnica \u00e9 a causa prov\u00e1vel do acidente, ainda por confirmar. A investiga\u00e7\u00e3o est\u00e1 em curso pelas autoridades competentes.<\/p>\n","protected":false},"excerpt":{"rendered":"<ul>\n<li>No dia 31 de mar\u00e7o, por volta das 18h de Moscovo, foi perdido o contacto com a aeronave de transporte militar An-26 sobre a Crimeia.<\/li>\n<li>A equipa de busca localizou o local da queda da aeronave.<\/li>\n<li>A bordo estavam \u516d tripulantes e 23 passageiros, totalizando 29 pessoas mortas.<\/li>\n<li>N\u00e3o foram encontrados sinais de impacto exterior nos destro\u00e7os.<\/li>\n<li>As autoridades indicam uma falha t\u00e9cnica como prov\u00e1vel causa do acidente.<\/li>\n<\/ul>\n","protected":false},"author":2,"featured_media":428513,"comment_status":"closed","ping_status":"closed","sticky":false,"template":"","format":"standard","meta":{"footnotes":""},"categories":[6849,1],"tags":[4558,6308,5487,6789,3785,4299],"class_list":["post-428507","post","type-post","status-publish","format-standard","has-post-thumbnail","hentry","category-acidentes","category-noticias","tag-a-aeronautica","tag-a-russia","tag-acidente","tag-avioes","tag-crimeia","tag-forca-aerea"],"yoast_head":"<!-- This site is optimized with the Yoast SEO plugin v27.2 - https:\/\/yoast.com\/product\/yoast-seo-wordpress\/ -->\n<title>Avi\u00e3o militar russo despenha-se na Crimeia com 29 a bordo, sem sobreviventes - Portal Tela Portugal<\/title>\n<meta name=\"robots\" content=\"index, follow, max-snippet:-1, max-image-preview:large, max-video-preview:-1\" \/>\n<meta property=\"og:locale\" content=\"pt_PT\" \/>\n<meta property=\"og:type\" content=\"article\" \/>\n<meta property=\"og:title\" content=\"Avi\u00e3o militar russo despenha-se na Crimeia com 29 a bordo, sem sobreviventes - Portal Tela Portugal\" \/>\n<meta property=\"og:description\" content=\"No dia 31 de mar\u00e7o, por volta das 18h de Moscovo, foi perdido o contacto com a aeronave de transporte militar An-26 sobre a Crimeia. A equipa de busca localizou o local da queda da aeronave. A bordo estavam \u516d tripulantes e 23 passageiros, totalizando 29 pessoas mortas. N\u00e3o foram encontrados sinais de impacto exterior nos destro\u00e7os. As autoridades indicam uma falha t\u00e9cnica como prov\u00e1vel causa do acidente.\" \/>\n<meta property=\"og:url\" content=\"https:\/\/portaltela.pt\/noticias\/2026\/03\/31\/aviao-militar-russo-despenha-se-na-crimeia-com-29-a-bordo-sem-sobreviventes\/\" \/>\n<meta property=\"og:site_name\" content=\"Portal Tela Portugal\" \/>\n<meta property=\"article:published_time\" content=\"2026-03-31T23:09:00+00:00\" \/>\n<meta name=\"author\" content=\"Telinha\" \/>\n<meta name=\"twitter:card\" content=\"summary_large_image\" \/>\n<meta name=\"twitter:label1\" content=\"Escrito por\" \/>\n\t<meta name=\"twitter:data1\" content=\"Telinha\" \/>\n\t<meta name=\"twitter:label2\" content=\"Tempo estimado de leitura\" \/>\n\t<meta name=\"twitter:data2\" content=\"1 minuto\" \/>\n<script type=\"application\/ld+json\" class=\"yoast-schema-graph\">{\"@context\":\"https:\/\/schema.org\",\"@graph\":[{\"@type\":\"Article\",\"@id\":\"https:\/\/portaltela.pt\/noticias\/2026\/03\/31\/aviao-militar-russo-despenha-se-na-crimeia-com-29-a-bordo-sem-sobreviventes\/#article\",\"isPartOf\":{\"@id\":\"https:\/\/portaltela.pt\/noticias\/2026\/03\/31\/aviao-militar-russo-despenha-se-na-crimeia-com-29-a-bordo-sem-sobreviventes\/\"},\"author\":{\"name\":\"Telinha\",\"@id\":\"https:\/\/portaltela.pt\/#\/schema\/person\/c4278d4a6028830caff9ee44b42d32ed\"},\"headline\":\"Avi\u00e3o militar russo despenha-se na Crimeia com 29 a bordo, sem sobreviventes\",\"datePublished\":\"2026-03-31T23:09:00+00:00\",\"mainEntityOfPage\":{\"@id\":\"https:\/\/portaltela.pt\/noticias\/2026\/03\/31\/aviao-militar-russo-despenha-se-na-crimeia-com-29-a-bordo-sem-sobreviventes\/\"},\"wordCount\":120,\"image\":{\"@id\":\"https:\/\/portaltela.pt\/noticias\/2026\/03\/31\/aviao-militar-russo-despenha-se-na-crimeia-com-29-a-bordo-sem-sobreviventes\/#primaryimage\"},\"thumbnailUrl\":\"https:\/\/portaltela.pt\/s.01k8rhncp4jt1\/2026\/03\/image-1912.jpg\",\"keywords\":[\"a aeron\u00e1utica\",\"a R\u00fassia\",\"acidente\",\"avi\u00f5es\",\"Crimeia\",\"For\u00e7a A\u00e9rea\"],\"articleSection\":[\"Acidentes\",\"Not\u00edcias\"],\"inLanguage\":\"pt-PT\"},{\"@type\":\"WebPage\",\"@id\":\"https:\/\/portaltela.pt\/noticias\/2026\/03\/31\/aviao-militar-russo-despenha-se-na-crimeia-com-29-a-bordo-sem-sobreviventes\/\",\"url\":\"https:\/\/portaltela.pt\/noticias\/2026\/03\/31\/aviao-militar-russo-despenha-se-na-crimeia-com-29-a-bordo-sem-sobreviventes\/\",\"name\":\"Avi\u00e3o militar russo despenha-se na Crimeia com 29 a bordo, sem sobreviventes - Portal Tela Portugal\",\"isPartOf\":{\"@id\":\"https:\/\/portaltela.pt\/#website\"},\"primaryImageOfPage\":{\"@id\":\"https:\/\/portaltela.pt\/noticias\/2026\/03\/31\/aviao-militar-russo-despenha-se-na-crimeia-com-29-a-bordo-sem-sobreviventes\/#primaryimage\"},\"image\":{\"@id\":\"https:\/\/portaltela.pt\/noticias\/2026\/03\/31\/aviao-militar-russo-despenha-se-na-crimeia-com-29-a-bordo-sem-sobreviventes\/#primaryimage\"},\"thumbnailUrl\":\"https:\/\/portaltela.pt\/s.01k8rhncp4jt1\/2026\/03\/image-1912.jpg\",\"datePublished\":\"2026-03-31T23:09:00+00:00\",\"author\":{\"@id\":\"https:\/\/portaltela.pt\/#\/schema\/person\/c4278d4a6028830caff9ee44b42d32ed\"},\"breadcrumb\":{\"@id\":\"https:\/\/portaltela.pt\/noticias\/2026\/03\/31\/aviao-militar-russo-despenha-se-na-crimeia-com-29-a-bordo-sem-sobreviventes\/#breadcrumb\"},\"inLanguage\":\"pt-PT\",\"potentialAction\":[{\"@type\":\"ReadAction\",\"target\":[\"https:\/\/portaltela.pt\/noticias\/2026\/03\/31\/aviao-militar-russo-despenha-se-na-crimeia-com-29-a-bordo-sem-sobreviventes\/\"]}]},{\"@type\":\"ImageObject\",\"inLanguage\":\"pt-PT\",\"@id\":\"https:\/\/portaltela.pt\/noticias\/2026\/03\/31\/aviao-militar-russo-despenha-se-na-crimeia-com-29-a-bordo-sem-sobreviventes\/#primaryimage\",\"url\":\"https:\/\/portaltela.pt\/s.01k8rhncp4jt1\/2026\/03\/image-1912.jpg\",\"contentUrl\":\"https:\/\/portaltela.pt\/s.01k8rhncp4jt1\/2026\/03\/image-1912.jpg\",\"width\":796,\"height\":448,\"caption\":\"Imagem de contexto do artigo Avi\u00e3o militar russo despenha-se na Crimeia com 29 pessoas a bordo. N\u00e3o h\u00e1 sobreviventes\"},{\"@type\":\"BreadcrumbList\",\"@id\":\"https:\/\/portaltela.pt\/noticias\/2026\/03\/31\/aviao-militar-russo-despenha-se-na-crimeia-com-29-a-bordo-sem-sobreviventes\/#breadcrumb\",\"itemListElement\":[{\"@type\":\"ListItem\",\"position\":1,\"name\":\"In\u00edcio\",\"item\":\"https:\/\/portaltela.pt\/\"},{\"@type\":\"ListItem\",\"position\":2,\"name\":\"Avi\u00e3o militar russo despenha-se na Crimeia com 29 a bordo, sem sobreviventes\"}]},{\"@type\":\"WebSite\",\"@id\":\"https:\/\/portaltela.pt\/#website\",\"url\":\"https:\/\/portaltela.pt\/\",\"name\":\"Portal Tela Portugal\",\"description\":\"\",\"potentialAction\":[{\"@type\":\"SearchAction\",\"target\":{\"@type\":\"EntryPoint\",\"urlTemplate\":\"https:\/\/portaltela.pt\/?s={search_term_string}\"},\"query-input\":{\"@type\":\"PropertyValueSpecification\",\"valueRequired\":true,\"valueName\":\"search_term_string\"}}],\"inLanguage\":\"pt-PT\"},{\"@type\":\"Person\",\"@id\":\"https:\/\/portaltela.pt\/#\/schema\/person\/c4278d4a6028830caff9ee44b42d32ed\",\"name\":\"Telinha\",\"image\":{\"@type\":\"ImageObject\",\"inLanguage\":\"pt-PT\",\"@id\":\"https:\/\/portaltela.pt\/s.01k8rhncp4jt1\/2025\/11\/talking-bot-125x125.png\",\"url\":\"https:\/\/portaltela.pt\/s.01k8rhncp4jt1\/2025\/11\/talking-bot-125x125.png\",\"contentUrl\":\"https:\/\/portaltela.pt\/s.01k8rhncp4jt1\/2025\/11\/talking-bot-125x125.png\",\"caption\":\"Telinha\"},\"sameAs\":[\"https:\/\/portaltela.pt\/\"],\"url\":\"https:\/\/portaltela.pt\/por\/367410592786\/\"}]}<\/script>\n<!-- \/ Yoast SEO plugin. -->","yoast_head_json":{"title":"Avi\u00e3o militar russo despenha-se na Crimeia com 29 a bordo, sem sobreviventes - Portal Tela Portugal","robots":{"index":"index","follow":"follow","max-snippet":"max-snippet:-1","max-image-preview":"max-image-preview:large","max-video-preview":"max-video-preview:-1"},"og_locale":"pt_PT","og_type":"article","og_title":"Avi\u00e3o militar russo despenha-se na Crimeia com 29 a bordo, sem sobreviventes - Portal Tela Portugal","og_description":"No dia 31 de mar\u00e7o, por volta das 18h de Moscovo, foi perdido o contacto com a aeronave de transporte militar An-26 sobre a Crimeia. A equipa de busca localizou o local da queda da aeronave. A bordo estavam \u516d tripulantes e 23 passageiros, totalizando 29 pessoas mortas. N\u00e3o foram encontrados sinais de impacto exterior nos destro\u00e7os. As autoridades indicam uma falha t\u00e9cnica como prov\u00e1vel causa do acidente.","og_url":"https:\/\/portaltela.pt\/noticias\/2026\/03\/31\/aviao-militar-russo-despenha-se-na-crimeia-com-29-a-bordo-sem-sobreviventes\/","og_site_name":"Portal Tela Portugal","article_published_time":"2026-03-31T23:09:00+00:00","author":"Telinha","twitter_card":"summary_large_image","twitter_misc":{"Escrito por":"Telinha","Tempo estimado de leitura":"1 minuto"},"schema":{"@context":"https:\/\/schema.org","@graph":[{"@type":"Article","@id":"https:\/\/portaltela.pt\/noticias\/2026\/03\/31\/aviao-militar-russo-despenha-se-na-crimeia-com-29-a-bordo-sem-sobreviventes\/#article","isPartOf":{"@id":"https:\/\/portaltela.pt\/noticias\/2026\/03\/31\/aviao-militar-russo-despenha-se-na-crimeia-com-29-a-bordo-sem-sobreviventes\/"},"author":{"name":"Telinha","@id":"https:\/\/portaltela.pt\/#\/schema\/person\/c4278d4a6028830caff9ee44b42d32ed"},"headline":"Avi\u00e3o militar russo despenha-se na Crimeia com 29 a bordo, sem sobreviventes","datePublished":"2026-03-31T23:09:00+00:00","mainEntityOfPage":{"@id":"https:\/\/portaltela.pt\/noticias\/2026\/03\/31\/aviao-militar-russo-despenha-se-na-crimeia-com-29-a-bordo-sem-sobreviventes\/"},"wordCount":120,"image":{"@id":"https:\/\/portaltela.pt\/noticias\/2026\/03\/31\/aviao-militar-russo-despenha-se-na-crimeia-com-29-a-bordo-sem-sobreviventes\/#primaryimage"},"thumbnailUrl":"https:\/\/portaltela.pt\/s.01k8rhncp4jt1\/2026\/03\/image-1912.jpg","keywords":["a aeron\u00e1utica","a R\u00fassia","acidente","avi\u00f5es","Crimeia","For\u00e7a A\u00e9rea"],"articleSection":["Acidentes","Not\u00edcias"],"inLanguage":"pt-PT"},{"@type":"WebPage","@id":"https:\/\/portaltela.pt\/noticias\/2026\/03\/31\/aviao-militar-russo-despenha-se-na-crimeia-com-29-a-bordo-sem-sobreviventes\/","url":"https:\/\/portaltela.pt\/noticias\/2026\/03\/31\/aviao-militar-russo-despenha-se-na-crimeia-com-29-a-bordo-sem-sobreviventes\/","name":"Avi\u00e3o militar russo despenha-se na Crimeia com 29 a bordo, sem sobreviventes - Portal Tela Portugal","isPartOf":{"@id":"https:\/\/portaltela.pt\/#website"},"primaryImageOfPage":{"@id":"https:\/\/portaltela.pt\/noticias\/2026\/03\/31\/aviao-militar-russo-despenha-se-na-crimeia-com-29-a-bordo-sem-sobreviventes\/#primaryimage"},"image":{"@id":"https:\/\/portaltela.pt\/noticias\/2026\/03\/31\/aviao-militar-russo-despenha-se-na-crimeia-com-29-a-bordo-sem-sobreviventes\/#primaryimage"},"thumbnailUrl":"https:\/\/portaltela.pt\/s.01k8rhncp4jt1\/2026\/03\/image-1912.jpg","datePublished":"2026-03-31T23:09:00+00:00","author":{"@id":"https:\/\/portaltela.pt\/#\/schema\/person\/c4278d4a6028830caff9ee44b42d32ed"},"breadcrumb":{"@id":"https:\/\/portaltela.pt\/noticias\/2026\/03\/31\/aviao-militar-russo-despenha-se-na-crimeia-com-29-a-bordo-sem-sobreviventes\/#breadcrumb"},"inLanguage":"pt-PT","potentialAction":[{"@type":"ReadAction","target":["https:\/\/portaltela.pt\/noticias\/2026\/03\/31\/aviao-militar-russo-despenha-se-na-crimeia-com-29-a-bordo-sem-sobreviventes\/"]}]},{"@type":"ImageObject","inLanguage":"pt-PT","@id":"https:\/\/portaltela.pt\/noticias\/2026\/03\/31\/aviao-militar-russo-despenha-se-na-crimeia-com-29-a-bordo-sem-sobreviventes\/#primaryimage","url":"https:\/\/portaltela.pt\/s.01k8rhncp4jt1\/2026\/03\/image-1912.jpg","contentUrl":"https:\/\/portaltela.pt\/s.01k8rhncp4jt1\/2026\/03\/image-1912.jpg","width":796,"height":448,"caption":"Imagem de contexto do artigo Avi\u00e3o militar russo despenha-se na Crimeia com 29 pessoas a bordo. N\u00e3o h\u00e1 sobreviventes"},{"@type":"BreadcrumbList","@id":"https:\/\/portaltela.pt\/noticias\/2026\/03\/31\/aviao-militar-russo-despenha-se-na-crimeia-com-29-a-bordo-sem-sobreviventes\/#breadcrumb","itemListElement":[{"@type":"ListItem","position":1,"name":"In\u00edcio","item":"https:\/\/portaltela.pt\/"},{"@type":"ListItem","position":2,"name":"Avi\u00e3o militar russo despenha-se na Crimeia com 29 a bordo, sem sobreviventes"}]},{"@type":"WebSite","@id":"https:\/\/portaltela.pt\/#website","url":"https:\/\/portaltela.pt\/","name":"Portal Tela Portugal","description":"","potentialAction":[{"@type":"SearchAction","target":{"@type":"EntryPoint","urlTemplate":"https:\/\/portaltela.pt\/?s={search_term_string}"},"query-input":{"@type":"PropertyValueSpecification","valueRequired":true,"valueName":"search_term_string"}}],"inLanguage":"pt-PT"},{"@type":"Person","@id":"https:\/\/portaltela.pt\/#\/schema\/person\/c4278d4a6028830caff9ee44b42d32ed","name":"Telinha","image":{"@type":"ImageObject","inLanguage":"pt-PT","@id":"https:\/\/portaltela.pt\/s.01k8rhncp4jt1\/2025\/11\/talking-bot-125x125.png","url":"https:\/\/portaltela.pt\/s.01k8rhncp4jt1\/2025\/11\/talking-bot-125x125.png","contentUrl":"https:\/\/portaltela.pt\/s.01k8rhncp4jt1\/2025\/11\/talking-bot-125x125.png","caption":"Telinha"},"sameAs":["https:\/\/portaltela.pt\/"],"url":"https:\/\/portaltela.pt\/por\/367410592786\/"}]}},"_links":{"self":[{"href":"https:\/\/portaltela.pt\/api\/wp\/v2\/posts\/428507","targetHints":{"allow":["GET"]}}],"collection":[{"href":"https:\/\/portaltela.pt\/api\/wp\/v2\/posts"}],"about":[{"href":"https:\/\/portaltela.pt\/api\/wp\/v2\/types\/post"}],"author":[{"embeddable":true,"href":"https:\/\/portaltela.pt\/api\/wp\/v2\/users\/2"}],"replies":[{"embeddable":true,"href":"https:\/\/portaltela.pt\/api\/wp\/v2\/comments?post=428507"}],"version-history":[{"count":0,"href":"https:\/\/portaltela.pt\/api\/wp\/v2\/posts\/428507\/revisions"}],"wp:featuredmedia":[{"embeddable":true,"href":"https:\/\/portaltela.pt\/api\/wp\/v2\/media\/428513"}],"wp:attachment":[{"href":"https:\/\/portaltela.pt\/api\/wp\/v2\/media?parent=428507"}],"wp:term":[{"taxonomy":"category","embeddable":true,"href":"https:\/\/portaltela.pt\/api\/wp\/v2\/categories?post=428507"},{"taxonomy":"post_tag","embeddable":true,"href":"https:\/\/portaltela.pt\/api\/wp\/v2\/tags?post=428507"}],"curies":[{"name":"wp","href":"https:\/\/api.w.org\/{rel}","templated":true}]}}