{"id":428478,"date":"2026-03-31T19:32:36","date_gmt":"2026-03-31T22:32:36","guid":{"rendered":"https:\/\/portaltela.pt\/noticias\/2026\/03\/31\/rui-borges-cita-guardiola-e-enrique-e-aponta-desafio-apos-sporting-ao-bodo-glimt\/"},"modified":"2026-03-31T19:32:36","modified_gmt":"2026-03-31T22:32:36","slug":"rui-borges-cita-guardiola-e-enrique-e-aponta-desafio-apos-sporting-ao-bodo-glimt","status":"publish","type":"post","link":"https:\/\/portaltela.pt\/desporto\/futebol\/2026\/03\/31\/rui-borges-cita-guardiola-e-enrique-e-aponta-desafio-apos-sporting-ao-bodo-glimt\/","title":{"rendered":"Rui Borges cita Guardiola e Enrique e aponta desafio ap\u00f3s Sporting ao Bodo-Glimt"},"content":{"rendered":"<p>O treinador Rui Borges esteve presente no F\u00f3rum ANTF 2026, em Albufeira, para falar sobre treino de alto rendimento. O encontro reuniu especialistas e curiosos do sector desportivo, com o objetivo de discutir estrat\u00e9gias para manter o rendimento da equipa.<\/p>\n<p>Borges mencionou a gest\u00e3o de cansa\u00e7o de uma equipa que encara uma agenda exigente. O t\u00e9cnico do Sporting aproveitou a sess\u00e3o para partilhar a perspetiva sobre como manter os jogadores frescos at\u00e9 ao fim do ano desportivo, em contexto de competi\u00e7\u00e3o intensa.<\/p>\n<p>O painel, moderado por Tarantini, treinador do Paredes, contou ainda com Paulo Fonseca, treinador do Lyon, que participou via videoconfer\u00eancia, e com Carlos Carvalhal. A interven\u00e7\u00e3o de Borges surgiu na sequ\u00eancia da recente reviravolta do Sporting frente ao Bod\u00f8\/Glimt.<\/p>\n<h3>Painel de alto rendimento<\/h3>\n<p>A sess\u00e3o teve como foco as estrat\u00e9gias de treino e recupera\u00e7\u00e3o para equipas com carga de jogos elevada. Borges detalhou abordagens para gerir o planeamento semanal, recupera\u00e7\u00e3o f\u00edsica e intensidade das sess\u00f5es, adaptando-as ao calend\u00e1rio.<\/p>\n","protected":false},"excerpt":{"rendered":"<ul>\n<li>Rui Borges, treinador do Sporting, participou no F\u00f3rum ANTF 2026 em Albufeira, num painel sobre treino de alto rendimento.<\/li>\n<li>Durante o painel, citou Guardiola e Luis Enrique como refer\u00eancias na gest\u00e3o de equipas e no treino.<\/li>\n<li>Borges revelou o desafio de manter o Sporting fresco ap\u00f3s a reviravolta frente ao Bodo\/Glimt.<\/li>\n<li>O painel foi moderado por Tarantini (t\u00e9cnico do Paredes) e contou com Paulo Fonseca via videoconfer\u00eancia e Carlos Carvalhal.<\/li>\n<li>O t\u00e9cnico refor\u00e7ou a import\u00e2ncia de gerir o cansa\u00e7o da equipa para manter o rendimento frente aos pr\u00f3ximos compromissos at\u00e9 ao final da \u00e9poca desportiva.<\/li>\n<\/ul>\n","protected":false},"author":2,"featured_media":428483,"comment_status":"closed","ping_status":"closed","sticky":false,"template":"","format":"standard","meta":{"footnotes":""},"categories":[21,24],"tags":[7485,7668,32,3928,1652,2477],"class_list":["post-428478","post","type-post","status-publish","format-standard","has-post-thumbnail","hentry","category-desporto","category-futebol","tag-alto-rendimento","tag-carlos-carvalhal","tag-futebol","tag-paulo-fonseca","tag-sporting","tag-treinadores"],"yoast_head":"<!-- This site is optimized with the Yoast SEO plugin v27.2 - https:\/\/yoast.com\/product\/yoast-seo-wordpress\/ -->\n<title>Rui Borges cita Guardiola e Enrique e aponta desafio ap\u00f3s Sporting ao Bodo-Glimt - Portal Tela Portugal<\/title>\n<meta name=\"robots\" content=\"index, follow, max-snippet:-1, max-image-preview:large, max-video-preview:-1\" \/>\n<meta property=\"og:locale\" content=\"pt_PT\" \/>\n<meta property=\"og:type\" content=\"article\" \/>\n<meta property=\"og:title\" content=\"Rui Borges cita Guardiola e Enrique e aponta desafio ap\u00f3s Sporting ao Bodo-Glimt - Portal Tela Portugal\" \/>\n<meta property=\"og:description\" content=\"Rui Borges, treinador do Sporting, participou no F\u00f3rum ANTF 2026 em Albufeira, num painel sobre treino de alto rendimento. Durante o painel, citou Guardiola e Luis Enrique como refer\u00eancias na gest\u00e3o de equipas e no treino. Borges revelou o desafio de manter o Sporting fresco ap\u00f3s a reviravolta frente ao Bodo\/Glimt. O painel foi moderado por Tarantini (t\u00e9cnico do Paredes) e contou com Paulo Fonseca via videoconfer\u00eancia e Carlos Carvalhal. O t\u00e9cnico refor\u00e7ou a import\u00e2ncia de gerir o cansa\u00e7o da equipa para manter o rendimento frente aos pr\u00f3ximos compromissos at\u00e9 ao final da \u00e9poca desportiva.\" \/>\n<meta property=\"og:url\" content=\"https:\/\/portaltela.pt\/noticias\/2026\/03\/31\/rui-borges-cita-guardiola-e-enrique-e-aponta-desafio-apos-sporting-ao-bodo-glimt\/\" \/>\n<meta property=\"og:site_name\" content=\"Portal Tela Portugal\" \/>\n<meta property=\"article:published_time\" content=\"2026-03-31T22:32:36+00:00\" \/>\n<meta name=\"author\" content=\"Telinha\" \/>\n<meta name=\"twitter:card\" content=\"summary_large_image\" \/>\n<meta name=\"twitter:label1\" content=\"Escrito por\" \/>\n\t<meta name=\"twitter:data1\" content=\"Telinha\" \/>\n\t<meta name=\"twitter:label2\" content=\"Tempo estimado de leitura\" \/>\n\t<meta name=\"twitter:data2\" content=\"1 minuto\" \/>\n<script type=\"application\/ld+json\" class=\"yoast-schema-graph\">{\"@context\":\"https:\/\/schema.org\",\"@graph\":[{\"@type\":\"Article\",\"@id\":\"https:\/\/portaltela.pt\/noticias\/2026\/03\/31\/rui-borges-cita-guardiola-e-enrique-e-aponta-desafio-apos-sporting-ao-bodo-glimt\/#article\",\"isPartOf\":{\"@id\":\"https:\/\/portaltela.pt\/noticias\/2026\/03\/31\/rui-borges-cita-guardiola-e-enrique-e-aponta-desafio-apos-sporting-ao-bodo-glimt\/\"},\"author\":{\"name\":\"Telinha\",\"@id\":\"https:\/\/portaltela.pt\/#\/schema\/person\/c4278d4a6028830caff9ee44b42d32ed\"},\"headline\":\"Rui Borges cita Guardiola e Enrique e aponta desafio ap\u00f3s Sporting ao Bodo-Glimt\",\"datePublished\":\"2026-03-31T22:32:36+00:00\",\"mainEntityOfPage\":{\"@id\":\"https:\/\/portaltela.pt\/noticias\/2026\/03\/31\/rui-borges-cita-guardiola-e-enrique-e-aponta-desafio-apos-sporting-ao-bodo-glimt\/\"},\"wordCount\":191,\"image\":{\"@id\":\"https:\/\/portaltela.pt\/noticias\/2026\/03\/31\/rui-borges-cita-guardiola-e-enrique-e-aponta-desafio-apos-sporting-ao-bodo-glimt\/#primaryimage\"},\"thumbnailUrl\":\"https:\/\/portaltela.pt\/s.01k8rhncp4jt1\/2026\/03\/img_1200x721uu2026-03-31-23-03-32-2430383.jpg\",\"keywords\":[\"Alto Rendimento\",\"Carlos Carvalhal\",\"futebol\",\"Paulo Fonseca\",\"Sporting\",\"treinadores\"],\"articleSection\":[\"Desporto\",\"Futebol\"],\"inLanguage\":\"pt-PT\"},{\"@type\":\"WebPage\",\"@id\":\"https:\/\/portaltela.pt\/noticias\/2026\/03\/31\/rui-borges-cita-guardiola-e-enrique-e-aponta-desafio-apos-sporting-ao-bodo-glimt\/\",\"url\":\"https:\/\/portaltela.pt\/noticias\/2026\/03\/31\/rui-borges-cita-guardiola-e-enrique-e-aponta-desafio-apos-sporting-ao-bodo-glimt\/\",\"name\":\"Rui Borges cita Guardiola e Enrique e aponta desafio ap\u00f3s Sporting ao Bodo-Glimt - Portal Tela Portugal\",\"isPartOf\":{\"@id\":\"https:\/\/portaltela.pt\/#website\"},\"primaryImageOfPage\":{\"@id\":\"https:\/\/portaltela.pt\/noticias\/2026\/03\/31\/rui-borges-cita-guardiola-e-enrique-e-aponta-desafio-apos-sporting-ao-bodo-glimt\/#primaryimage\"},\"image\":{\"@id\":\"https:\/\/portaltela.pt\/noticias\/2026\/03\/31\/rui-borges-cita-guardiola-e-enrique-e-aponta-desafio-apos-sporting-ao-bodo-glimt\/#primaryimage\"},\"thumbnailUrl\":\"https:\/\/portaltela.pt\/s.01k8rhncp4jt1\/2026\/03\/img_1200x721uu2026-03-31-23-03-32-2430383.jpg\",\"datePublished\":\"2026-03-31T22:32:36+00:00\",\"author\":{\"@id\":\"https:\/\/portaltela.pt\/#\/schema\/person\/c4278d4a6028830caff9ee44b42d32ed\"},\"breadcrumb\":{\"@id\":\"https:\/\/portaltela.pt\/noticias\/2026\/03\/31\/rui-borges-cita-guardiola-e-enrique-e-aponta-desafio-apos-sporting-ao-bodo-glimt\/#breadcrumb\"},\"inLanguage\":\"pt-PT\",\"potentialAction\":[{\"@type\":\"ReadAction\",\"target\":[\"https:\/\/portaltela.pt\/noticias\/2026\/03\/31\/rui-borges-cita-guardiola-e-enrique-e-aponta-desafio-apos-sporting-ao-bodo-glimt\/\"]}]},{\"@type\":\"ImageObject\",\"inLanguage\":\"pt-PT\",\"@id\":\"https:\/\/portaltela.pt\/noticias\/2026\/03\/31\/rui-borges-cita-guardiola-e-enrique-e-aponta-desafio-apos-sporting-ao-bodo-glimt\/#primaryimage\",\"url\":\"https:\/\/portaltela.pt\/s.01k8rhncp4jt1\/2026\/03\/img_1200x721uu2026-03-31-23-03-32-2430383.jpg\",\"contentUrl\":\"https:\/\/portaltela.pt\/s.01k8rhncp4jt1\/2026\/03\/img_1200x721uu2026-03-31-23-03-32-2430383.jpg\",\"width\":796,\"height\":448,\"caption\":\"Treinador do Sporting marcou presen\u00e7a no F\u00f3rum ANTF, em Albufeira, num painel sobre o treino de alto rendimento\"},{\"@type\":\"BreadcrumbList\",\"@id\":\"https:\/\/portaltela.pt\/noticias\/2026\/03\/31\/rui-borges-cita-guardiola-e-enrique-e-aponta-desafio-apos-sporting-ao-bodo-glimt\/#breadcrumb\",\"itemListElement\":[{\"@type\":\"ListItem\",\"position\":1,\"name\":\"In\u00edcio\",\"item\":\"https:\/\/portaltela.pt\/\"},{\"@type\":\"ListItem\",\"position\":2,\"name\":\"Rui Borges cita Guardiola e Enrique e aponta desafio ap\u00f3s Sporting ao Bodo-Glimt\"}]},{\"@type\":\"WebSite\",\"@id\":\"https:\/\/portaltela.pt\/#website\",\"url\":\"https:\/\/portaltela.pt\/\",\"name\":\"Portal Tela Portugal\",\"description\":\"\",\"potentialAction\":[{\"@type\":\"SearchAction\",\"target\":{\"@type\":\"EntryPoint\",\"urlTemplate\":\"https:\/\/portaltela.pt\/?s={search_term_string}\"},\"query-input\":{\"@type\":\"PropertyValueSpecification\",\"valueRequired\":true,\"valueName\":\"search_term_string\"}}],\"inLanguage\":\"pt-PT\"},{\"@type\":\"Person\",\"@id\":\"https:\/\/portaltela.pt\/#\/schema\/person\/c4278d4a6028830caff9ee44b42d32ed\",\"name\":\"Telinha\",\"image\":{\"@type\":\"ImageObject\",\"inLanguage\":\"pt-PT\",\"@id\":\"https:\/\/portaltela.pt\/s.01k8rhncp4jt1\/2025\/11\/talking-bot-125x125.png\",\"url\":\"https:\/\/portaltela.pt\/s.01k8rhncp4jt1\/2025\/11\/talking-bot-125x125.png\",\"contentUrl\":\"https:\/\/portaltela.pt\/s.01k8rhncp4jt1\/2025\/11\/talking-bot-125x125.png\",\"caption\":\"Telinha\"},\"sameAs\":[\"https:\/\/portaltela.pt\/\"],\"url\":\"https:\/\/portaltela.pt\/por\/367410592786\/\"}]}<\/script>\n<!-- \/ Yoast SEO plugin. -->","yoast_head_json":{"title":"Rui Borges cita Guardiola e Enrique e aponta desafio ap\u00f3s Sporting ao Bodo-Glimt - Portal Tela Portugal","robots":{"index":"index","follow":"follow","max-snippet":"max-snippet:-1","max-image-preview":"max-image-preview:large","max-video-preview":"max-video-preview:-1"},"og_locale":"pt_PT","og_type":"article","og_title":"Rui Borges cita Guardiola e Enrique e aponta desafio ap\u00f3s Sporting ao Bodo-Glimt - Portal Tela Portugal","og_description":"Rui Borges, treinador do Sporting, participou no F\u00f3rum ANTF 2026 em Albufeira, num painel sobre treino de alto rendimento. Durante o painel, citou Guardiola e Luis Enrique como refer\u00eancias na gest\u00e3o de equipas e no treino. Borges revelou o desafio de manter o Sporting fresco ap\u00f3s a reviravolta frente ao Bodo\/Glimt. O painel foi moderado por Tarantini (t\u00e9cnico do Paredes) e contou com Paulo Fonseca via videoconfer\u00eancia e Carlos Carvalhal. O t\u00e9cnico refor\u00e7ou a import\u00e2ncia de gerir o cansa\u00e7o da equipa para manter o rendimento frente aos pr\u00f3ximos compromissos at\u00e9 ao final da \u00e9poca desportiva.","og_url":"https:\/\/portaltela.pt\/noticias\/2026\/03\/31\/rui-borges-cita-guardiola-e-enrique-e-aponta-desafio-apos-sporting-ao-bodo-glimt\/","og_site_name":"Portal Tela Portugal","article_published_time":"2026-03-31T22:32:36+00:00","author":"Telinha","twitter_card":"summary_large_image","twitter_misc":{"Escrito por":"Telinha","Tempo estimado de leitura":"1 minuto"},"schema":{"@context":"https:\/\/schema.org","@graph":[{"@type":"Article","@id":"https:\/\/portaltela.pt\/noticias\/2026\/03\/31\/rui-borges-cita-guardiola-e-enrique-e-aponta-desafio-apos-sporting-ao-bodo-glimt\/#article","isPartOf":{"@id":"https:\/\/portaltela.pt\/noticias\/2026\/03\/31\/rui-borges-cita-guardiola-e-enrique-e-aponta-desafio-apos-sporting-ao-bodo-glimt\/"},"author":{"name":"Telinha","@id":"https:\/\/portaltela.pt\/#\/schema\/person\/c4278d4a6028830caff9ee44b42d32ed"},"headline":"Rui Borges cita Guardiola e Enrique e aponta desafio ap\u00f3s Sporting ao Bodo-Glimt","datePublished":"2026-03-31T22:32:36+00:00","mainEntityOfPage":{"@id":"https:\/\/portaltela.pt\/noticias\/2026\/03\/31\/rui-borges-cita-guardiola-e-enrique-e-aponta-desafio-apos-sporting-ao-bodo-glimt\/"},"wordCount":191,"image":{"@id":"https:\/\/portaltela.pt\/noticias\/2026\/03\/31\/rui-borges-cita-guardiola-e-enrique-e-aponta-desafio-apos-sporting-ao-bodo-glimt\/#primaryimage"},"thumbnailUrl":"https:\/\/portaltela.pt\/s.01k8rhncp4jt1\/2026\/03\/img_1200x721uu2026-03-31-23-03-32-2430383.jpg","keywords":["Alto Rendimento","Carlos Carvalhal","futebol","Paulo Fonseca","Sporting","treinadores"],"articleSection":["Desporto","Futebol"],"inLanguage":"pt-PT"},{"@type":"WebPage","@id":"https:\/\/portaltela.pt\/noticias\/2026\/03\/31\/rui-borges-cita-guardiola-e-enrique-e-aponta-desafio-apos-sporting-ao-bodo-glimt\/","url":"https:\/\/portaltela.pt\/noticias\/2026\/03\/31\/rui-borges-cita-guardiola-e-enrique-e-aponta-desafio-apos-sporting-ao-bodo-glimt\/","name":"Rui Borges cita Guardiola e Enrique e aponta desafio ap\u00f3s Sporting ao Bodo-Glimt - Portal Tela Portugal","isPartOf":{"@id":"https:\/\/portaltela.pt\/#website"},"primaryImageOfPage":{"@id":"https:\/\/portaltela.pt\/noticias\/2026\/03\/31\/rui-borges-cita-guardiola-e-enrique-e-aponta-desafio-apos-sporting-ao-bodo-glimt\/#primaryimage"},"image":{"@id":"https:\/\/portaltela.pt\/noticias\/2026\/03\/31\/rui-borges-cita-guardiola-e-enrique-e-aponta-desafio-apos-sporting-ao-bodo-glimt\/#primaryimage"},"thumbnailUrl":"https:\/\/portaltela.pt\/s.01k8rhncp4jt1\/2026\/03\/img_1200x721uu2026-03-31-23-03-32-2430383.jpg","datePublished":"2026-03-31T22:32:36+00:00","author":{"@id":"https:\/\/portaltela.pt\/#\/schema\/person\/c4278d4a6028830caff9ee44b42d32ed"},"breadcrumb":{"@id":"https:\/\/portaltela.pt\/noticias\/2026\/03\/31\/rui-borges-cita-guardiola-e-enrique-e-aponta-desafio-apos-sporting-ao-bodo-glimt\/#breadcrumb"},"inLanguage":"pt-PT","potentialAction":[{"@type":"ReadAction","target":["https:\/\/portaltela.pt\/noticias\/2026\/03\/31\/rui-borges-cita-guardiola-e-enrique-e-aponta-desafio-apos-sporting-ao-bodo-glimt\/"]}]},{"@type":"ImageObject","inLanguage":"pt-PT","@id":"https:\/\/portaltela.pt\/noticias\/2026\/03\/31\/rui-borges-cita-guardiola-e-enrique-e-aponta-desafio-apos-sporting-ao-bodo-glimt\/#primaryimage","url":"https:\/\/portaltela.pt\/s.01k8rhncp4jt1\/2026\/03\/img_1200x721uu2026-03-31-23-03-32-2430383.jpg","contentUrl":"https:\/\/portaltela.pt\/s.01k8rhncp4jt1\/2026\/03\/img_1200x721uu2026-03-31-23-03-32-2430383.jpg","width":796,"height":448,"caption":"Treinador do Sporting marcou presen\u00e7a no F\u00f3rum ANTF, em Albufeira, num painel sobre o treino de alto rendimento"},{"@type":"BreadcrumbList","@id":"https:\/\/portaltela.pt\/noticias\/2026\/03\/31\/rui-borges-cita-guardiola-e-enrique-e-aponta-desafio-apos-sporting-ao-bodo-glimt\/#breadcrumb","itemListElement":[{"@type":"ListItem","position":1,"name":"In\u00edcio","item":"https:\/\/portaltela.pt\/"},{"@type":"ListItem","position":2,"name":"Rui Borges cita Guardiola e Enrique e aponta desafio ap\u00f3s Sporting ao Bodo-Glimt"}]},{"@type":"WebSite","@id":"https:\/\/portaltela.pt\/#website","url":"https:\/\/portaltela.pt\/","name":"Portal Tela Portugal","description":"","potentialAction":[{"@type":"SearchAction","target":{"@type":"EntryPoint","urlTemplate":"https:\/\/portaltela.pt\/?s={search_term_string}"},"query-input":{"@type":"PropertyValueSpecification","valueRequired":true,"valueName":"search_term_string"}}],"inLanguage":"pt-PT"},{"@type":"Person","@id":"https:\/\/portaltela.pt\/#\/schema\/person\/c4278d4a6028830caff9ee44b42d32ed","name":"Telinha","image":{"@type":"ImageObject","inLanguage":"pt-PT","@id":"https:\/\/portaltela.pt\/s.01k8rhncp4jt1\/2025\/11\/talking-bot-125x125.png","url":"https:\/\/portaltela.pt\/s.01k8rhncp4jt1\/2025\/11\/talking-bot-125x125.png","contentUrl":"https:\/\/portaltela.pt\/s.01k8rhncp4jt1\/2025\/11\/talking-bot-125x125.png","caption":"Telinha"},"sameAs":["https:\/\/portaltela.pt\/"],"url":"https:\/\/portaltela.pt\/por\/367410592786\/"}]}},"_links":{"self":[{"href":"https:\/\/portaltela.pt\/api\/wp\/v2\/posts\/428478","targetHints":{"allow":["GET"]}}],"collection":[{"href":"https:\/\/portaltela.pt\/api\/wp\/v2\/posts"}],"about":[{"href":"https:\/\/portaltela.pt\/api\/wp\/v2\/types\/post"}],"author":[{"embeddable":true,"href":"https:\/\/portaltela.pt\/api\/wp\/v2\/users\/2"}],"replies":[{"embeddable":true,"href":"https:\/\/portaltela.pt\/api\/wp\/v2\/comments?post=428478"}],"version-history":[{"count":0,"href":"https:\/\/portaltela.pt\/api\/wp\/v2\/posts\/428478\/revisions"}],"wp:featuredmedia":[{"embeddable":true,"href":"https:\/\/portaltela.pt\/api\/wp\/v2\/media\/428483"}],"wp:attachment":[{"href":"https:\/\/portaltela.pt\/api\/wp\/v2\/media?parent=428478"}],"wp:term":[{"taxonomy":"category","embeddable":true,"href":"https:\/\/portaltela.pt\/api\/wp\/v2\/categories?post=428478"},{"taxonomy":"post_tag","embeddable":true,"href":"https:\/\/portaltela.pt\/api\/wp\/v2\/tags?post=428478"}],"curies":[{"name":"wp","href":"https:\/\/api.w.org\/{rel}","templated":true}]}}